{"id":13,"count":0,"description":"","link":"https:\/\/www.filantropiacortessolari.cl\/en\/pl-categs\/comunicaciones\/","name":"comunicaciones","slug":"comunicaciones","taxonomy":"pl-categs","parent":0,"meta":[],"yoast_head":"<!-- This site is optimized with the Yoast SEO plugin v27.4 - https:\/\/yoast.com\/product\/yoast-seo-wordpress\/ -->\n<title>comunicaciones archivos - Filantrop\u00eda Cort\u00e9s Solari<\/title>\n<meta name=\"robots\" content=\"index, follow, max-snippet:-1, max-image-preview:large, max-video-preview:-1\" \/>\n<link rel=\"canonical\" href=\"https:\/\/www.filantropiacortessolari.cl\/pl-categs\/comunicaciones\/\" \/>\n<meta property=\"og:locale\" content=\"en_US\" \/>\n<meta property=\"og:type\" content=\"article\" \/>\n<meta property=\"og:title\" content=\"comunicaciones archivos - Filantrop\u00eda Cort\u00e9s Solari\" \/>\n<meta property=\"og:url\" content=\"https:\/\/www.filantropiacortessolari.cl\/pl-categs\/comunicaciones\/\" \/>\n<meta property=\"og:site_name\" content=\"Filantrop\u00eda Cort\u00e9s Solari\" \/>\n<meta name=\"twitter:card\" content=\"summary_large_image\" \/>\n<script type=\"application\/ld+json\" class=\"yoast-schema-graph\">{\"@context\":\"https:\\\/\\\/schema.org\",\"@graph\":[{\"@type\":\"CollectionPage\",\"@id\":\"https:\\\/\\\/www.filantropiacortessolari.cl\\\/en\\\/pl-categs\\\/comunicaciones\\\/\",\"url\":\"https:\\\/\\\/www.filantropiacortessolari.cl\\\/en\\\/pl-categs\\\/comunicaciones\\\/\",\"name\":\"comunicaciones archivos - Filantrop\u00eda Cort\u00e9s Solari\",\"isPartOf\":{\"@id\":\"https:\\\/\\\/www.filantropiacortessolari.cl\\\/#website\"},\"breadcrumb\":{\"@id\":\"https:\\\/\\\/www.filantropiacortessolari.cl\\\/en\\\/pl-categs\\\/comunicaciones\\\/#breadcrumb\"},\"inLanguage\":\"en-US\",\"description\":\"\"},{\"@type\":\"BreadcrumbList\",\"@id\":\"https:\\\/\\\/www.filantropiacortessolari.cl\\\/pl-categs\\\/comunicaciones\\\/#breadcrumb\",\"itemListElement\":[{\"@type\":\"ListItem\",\"position\":1,\"name\":\"Portada\",\"item\":\"https:\\\/\\\/www.filantropiacortessolari.cl\\\/\"},{\"@type\":\"ListItem\",\"position\":2,\"name\":\"comunicaciones\"}]},{\"@type\":\"WebSite\",\"@id\":\"https:\\\/\\\/www.filantropiacortessolari.cl\\\/#website\",\"url\":\"https:\\\/\\\/www.filantropiacortessolari.cl\\\/\",\"name\":\"Filantrop\u00eda Cort\u00e9s Solari\",\"description\":\"Sitio web Filantrop\u00eda Cort\u00e9s Solari\",\"potentialAction\":[{\"@type\":\"SearchAction\",\"target\":{\"@type\":\"EntryPoint\",\"urlTemplate\":\"https:\\\/\\\/www.filantropiacortessolari.cl\\\/?s={search_term_string}\"},\"query-input\":{\"@type\":\"PropertyValueSpecification\",\"valueRequired\":true,\"valueName\":\"search_term_string\"}}],\"inLanguage\":\"en-US\"}]}<\/script>\n<!-- \/ Yoast SEO plugin. -->","yoast_head_json":{"title":"comunicaciones archivos - Filantrop\u00eda Cort\u00e9s Solari","robots":{"index":"index","follow":"follow","max-snippet":"max-snippet:-1","max-image-preview":"max-image-preview:large","max-video-preview":"max-video-preview:-1"},"canonical":"https:\/\/www.filantropiacortessolari.cl\/pl-categs\/comunicaciones\/","og_locale":"en_US","og_type":"article","og_title":"comunicaciones archivos - Filantrop\u00eda Cort\u00e9s Solari","og_url":"https:\/\/www.filantropiacortessolari.cl\/pl-categs\/comunicaciones\/","og_site_name":"Filantrop\u00eda Cort\u00e9s Solari","twitter_card":"summary_large_image","schema":{"@context":"https:\/\/schema.org","@graph":[{"@type":"CollectionPage","@id":"https:\/\/www.filantropiacortessolari.cl\/en\/pl-categs\/comunicaciones\/","url":"https:\/\/www.filantropiacortessolari.cl\/en\/pl-categs\/comunicaciones\/","name":"comunicaciones archivos - Filantrop\u00eda Cort\u00e9s Solari","isPartOf":{"@id":"https:\/\/www.filantropiacortessolari.cl\/#website"},"breadcrumb":{"@id":"https:\/\/www.filantropiacortessolari.cl\/en\/pl-categs\/comunicaciones\/#breadcrumb"},"inLanguage":"en-US","description":""},{"@type":"BreadcrumbList","@id":"https:\/\/www.filantropiacortessolari.cl\/pl-categs\/comunicaciones\/#breadcrumb","itemListElement":[{"@type":"ListItem","position":1,"name":"Portada","item":"https:\/\/www.filantropiacortessolari.cl\/"},{"@type":"ListItem","position":2,"name":"comunicaciones"}]},{"@type":"WebSite","@id":"https:\/\/www.filantropiacortessolari.cl\/#website","url":"https:\/\/www.filantropiacortessolari.cl\/","name":"Filantrop\u00eda Cort\u00e9s Solari","description":"Sitio web Filantrop\u00eda Cort\u00e9s Solari","potentialAction":[{"@type":"SearchAction","target":{"@type":"EntryPoint","urlTemplate":"https:\/\/www.filantropiacortessolari.cl\/?s={search_term_string}"},"query-input":{"@type":"PropertyValueSpecification","valueRequired":true,"valueName":"search_term_string"}}],"inLanguage":"en-US"}]}},"_links":{"self":[{"href":"https:\/\/www.filantropiacortessolari.cl\/en\/wp-json\/wp\/v2\/pl-categs\/13","targetHints":{"allow":["GET"]}}],"collection":[{"href":"https:\/\/www.filantropiacortessolari.cl\/en\/wp-json\/wp\/v2\/pl-categs"}],"about":[{"href":"https:\/\/www.filantropiacortessolari.cl\/en\/wp-json\/wp\/v2\/taxonomies\/pl-categs"}],"wp:post_type":[{"href":"https:\/\/www.filantropiacortessolari.cl\/en\/wp-json\/wp\/v2\/profile?pl-categs=13"}],"curies":[{"name":"wp","href":"https:\/\/api.w.org\/{rel}","templated":true}]}}