{"id":10099,"date":"2020-09-17T20:22:17","date_gmt":"2020-09-17T23:22:17","guid":{"rendered":"https:\/\/www.filantropiacortessolari.cl\/?p=10099"},"modified":"2020-09-17T20:22:17","modified_gmt":"2020-09-17T23:22:17","slug":"fundacion-meri-participa-en-seminario-internacional-de-biodiversidad-y-cambio-climatico-organizado-por-asociacion-europea-de-economistas","status":"publish","type":"post","link":"https:\/\/www.filantropiacortessolari.cl\/en\/fundacion-meri-participa-en-seminario-internacional-de-biodiversidad-y-cambio-climatico-organizado-por-asociacion-europea-de-economistas\/","title":{"rendered":"Fundaci\u00f3n MERI participa en seminario internacional de biodiversidad y cambio clim\u00e1tico organizado por asociaci\u00f3n europea de economistas"},"content":{"rendered":"<style type=\"text\/css\"><\/style><p><strong><em>Junto con las presentaciones de la ocean\u00f3grafa Sylvia Earle, exploradora de National Geographic; y Ralph Chami, subdirector del Instituto para el Desarrollo de Capacidades del Fondo Monetario Internacional; entre otros invitados, expuso Patricia Morales, gerente general de Filantrop\u00eda Cort\u00e9s Solari y Fundaci\u00f3n MERI, quien habl\u00f3 sobre el rol de los servicios ecosist\u00e9micos marinos en el desarrollo sostenible.<\/em><\/strong><\/p>\n<p>\u201cBiodiversidad y cambio clim\u00e1tico, lecciones para el mar mediterr\u00e1neo\u201d fue el t\u00edtulo del seminario online organizado por EMEA (Asociaci\u00f3n de Economistas Euro Mediterr\u00e1neos en espa\u00f1ol), donde Patricia Morales, gerente general de Filantrop\u00eda Cort\u00e9s Solari y Fundaci\u00f3n MERI, fue invitada a compartir la experiencia de la fundaci\u00f3n investigando el rol de los servicios ecosist\u00e9micos marinos en desarrollo sostenible, en particular el rol de las ballenas, y el proyecto Blue Boat Initiative, dise\u00f1ado para proteger a las ballenas de una de sus principales amenazas, el tr\u00e1fico mar\u00edtimo.<\/p>\n<p>El seminario comenz\u00f3 con la presentaci\u00f3n de Sylvia Earle, quien destac\u00f3 la opci\u00f3n que tiene la humanidad hoy de medir su impacto en el medio ambiente, sobre todo en los oc\u00e9anos: \u201cHemos desarrollado el h\u00e1bito de consumir lo que nos da el oc\u00e9ano como si no tuviera l\u00edmites. Hoy tenemos la informaci\u00f3n y los n\u00fameros, no tenemos m\u00e1s excusas\u201d.<br \/>\nA esta presentaci\u00f3n le sigui\u00f3 la de Ralph Chami, subdirector del Instituto para el Desarrollo de Capacidades del Fondo Monetario Internacional, quien explic\u00f3 desde la econom\u00eda la importancia de los oc\u00e9anos y del rol de las ballenas y sus servicios ecosist\u00e9micos, lo que ha llevado a valorizarlas en US$ 2 millones, por sus aportes a la vida marina, el turismo, y la captura de di\u00f3xido de carbono, entre otros.<\/p>\n<p>Por su parte, Patricia Morales, de Filantrop\u00eda Cort\u00e9s Solari y Fundaci\u00f3n MERI, recalc\u00f3 la urgencia de actuar en contra frente al cambio clim\u00e1tico, abordando la conservaci\u00f3n efectiva desde sus m\u00faltiples dimensiones (social, ambiental, cultural y econ\u00f3mica), lo que debe ser considerado por quienes desarrollan pol\u00edticas p\u00fablicas. En este contexto, Morales habl\u00f3 del proyecto Blue Boat Initiative, que busca proteger a las ballenas y sus servicios ecosist\u00e9micos a trav\u00e9s de un sistema de boyas inteligentes, que permitir\u00e1n protegerlas del tr\u00e1fico mar\u00edtimo y adem\u00e1s monitorear indicadores clave de la salud de los oc\u00e9anos.<\/p>\n<p>En el seminario participaron tambi\u00e9n Yara Saab, del programa de Naciones Unidas para el Medio Ambiente, quien abord\u00f3 aristas legales de la protecci\u00f3n de los oc\u00e9anos, como la creaci\u00f3n de \u00e1reas protegidas; y Alessandra Sensi, de la Uni\u00f3n por el Mediterr\u00e1neo.<\/p>\n<p>El registro se puede revisar en<\/p>\n<p><iframe loading=\"lazy\" style=\"border: none; overflow: hidden;\" src=\"https:\/\/www.facebook.com\/plugins\/video.php?href=https%3A%2F%2Fwww.facebook.com%2FEMEA.org%2Fvideos%2F720987235426494%2F&amp;show_text=0&amp;width=560\" width=\"100%\" height=\"350\" frameborder=\"0\" scrolling=\"no\" allowfullscreen=\"allowfullscreen\"><\/iframe><\/p>\n","protected":false},"excerpt":{"rendered":"<p>Junto con las presentaciones de la ocean\u00f3grafa Sylvia Earle, exploradora de National Geographic; y Ralph Chami, subdirector del Instituto para el Desarrollo de Capacidades del Fondo Monetario Internacional; entre otros invitados, expuso Patricia Morales, gerente general de Filantrop\u00eda Cort\u00e9s Solari y Fundaci\u00f3n MERI, quien habl\u00f3 sobre el rol de los servicios ecosist\u00e9micos marinos en el&#8230;<\/p>\n","protected":false},"author":1,"featured_media":10100,"comment_status":"open","ping_status":"open","sticky":false,"template":"","format":"standard","meta":{"footnotes":""},"categories":[31,6],"tags":[],"class_list":["post-10099","post","type-post","status-publish","format-standard","has-post-thumbnail","hentry","category-noticias","category-fundacion-meri"],"translation":{"provider":"WPGlobus","version":"3.0.2","language":"en","enabled_languages":["es","en"],"languages":{"es":{"title":true,"content":true,"excerpt":false},"en":{"title":false,"content":false,"excerpt":false}}},"yoast_head":"<!-- This site is optimized with the Yoast SEO plugin v27.4 - https:\/\/yoast.com\/product\/yoast-seo-wordpress\/ -->\n<title>Fundaci\u00f3n MERI participa en seminario internacional de biodiversidad y cambio clim\u00e1tico organizado por asociaci\u00f3n europea de economistas<\/title>\n<meta name=\"robots\" content=\"index, follow, max-snippet:-1, max-image-preview:large, max-video-preview:-1\" \/>\n<link rel=\"canonical\" href=\"https:\/\/www.filantropiacortessolari.cl\/fundacion-meri-participa-en-seminario-internacional-de-biodiversidad-y-cambio-climatico-organizado-por-asociacion-europea-de-economistas\/\" \/>\n<meta property=\"og:locale\" content=\"en_US\" \/>\n<meta property=\"og:type\" content=\"article\" \/>\n<meta property=\"og:title\" content=\"Fundaci\u00f3n MERI participa en seminario internacional de biodiversidad y cambio clim\u00e1tico organizado por asociaci\u00f3n europea de economistas\" \/>\n<meta property=\"og:url\" content=\"https:\/\/www.filantropiacortessolari.cl\/fundacion-meri-participa-en-seminario-internacional-de-biodiversidad-y-cambio-climatico-organizado-por-asociacion-europea-de-economistas\/\" \/>\n<meta property=\"og:site_name\" content=\"Filantrop\u00eda Cort\u00e9s Solari\" \/>\n<meta property=\"article:published_time\" content=\"2020-09-17T23:22:17+00:00\" \/>\n<meta property=\"og:image\" content=\"https:\/\/www.filantropiacortessolari.cl\/wp-content\/uploads\/2020\/09\/WhatsApp-Image-2020-09-17-at-12.45.41.jpeg\" \/>\n\t<meta property=\"og:image:width\" content=\"1080\" \/>\n\t<meta property=\"og:image:height\" content=\"1080\" \/>\n\t<meta property=\"og:image:type\" content=\"image\/jpeg\" \/>\n<meta name=\"author\" content=\"Filantrop\u00eda Cort\u00e9s Solari\" \/>\n<meta name=\"twitter:card\" content=\"summary_large_image\" \/>\n<meta name=\"twitter:label1\" content=\"Written by\" \/>\n\t<meta name=\"twitter:data1\" content=\"Filantrop\u00eda Cort\u00e9s Solari\" \/>\n\t<meta name=\"twitter:label2\" content=\"Est. reading time\" \/>\n\t<meta name=\"twitter:data2\" content=\"2 minutes\" \/>\n<script type=\"application\/ld+json\" class=\"yoast-schema-graph\">{\"@context\":\"https:\\\/\\\/schema.org\",\"@graph\":[{\"@type\":\"Article\",\"@id\":\"https:\\\/\\\/www.filantropiacortessolari.cl\\\/fundacion-meri-participa-en-seminario-internacional-de-biodiversidad-y-cambio-climatico-organizado-por-asociacion-europea-de-economistas\\\/#article\",\"isPartOf\":{\"@id\":\"https:\\\/\\\/www.filantropiacortessolari.cl\\\/fundacion-meri-participa-en-seminario-internacional-de-biodiversidad-y-cambio-climatico-organizado-por-asociacion-europea-de-economistas\\\/\"},\"author\":{\"name\":\"Filantrop\u00eda Cort\u00e9s Solari\",\"@id\":\"https:\\\/\\\/www.filantropiacortessolari.cl\\\/#\\\/schema\\\/person\\\/e099cf1046922f4f5892172332dc86c0\"},\"headline\":\"Fundaci\u00f3n MERI participa en seminario internacional de biodiversidad y cambio clim\u00e1tico organizado por asociaci\u00f3n europea de economistas\",\"datePublished\":\"2020-09-17T23:22:17+00:00\",\"mainEntityOfPage\":{\"@id\":\"https:\\\/\\\/www.filantropiacortessolari.cl\\\/fundacion-meri-participa-en-seminario-internacional-de-biodiversidad-y-cambio-climatico-organizado-por-asociacion-europea-de-economistas\\\/\"},\"wordCount\":482,\"commentCount\":0,\"image\":{\"@id\":\"https:\\\/\\\/www.filantropiacortessolari.cl\\\/fundacion-meri-participa-en-seminario-internacional-de-biodiversidad-y-cambio-climatico-organizado-por-asociacion-europea-de-economistas\\\/#primaryimage\"},\"thumbnailUrl\":\"https:\\\/\\\/www.filantropiacortessolari.cl\\\/wp-content\\\/uploads\\\/2020\\\/09\\\/WhatsApp-Image-2020-09-17-at-12.45.41.jpeg\",\"articleSection\":[\"Noticias\",\"Prensa MERI\"],\"inLanguage\":\"en-US\",\"potentialAction\":[{\"@type\":\"CommentAction\",\"name\":\"Comment\",\"target\":[\"https:\\\/\\\/www.filantropiacortessolari.cl\\\/fundacion-meri-participa-en-seminario-internacional-de-biodiversidad-y-cambio-climatico-organizado-por-asociacion-europea-de-economistas\\\/#respond\"]}]},{\"@type\":\"WebPage\",\"@id\":\"https:\\\/\\\/www.filantropiacortessolari.cl\\\/fundacion-meri-participa-en-seminario-internacional-de-biodiversidad-y-cambio-climatico-organizado-por-asociacion-europea-de-economistas\\\/\",\"url\":\"https:\\\/\\\/www.filantropiacortessolari.cl\\\/fundacion-meri-participa-en-seminario-internacional-de-biodiversidad-y-cambio-climatico-organizado-por-asociacion-europea-de-economistas\\\/\",\"name\":\"Fundaci\u00f3n MERI participa en seminario internacional de biodiversidad y cambio clim\u00e1tico organizado por asociaci\u00f3n europea de economistas\",\"isPartOf\":{\"@id\":\"https:\\\/\\\/www.filantropiacortessolari.cl\\\/#website\"},\"primaryImageOfPage\":{\"@id\":\"https:\\\/\\\/www.filantropiacortessolari.cl\\\/fundacion-meri-participa-en-seminario-internacional-de-biodiversidad-y-cambio-climatico-organizado-por-asociacion-europea-de-economistas\\\/#primaryimage\"},\"image\":{\"@id\":\"https:\\\/\\\/www.filantropiacortessolari.cl\\\/fundacion-meri-participa-en-seminario-internacional-de-biodiversidad-y-cambio-climatico-organizado-por-asociacion-europea-de-economistas\\\/#primaryimage\"},\"thumbnailUrl\":\"https:\\\/\\\/www.filantropiacortessolari.cl\\\/wp-content\\\/uploads\\\/2020\\\/09\\\/WhatsApp-Image-2020-09-17-at-12.45.41.jpeg\",\"datePublished\":\"2020-09-17T23:22:17+00:00\",\"author\":{\"@id\":\"https:\\\/\\\/www.filantropiacortessolari.cl\\\/#\\\/schema\\\/person\\\/e099cf1046922f4f5892172332dc86c0\"},\"breadcrumb\":{\"@id\":\"https:\\\/\\\/www.filantropiacortessolari.cl\\\/fundacion-meri-participa-en-seminario-internacional-de-biodiversidad-y-cambio-climatico-organizado-por-asociacion-europea-de-economistas\\\/#breadcrumb\"},\"inLanguage\":\"en-US\",\"potentialAction\":[{\"@type\":\"ReadAction\",\"target\":[\"https:\\\/\\\/www.filantropiacortessolari.cl\\\/fundacion-meri-participa-en-seminario-internacional-de-biodiversidad-y-cambio-climatico-organizado-por-asociacion-europea-de-economistas\\\/\"]}]},{\"@type\":\"ImageObject\",\"inLanguage\":\"en-US\",\"@id\":\"https:\\\/\\\/www.filantropiacortessolari.cl\\\/fundacion-meri-participa-en-seminario-internacional-de-biodiversidad-y-cambio-climatico-organizado-por-asociacion-europea-de-economistas\\\/#primaryimage\",\"url\":\"https:\\\/\\\/www.filantropiacortessolari.cl\\\/wp-content\\\/uploads\\\/2020\\\/09\\\/WhatsApp-Image-2020-09-17-at-12.45.41.jpeg\",\"contentUrl\":\"https:\\\/\\\/www.filantropiacortessolari.cl\\\/wp-content\\\/uploads\\\/2020\\\/09\\\/WhatsApp-Image-2020-09-17-at-12.45.41.jpeg\",\"width\":1080,\"height\":1080},{\"@type\":\"BreadcrumbList\",\"@id\":\"https:\\\/\\\/www.filantropiacortessolari.cl\\\/fundacion-meri-participa-en-seminario-internacional-de-biodiversidad-y-cambio-climatico-organizado-por-asociacion-europea-de-economistas\\\/#breadcrumb\",\"itemListElement\":[{\"@type\":\"ListItem\",\"position\":1,\"name\":\"Portada\",\"item\":\"https:\\\/\\\/www.filantropiacortessolari.cl\\\/\"},{\"@type\":\"ListItem\",\"position\":2,\"name\":\"Fundaci\u00f3n MERI participa en seminario internacional de biodiversidad y cambio clim\u00e1tico organizado por asociaci\u00f3n europea de economistas\"}]},{\"@type\":\"WebSite\",\"@id\":\"https:\\\/\\\/www.filantropiacortessolari.cl\\\/#website\",\"url\":\"https:\\\/\\\/www.filantropiacortessolari.cl\\\/\",\"name\":\"Filantrop\u00eda Cort\u00e9s Solari\",\"description\":\"Sitio web Filantrop\u00eda Cort\u00e9s Solari\",\"potentialAction\":[{\"@type\":\"SearchAction\",\"target\":{\"@type\":\"EntryPoint\",\"urlTemplate\":\"https:\\\/\\\/www.filantropiacortessolari.cl\\\/?s={search_term_string}\"},\"query-input\":{\"@type\":\"PropertyValueSpecification\",\"valueRequired\":true,\"valueName\":\"search_term_string\"}}],\"inLanguage\":\"en-US\"},{\"@type\":\"Person\",\"@id\":\"https:\\\/\\\/www.filantropiacortessolari.cl\\\/#\\\/schema\\\/person\\\/e099cf1046922f4f5892172332dc86c0\",\"name\":\"Filantrop\u00eda Cort\u00e9s Solari\",\"image\":{\"@type\":\"ImageObject\",\"inLanguage\":\"en-US\",\"@id\":\"https:\\\/\\\/secure.gravatar.com\\\/avatar\\\/9d17bfe24074ed7576e70cbeb8e010cdd7d01fae9f2047bd96cccbe629ec3c11?s=96&d=mm&r=g\",\"url\":\"https:\\\/\\\/secure.gravatar.com\\\/avatar\\\/9d17bfe24074ed7576e70cbeb8e010cdd7d01fae9f2047bd96cccbe629ec3c11?s=96&d=mm&r=g\",\"contentUrl\":\"https:\\\/\\\/secure.gravatar.com\\\/avatar\\\/9d17bfe24074ed7576e70cbeb8e010cdd7d01fae9f2047bd96cccbe629ec3c11?s=96&d=mm&r=g\",\"caption\":\"Filantrop\u00eda Cort\u00e9s Solari\"},\"url\":\"https:\\\/\\\/www.filantropiacortessolari.cl\\\/en\\\/author\\\/filantropia-cortes-solari\\\/\"}]}<\/script>\n<!-- \/ Yoast SEO plugin. -->","yoast_head_json":{"title":"Fundaci\u00f3n MERI participa en seminario internacional de biodiversidad y cambio clim\u00e1tico organizado por asociaci\u00f3n europea de economistas","robots":{"index":"index","follow":"follow","max-snippet":"max-snippet:-1","max-image-preview":"max-image-preview:large","max-video-preview":"max-video-preview:-1"},"canonical":"https:\/\/www.filantropiacortessolari.cl\/fundacion-meri-participa-en-seminario-internacional-de-biodiversidad-y-cambio-climatico-organizado-por-asociacion-europea-de-economistas\/","og_locale":"en_US","og_type":"article","og_title":"Fundaci\u00f3n MERI participa en seminario internacional de biodiversidad y cambio clim\u00e1tico organizado por asociaci\u00f3n europea de economistas","og_url":"https:\/\/www.filantropiacortessolari.cl\/fundacion-meri-participa-en-seminario-internacional-de-biodiversidad-y-cambio-climatico-organizado-por-asociacion-europea-de-economistas\/","og_site_name":"Filantrop\u00eda Cort\u00e9s Solari","article_published_time":"2020-09-17T23:22:17+00:00","og_image":[{"width":1080,"height":1080,"url":"https:\/\/www.filantropiacortessolari.cl\/wp-content\/uploads\/2020\/09\/WhatsApp-Image-2020-09-17-at-12.45.41.jpeg","type":"image\/jpeg"}],"author":"Filantrop\u00eda Cort\u00e9s Solari","twitter_card":"summary_large_image","twitter_misc":{"Written by":"Filantrop\u00eda Cort\u00e9s Solari","Est. reading time":"2 minutes"},"schema":{"@context":"https:\/\/schema.org","@graph":[{"@type":"Article","@id":"https:\/\/www.filantropiacortessolari.cl\/fundacion-meri-participa-en-seminario-internacional-de-biodiversidad-y-cambio-climatico-organizado-por-asociacion-europea-de-economistas\/#article","isPartOf":{"@id":"https:\/\/www.filantropiacortessolari.cl\/fundacion-meri-participa-en-seminario-internacional-de-biodiversidad-y-cambio-climatico-organizado-por-asociacion-europea-de-economistas\/"},"author":{"name":"Filantrop\u00eda Cort\u00e9s Solari","@id":"https:\/\/www.filantropiacortessolari.cl\/#\/schema\/person\/e099cf1046922f4f5892172332dc86c0"},"headline":"Fundaci\u00f3n MERI participa en seminario internacional de biodiversidad y cambio clim\u00e1tico organizado por asociaci\u00f3n europea de economistas","datePublished":"2020-09-17T23:22:17+00:00","mainEntityOfPage":{"@id":"https:\/\/www.filantropiacortessolari.cl\/fundacion-meri-participa-en-seminario-internacional-de-biodiversidad-y-cambio-climatico-organizado-por-asociacion-europea-de-economistas\/"},"wordCount":482,"commentCount":0,"image":{"@id":"https:\/\/www.filantropiacortessolari.cl\/fundacion-meri-participa-en-seminario-internacional-de-biodiversidad-y-cambio-climatico-organizado-por-asociacion-europea-de-economistas\/#primaryimage"},"thumbnailUrl":"https:\/\/www.filantropiacortessolari.cl\/wp-content\/uploads\/2020\/09\/WhatsApp-Image-2020-09-17-at-12.45.41.jpeg","articleSection":["Noticias","Prensa MERI"],"inLanguage":"en-US","potentialAction":[{"@type":"CommentAction","name":"Comment","target":["https:\/\/www.filantropiacortessolari.cl\/fundacion-meri-participa-en-seminario-internacional-de-biodiversidad-y-cambio-climatico-organizado-por-asociacion-europea-de-economistas\/#respond"]}]},{"@type":"WebPage","@id":"https:\/\/www.filantropiacortessolari.cl\/fundacion-meri-participa-en-seminario-internacional-de-biodiversidad-y-cambio-climatico-organizado-por-asociacion-europea-de-economistas\/","url":"https:\/\/www.filantropiacortessolari.cl\/fundacion-meri-participa-en-seminario-internacional-de-biodiversidad-y-cambio-climatico-organizado-por-asociacion-europea-de-economistas\/","name":"Fundaci\u00f3n MERI participa en seminario internacional de biodiversidad y cambio clim\u00e1tico organizado por asociaci\u00f3n europea de economistas","isPartOf":{"@id":"https:\/\/www.filantropiacortessolari.cl\/#website"},"primaryImageOfPage":{"@id":"https:\/\/www.filantropiacortessolari.cl\/fundacion-meri-participa-en-seminario-internacional-de-biodiversidad-y-cambio-climatico-organizado-por-asociacion-europea-de-economistas\/#primaryimage"},"image":{"@id":"https:\/\/www.filantropiacortessolari.cl\/fundacion-meri-participa-en-seminario-internacional-de-biodiversidad-y-cambio-climatico-organizado-por-asociacion-europea-de-economistas\/#primaryimage"},"thumbnailUrl":"https:\/\/www.filantropiacortessolari.cl\/wp-content\/uploads\/2020\/09\/WhatsApp-Image-2020-09-17-at-12.45.41.jpeg","datePublished":"2020-09-17T23:22:17+00:00","author":{"@id":"https:\/\/www.filantropiacortessolari.cl\/#\/schema\/person\/e099cf1046922f4f5892172332dc86c0"},"breadcrumb":{"@id":"https:\/\/www.filantropiacortessolari.cl\/fundacion-meri-participa-en-seminario-internacional-de-biodiversidad-y-cambio-climatico-organizado-por-asociacion-europea-de-economistas\/#breadcrumb"},"inLanguage":"en-US","potentialAction":[{"@type":"ReadAction","target":["https:\/\/www.filantropiacortessolari.cl\/fundacion-meri-participa-en-seminario-internacional-de-biodiversidad-y-cambio-climatico-organizado-por-asociacion-europea-de-economistas\/"]}]},{"@type":"ImageObject","inLanguage":"en-US","@id":"https:\/\/www.filantropiacortessolari.cl\/fundacion-meri-participa-en-seminario-internacional-de-biodiversidad-y-cambio-climatico-organizado-por-asociacion-europea-de-economistas\/#primaryimage","url":"https:\/\/www.filantropiacortessolari.cl\/wp-content\/uploads\/2020\/09\/WhatsApp-Image-2020-09-17-at-12.45.41.jpeg","contentUrl":"https:\/\/www.filantropiacortessolari.cl\/wp-content\/uploads\/2020\/09\/WhatsApp-Image-2020-09-17-at-12.45.41.jpeg","width":1080,"height":1080},{"@type":"BreadcrumbList","@id":"https:\/\/www.filantropiacortessolari.cl\/fundacion-meri-participa-en-seminario-internacional-de-biodiversidad-y-cambio-climatico-organizado-por-asociacion-europea-de-economistas\/#breadcrumb","itemListElement":[{"@type":"ListItem","position":1,"name":"Portada","item":"https:\/\/www.filantropiacortessolari.cl\/"},{"@type":"ListItem","position":2,"name":"Fundaci\u00f3n MERI participa en seminario internacional de biodiversidad y cambio clim\u00e1tico organizado por asociaci\u00f3n europea de economistas"}]},{"@type":"WebSite","@id":"https:\/\/www.filantropiacortessolari.cl\/#website","url":"https:\/\/www.filantropiacortessolari.cl\/","name":"Filantrop\u00eda Cort\u00e9s Solari","description":"Sitio web Filantrop\u00eda Cort\u00e9s Solari","potentialAction":[{"@type":"SearchAction","target":{"@type":"EntryPoint","urlTemplate":"https:\/\/www.filantropiacortessolari.cl\/?s={search_term_string}"},"query-input":{"@type":"PropertyValueSpecification","valueRequired":true,"valueName":"search_term_string"}}],"inLanguage":"en-US"},{"@type":"Person","@id":"https:\/\/www.filantropiacortessolari.cl\/#\/schema\/person\/e099cf1046922f4f5892172332dc86c0","name":"Filantrop\u00eda Cort\u00e9s Solari","image":{"@type":"ImageObject","inLanguage":"en-US","@id":"https:\/\/secure.gravatar.com\/avatar\/9d17bfe24074ed7576e70cbeb8e010cdd7d01fae9f2047bd96cccbe629ec3c11?s=96&d=mm&r=g","url":"https:\/\/secure.gravatar.com\/avatar\/9d17bfe24074ed7576e70cbeb8e010cdd7d01fae9f2047bd96cccbe629ec3c11?s=96&d=mm&r=g","contentUrl":"https:\/\/secure.gravatar.com\/avatar\/9d17bfe24074ed7576e70cbeb8e010cdd7d01fae9f2047bd96cccbe629ec3c11?s=96&d=mm&r=g","caption":"Filantrop\u00eda Cort\u00e9s Solari"},"url":"https:\/\/www.filantropiacortessolari.cl\/en\/author\/filantropia-cortes-solari\/"}]}},"_links":{"self":[{"href":"https:\/\/www.filantropiacortessolari.cl\/en\/wp-json\/wp\/v2\/posts\/10099","targetHints":{"allow":["GET"]}}],"collection":[{"href":"https:\/\/www.filantropiacortessolari.cl\/en\/wp-json\/wp\/v2\/posts"}],"about":[{"href":"https:\/\/www.filantropiacortessolari.cl\/en\/wp-json\/wp\/v2\/types\/post"}],"author":[{"embeddable":true,"href":"https:\/\/www.filantropiacortessolari.cl\/en\/wp-json\/wp\/v2\/users\/1"}],"replies":[{"embeddable":true,"href":"https:\/\/www.filantropiacortessolari.cl\/en\/wp-json\/wp\/v2\/comments?post=10099"}],"version-history":[{"count":1,"href":"https:\/\/www.filantropiacortessolari.cl\/en\/wp-json\/wp\/v2\/posts\/10099\/revisions"}],"predecessor-version":[{"id":10101,"href":"https:\/\/www.filantropiacortessolari.cl\/en\/wp-json\/wp\/v2\/posts\/10099\/revisions\/10101"}],"wp:featuredmedia":[{"embeddable":true,"href":"https:\/\/www.filantropiacortessolari.cl\/en\/wp-json\/wp\/v2\/media\/10100"}],"wp:attachment":[{"href":"https:\/\/www.filantropiacortessolari.cl\/en\/wp-json\/wp\/v2\/media?parent=10099"}],"wp:term":[{"taxonomy":"category","embeddable":true,"href":"https:\/\/www.filantropiacortessolari.cl\/en\/wp-json\/wp\/v2\/categories?post=10099"},{"taxonomy":"post_tag","embeddable":true,"href":"https:\/\/www.filantropiacortessolari.cl\/en\/wp-json\/wp\/v2\/tags?post=10099"}],"curies":[{"name":"wp","href":"https:\/\/api.w.org\/{rel}","templated":true}]}}