{"id":10110,"date":"2020-10-22T13:46:44","date_gmt":"2020-10-22T16:46:44","guid":{"rendered":"https:\/\/www.filantropiacortessolari.cl\/?p=10110"},"modified":"2020-10-22T14:22:58","modified_gmt":"2020-10-22T17:22:58","slug":"fundacion-meri-organiza-webinar-los-desafios-de-la-comunidad-internacional-y-la-region-latinoamericana-de-cara-a-la-proxima-cop-26","status":"publish","type":"post","link":"https:\/\/www.filantropiacortessolari.cl\/en\/fundacion-meri-organiza-webinar-los-desafios-de-la-comunidad-internacional-y-la-region-latinoamericana-de-cara-a-la-proxima-cop-26\/","title":{"rendered":"Fundaci\u00f3n MERI organiza webinar \u201cLos desaf\u00edos de la comunidad internacional y la regi\u00f3n latinoamericana de cara a la pr\u00f3xima COP 26\u201d"},"content":{"rendered":"<style type=\"text\/css\"><\/style><p><img loading=\"lazy\" decoding=\"async\" class=\"aligncenter size-full wp-image-66144\" src=\"https:\/\/www.fundacionmeri.cl\/wp-content\/uploads\/2020\/10\/WhatsApp-Image-2020-10-22-at-11.26.53.jpeg\" alt=\"\" width=\"1080\" height=\"1080\" \/><\/p>\n<p style=\"font-weight: 400;\"><strong><em>Este 24 de octubre se celebra el D\u00eda Internacional contra el Cambio Clim\u00e1tico. Y ante la postergaci\u00f3n de la COP 26, que tendr\u00eda lugar en noviembre de este a\u00f1o en Glasgow, Escocia; Fundaci\u00f3n MERI organiza este webinar, con expertos nacionales e internacionales, buscando relevar la urgencia de enfrentar el cambio clim\u00e1tico hoy, a trav\u00e9s de la colaboraci\u00f3n entre sector p\u00fablico, privado y sociedad civil en la generaci\u00f3n de pol\u00edticas p\u00fablicas relevantes para enfrentar este fen\u00f3meno.<\/em><\/strong><\/p>\n<p style=\"font-weight: 400;\">La COP 26 debi\u00f3 ser postergada debido a la pandemia, pero el cambio clim\u00e1tico no puede esperar. Los invitamos al webinar \u201cLos desaf\u00edos de la comunidad internacional y la regi\u00f3n latinoamericana de cara a la pr\u00f3xima COP 26\u201d, que se realizar\u00e1 este viernes 23 de octubre a las 10 hrs, y ser\u00e1 transmitido por el canal de YouTube de Fundaci\u00f3n MERI.<\/p>\n<p style=\"font-weight: 400;\">Entre los invitados destacan Ralph Chami, subdirector del Instituto para el Desarrollo de Capacidades del Fondo Monetario Internacional; Marcelo Mena, director del Centro de Acci\u00f3n Clim\u00e1tica de la Pontificia Universidad Cat\u00f3lica de Valpara\u00edso, y miembro del directorio de Fundaci\u00f3n MERI; y Max Bello, CoP26 Ocean Champion, asesor ejecutivo de Mission Blue y Gerente Am\u00e9rica Latina de Island Conservation.<\/p>\n<p style=\"font-weight: 400;\">&#8220;La COVID-19 es la amenaza m\u00e1s urgente a la que se enfrenta la humanidad hoy en d\u00eda, pero no podemos olvidar que el cambio clim\u00e1tico es la mayor amenaza a la que se enfrenta la humanidad a largo plazo. Pronto, las econom\u00edas se reiniciar\u00e1n. Esta es una oportunidad para que los pa\u00edses se recuperen mejor, para incluir a los m\u00e1s vulnerables en esos planes, y una oportunidad para dar forma a la econom\u00eda del siglo XXI de manera que sea limpia, verde, saludable, justa, segura y m\u00e1s resistente\u201d, explic\u00f3 la Secretaria Ejecutiva de ONU Cambio Clim\u00e1tico, Patricia Espinosa, al decidir posponer la COP 26. Es por eso que consideramos relevante conversar sobre los desaf\u00edos ambientales que enfrenta el planeta hoy, de cara a la urgencia del cambio clim\u00e1tico.<\/p>\n<p style=\"font-weight: 400;\">El webinar es de acceso liberado y la transmisi\u00f3n estar\u00e1 disponible en el YouTube de Fundaci\u00f3n MERI.<\/p>\n<p><img loading=\"lazy\" decoding=\"async\" class=\"aligncenter size-full wp-image-66145\" src=\"https:\/\/www.fundacionmeri.cl\/wp-content\/uploads\/2020\/10\/WhatsApp-Image-2020-10-22-at-11.27.21.jpeg\" alt=\"\" width=\"800\" height=\"1000\" \/><\/p>\n<p align=\"center\"><iframe loading=\"lazy\" src=\"https:\/\/docs.google.com\/forms\/d\/e\/1FAIpQLScAucgCZiDgUDOXeOM2bnW-yoOQ48Sh5fReY_HOdE29ngqlYw\/viewform?embedded=true\" width=\"640\" height=\"1457\" frameborder=\"0\" marginwidth=\"0\" marginheight=\"0\">Loading\u2026<\/iframe><\/p>\n","protected":false},"excerpt":{"rendered":"<p>Este 24 de octubre se celebra el D\u00eda Internacional contra el Cambio Clim\u00e1tico. Y ante la postergaci\u00f3n de la COP 26, que tendr\u00eda lugar en noviembre de este a\u00f1o en Glasgow, Escocia; Fundaci\u00f3n MERI organiza este webinar, con expertos nacionales e internacionales, buscando relevar la urgencia de enfrentar el cambio clim\u00e1tico hoy, a trav\u00e9s de&#8230;<\/p>\n","protected":false},"author":1,"featured_media":10112,"comment_status":"open","ping_status":"open","sticky":false,"template":"","format":"standard","meta":{"footnotes":""},"categories":[31],"tags":[],"class_list":["post-10110","post","type-post","status-publish","format-standard","has-post-thumbnail","hentry","category-noticias"],"translation":{"provider":"WPGlobus","version":"3.0.2","language":"en","enabled_languages":["es","en"],"languages":{"es":{"title":true,"content":true,"excerpt":false},"en":{"title":false,"content":false,"excerpt":false}}},"yoast_head":"<!-- This site is optimized with the Yoast SEO plugin v27.4 - https:\/\/yoast.com\/product\/yoast-seo-wordpress\/ -->\n<title>Fundaci\u00f3n MERI organiza webinar \u201cLos desaf\u00edos de la comunidad internacional y la regi\u00f3n latinoamericana de cara a la pr\u00f3xima COP 26\u201d<\/title>\n<meta name=\"robots\" content=\"index, follow, max-snippet:-1, max-image-preview:large, max-video-preview:-1\" \/>\n<link rel=\"canonical\" href=\"https:\/\/www.filantropiacortessolari.cl\/fundacion-meri-organiza-webinar-los-desafios-de-la-comunidad-internacional-y-la-region-latinoamericana-de-cara-a-la-proxima-cop-26\/\" \/>\n<meta property=\"og:locale\" content=\"en_US\" \/>\n<meta property=\"og:type\" content=\"article\" \/>\n<meta property=\"og:title\" content=\"Fundaci\u00f3n MERI organiza webinar \u201cLos desaf\u00edos de la comunidad internacional y la regi\u00f3n latinoamericana de cara a la pr\u00f3xima COP 26\u201d\" \/>\n<meta property=\"og:url\" content=\"https:\/\/www.filantropiacortessolari.cl\/fundacion-meri-organiza-webinar-los-desafios-de-la-comunidad-internacional-y-la-region-latinoamericana-de-cara-a-la-proxima-cop-26\/\" \/>\n<meta property=\"og:site_name\" content=\"Filantrop\u00eda Cort\u00e9s Solari\" \/>\n<meta property=\"article:published_time\" content=\"2020-10-22T16:46:44+00:00\" \/>\n<meta property=\"article:modified_time\" content=\"2020-10-22T17:22:58+00:00\" \/>\n<meta property=\"og:image\" content=\"https:\/\/www.filantropiacortessolari.cl\/wp-content\/uploads\/2020\/10\/Foto-Noticia.png\" \/>\n\t<meta property=\"og:image:width\" content=\"800\" \/>\n\t<meta property=\"og:image:height\" content=\"450\" \/>\n\t<meta property=\"og:image:type\" content=\"image\/png\" \/>\n<meta name=\"author\" content=\"Filantrop\u00eda Cort\u00e9s Solari\" \/>\n<meta name=\"twitter:card\" content=\"summary_large_image\" \/>\n<meta name=\"twitter:label1\" content=\"Written by\" \/>\n\t<meta name=\"twitter:data1\" content=\"Filantrop\u00eda Cort\u00e9s Solari\" \/>\n\t<meta name=\"twitter:label2\" content=\"Est. reading time\" \/>\n\t<meta name=\"twitter:data2\" content=\"2 minutes\" \/>\n<script type=\"application\/ld+json\" class=\"yoast-schema-graph\">{\"@context\":\"https:\\\/\\\/schema.org\",\"@graph\":[{\"@type\":\"Article\",\"@id\":\"https:\\\/\\\/www.filantropiacortessolari.cl\\\/fundacion-meri-organiza-webinar-los-desafios-de-la-comunidad-internacional-y-la-region-latinoamericana-de-cara-a-la-proxima-cop-26\\\/#article\",\"isPartOf\":{\"@id\":\"https:\\\/\\\/www.filantropiacortessolari.cl\\\/fundacion-meri-organiza-webinar-los-desafios-de-la-comunidad-internacional-y-la-region-latinoamericana-de-cara-a-la-proxima-cop-26\\\/\"},\"author\":{\"name\":\"Filantrop\u00eda Cort\u00e9s Solari\",\"@id\":\"https:\\\/\\\/www.filantropiacortessolari.cl\\\/#\\\/schema\\\/person\\\/e099cf1046922f4f5892172332dc86c0\"},\"headline\":\"Fundaci\u00f3n MERI organiza webinar \u201cLos desaf\u00edos de la comunidad internacional y la regi\u00f3n latinoamericana de cara a la pr\u00f3xima COP 26\u201d\",\"datePublished\":\"2020-10-22T16:46:44+00:00\",\"dateModified\":\"2020-10-22T17:22:58+00:00\",\"mainEntityOfPage\":{\"@id\":\"https:\\\/\\\/www.filantropiacortessolari.cl\\\/fundacion-meri-organiza-webinar-los-desafios-de-la-comunidad-internacional-y-la-region-latinoamericana-de-cara-a-la-proxima-cop-26\\\/\"},\"wordCount\":396,\"commentCount\":0,\"image\":{\"@id\":\"https:\\\/\\\/www.filantropiacortessolari.cl\\\/fundacion-meri-organiza-webinar-los-desafios-de-la-comunidad-internacional-y-la-region-latinoamericana-de-cara-a-la-proxima-cop-26\\\/#primaryimage\"},\"thumbnailUrl\":\"https:\\\/\\\/www.filantropiacortessolari.cl\\\/wp-content\\\/uploads\\\/2020\\\/10\\\/Foto-Noticia.png\",\"articleSection\":[\"Noticias\"],\"inLanguage\":\"en-US\",\"potentialAction\":[{\"@type\":\"CommentAction\",\"name\":\"Comment\",\"target\":[\"https:\\\/\\\/www.filantropiacortessolari.cl\\\/fundacion-meri-organiza-webinar-los-desafios-de-la-comunidad-internacional-y-la-region-latinoamericana-de-cara-a-la-proxima-cop-26\\\/#respond\"]}]},{\"@type\":\"WebPage\",\"@id\":\"https:\\\/\\\/www.filantropiacortessolari.cl\\\/fundacion-meri-organiza-webinar-los-desafios-de-la-comunidad-internacional-y-la-region-latinoamericana-de-cara-a-la-proxima-cop-26\\\/\",\"url\":\"https:\\\/\\\/www.filantropiacortessolari.cl\\\/fundacion-meri-organiza-webinar-los-desafios-de-la-comunidad-internacional-y-la-region-latinoamericana-de-cara-a-la-proxima-cop-26\\\/\",\"name\":\"Fundaci\u00f3n MERI organiza webinar \u201cLos desaf\u00edos de la comunidad internacional y la regi\u00f3n latinoamericana de cara a la pr\u00f3xima COP 26\u201d\",\"isPartOf\":{\"@id\":\"https:\\\/\\\/www.filantropiacortessolari.cl\\\/#website\"},\"primaryImageOfPage\":{\"@id\":\"https:\\\/\\\/www.filantropiacortessolari.cl\\\/fundacion-meri-organiza-webinar-los-desafios-de-la-comunidad-internacional-y-la-region-latinoamericana-de-cara-a-la-proxima-cop-26\\\/#primaryimage\"},\"image\":{\"@id\":\"https:\\\/\\\/www.filantropiacortessolari.cl\\\/fundacion-meri-organiza-webinar-los-desafios-de-la-comunidad-internacional-y-la-region-latinoamericana-de-cara-a-la-proxima-cop-26\\\/#primaryimage\"},\"thumbnailUrl\":\"https:\\\/\\\/www.filantropiacortessolari.cl\\\/wp-content\\\/uploads\\\/2020\\\/10\\\/Foto-Noticia.png\",\"datePublished\":\"2020-10-22T16:46:44+00:00\",\"dateModified\":\"2020-10-22T17:22:58+00:00\",\"author\":{\"@id\":\"https:\\\/\\\/www.filantropiacortessolari.cl\\\/#\\\/schema\\\/person\\\/e099cf1046922f4f5892172332dc86c0\"},\"breadcrumb\":{\"@id\":\"https:\\\/\\\/www.filantropiacortessolari.cl\\\/fundacion-meri-organiza-webinar-los-desafios-de-la-comunidad-internacional-y-la-region-latinoamericana-de-cara-a-la-proxima-cop-26\\\/#breadcrumb\"},\"inLanguage\":\"en-US\",\"potentialAction\":[{\"@type\":\"ReadAction\",\"target\":[\"https:\\\/\\\/www.filantropiacortessolari.cl\\\/fundacion-meri-organiza-webinar-los-desafios-de-la-comunidad-internacional-y-la-region-latinoamericana-de-cara-a-la-proxima-cop-26\\\/\"]}]},{\"@type\":\"ImageObject\",\"inLanguage\":\"en-US\",\"@id\":\"https:\\\/\\\/www.filantropiacortessolari.cl\\\/fundacion-meri-organiza-webinar-los-desafios-de-la-comunidad-internacional-y-la-region-latinoamericana-de-cara-a-la-proxima-cop-26\\\/#primaryimage\",\"url\":\"https:\\\/\\\/www.filantropiacortessolari.cl\\\/wp-content\\\/uploads\\\/2020\\\/10\\\/Foto-Noticia.png\",\"contentUrl\":\"https:\\\/\\\/www.filantropiacortessolari.cl\\\/wp-content\\\/uploads\\\/2020\\\/10\\\/Foto-Noticia.png\",\"width\":800,\"height\":450},{\"@type\":\"BreadcrumbList\",\"@id\":\"https:\\\/\\\/www.filantropiacortessolari.cl\\\/fundacion-meri-organiza-webinar-los-desafios-de-la-comunidad-internacional-y-la-region-latinoamericana-de-cara-a-la-proxima-cop-26\\\/#breadcrumb\",\"itemListElement\":[{\"@type\":\"ListItem\",\"position\":1,\"name\":\"Portada\",\"item\":\"https:\\\/\\\/www.filantropiacortessolari.cl\\\/\"},{\"@type\":\"ListItem\",\"position\":2,\"name\":\"Fundaci\u00f3n MERI organiza webinar \u201cLos desaf\u00edos de la comunidad internacional y la regi\u00f3n latinoamericana de cara a la pr\u00f3xima COP 26\u201d\"}]},{\"@type\":\"WebSite\",\"@id\":\"https:\\\/\\\/www.filantropiacortessolari.cl\\\/#website\",\"url\":\"https:\\\/\\\/www.filantropiacortessolari.cl\\\/\",\"name\":\"Filantrop\u00eda Cort\u00e9s Solari\",\"description\":\"Sitio web Filantrop\u00eda Cort\u00e9s Solari\",\"potentialAction\":[{\"@type\":\"SearchAction\",\"target\":{\"@type\":\"EntryPoint\",\"urlTemplate\":\"https:\\\/\\\/www.filantropiacortessolari.cl\\\/?s={search_term_string}\"},\"query-input\":{\"@type\":\"PropertyValueSpecification\",\"valueRequired\":true,\"valueName\":\"search_term_string\"}}],\"inLanguage\":\"en-US\"},{\"@type\":\"Person\",\"@id\":\"https:\\\/\\\/www.filantropiacortessolari.cl\\\/#\\\/schema\\\/person\\\/e099cf1046922f4f5892172332dc86c0\",\"name\":\"Filantrop\u00eda Cort\u00e9s Solari\",\"image\":{\"@type\":\"ImageObject\",\"inLanguage\":\"en-US\",\"@id\":\"https:\\\/\\\/secure.gravatar.com\\\/avatar\\\/9d17bfe24074ed7576e70cbeb8e010cdd7d01fae9f2047bd96cccbe629ec3c11?s=96&d=mm&r=g\",\"url\":\"https:\\\/\\\/secure.gravatar.com\\\/avatar\\\/9d17bfe24074ed7576e70cbeb8e010cdd7d01fae9f2047bd96cccbe629ec3c11?s=96&d=mm&r=g\",\"contentUrl\":\"https:\\\/\\\/secure.gravatar.com\\\/avatar\\\/9d17bfe24074ed7576e70cbeb8e010cdd7d01fae9f2047bd96cccbe629ec3c11?s=96&d=mm&r=g\",\"caption\":\"Filantrop\u00eda Cort\u00e9s Solari\"},\"url\":\"https:\\\/\\\/www.filantropiacortessolari.cl\\\/en\\\/author\\\/filantropia-cortes-solari\\\/\"}]}<\/script>\n<!-- \/ Yoast SEO plugin. -->","yoast_head_json":{"title":"Fundaci\u00f3n MERI organiza webinar \u201cLos desaf\u00edos de la comunidad internacional y la regi\u00f3n latinoamericana de cara a la pr\u00f3xima COP 26\u201d","robots":{"index":"index","follow":"follow","max-snippet":"max-snippet:-1","max-image-preview":"max-image-preview:large","max-video-preview":"max-video-preview:-1"},"canonical":"https:\/\/www.filantropiacortessolari.cl\/fundacion-meri-organiza-webinar-los-desafios-de-la-comunidad-internacional-y-la-region-latinoamericana-de-cara-a-la-proxima-cop-26\/","og_locale":"en_US","og_type":"article","og_title":"Fundaci\u00f3n MERI organiza webinar \u201cLos desaf\u00edos de la comunidad internacional y la regi\u00f3n latinoamericana de cara a la pr\u00f3xima COP 26\u201d","og_url":"https:\/\/www.filantropiacortessolari.cl\/fundacion-meri-organiza-webinar-los-desafios-de-la-comunidad-internacional-y-la-region-latinoamericana-de-cara-a-la-proxima-cop-26\/","og_site_name":"Filantrop\u00eda Cort\u00e9s Solari","article_published_time":"2020-10-22T16:46:44+00:00","article_modified_time":"2020-10-22T17:22:58+00:00","og_image":[{"width":800,"height":450,"url":"https:\/\/www.filantropiacortessolari.cl\/wp-content\/uploads\/2020\/10\/Foto-Noticia.png","type":"image\/png"}],"author":"Filantrop\u00eda Cort\u00e9s Solari","twitter_card":"summary_large_image","twitter_misc":{"Written by":"Filantrop\u00eda Cort\u00e9s Solari","Est. reading time":"2 minutes"},"schema":{"@context":"https:\/\/schema.org","@graph":[{"@type":"Article","@id":"https:\/\/www.filantropiacortessolari.cl\/fundacion-meri-organiza-webinar-los-desafios-de-la-comunidad-internacional-y-la-region-latinoamericana-de-cara-a-la-proxima-cop-26\/#article","isPartOf":{"@id":"https:\/\/www.filantropiacortessolari.cl\/fundacion-meri-organiza-webinar-los-desafios-de-la-comunidad-internacional-y-la-region-latinoamericana-de-cara-a-la-proxima-cop-26\/"},"author":{"name":"Filantrop\u00eda Cort\u00e9s Solari","@id":"https:\/\/www.filantropiacortessolari.cl\/#\/schema\/person\/e099cf1046922f4f5892172332dc86c0"},"headline":"Fundaci\u00f3n MERI organiza webinar \u201cLos desaf\u00edos de la comunidad internacional y la regi\u00f3n latinoamericana de cara a la pr\u00f3xima COP 26\u201d","datePublished":"2020-10-22T16:46:44+00:00","dateModified":"2020-10-22T17:22:58+00:00","mainEntityOfPage":{"@id":"https:\/\/www.filantropiacortessolari.cl\/fundacion-meri-organiza-webinar-los-desafios-de-la-comunidad-internacional-y-la-region-latinoamericana-de-cara-a-la-proxima-cop-26\/"},"wordCount":396,"commentCount":0,"image":{"@id":"https:\/\/www.filantropiacortessolari.cl\/fundacion-meri-organiza-webinar-los-desafios-de-la-comunidad-internacional-y-la-region-latinoamericana-de-cara-a-la-proxima-cop-26\/#primaryimage"},"thumbnailUrl":"https:\/\/www.filantropiacortessolari.cl\/wp-content\/uploads\/2020\/10\/Foto-Noticia.png","articleSection":["Noticias"],"inLanguage":"en-US","potentialAction":[{"@type":"CommentAction","name":"Comment","target":["https:\/\/www.filantropiacortessolari.cl\/fundacion-meri-organiza-webinar-los-desafios-de-la-comunidad-internacional-y-la-region-latinoamericana-de-cara-a-la-proxima-cop-26\/#respond"]}]},{"@type":"WebPage","@id":"https:\/\/www.filantropiacortessolari.cl\/fundacion-meri-organiza-webinar-los-desafios-de-la-comunidad-internacional-y-la-region-latinoamericana-de-cara-a-la-proxima-cop-26\/","url":"https:\/\/www.filantropiacortessolari.cl\/fundacion-meri-organiza-webinar-los-desafios-de-la-comunidad-internacional-y-la-region-latinoamericana-de-cara-a-la-proxima-cop-26\/","name":"Fundaci\u00f3n MERI organiza webinar \u201cLos desaf\u00edos de la comunidad internacional y la regi\u00f3n latinoamericana de cara a la pr\u00f3xima COP 26\u201d","isPartOf":{"@id":"https:\/\/www.filantropiacortessolari.cl\/#website"},"primaryImageOfPage":{"@id":"https:\/\/www.filantropiacortessolari.cl\/fundacion-meri-organiza-webinar-los-desafios-de-la-comunidad-internacional-y-la-region-latinoamericana-de-cara-a-la-proxima-cop-26\/#primaryimage"},"image":{"@id":"https:\/\/www.filantropiacortessolari.cl\/fundacion-meri-organiza-webinar-los-desafios-de-la-comunidad-internacional-y-la-region-latinoamericana-de-cara-a-la-proxima-cop-26\/#primaryimage"},"thumbnailUrl":"https:\/\/www.filantropiacortessolari.cl\/wp-content\/uploads\/2020\/10\/Foto-Noticia.png","datePublished":"2020-10-22T16:46:44+00:00","dateModified":"2020-10-22T17:22:58+00:00","author":{"@id":"https:\/\/www.filantropiacortessolari.cl\/#\/schema\/person\/e099cf1046922f4f5892172332dc86c0"},"breadcrumb":{"@id":"https:\/\/www.filantropiacortessolari.cl\/fundacion-meri-organiza-webinar-los-desafios-de-la-comunidad-internacional-y-la-region-latinoamericana-de-cara-a-la-proxima-cop-26\/#breadcrumb"},"inLanguage":"en-US","potentialAction":[{"@type":"ReadAction","target":["https:\/\/www.filantropiacortessolari.cl\/fundacion-meri-organiza-webinar-los-desafios-de-la-comunidad-internacional-y-la-region-latinoamericana-de-cara-a-la-proxima-cop-26\/"]}]},{"@type":"ImageObject","inLanguage":"en-US","@id":"https:\/\/www.filantropiacortessolari.cl\/fundacion-meri-organiza-webinar-los-desafios-de-la-comunidad-internacional-y-la-region-latinoamericana-de-cara-a-la-proxima-cop-26\/#primaryimage","url":"https:\/\/www.filantropiacortessolari.cl\/wp-content\/uploads\/2020\/10\/Foto-Noticia.png","contentUrl":"https:\/\/www.filantropiacortessolari.cl\/wp-content\/uploads\/2020\/10\/Foto-Noticia.png","width":800,"height":450},{"@type":"BreadcrumbList","@id":"https:\/\/www.filantropiacortessolari.cl\/fundacion-meri-organiza-webinar-los-desafios-de-la-comunidad-internacional-y-la-region-latinoamericana-de-cara-a-la-proxima-cop-26\/#breadcrumb","itemListElement":[{"@type":"ListItem","position":1,"name":"Portada","item":"https:\/\/www.filantropiacortessolari.cl\/"},{"@type":"ListItem","position":2,"name":"Fundaci\u00f3n MERI organiza webinar \u201cLos desaf\u00edos de la comunidad internacional y la regi\u00f3n latinoamericana de cara a la pr\u00f3xima COP 26\u201d"}]},{"@type":"WebSite","@id":"https:\/\/www.filantropiacortessolari.cl\/#website","url":"https:\/\/www.filantropiacortessolari.cl\/","name":"Filantrop\u00eda Cort\u00e9s Solari","description":"Sitio web Filantrop\u00eda Cort\u00e9s Solari","potentialAction":[{"@type":"SearchAction","target":{"@type":"EntryPoint","urlTemplate":"https:\/\/www.filantropiacortessolari.cl\/?s={search_term_string}"},"query-input":{"@type":"PropertyValueSpecification","valueRequired":true,"valueName":"search_term_string"}}],"inLanguage":"en-US"},{"@type":"Person","@id":"https:\/\/www.filantropiacortessolari.cl\/#\/schema\/person\/e099cf1046922f4f5892172332dc86c0","name":"Filantrop\u00eda Cort\u00e9s Solari","image":{"@type":"ImageObject","inLanguage":"en-US","@id":"https:\/\/secure.gravatar.com\/avatar\/9d17bfe24074ed7576e70cbeb8e010cdd7d01fae9f2047bd96cccbe629ec3c11?s=96&d=mm&r=g","url":"https:\/\/secure.gravatar.com\/avatar\/9d17bfe24074ed7576e70cbeb8e010cdd7d01fae9f2047bd96cccbe629ec3c11?s=96&d=mm&r=g","contentUrl":"https:\/\/secure.gravatar.com\/avatar\/9d17bfe24074ed7576e70cbeb8e010cdd7d01fae9f2047bd96cccbe629ec3c11?s=96&d=mm&r=g","caption":"Filantrop\u00eda Cort\u00e9s Solari"},"url":"https:\/\/www.filantropiacortessolari.cl\/en\/author\/filantropia-cortes-solari\/"}]}},"_links":{"self":[{"href":"https:\/\/www.filantropiacortessolari.cl\/en\/wp-json\/wp\/v2\/posts\/10110","targetHints":{"allow":["GET"]}}],"collection":[{"href":"https:\/\/www.filantropiacortessolari.cl\/en\/wp-json\/wp\/v2\/posts"}],"about":[{"href":"https:\/\/www.filantropiacortessolari.cl\/en\/wp-json\/wp\/v2\/types\/post"}],"author":[{"embeddable":true,"href":"https:\/\/www.filantropiacortessolari.cl\/en\/wp-json\/wp\/v2\/users\/1"}],"replies":[{"embeddable":true,"href":"https:\/\/www.filantropiacortessolari.cl\/en\/wp-json\/wp\/v2\/comments?post=10110"}],"version-history":[{"count":1,"href":"https:\/\/www.filantropiacortessolari.cl\/en\/wp-json\/wp\/v2\/posts\/10110\/revisions"}],"predecessor-version":[{"id":10111,"href":"https:\/\/www.filantropiacortessolari.cl\/en\/wp-json\/wp\/v2\/posts\/10110\/revisions\/10111"}],"wp:featuredmedia":[{"embeddable":true,"href":"https:\/\/www.filantropiacortessolari.cl\/en\/wp-json\/wp\/v2\/media\/10112"}],"wp:attachment":[{"href":"https:\/\/www.filantropiacortessolari.cl\/en\/wp-json\/wp\/v2\/media?parent=10110"}],"wp:term":[{"taxonomy":"category","embeddable":true,"href":"https:\/\/www.filantropiacortessolari.cl\/en\/wp-json\/wp\/v2\/categories?post=10110"},{"taxonomy":"post_tag","embeddable":true,"href":"https:\/\/www.filantropiacortessolari.cl\/en\/wp-json\/wp\/v2\/tags?post=10110"}],"curies":[{"name":"wp","href":"https:\/\/api.w.org\/{rel}","templated":true}]}}