{"id":10156,"date":"2020-11-19T21:35:42","date_gmt":"2020-11-20T00:35:42","guid":{"rendered":"https:\/\/www.filantropiacortessolari.cl\/?p=10156"},"modified":"2020-12-05T21:44:21","modified_gmt":"2020-12-06T00:44:21","slug":"la-tercera-la-conservacion-de-la-naturaleza-no-aporta-a-la-economia-2","status":"publish","type":"post","link":"https:\/\/www.filantropiacortessolari.cl\/en\/la-tercera-la-conservacion-de-la-naturaleza-no-aporta-a-la-economia-2\/","title":{"rendered":"I Seminario de ruido submarino"},"content":{"rendered":"<style type=\"text\/css\"><\/style><p>[vc_row][vc_column][vc_column_text]<img loading=\"lazy\" decoding=\"async\" class=\"aligncenter size-full wp-image-67729\" src=\"https:\/\/fundacionmeri.cl\/wp-content\/uploads\/2020\/11\/seminario-de-ruido.jpeg\" alt=\"Seminario de ruido\" width=\"1080\" height=\"1080\" \/><\/p>\n<p><strong><em>Esta instancia creada por el Ministerio de Medio Ambiente, y de la cual Fundaci\u00f3n MERI es parte, busca gestionar el ruido submarino y prevenir sus impactos en la biodiversidad. El pr\u00f3ximo 10 de diciembre se realizar\u00e1 el primer encuentro en esta materia, organizado por los miembros del Comit\u00e9 Operativo para el Fortalecimiento de la Gesti\u00f3n del Control de Ruido Submarino: \u00f3rganos del Estado con competencia en esta materia y actores del mundo cient\u00edfico y de la academia. Los invitamos desde ya a reservar la fecha y participar de esta actividad online. <\/em><\/strong><\/p>\n<p>\u00bfQu\u00e9 es el ruido submarino? Actividades usuales en el mar, como el tr\u00e1fico mar\u00edtimo, detonaciones de ca\u00f1ones de aire comprimido utilizados para estudios s\u00edsmicos en la b\u00fasqueda de petr\u00f3leo y gas, o la acuicultura y la colocaci\u00f3n de pilotes, entre otras, generan sonido y vibraciones que pueden afectar en mayor o menor grado a la vida submarina. No solo las ballenas, delfines o focas, tambi\u00e9n peces e invertebrados, pueden sufrir desde estr\u00e9s y desorientaci\u00f3n hasta lesiones internas e incluso la muerte.<\/p>\n<p>\u00bfPor qu\u00e9 es importante controlar el ruido submarino y sus efectos en ballenas y otras especies? Las ballenas prestan una serie de servicios ecosist\u00e9micos, por ejemplo, en la absorci\u00f3n de di\u00f3xido de carbono, llegando a capturar hasta 33 toneladas durante su vida, las que se hunden con ellas hasta el fondo del oc\u00e9ano cuando mueren de forma natural. Tambi\u00e9n colaboran con la fertilizaci\u00f3n y salud de los oc\u00e9anos, como con el fitoplancton, responsable de la producci\u00f3n del 50% del ox\u00edgeno del planeta, lo que las hace una especie clave en la mitigaci\u00f3n del cambio clim\u00e1tico. Esto sin contar sus aportes al desarrollo de comunidades locales a trav\u00e9s del turismo sostenible.<\/p>\n<p>Proteger a las ballenas y sus servicios ecosist\u00e9micos est\u00e1 en la base del desarrollo del proyecto The Blue Boat Initiative, iniciativa p\u00fablico-privada conjunta entre el Ministerio de Medio Ambiente y Fundaci\u00f3n MERI, que busca proteger a las ballenas y otros cet\u00e1ceos de las costas nacionales de los efectos del tr\u00e1fico mar\u00edtimo, entre ellos el ruido submarino y el riesgo de colisiones, a trav\u00e9s de una red de boyas inteligentes que alerten a embarcaciones de la cercan\u00eda de estas especies, para que modifiquen sus rutas y velocidad. Adem\u00e1s, estas boyas monitorear\u00edan la salud de los oc\u00e9anos a trav\u00e9s de sensores inteligentes.<\/p>\n<p>Es por esto que Fundaci\u00f3n MERI ha sido invitada a ser parte de este <a href=\"https:\/\/ruido.mma.gob.cl\/submarino\/\">Comit\u00e9<\/a>, y es tambi\u00e9n parte de los organizadores del <a href=\"https:\/\/ruido.mma.gob.cl\/seminario-ruido-submarino\/\">I Seminario de Ruido Submarino<\/a>, programado para el pr\u00f3ximo 10 de diciembre, en modalidad online. Pronto entregaremos m\u00e1s detalles sobre el programa y los invitados a esta actividad.<\/p>\n<p>Como adelanto, los invitamos a escuchar este cap\u00edtulo de #MMAenCasa, una conversaci\u00f3n en Instagram Live, con Camilo Padilla, profesional del Departamento de Ruido, Lum\u00ednica y Olores en el Ministerio del Medio Ambiente, que habla sobre el Comit\u00e9 de Ruido Submarino y sus actividades.<\/p>\n<blockquote class=\"instagram-media\" style=\"background: #FFF; border: 0; border-radius: 3px; box-shadow: 0 0 1px 0 rgba(0,0,0,0.5),0 1px 10px 0 rgba(0,0,0,0.15); margin: 1px; max-width: 540px; min-width: 326px; padding: 0; width: calc(100% - 2px);\" data-instgrm-captioned=\"\" data-instgrm-permalink=\"https:\/\/www.instagram.com\/tv\/CHd7LdBn5p1\/?utm_source=ig_embed&amp;utm_campaign=loading\" data-instgrm-version=\"13\">\n<div style=\"padding: 16px;\">\n<p>&nbsp;<\/p>\n<div style=\"display: flex; flex-direction: row; align-items: center;\">\n<div style=\"background-color: #f4f4f4; border-radius: 50%; flex-grow: 0; height: 40px; margin-right: 14px; width: 40px;\"><\/div>\n<div style=\"display: flex; flex-direction: column; flex-grow: 1; justify-content: center;\">\n<div style=\"background-color: #f4f4f4; border-radius: 4px; flex-grow: 0; height: 14px; margin-bottom: 6px; width: 100px;\"><\/div>\n<div style=\"background-color: #f4f4f4; border-radius: 4px; flex-grow: 0; height: 14px; width: 60px;\"><\/div>\n<\/div>\n<\/div>\n<div style=\"padding: 19% 0;\"><\/div>\n<div style=\"display: block; height: 50px; margin: 0 auto 12px; width: 50px;\"><\/div>\n<div style=\"padding-top: 8px;\">\n<div style=\"color: #3897f0; font-family: Arial,sans-serif; font-size: 14px; font-style: normal; font-weight: 550; line-height: 18px;\">Ver esta publicaci\u00f3n en Instagram<\/div>\n<\/div>\n<div style=\"padding: 12.5% 0;\"><\/div>\n<div style=\"display: flex; flex-direction: row; margin-bottom: 14px; align-items: center;\">\n<div>\n<div style=\"background-color: #f4f4f4; border-radius: 50%; height: 12.5px; width: 12.5px; transform: translateX(0px) translateY(7px);\"><\/div>\n<div style=\"background-color: #f4f4f4; height: 12.5px; transform: rotate(-45deg) translateX(3px) translateY(1px); width: 12.5px; flex-grow: 0; margin-right: 14px; margin-left: 2px;\"><\/div>\n<div style=\"background-color: #f4f4f4; border-radius: 50%; height: 12.5px; width: 12.5px; transform: translateX(9px) translateY(-18px);\"><\/div>\n<\/div>\n<div style=\"margin-left: 8px;\">\n<div style=\"background-color: #f4f4f4; border-radius: 50%; flex-grow: 0; height: 20px; width: 20px;\"><\/div>\n<div style=\"width: 0; height: 0; border-top: 2px solid transparent; border-left: 6px solid #f4f4f4; border-bottom: 2px solid transparent; transform: translateX(16px) translateY(-4px) rotate(30deg);\"><\/div>\n<\/div>\n<div style=\"margin-left: auto;\">\n<div style=\"width: 0px; border-top: 8px solid #F4F4F4; border-right: 8px solid transparent; transform: translateY(16px);\"><\/div>\n<div style=\"background-color: #f4f4f4; flex-grow: 0; height: 12px; width: 16px; transform: translateY(-4px);\"><\/div>\n<div style=\"width: 0; height: 0; border-top: 8px solid #F4F4F4; border-left: 8px solid transparent; transform: translateY(-4px) translateX(8px);\"><\/div>\n<\/div>\n<\/div>\n<div style=\"display: flex; flex-direction: column; flex-grow: 1; justify-content: center; margin-bottom: 24px;\">\n<div style=\"background-color: #f4f4f4; border-radius: 4px; flex-grow: 0; height: 14px; margin-bottom: 6px; width: 224px;\"><\/div>\n<div style=\"background-color: #f4f4f4; border-radius: 4px; flex-grow: 0; height: 14px; width: 144px;\"><\/div>\n<\/div>\n<p>&nbsp;<\/p>\n<p style=\"color: #c9c8cd; font-family: Arial,sans-serif; font-size: 14px; line-height: 17px; margin-bottom: 0; margin-top: 8px; overflow: hidden; padding: 8px 0 7px; text-align: center; text-overflow: ellipsis; white-space: nowrap;\"><a style=\"color: #c9c8cd; font-family: Arial,sans-serif; font-size: 14px; font-style: normal; font-weight: normal; line-height: 17px; text-decoration: none;\" href=\"https:\/\/www.instagram.com\/tv\/CHd7LdBn5p1\/?utm_source=ig_embed&amp;utm_campaign=loading\" target=\"_blank\" rel=\"noopener noreferrer\">Una publicaci\u00f3n compartida por Ministerio del Medio Ambiente (@mmachile)<\/a><\/p>\n<\/div>\n<\/blockquote>\n<p><script async src=\"\/\/www.instagram.com\/embed.js\"><\/script>[\/vc_column_text][\/vc_column][\/vc_row]<\/p>\n","protected":false},"excerpt":{"rendered":"<p>[vc_row][vc_column][vc_column_text] Esta instancia creada por el Ministerio de Medio Ambiente, y de la cual Fundaci\u00f3n MERI es parte, busca gestionar el ruido submarino y prevenir sus impactos en la biodiversidad. El pr\u00f3ximo 10 de diciembre se realizar\u00e1 el primer encuentro en esta materia, organizado por los miembros del Comit\u00e9 Operativo para el Fortalecimiento de la&#8230;<\/p>\n","protected":false},"author":1,"featured_media":10158,"comment_status":"open","ping_status":"open","sticky":false,"template":"","format":"standard","meta":{"footnotes":""},"categories":[31,5,6],"tags":[],"class_list":["post-10156","post","type-post","status-publish","format-standard","has-post-thumbnail","hentry","category-noticias","category-prensa-escrita","category-fundacion-meri"],"translation":{"provider":"WPGlobus","version":"3.0.2","language":"en","enabled_languages":["es","en"],"languages":{"es":{"title":true,"content":true,"excerpt":false},"en":{"title":false,"content":false,"excerpt":false}}},"yoast_head":"<!-- This site is optimized with the Yoast SEO plugin v27.4 - https:\/\/yoast.com\/product\/yoast-seo-wordpress\/ -->\n<title>I Seminario de ruido submarino<\/title>\n<meta name=\"robots\" content=\"index, follow, max-snippet:-1, max-image-preview:large, max-video-preview:-1\" \/>\n<link rel=\"canonical\" href=\"https:\/\/www.filantropiacortessolari.cl\/la-tercera-la-conservacion-de-la-naturaleza-no-aporta-a-la-economia-2\/\" \/>\n<meta property=\"og:locale\" content=\"en_US\" \/>\n<meta property=\"og:type\" content=\"article\" \/>\n<meta property=\"og:title\" content=\"I Seminario de ruido submarino\" \/>\n<meta property=\"og:url\" content=\"https:\/\/www.filantropiacortessolari.cl\/la-tercera-la-conservacion-de-la-naturaleza-no-aporta-a-la-economia-2\/\" \/>\n<meta property=\"og:site_name\" content=\"Filantrop\u00eda Cort\u00e9s Solari\" \/>\n<meta property=\"article:published_time\" content=\"2020-11-20T00:35:42+00:00\" \/>\n<meta property=\"article:modified_time\" content=\"2020-12-06T00:44:21+00:00\" \/>\n<meta property=\"og:image\" content=\"https:\/\/www.filantropiacortessolari.cl\/wp-content\/uploads\/2020\/12\/seminario-de-ruido.jpeg\" \/>\n\t<meta property=\"og:image:width\" content=\"1080\" \/>\n\t<meta property=\"og:image:height\" content=\"1080\" \/>\n\t<meta property=\"og:image:type\" content=\"image\/jpeg\" \/>\n<meta name=\"author\" content=\"Filantrop\u00eda Cort\u00e9s Solari\" \/>\n<meta name=\"twitter:card\" content=\"summary_large_image\" \/>\n<meta name=\"twitter:label1\" content=\"Written by\" \/>\n\t<meta name=\"twitter:data1\" content=\"Filantrop\u00eda Cort\u00e9s Solari\" \/>\n\t<meta name=\"twitter:label2\" content=\"Est. reading time\" \/>\n\t<meta name=\"twitter:data2\" content=\"3 minutes\" \/>\n<script type=\"application\/ld+json\" class=\"yoast-schema-graph\">{\"@context\":\"https:\\\/\\\/schema.org\",\"@graph\":[{\"@type\":\"Article\",\"@id\":\"https:\\\/\\\/www.filantropiacortessolari.cl\\\/la-tercera-la-conservacion-de-la-naturaleza-no-aporta-a-la-economia-2\\\/#article\",\"isPartOf\":{\"@id\":\"https:\\\/\\\/www.filantropiacortessolari.cl\\\/la-tercera-la-conservacion-de-la-naturaleza-no-aporta-a-la-economia-2\\\/\"},\"author\":{\"name\":\"Filantrop\u00eda Cort\u00e9s Solari\",\"@id\":\"https:\\\/\\\/www.filantropiacortessolari.cl\\\/#\\\/schema\\\/person\\\/e099cf1046922f4f5892172332dc86c0\"},\"headline\":\"I Seminario de ruido submarino\",\"datePublished\":\"2020-11-20T00:35:42+00:00\",\"dateModified\":\"2020-12-06T00:44:21+00:00\",\"mainEntityOfPage\":{\"@id\":\"https:\\\/\\\/www.filantropiacortessolari.cl\\\/la-tercera-la-conservacion-de-la-naturaleza-no-aporta-a-la-economia-2\\\/\"},\"wordCount\":554,\"commentCount\":0,\"image\":{\"@id\":\"https:\\\/\\\/www.filantropiacortessolari.cl\\\/la-tercera-la-conservacion-de-la-naturaleza-no-aporta-a-la-economia-2\\\/#primaryimage\"},\"thumbnailUrl\":\"https:\\\/\\\/www.filantropiacortessolari.cl\\\/wp-content\\\/uploads\\\/2020\\\/12\\\/seminario-de-ruido.jpeg\",\"articleSection\":[\"Noticias\",\"Prensa Escrita\",\"Prensa MERI\"],\"inLanguage\":\"en-US\",\"potentialAction\":[{\"@type\":\"CommentAction\",\"name\":\"Comment\",\"target\":[\"https:\\\/\\\/www.filantropiacortessolari.cl\\\/la-tercera-la-conservacion-de-la-naturaleza-no-aporta-a-la-economia-2\\\/#respond\"]}]},{\"@type\":\"WebPage\",\"@id\":\"https:\\\/\\\/www.filantropiacortessolari.cl\\\/la-tercera-la-conservacion-de-la-naturaleza-no-aporta-a-la-economia-2\\\/\",\"url\":\"https:\\\/\\\/www.filantropiacortessolari.cl\\\/la-tercera-la-conservacion-de-la-naturaleza-no-aporta-a-la-economia-2\\\/\",\"name\":\"I Seminario de ruido submarino\",\"isPartOf\":{\"@id\":\"https:\\\/\\\/www.filantropiacortessolari.cl\\\/#website\"},\"primaryImageOfPage\":{\"@id\":\"https:\\\/\\\/www.filantropiacortessolari.cl\\\/la-tercera-la-conservacion-de-la-naturaleza-no-aporta-a-la-economia-2\\\/#primaryimage\"},\"image\":{\"@id\":\"https:\\\/\\\/www.filantropiacortessolari.cl\\\/la-tercera-la-conservacion-de-la-naturaleza-no-aporta-a-la-economia-2\\\/#primaryimage\"},\"thumbnailUrl\":\"https:\\\/\\\/www.filantropiacortessolari.cl\\\/wp-content\\\/uploads\\\/2020\\\/12\\\/seminario-de-ruido.jpeg\",\"datePublished\":\"2020-11-20T00:35:42+00:00\",\"dateModified\":\"2020-12-06T00:44:21+00:00\",\"author\":{\"@id\":\"https:\\\/\\\/www.filantropiacortessolari.cl\\\/#\\\/schema\\\/person\\\/e099cf1046922f4f5892172332dc86c0\"},\"breadcrumb\":{\"@id\":\"https:\\\/\\\/www.filantropiacortessolari.cl\\\/la-tercera-la-conservacion-de-la-naturaleza-no-aporta-a-la-economia-2\\\/#breadcrumb\"},\"inLanguage\":\"en-US\",\"potentialAction\":[{\"@type\":\"ReadAction\",\"target\":[\"https:\\\/\\\/www.filantropiacortessolari.cl\\\/la-tercera-la-conservacion-de-la-naturaleza-no-aporta-a-la-economia-2\\\/\"]}]},{\"@type\":\"ImageObject\",\"inLanguage\":\"en-US\",\"@id\":\"https:\\\/\\\/www.filantropiacortessolari.cl\\\/la-tercera-la-conservacion-de-la-naturaleza-no-aporta-a-la-economia-2\\\/#primaryimage\",\"url\":\"https:\\\/\\\/www.filantropiacortessolari.cl\\\/wp-content\\\/uploads\\\/2020\\\/12\\\/seminario-de-ruido.jpeg\",\"contentUrl\":\"https:\\\/\\\/www.filantropiacortessolari.cl\\\/wp-content\\\/uploads\\\/2020\\\/12\\\/seminario-de-ruido.jpeg\",\"width\":1080,\"height\":1080},{\"@type\":\"BreadcrumbList\",\"@id\":\"https:\\\/\\\/www.filantropiacortessolari.cl\\\/la-tercera-la-conservacion-de-la-naturaleza-no-aporta-a-la-economia-2\\\/#breadcrumb\",\"itemListElement\":[{\"@type\":\"ListItem\",\"position\":1,\"name\":\"Portada\",\"item\":\"https:\\\/\\\/www.filantropiacortessolari.cl\\\/\"},{\"@type\":\"ListItem\",\"position\":2,\"name\":\"I Seminario de ruido submarino\"}]},{\"@type\":\"WebSite\",\"@id\":\"https:\\\/\\\/www.filantropiacortessolari.cl\\\/#website\",\"url\":\"https:\\\/\\\/www.filantropiacortessolari.cl\\\/\",\"name\":\"Filantrop\u00eda Cort\u00e9s Solari\",\"description\":\"Sitio web Filantrop\u00eda Cort\u00e9s Solari\",\"potentialAction\":[{\"@type\":\"SearchAction\",\"target\":{\"@type\":\"EntryPoint\",\"urlTemplate\":\"https:\\\/\\\/www.filantropiacortessolari.cl\\\/?s={search_term_string}\"},\"query-input\":{\"@type\":\"PropertyValueSpecification\",\"valueRequired\":true,\"valueName\":\"search_term_string\"}}],\"inLanguage\":\"en-US\"},{\"@type\":\"Person\",\"@id\":\"https:\\\/\\\/www.filantropiacortessolari.cl\\\/#\\\/schema\\\/person\\\/e099cf1046922f4f5892172332dc86c0\",\"name\":\"Filantrop\u00eda Cort\u00e9s Solari\",\"image\":{\"@type\":\"ImageObject\",\"inLanguage\":\"en-US\",\"@id\":\"https:\\\/\\\/secure.gravatar.com\\\/avatar\\\/9d17bfe24074ed7576e70cbeb8e010cdd7d01fae9f2047bd96cccbe629ec3c11?s=96&d=mm&r=g\",\"url\":\"https:\\\/\\\/secure.gravatar.com\\\/avatar\\\/9d17bfe24074ed7576e70cbeb8e010cdd7d01fae9f2047bd96cccbe629ec3c11?s=96&d=mm&r=g\",\"contentUrl\":\"https:\\\/\\\/secure.gravatar.com\\\/avatar\\\/9d17bfe24074ed7576e70cbeb8e010cdd7d01fae9f2047bd96cccbe629ec3c11?s=96&d=mm&r=g\",\"caption\":\"Filantrop\u00eda Cort\u00e9s Solari\"},\"url\":\"https:\\\/\\\/www.filantropiacortessolari.cl\\\/en\\\/author\\\/filantropia-cortes-solari\\\/\"}]}<\/script>\n<!-- \/ Yoast SEO plugin. -->","yoast_head_json":{"title":"I Seminario de ruido submarino","robots":{"index":"index","follow":"follow","max-snippet":"max-snippet:-1","max-image-preview":"max-image-preview:large","max-video-preview":"max-video-preview:-1"},"canonical":"https:\/\/www.filantropiacortessolari.cl\/la-tercera-la-conservacion-de-la-naturaleza-no-aporta-a-la-economia-2\/","og_locale":"en_US","og_type":"article","og_title":"I Seminario de ruido submarino","og_url":"https:\/\/www.filantropiacortessolari.cl\/la-tercera-la-conservacion-de-la-naturaleza-no-aporta-a-la-economia-2\/","og_site_name":"Filantrop\u00eda Cort\u00e9s Solari","article_published_time":"2020-11-20T00:35:42+00:00","article_modified_time":"2020-12-06T00:44:21+00:00","og_image":[{"width":1080,"height":1080,"url":"https:\/\/www.filantropiacortessolari.cl\/wp-content\/uploads\/2020\/12\/seminario-de-ruido.jpeg","type":"image\/jpeg"}],"author":"Filantrop\u00eda Cort\u00e9s Solari","twitter_card":"summary_large_image","twitter_misc":{"Written by":"Filantrop\u00eda Cort\u00e9s Solari","Est. reading time":"3 minutes"},"schema":{"@context":"https:\/\/schema.org","@graph":[{"@type":"Article","@id":"https:\/\/www.filantropiacortessolari.cl\/la-tercera-la-conservacion-de-la-naturaleza-no-aporta-a-la-economia-2\/#article","isPartOf":{"@id":"https:\/\/www.filantropiacortessolari.cl\/la-tercera-la-conservacion-de-la-naturaleza-no-aporta-a-la-economia-2\/"},"author":{"name":"Filantrop\u00eda Cort\u00e9s Solari","@id":"https:\/\/www.filantropiacortessolari.cl\/#\/schema\/person\/e099cf1046922f4f5892172332dc86c0"},"headline":"I Seminario de ruido submarino","datePublished":"2020-11-20T00:35:42+00:00","dateModified":"2020-12-06T00:44:21+00:00","mainEntityOfPage":{"@id":"https:\/\/www.filantropiacortessolari.cl\/la-tercera-la-conservacion-de-la-naturaleza-no-aporta-a-la-economia-2\/"},"wordCount":554,"commentCount":0,"image":{"@id":"https:\/\/www.filantropiacortessolari.cl\/la-tercera-la-conservacion-de-la-naturaleza-no-aporta-a-la-economia-2\/#primaryimage"},"thumbnailUrl":"https:\/\/www.filantropiacortessolari.cl\/wp-content\/uploads\/2020\/12\/seminario-de-ruido.jpeg","articleSection":["Noticias","Prensa Escrita","Prensa MERI"],"inLanguage":"en-US","potentialAction":[{"@type":"CommentAction","name":"Comment","target":["https:\/\/www.filantropiacortessolari.cl\/la-tercera-la-conservacion-de-la-naturaleza-no-aporta-a-la-economia-2\/#respond"]}]},{"@type":"WebPage","@id":"https:\/\/www.filantropiacortessolari.cl\/la-tercera-la-conservacion-de-la-naturaleza-no-aporta-a-la-economia-2\/","url":"https:\/\/www.filantropiacortessolari.cl\/la-tercera-la-conservacion-de-la-naturaleza-no-aporta-a-la-economia-2\/","name":"I Seminario de ruido submarino","isPartOf":{"@id":"https:\/\/www.filantropiacortessolari.cl\/#website"},"primaryImageOfPage":{"@id":"https:\/\/www.filantropiacortessolari.cl\/la-tercera-la-conservacion-de-la-naturaleza-no-aporta-a-la-economia-2\/#primaryimage"},"image":{"@id":"https:\/\/www.filantropiacortessolari.cl\/la-tercera-la-conservacion-de-la-naturaleza-no-aporta-a-la-economia-2\/#primaryimage"},"thumbnailUrl":"https:\/\/www.filantropiacortessolari.cl\/wp-content\/uploads\/2020\/12\/seminario-de-ruido.jpeg","datePublished":"2020-11-20T00:35:42+00:00","dateModified":"2020-12-06T00:44:21+00:00","author":{"@id":"https:\/\/www.filantropiacortessolari.cl\/#\/schema\/person\/e099cf1046922f4f5892172332dc86c0"},"breadcrumb":{"@id":"https:\/\/www.filantropiacortessolari.cl\/la-tercera-la-conservacion-de-la-naturaleza-no-aporta-a-la-economia-2\/#breadcrumb"},"inLanguage":"en-US","potentialAction":[{"@type":"ReadAction","target":["https:\/\/www.filantropiacortessolari.cl\/la-tercera-la-conservacion-de-la-naturaleza-no-aporta-a-la-economia-2\/"]}]},{"@type":"ImageObject","inLanguage":"en-US","@id":"https:\/\/www.filantropiacortessolari.cl\/la-tercera-la-conservacion-de-la-naturaleza-no-aporta-a-la-economia-2\/#primaryimage","url":"https:\/\/www.filantropiacortessolari.cl\/wp-content\/uploads\/2020\/12\/seminario-de-ruido.jpeg","contentUrl":"https:\/\/www.filantropiacortessolari.cl\/wp-content\/uploads\/2020\/12\/seminario-de-ruido.jpeg","width":1080,"height":1080},{"@type":"BreadcrumbList","@id":"https:\/\/www.filantropiacortessolari.cl\/la-tercera-la-conservacion-de-la-naturaleza-no-aporta-a-la-economia-2\/#breadcrumb","itemListElement":[{"@type":"ListItem","position":1,"name":"Portada","item":"https:\/\/www.filantropiacortessolari.cl\/"},{"@type":"ListItem","position":2,"name":"I Seminario de ruido submarino"}]},{"@type":"WebSite","@id":"https:\/\/www.filantropiacortessolari.cl\/#website","url":"https:\/\/www.filantropiacortessolari.cl\/","name":"Filantrop\u00eda Cort\u00e9s Solari","description":"Sitio web Filantrop\u00eda Cort\u00e9s Solari","potentialAction":[{"@type":"SearchAction","target":{"@type":"EntryPoint","urlTemplate":"https:\/\/www.filantropiacortessolari.cl\/?s={search_term_string}"},"query-input":{"@type":"PropertyValueSpecification","valueRequired":true,"valueName":"search_term_string"}}],"inLanguage":"en-US"},{"@type":"Person","@id":"https:\/\/www.filantropiacortessolari.cl\/#\/schema\/person\/e099cf1046922f4f5892172332dc86c0","name":"Filantrop\u00eda Cort\u00e9s Solari","image":{"@type":"ImageObject","inLanguage":"en-US","@id":"https:\/\/secure.gravatar.com\/avatar\/9d17bfe24074ed7576e70cbeb8e010cdd7d01fae9f2047bd96cccbe629ec3c11?s=96&d=mm&r=g","url":"https:\/\/secure.gravatar.com\/avatar\/9d17bfe24074ed7576e70cbeb8e010cdd7d01fae9f2047bd96cccbe629ec3c11?s=96&d=mm&r=g","contentUrl":"https:\/\/secure.gravatar.com\/avatar\/9d17bfe24074ed7576e70cbeb8e010cdd7d01fae9f2047bd96cccbe629ec3c11?s=96&d=mm&r=g","caption":"Filantrop\u00eda Cort\u00e9s Solari"},"url":"https:\/\/www.filantropiacortessolari.cl\/en\/author\/filantropia-cortes-solari\/"}]}},"_links":{"self":[{"href":"https:\/\/www.filantropiacortessolari.cl\/en\/wp-json\/wp\/v2\/posts\/10156","targetHints":{"allow":["GET"]}}],"collection":[{"href":"https:\/\/www.filantropiacortessolari.cl\/en\/wp-json\/wp\/v2\/posts"}],"about":[{"href":"https:\/\/www.filantropiacortessolari.cl\/en\/wp-json\/wp\/v2\/types\/post"}],"author":[{"embeddable":true,"href":"https:\/\/www.filantropiacortessolari.cl\/en\/wp-json\/wp\/v2\/users\/1"}],"replies":[{"embeddable":true,"href":"https:\/\/www.filantropiacortessolari.cl\/en\/wp-json\/wp\/v2\/comments?post=10156"}],"version-history":[{"count":1,"href":"https:\/\/www.filantropiacortessolari.cl\/en\/wp-json\/wp\/v2\/posts\/10156\/revisions"}],"predecessor-version":[{"id":10159,"href":"https:\/\/www.filantropiacortessolari.cl\/en\/wp-json\/wp\/v2\/posts\/10156\/revisions\/10159"}],"wp:featuredmedia":[{"embeddable":true,"href":"https:\/\/www.filantropiacortessolari.cl\/en\/wp-json\/wp\/v2\/media\/10158"}],"wp:attachment":[{"href":"https:\/\/www.filantropiacortessolari.cl\/en\/wp-json\/wp\/v2\/media?parent=10156"}],"wp:term":[{"taxonomy":"category","embeddable":true,"href":"https:\/\/www.filantropiacortessolari.cl\/en\/wp-json\/wp\/v2\/categories?post=10156"},{"taxonomy":"post_tag","embeddable":true,"href":"https:\/\/www.filantropiacortessolari.cl\/en\/wp-json\/wp\/v2\/tags?post=10156"}],"curies":[{"name":"wp","href":"https:\/\/api.w.org\/{rel}","templated":true}]}}