{"id":10160,"date":"2020-11-11T21:46:01","date_gmt":"2020-11-12T00:46:01","guid":{"rendered":"https:\/\/www.filantropiacortessolari.cl\/?p=10160"},"modified":"2020-12-05T21:50:23","modified_gmt":"2020-12-06T00:50:23","slug":"cooperativa-podcast-cuanto-vale-una-ballena-azul","status":"publish","type":"post","link":"https:\/\/www.filantropiacortessolari.cl\/en\/cooperativa-podcast-cuanto-vale-una-ballena-azul\/","title":{"rendered":"[Cooperativa Podcast] \u00bfCu\u00e1nto vale una ballena azul?"},"content":{"rendered":"<style type=\"text\/css\"><\/style><p>Conversamos con Sonia Espa\u00f1ol-Jim\u00e9nez de Fundacion Meri sobre el in\u00e9dito estudio sobre valor ballena azul, \u201cEl medioambiente y la econom\u00eda no han dialogado de forma productiva\u2026buscamos una herramienta para ese di\u00e1logo\u201d.<\/p>\n<p><audio class=\"wp-audio-shortcode\" id=\"audio-10160-1\" preload=\"none\" style=\"width: 100%;\" controls=\"controls\"><source type=\"audio\/mpeg\" src=\"https:\/\/fundacionmeri.cl\/wp-content\/uploads\/2020\/11\/podcastsonia.mp3?_=1\" \/><a href=\"https:\/\/fundacionmeri.cl\/wp-content\/uploads\/2020\/11\/podcastsonia.mp3\">https:\/\/fundacionmeri.cl\/wp-content\/uploads\/2020\/11\/podcastsonia.mp3<\/a><\/audio><br \/>\nFuente: <a href=\"https:\/\/cooperativapodcast.cl\/hablando-de?ts=20201111173012&#038;categoria=hablando-de\">Cooperativa<\/a><\/p>\n","protected":false},"excerpt":{"rendered":"<p>Conversamos con Sonia Espa\u00f1ol-Jim\u00e9nez de Fundacion Meri sobre el in\u00e9dito estudio sobre valor ballena azul, \u201cEl medioambiente y la econom\u00eda no han dialogado de forma productiva\u2026buscamos una herramienta para ese di\u00e1logo\u201d. Fuente: Cooperativa<\/p>\n","protected":false},"author":1,"featured_media":10161,"comment_status":"open","ping_status":"open","sticky":false,"template":"","format":"standard","meta":{"footnotes":""},"categories":[31,5,6],"tags":[],"class_list":["post-10160","post","type-post","status-publish","format-standard","has-post-thumbnail","hentry","category-noticias","category-prensa-escrita","category-fundacion-meri"],"translation":{"provider":"WPGlobus","version":"3.0.2","language":"en","enabled_languages":["es","en"],"languages":{"es":{"title":true,"content":true,"excerpt":false},"en":{"title":false,"content":false,"excerpt":false}}},"yoast_head":"<!-- This site is optimized with the Yoast SEO plugin v27.4 - https:\/\/yoast.com\/product\/yoast-seo-wordpress\/ -->\n<title>[Cooperativa Podcast] \u00bfCu\u00e1nto vale una ballena azul?<\/title>\n<meta name=\"robots\" content=\"index, follow, max-snippet:-1, max-image-preview:large, max-video-preview:-1\" \/>\n<link rel=\"canonical\" href=\"https:\/\/www.filantropiacortessolari.cl\/cooperativa-podcast-cuanto-vale-una-ballena-azul\/\" \/>\n<meta property=\"og:locale\" content=\"en_US\" \/>\n<meta property=\"og:type\" content=\"article\" \/>\n<meta property=\"og:title\" content=\"[Cooperativa Podcast] \u00bfCu\u00e1nto vale una ballena azul?\" \/>\n<meta property=\"og:url\" content=\"https:\/\/www.filantropiacortessolari.cl\/cooperativa-podcast-cuanto-vale-una-ballena-azul\/\" \/>\n<meta property=\"og:site_name\" content=\"Filantrop\u00eda Cort\u00e9s Solari\" \/>\n<meta property=\"article:published_time\" content=\"2020-11-12T00:46:01+00:00\" \/>\n<meta property=\"article:modified_time\" content=\"2020-12-06T00:50:23+00:00\" \/>\n<meta property=\"og:image\" content=\"https:\/\/www.filantropiacortessolari.cl\/wp-content\/uploads\/2020\/12\/04-Mar-15_Chile_GOC_E02_Bm_GH_288-900x600-1.jpg\" \/>\n\t<meta property=\"og:image:width\" content=\"900\" \/>\n\t<meta property=\"og:image:height\" content=\"600\" \/>\n\t<meta property=\"og:image:type\" content=\"image\/jpeg\" \/>\n<meta name=\"author\" content=\"Filantrop\u00eda Cort\u00e9s Solari\" \/>\n<meta name=\"twitter:card\" content=\"summary_large_image\" \/>\n<meta name=\"twitter:label1\" content=\"Written by\" \/>\n\t<meta name=\"twitter:data1\" content=\"Filantrop\u00eda Cort\u00e9s Solari\" \/>\n<script type=\"application\/ld+json\" class=\"yoast-schema-graph\">{\"@context\":\"https:\\\/\\\/schema.org\",\"@graph\":[{\"@type\":\"Article\",\"@id\":\"https:\\\/\\\/www.filantropiacortessolari.cl\\\/cooperativa-podcast-cuanto-vale-una-ballena-azul\\\/#article\",\"isPartOf\":{\"@id\":\"https:\\\/\\\/www.filantropiacortessolari.cl\\\/cooperativa-podcast-cuanto-vale-una-ballena-azul\\\/\"},\"author\":{\"name\":\"Filantrop\u00eda Cort\u00e9s Solari\",\"@id\":\"https:\\\/\\\/www.filantropiacortessolari.cl\\\/#\\\/schema\\\/person\\\/e099cf1046922f4f5892172332dc86c0\"},\"headline\":\"[Cooperativa Podcast] \u00bfCu\u00e1nto vale una ballena azul?\",\"datePublished\":\"2020-11-12T00:46:01+00:00\",\"dateModified\":\"2020-12-06T00:50:23+00:00\",\"mainEntityOfPage\":{\"@id\":\"https:\\\/\\\/www.filantropiacortessolari.cl\\\/cooperativa-podcast-cuanto-vale-una-ballena-azul\\\/\"},\"wordCount\":57,\"commentCount\":0,\"image\":{\"@id\":\"https:\\\/\\\/www.filantropiacortessolari.cl\\\/cooperativa-podcast-cuanto-vale-una-ballena-azul\\\/#primaryimage\"},\"thumbnailUrl\":\"https:\\\/\\\/www.filantropiacortessolari.cl\\\/wp-content\\\/uploads\\\/2020\\\/12\\\/04-Mar-15_Chile_GOC_E02_Bm_GH_288-900x600-1.jpg\",\"articleSection\":[\"Noticias\",\"Prensa Escrita\",\"Prensa MERI\"],\"inLanguage\":\"en-US\",\"potentialAction\":[{\"@type\":\"CommentAction\",\"name\":\"Comment\",\"target\":[\"https:\\\/\\\/www.filantropiacortessolari.cl\\\/cooperativa-podcast-cuanto-vale-una-ballena-azul\\\/#respond\"]}]},{\"@type\":\"WebPage\",\"@id\":\"https:\\\/\\\/www.filantropiacortessolari.cl\\\/cooperativa-podcast-cuanto-vale-una-ballena-azul\\\/\",\"url\":\"https:\\\/\\\/www.filantropiacortessolari.cl\\\/cooperativa-podcast-cuanto-vale-una-ballena-azul\\\/\",\"name\":\"[Cooperativa Podcast] \u00bfCu\u00e1nto vale una ballena azul?\",\"isPartOf\":{\"@id\":\"https:\\\/\\\/www.filantropiacortessolari.cl\\\/#website\"},\"primaryImageOfPage\":{\"@id\":\"https:\\\/\\\/www.filantropiacortessolari.cl\\\/cooperativa-podcast-cuanto-vale-una-ballena-azul\\\/#primaryimage\"},\"image\":{\"@id\":\"https:\\\/\\\/www.filantropiacortessolari.cl\\\/cooperativa-podcast-cuanto-vale-una-ballena-azul\\\/#primaryimage\"},\"thumbnailUrl\":\"https:\\\/\\\/www.filantropiacortessolari.cl\\\/wp-content\\\/uploads\\\/2020\\\/12\\\/04-Mar-15_Chile_GOC_E02_Bm_GH_288-900x600-1.jpg\",\"datePublished\":\"2020-11-12T00:46:01+00:00\",\"dateModified\":\"2020-12-06T00:50:23+00:00\",\"author\":{\"@id\":\"https:\\\/\\\/www.filantropiacortessolari.cl\\\/#\\\/schema\\\/person\\\/e099cf1046922f4f5892172332dc86c0\"},\"breadcrumb\":{\"@id\":\"https:\\\/\\\/www.filantropiacortessolari.cl\\\/cooperativa-podcast-cuanto-vale-una-ballena-azul\\\/#breadcrumb\"},\"inLanguage\":\"en-US\",\"potentialAction\":[{\"@type\":\"ReadAction\",\"target\":[\"https:\\\/\\\/www.filantropiacortessolari.cl\\\/cooperativa-podcast-cuanto-vale-una-ballena-azul\\\/\"]}]},{\"@type\":\"ImageObject\",\"inLanguage\":\"en-US\",\"@id\":\"https:\\\/\\\/www.filantropiacortessolari.cl\\\/cooperativa-podcast-cuanto-vale-una-ballena-azul\\\/#primaryimage\",\"url\":\"https:\\\/\\\/www.filantropiacortessolari.cl\\\/wp-content\\\/uploads\\\/2020\\\/12\\\/04-Mar-15_Chile_GOC_E02_Bm_GH_288-900x600-1.jpg\",\"contentUrl\":\"https:\\\/\\\/www.filantropiacortessolari.cl\\\/wp-content\\\/uploads\\\/2020\\\/12\\\/04-Mar-15_Chile_GOC_E02_Bm_GH_288-900x600-1.jpg\",\"width\":900,\"height\":600},{\"@type\":\"BreadcrumbList\",\"@id\":\"https:\\\/\\\/www.filantropiacortessolari.cl\\\/cooperativa-podcast-cuanto-vale-una-ballena-azul\\\/#breadcrumb\",\"itemListElement\":[{\"@type\":\"ListItem\",\"position\":1,\"name\":\"Portada\",\"item\":\"https:\\\/\\\/www.filantropiacortessolari.cl\\\/\"},{\"@type\":\"ListItem\",\"position\":2,\"name\":\"[Cooperativa Podcast] \u00bfCu\u00e1nto vale una ballena azul?\"}]},{\"@type\":\"WebSite\",\"@id\":\"https:\\\/\\\/www.filantropiacortessolari.cl\\\/#website\",\"url\":\"https:\\\/\\\/www.filantropiacortessolari.cl\\\/\",\"name\":\"Filantrop\u00eda Cort\u00e9s Solari\",\"description\":\"Sitio web Filantrop\u00eda Cort\u00e9s Solari\",\"potentialAction\":[{\"@type\":\"SearchAction\",\"target\":{\"@type\":\"EntryPoint\",\"urlTemplate\":\"https:\\\/\\\/www.filantropiacortessolari.cl\\\/?s={search_term_string}\"},\"query-input\":{\"@type\":\"PropertyValueSpecification\",\"valueRequired\":true,\"valueName\":\"search_term_string\"}}],\"inLanguage\":\"en-US\"},{\"@type\":\"Person\",\"@id\":\"https:\\\/\\\/www.filantropiacortessolari.cl\\\/#\\\/schema\\\/person\\\/e099cf1046922f4f5892172332dc86c0\",\"name\":\"Filantrop\u00eda Cort\u00e9s Solari\",\"image\":{\"@type\":\"ImageObject\",\"inLanguage\":\"en-US\",\"@id\":\"https:\\\/\\\/secure.gravatar.com\\\/avatar\\\/9d17bfe24074ed7576e70cbeb8e010cdd7d01fae9f2047bd96cccbe629ec3c11?s=96&d=mm&r=g\",\"url\":\"https:\\\/\\\/secure.gravatar.com\\\/avatar\\\/9d17bfe24074ed7576e70cbeb8e010cdd7d01fae9f2047bd96cccbe629ec3c11?s=96&d=mm&r=g\",\"contentUrl\":\"https:\\\/\\\/secure.gravatar.com\\\/avatar\\\/9d17bfe24074ed7576e70cbeb8e010cdd7d01fae9f2047bd96cccbe629ec3c11?s=96&d=mm&r=g\",\"caption\":\"Filantrop\u00eda Cort\u00e9s Solari\"},\"url\":\"https:\\\/\\\/www.filantropiacortessolari.cl\\\/en\\\/author\\\/filantropia-cortes-solari\\\/\"}]}<\/script>\n<!-- \/ Yoast SEO plugin. -->","yoast_head_json":{"title":"[Cooperativa Podcast] \u00bfCu\u00e1nto vale una ballena azul?","robots":{"index":"index","follow":"follow","max-snippet":"max-snippet:-1","max-image-preview":"max-image-preview:large","max-video-preview":"max-video-preview:-1"},"canonical":"https:\/\/www.filantropiacortessolari.cl\/cooperativa-podcast-cuanto-vale-una-ballena-azul\/","og_locale":"en_US","og_type":"article","og_title":"[Cooperativa Podcast] \u00bfCu\u00e1nto vale una ballena azul?","og_url":"https:\/\/www.filantropiacortessolari.cl\/cooperativa-podcast-cuanto-vale-una-ballena-azul\/","og_site_name":"Filantrop\u00eda Cort\u00e9s Solari","article_published_time":"2020-11-12T00:46:01+00:00","article_modified_time":"2020-12-06T00:50:23+00:00","og_image":[{"width":900,"height":600,"url":"https:\/\/www.filantropiacortessolari.cl\/wp-content\/uploads\/2020\/12\/04-Mar-15_Chile_GOC_E02_Bm_GH_288-900x600-1.jpg","type":"image\/jpeg"}],"author":"Filantrop\u00eda Cort\u00e9s Solari","twitter_card":"summary_large_image","twitter_misc":{"Written by":"Filantrop\u00eda Cort\u00e9s Solari"},"schema":{"@context":"https:\/\/schema.org","@graph":[{"@type":"Article","@id":"https:\/\/www.filantropiacortessolari.cl\/cooperativa-podcast-cuanto-vale-una-ballena-azul\/#article","isPartOf":{"@id":"https:\/\/www.filantropiacortessolari.cl\/cooperativa-podcast-cuanto-vale-una-ballena-azul\/"},"author":{"name":"Filantrop\u00eda Cort\u00e9s Solari","@id":"https:\/\/www.filantropiacortessolari.cl\/#\/schema\/person\/e099cf1046922f4f5892172332dc86c0"},"headline":"[Cooperativa Podcast] \u00bfCu\u00e1nto vale una ballena azul?","datePublished":"2020-11-12T00:46:01+00:00","dateModified":"2020-12-06T00:50:23+00:00","mainEntityOfPage":{"@id":"https:\/\/www.filantropiacortessolari.cl\/cooperativa-podcast-cuanto-vale-una-ballena-azul\/"},"wordCount":57,"commentCount":0,"image":{"@id":"https:\/\/www.filantropiacortessolari.cl\/cooperativa-podcast-cuanto-vale-una-ballena-azul\/#primaryimage"},"thumbnailUrl":"https:\/\/www.filantropiacortessolari.cl\/wp-content\/uploads\/2020\/12\/04-Mar-15_Chile_GOC_E02_Bm_GH_288-900x600-1.jpg","articleSection":["Noticias","Prensa Escrita","Prensa MERI"],"inLanguage":"en-US","potentialAction":[{"@type":"CommentAction","name":"Comment","target":["https:\/\/www.filantropiacortessolari.cl\/cooperativa-podcast-cuanto-vale-una-ballena-azul\/#respond"]}]},{"@type":"WebPage","@id":"https:\/\/www.filantropiacortessolari.cl\/cooperativa-podcast-cuanto-vale-una-ballena-azul\/","url":"https:\/\/www.filantropiacortessolari.cl\/cooperativa-podcast-cuanto-vale-una-ballena-azul\/","name":"[Cooperativa Podcast] \u00bfCu\u00e1nto vale una ballena azul?","isPartOf":{"@id":"https:\/\/www.filantropiacortessolari.cl\/#website"},"primaryImageOfPage":{"@id":"https:\/\/www.filantropiacortessolari.cl\/cooperativa-podcast-cuanto-vale-una-ballena-azul\/#primaryimage"},"image":{"@id":"https:\/\/www.filantropiacortessolari.cl\/cooperativa-podcast-cuanto-vale-una-ballena-azul\/#primaryimage"},"thumbnailUrl":"https:\/\/www.filantropiacortessolari.cl\/wp-content\/uploads\/2020\/12\/04-Mar-15_Chile_GOC_E02_Bm_GH_288-900x600-1.jpg","datePublished":"2020-11-12T00:46:01+00:00","dateModified":"2020-12-06T00:50:23+00:00","author":{"@id":"https:\/\/www.filantropiacortessolari.cl\/#\/schema\/person\/e099cf1046922f4f5892172332dc86c0"},"breadcrumb":{"@id":"https:\/\/www.filantropiacortessolari.cl\/cooperativa-podcast-cuanto-vale-una-ballena-azul\/#breadcrumb"},"inLanguage":"en-US","potentialAction":[{"@type":"ReadAction","target":["https:\/\/www.filantropiacortessolari.cl\/cooperativa-podcast-cuanto-vale-una-ballena-azul\/"]}]},{"@type":"ImageObject","inLanguage":"en-US","@id":"https:\/\/www.filantropiacortessolari.cl\/cooperativa-podcast-cuanto-vale-una-ballena-azul\/#primaryimage","url":"https:\/\/www.filantropiacortessolari.cl\/wp-content\/uploads\/2020\/12\/04-Mar-15_Chile_GOC_E02_Bm_GH_288-900x600-1.jpg","contentUrl":"https:\/\/www.filantropiacortessolari.cl\/wp-content\/uploads\/2020\/12\/04-Mar-15_Chile_GOC_E02_Bm_GH_288-900x600-1.jpg","width":900,"height":600},{"@type":"BreadcrumbList","@id":"https:\/\/www.filantropiacortessolari.cl\/cooperativa-podcast-cuanto-vale-una-ballena-azul\/#breadcrumb","itemListElement":[{"@type":"ListItem","position":1,"name":"Portada","item":"https:\/\/www.filantropiacortessolari.cl\/"},{"@type":"ListItem","position":2,"name":"[Cooperativa Podcast] \u00bfCu\u00e1nto vale una ballena azul?"}]},{"@type":"WebSite","@id":"https:\/\/www.filantropiacortessolari.cl\/#website","url":"https:\/\/www.filantropiacortessolari.cl\/","name":"Filantrop\u00eda Cort\u00e9s Solari","description":"Sitio web Filantrop\u00eda Cort\u00e9s Solari","potentialAction":[{"@type":"SearchAction","target":{"@type":"EntryPoint","urlTemplate":"https:\/\/www.filantropiacortessolari.cl\/?s={search_term_string}"},"query-input":{"@type":"PropertyValueSpecification","valueRequired":true,"valueName":"search_term_string"}}],"inLanguage":"en-US"},{"@type":"Person","@id":"https:\/\/www.filantropiacortessolari.cl\/#\/schema\/person\/e099cf1046922f4f5892172332dc86c0","name":"Filantrop\u00eda Cort\u00e9s Solari","image":{"@type":"ImageObject","inLanguage":"en-US","@id":"https:\/\/secure.gravatar.com\/avatar\/9d17bfe24074ed7576e70cbeb8e010cdd7d01fae9f2047bd96cccbe629ec3c11?s=96&d=mm&r=g","url":"https:\/\/secure.gravatar.com\/avatar\/9d17bfe24074ed7576e70cbeb8e010cdd7d01fae9f2047bd96cccbe629ec3c11?s=96&d=mm&r=g","contentUrl":"https:\/\/secure.gravatar.com\/avatar\/9d17bfe24074ed7576e70cbeb8e010cdd7d01fae9f2047bd96cccbe629ec3c11?s=96&d=mm&r=g","caption":"Filantrop\u00eda Cort\u00e9s Solari"},"url":"https:\/\/www.filantropiacortessolari.cl\/en\/author\/filantropia-cortes-solari\/"}]}},"_links":{"self":[{"href":"https:\/\/www.filantropiacortessolari.cl\/en\/wp-json\/wp\/v2\/posts\/10160","targetHints":{"allow":["GET"]}}],"collection":[{"href":"https:\/\/www.filantropiacortessolari.cl\/en\/wp-json\/wp\/v2\/posts"}],"about":[{"href":"https:\/\/www.filantropiacortessolari.cl\/en\/wp-json\/wp\/v2\/types\/post"}],"author":[{"embeddable":true,"href":"https:\/\/www.filantropiacortessolari.cl\/en\/wp-json\/wp\/v2\/users\/1"}],"replies":[{"embeddable":true,"href":"https:\/\/www.filantropiacortessolari.cl\/en\/wp-json\/wp\/v2\/comments?post=10160"}],"version-history":[{"count":1,"href":"https:\/\/www.filantropiacortessolari.cl\/en\/wp-json\/wp\/v2\/posts\/10160\/revisions"}],"predecessor-version":[{"id":10162,"href":"https:\/\/www.filantropiacortessolari.cl\/en\/wp-json\/wp\/v2\/posts\/10160\/revisions\/10162"}],"wp:featuredmedia":[{"embeddable":true,"href":"https:\/\/www.filantropiacortessolari.cl\/en\/wp-json\/wp\/v2\/media\/10161"}],"wp:attachment":[{"href":"https:\/\/www.filantropiacortessolari.cl\/en\/wp-json\/wp\/v2\/media?parent=10160"}],"wp:term":[{"taxonomy":"category","embeddable":true,"href":"https:\/\/www.filantropiacortessolari.cl\/en\/wp-json\/wp\/v2\/categories?post=10160"},{"taxonomy":"post_tag","embeddable":true,"href":"https:\/\/www.filantropiacortessolari.cl\/en\/wp-json\/wp\/v2\/tags?post=10160"}],"curies":[{"name":"wp","href":"https:\/\/api.w.org\/{rel}","templated":true}]}}