{"id":10170,"date":"2021-01-06T13:52:45","date_gmt":"2021-01-06T16:52:45","guid":{"rendered":"https:\/\/www.filantropiacortessolari.cl\/?p=10170"},"modified":"2021-01-19T13:55:28","modified_gmt":"2021-01-19T16:55:28","slug":"inauguracion-expo-cetacea-ecos-del-mar","status":"publish","type":"post","link":"https:\/\/www.filantropiacortessolari.cl\/en\/inauguracion-expo-cetacea-ecos-del-mar\/","title":{"rendered":"Inauguraci\u00f3n expo \u201cCet\u00e1cea, Ecos del Mar\u201d"},"content":{"rendered":"<style type=\"text\/css\"><\/style><p><strong><em>Con la presencia del alcalde de Vitacura, Ra\u00fal Torrealba; la presidenta ejecutiva de Filantrop\u00eda Cort\u00e9s Solari y Fundaci\u00f3n MERI, Francisca Cort\u00e9s Solari; concejales y otras autoridades locales, se dio el vamos a esta muestra itinerante, que conjuga ciencia, arte y educaci\u00f3n para dar a conocer el rol que cumplen los cet\u00e1ceos, especialmente las ballenas, en materia de conservaci\u00f3n; adem\u00e1s del valor de sus servicios ecosist\u00e9micos como, por ejemplo, la captura de CO2.<\/em><\/strong><\/p>\n<p>La muestra, heredera de \u201cBallenas, voces del mar\u201d (Centro Cultural La Moneda, 2018), que ya estuvo presente en Chilo\u00e9 y Valpara\u00edso, llega este verano 2021 a Santiago de la mano de la Municipalidad de Vitacura, abierta a p\u00fablico desde el viernes 8 de enero en Vitacentro Las Tranqueras, Las Tranqueras 2566. El horario de visita es de 10 a 17 horas, el ingreso ser\u00e1 por orden de llegada -con preferencia para adultos mayores- y con aforo de 20 personas para el exterior, y 6 personas por sala en el interior. En cuanto a protocolos Covid-19, ser\u00e1 obligatorio el uso de mascarilla en toda la exposici\u00f3n y habr\u00e1 alcohol gel disponible para los visitantes. El recinto es accesible, por lo que es posible asistir en silla de ruedas.<\/p>\n<p>En esta exposici\u00f3n, se busca conectar a la ciudadan\u00eda con los servicios ecosist\u00e9micos que los cet\u00e1ceos, sobre todo las ballenas, nos proporcionan, por ejemplo mitigando el Cambio Clim\u00e1tico. Habr\u00e1 monitores a disposici\u00f3n para recorridos guiados, adultos mayores de la comuna que se capacitaron especialmente para la muestra.<\/p>\n<p>Los invitamos a ver algunas fotos de la inauguraci\u00f3n.<\/p>\n<div id='gallery-1' class='gallery galleryid-10170 gallery-columns-3 gallery-size-medium'><figure class='gallery-item'>\n\t\t\t<div class='gallery-icon landscape'>\n\t\t\t\t<a href='https:\/\/www.filantropiacortessolari.cl\/wp-content\/uploads\/2021\/01\/cetacea-7.jpg'><img loading=\"lazy\" decoding=\"async\" width=\"300\" height=\"200\" src=\"https:\/\/www.filantropiacortessolari.cl\/wp-content\/uploads\/2021\/01\/cetacea-7-300x200.jpg\" class=\"attachment-medium size-medium\" alt=\"\" srcset=\"https:\/\/www.filantropiacortessolari.cl\/wp-content\/uploads\/2021\/01\/cetacea-7-300x200.jpg 300w, https:\/\/www.filantropiacortessolari.cl\/wp-content\/uploads\/2021\/01\/cetacea-7-1024x683.jpg 1024w, https:\/\/www.filantropiacortessolari.cl\/wp-content\/uploads\/2021\/01\/cetacea-7-768x512.jpg 768w, https:\/\/www.filantropiacortessolari.cl\/wp-content\/uploads\/2021\/01\/cetacea-7-1536x1024.jpg 1536w, https:\/\/www.filantropiacortessolari.cl\/wp-content\/uploads\/2021\/01\/cetacea-7-580x387.jpg 580w, https:\/\/www.filantropiacortessolari.cl\/wp-content\/uploads\/2021\/01\/cetacea-7-820x547.jpg 820w, https:\/\/www.filantropiacortessolari.cl\/wp-content\/uploads\/2021\/01\/cetacea-7-1160x773.jpg 1160w, https:\/\/www.filantropiacortessolari.cl\/wp-content\/uploads\/2021\/01\/cetacea-7.jpg 1620w\" sizes=\"auto, (max-width: 300px) 100vw, 300px\" \/><\/a>\n\t\t\t<\/div><\/figure><figure class='gallery-item'>\n\t\t\t<div class='gallery-icon landscape'>\n\t\t\t\t<a href='https:\/\/www.filantropiacortessolari.cl\/wp-content\/uploads\/2021\/01\/cetacea-13-820x370-1.jpg'><img loading=\"lazy\" decoding=\"async\" width=\"300\" height=\"135\" src=\"https:\/\/www.filantropiacortessolari.cl\/wp-content\/uploads\/2021\/01\/cetacea-13-820x370-1-300x135.jpg\" class=\"attachment-medium size-medium\" alt=\"\" srcset=\"https:\/\/www.filantropiacortessolari.cl\/wp-content\/uploads\/2021\/01\/cetacea-13-820x370-1-300x135.jpg 300w, https:\/\/www.filantropiacortessolari.cl\/wp-content\/uploads\/2021\/01\/cetacea-13-820x370-1-768x347.jpg 768w, https:\/\/www.filantropiacortessolari.cl\/wp-content\/uploads\/2021\/01\/cetacea-13-820x370-1-580x262.jpg 580w, https:\/\/www.filantropiacortessolari.cl\/wp-content\/uploads\/2021\/01\/cetacea-13-820x370-1.jpg 820w\" sizes=\"auto, (max-width: 300px) 100vw, 300px\" \/><\/a>\n\t\t\t<\/div><\/figure><figure class='gallery-item'>\n\t\t\t<div class='gallery-icon landscape'>\n\t\t\t\t<a href='https:\/\/www.filantropiacortessolari.cl\/wp-content\/uploads\/2021\/01\/cetacea-6.jpg'><img loading=\"lazy\" decoding=\"async\" width=\"300\" height=\"200\" src=\"https:\/\/www.filantropiacortessolari.cl\/wp-content\/uploads\/2021\/01\/cetacea-6-300x200.jpg\" class=\"attachment-medium size-medium\" alt=\"\" srcset=\"https:\/\/www.filantropiacortessolari.cl\/wp-content\/uploads\/2021\/01\/cetacea-6-300x200.jpg 300w, https:\/\/www.filantropiacortessolari.cl\/wp-content\/uploads\/2021\/01\/cetacea-6-1024x683.jpg 1024w, https:\/\/www.filantropiacortessolari.cl\/wp-content\/uploads\/2021\/01\/cetacea-6-768x512.jpg 768w, https:\/\/www.filantropiacortessolari.cl\/wp-content\/uploads\/2021\/01\/cetacea-6-1536x1024.jpg 1536w, https:\/\/www.filantropiacortessolari.cl\/wp-content\/uploads\/2021\/01\/cetacea-6-580x387.jpg 580w, https:\/\/www.filantropiacortessolari.cl\/wp-content\/uploads\/2021\/01\/cetacea-6-820x547.jpg 820w, https:\/\/www.filantropiacortessolari.cl\/wp-content\/uploads\/2021\/01\/cetacea-6-1160x773.jpg 1160w, https:\/\/www.filantropiacortessolari.cl\/wp-content\/uploads\/2021\/01\/cetacea-6.jpg 1620w\" sizes=\"auto, (max-width: 300px) 100vw, 300px\" \/><\/a>\n\t\t\t<\/div><\/figure><figure class='gallery-item'>\n\t\t\t<div class='gallery-icon landscape'>\n\t\t\t\t<a href='https:\/\/www.filantropiacortessolari.cl\/wp-content\/uploads\/2021\/01\/cetacea-8.jpg'><img loading=\"lazy\" decoding=\"async\" width=\"300\" height=\"200\" src=\"https:\/\/www.filantropiacortessolari.cl\/wp-content\/uploads\/2021\/01\/cetacea-8-300x200.jpg\" class=\"attachment-medium size-medium\" alt=\"\" srcset=\"https:\/\/www.filantropiacortessolari.cl\/wp-content\/uploads\/2021\/01\/cetacea-8-300x200.jpg 300w, https:\/\/www.filantropiacortessolari.cl\/wp-content\/uploads\/2021\/01\/cetacea-8-1024x683.jpg 1024w, https:\/\/www.filantropiacortessolari.cl\/wp-content\/uploads\/2021\/01\/cetacea-8-768x512.jpg 768w, https:\/\/www.filantropiacortessolari.cl\/wp-content\/uploads\/2021\/01\/cetacea-8-1536x1024.jpg 1536w, https:\/\/www.filantropiacortessolari.cl\/wp-content\/uploads\/2021\/01\/cetacea-8-580x387.jpg 580w, https:\/\/www.filantropiacortessolari.cl\/wp-content\/uploads\/2021\/01\/cetacea-8-820x547.jpg 820w, https:\/\/www.filantropiacortessolari.cl\/wp-content\/uploads\/2021\/01\/cetacea-8-1160x773.jpg 1160w, https:\/\/www.filantropiacortessolari.cl\/wp-content\/uploads\/2021\/01\/cetacea-8.jpg 1620w\" sizes=\"auto, (max-width: 300px) 100vw, 300px\" \/><\/a>\n\t\t\t<\/div><\/figure><figure class='gallery-item'>\n\t\t\t<div class='gallery-icon landscape'>\n\t\t\t\t<a href='https:\/\/www.filantropiacortessolari.cl\/wp-content\/uploads\/2021\/01\/cetacea-9.jpg'><img loading=\"lazy\" decoding=\"async\" width=\"300\" height=\"200\" src=\"https:\/\/www.filantropiacortessolari.cl\/wp-content\/uploads\/2021\/01\/cetacea-9-300x200.jpg\" class=\"attachment-medium size-medium\" alt=\"\" srcset=\"https:\/\/www.filantropiacortessolari.cl\/wp-content\/uploads\/2021\/01\/cetacea-9-300x200.jpg 300w, https:\/\/www.filantropiacortessolari.cl\/wp-content\/uploads\/2021\/01\/cetacea-9-1024x683.jpg 1024w, https:\/\/www.filantropiacortessolari.cl\/wp-content\/uploads\/2021\/01\/cetacea-9-768x512.jpg 768w, https:\/\/www.filantropiacortessolari.cl\/wp-content\/uploads\/2021\/01\/cetacea-9-1536x1024.jpg 1536w, https:\/\/www.filantropiacortessolari.cl\/wp-content\/uploads\/2021\/01\/cetacea-9-580x387.jpg 580w, https:\/\/www.filantropiacortessolari.cl\/wp-content\/uploads\/2021\/01\/cetacea-9-820x547.jpg 820w, https:\/\/www.filantropiacortessolari.cl\/wp-content\/uploads\/2021\/01\/cetacea-9-1160x773.jpg 1160w, https:\/\/www.filantropiacortessolari.cl\/wp-content\/uploads\/2021\/01\/cetacea-9.jpg 1620w\" sizes=\"auto, (max-width: 300px) 100vw, 300px\" \/><\/a>\n\t\t\t<\/div><\/figure><figure class='gallery-item'>\n\t\t\t<div class='gallery-icon landscape'>\n\t\t\t\t<a href='https:\/\/www.filantropiacortessolari.cl\/wp-content\/uploads\/2021\/01\/cetacea-11.jpg'><img loading=\"lazy\" decoding=\"async\" width=\"300\" height=\"200\" src=\"https:\/\/www.filantropiacortessolari.cl\/wp-content\/uploads\/2021\/01\/cetacea-11-300x200.jpg\" class=\"attachment-medium size-medium\" alt=\"\" srcset=\"https:\/\/www.filantropiacortessolari.cl\/wp-content\/uploads\/2021\/01\/cetacea-11-300x200.jpg 300w, https:\/\/www.filantropiacortessolari.cl\/wp-content\/uploads\/2021\/01\/cetacea-11-1024x683.jpg 1024w, https:\/\/www.filantropiacortessolari.cl\/wp-content\/uploads\/2021\/01\/cetacea-11-768x512.jpg 768w, https:\/\/www.filantropiacortessolari.cl\/wp-content\/uploads\/2021\/01\/cetacea-11-1536x1024.jpg 1536w, https:\/\/www.filantropiacortessolari.cl\/wp-content\/uploads\/2021\/01\/cetacea-11-580x387.jpg 580w, https:\/\/www.filantropiacortessolari.cl\/wp-content\/uploads\/2021\/01\/cetacea-11-820x547.jpg 820w, https:\/\/www.filantropiacortessolari.cl\/wp-content\/uploads\/2021\/01\/cetacea-11-1160x773.jpg 1160w, https:\/\/www.filantropiacortessolari.cl\/wp-content\/uploads\/2021\/01\/cetacea-11.jpg 1620w\" sizes=\"auto, (max-width: 300px) 100vw, 300px\" \/><\/a>\n\t\t\t<\/div><\/figure><figure class='gallery-item'>\n\t\t\t<div class='gallery-icon landscape'>\n\t\t\t\t<a href='https:\/\/www.filantropiacortessolari.cl\/wp-content\/uploads\/2021\/01\/cetacea-10.jpg'><img loading=\"lazy\" decoding=\"async\" width=\"300\" height=\"200\" src=\"https:\/\/www.filantropiacortessolari.cl\/wp-content\/uploads\/2021\/01\/cetacea-10-300x200.jpg\" class=\"attachment-medium size-medium\" alt=\"\" srcset=\"https:\/\/www.filantropiacortessolari.cl\/wp-content\/uploads\/2021\/01\/cetacea-10-300x200.jpg 300w, https:\/\/www.filantropiacortessolari.cl\/wp-content\/uploads\/2021\/01\/cetacea-10-1024x683.jpg 1024w, https:\/\/www.filantropiacortessolari.cl\/wp-content\/uploads\/2021\/01\/cetacea-10-768x512.jpg 768w, https:\/\/www.filantropiacortessolari.cl\/wp-content\/uploads\/2021\/01\/cetacea-10-1536x1024.jpg 1536w, https:\/\/www.filantropiacortessolari.cl\/wp-content\/uploads\/2021\/01\/cetacea-10-580x387.jpg 580w, https:\/\/www.filantropiacortessolari.cl\/wp-content\/uploads\/2021\/01\/cetacea-10-820x547.jpg 820w, https:\/\/www.filantropiacortessolari.cl\/wp-content\/uploads\/2021\/01\/cetacea-10-1160x773.jpg 1160w, https:\/\/www.filantropiacortessolari.cl\/wp-content\/uploads\/2021\/01\/cetacea-10.jpg 1620w\" sizes=\"auto, (max-width: 300px) 100vw, 300px\" \/><\/a>\n\t\t\t<\/div><\/figure><figure class='gallery-item'>\n\t\t\t<div class='gallery-icon landscape'>\n\t\t\t\t<a href='https:\/\/www.filantropiacortessolari.cl\/wp-content\/uploads\/2021\/01\/cetacea-12.jpg'><img loading=\"lazy\" decoding=\"async\" width=\"300\" height=\"200\" src=\"https:\/\/www.filantropiacortessolari.cl\/wp-content\/uploads\/2021\/01\/cetacea-12-300x200.jpg\" class=\"attachment-medium size-medium\" alt=\"\" srcset=\"https:\/\/www.filantropiacortessolari.cl\/wp-content\/uploads\/2021\/01\/cetacea-12-300x200.jpg 300w, https:\/\/www.filantropiacortessolari.cl\/wp-content\/uploads\/2021\/01\/cetacea-12-1024x683.jpg 1024w, https:\/\/www.filantropiacortessolari.cl\/wp-content\/uploads\/2021\/01\/cetacea-12-768x512.jpg 768w, https:\/\/www.filantropiacortessolari.cl\/wp-content\/uploads\/2021\/01\/cetacea-12-1536x1024.jpg 1536w, https:\/\/www.filantropiacortessolari.cl\/wp-content\/uploads\/2021\/01\/cetacea-12-580x387.jpg 580w, https:\/\/www.filantropiacortessolari.cl\/wp-content\/uploads\/2021\/01\/cetacea-12-820x547.jpg 820w, https:\/\/www.filantropiacortessolari.cl\/wp-content\/uploads\/2021\/01\/cetacea-12-1160x773.jpg 1160w, https:\/\/www.filantropiacortessolari.cl\/wp-content\/uploads\/2021\/01\/cetacea-12.jpg 1620w\" sizes=\"auto, (max-width: 300px) 100vw, 300px\" \/><\/a>\n\t\t\t<\/div><\/figure>\n\t\t<\/div>\n\n","protected":false},"excerpt":{"rendered":"<p>Con la presencia del alcalde de Vitacura, Ra\u00fal Torrealba; la presidenta ejecutiva de Filantrop\u00eda Cort\u00e9s Solari y Fundaci\u00f3n MERI, Francisca Cort\u00e9s Solari; concejales y otras autoridades locales, se dio el vamos a esta muestra itinerante, que conjuga ciencia, arte y educaci\u00f3n para dar a conocer el rol que cumplen los cet\u00e1ceos, especialmente las ballenas, en&#8230;<\/p>\n","protected":false},"author":1,"featured_media":10178,"comment_status":"open","ping_status":"open","sticky":false,"template":"","format":"standard","meta":{"footnotes":""},"categories":[31],"tags":[],"class_list":["post-10170","post","type-post","status-publish","format-standard","has-post-thumbnail","hentry","category-noticias"],"translation":{"provider":"WPGlobus","version":"3.0.2","language":"en","enabled_languages":["es","en"],"languages":{"es":{"title":true,"content":true,"excerpt":false},"en":{"title":false,"content":false,"excerpt":false}}},"yoast_head":"<!-- This site is optimized with the Yoast SEO plugin v27.4 - https:\/\/yoast.com\/product\/yoast-seo-wordpress\/ -->\n<title>Inauguraci\u00f3n expo \u201cCet\u00e1cea, Ecos del Mar\u201d<\/title>\n<meta name=\"robots\" content=\"index, follow, max-snippet:-1, max-image-preview:large, max-video-preview:-1\" \/>\n<link rel=\"canonical\" href=\"https:\/\/www.filantropiacortessolari.cl\/inauguracion-expo-cetacea-ecos-del-mar\/\" \/>\n<meta property=\"og:locale\" content=\"en_US\" \/>\n<meta property=\"og:type\" content=\"article\" \/>\n<meta property=\"og:title\" content=\"Inauguraci\u00f3n expo \u201cCet\u00e1cea, Ecos del Mar\u201d\" \/>\n<meta property=\"og:url\" content=\"https:\/\/www.filantropiacortessolari.cl\/inauguracion-expo-cetacea-ecos-del-mar\/\" \/>\n<meta property=\"og:site_name\" content=\"Filantrop\u00eda Cort\u00e9s Solari\" \/>\n<meta property=\"article:published_time\" content=\"2021-01-06T16:52:45+00:00\" \/>\n<meta property=\"article:modified_time\" content=\"2021-01-19T16:55:28+00:00\" \/>\n<meta property=\"og:image\" content=\"https:\/\/www.filantropiacortessolari.cl\/wp-content\/uploads\/2021\/01\/cetacea-13-820x370-1.jpg\" \/>\n\t<meta property=\"og:image:width\" content=\"820\" \/>\n\t<meta property=\"og:image:height\" content=\"370\" \/>\n\t<meta property=\"og:image:type\" content=\"image\/jpeg\" \/>\n<meta name=\"author\" content=\"Filantrop\u00eda Cort\u00e9s Solari\" \/>\n<meta name=\"twitter:card\" content=\"summary_large_image\" \/>\n<meta name=\"twitter:label1\" content=\"Written by\" \/>\n\t<meta name=\"twitter:data1\" content=\"Filantrop\u00eda Cort\u00e9s Solari\" \/>\n\t<meta name=\"twitter:label2\" content=\"Est. reading time\" \/>\n\t<meta name=\"twitter:data2\" content=\"1 minute\" \/>\n<script type=\"application\/ld+json\" class=\"yoast-schema-graph\">{\"@context\":\"https:\\\/\\\/schema.org\",\"@graph\":[{\"@type\":\"Article\",\"@id\":\"https:\\\/\\\/www.filantropiacortessolari.cl\\\/inauguracion-expo-cetacea-ecos-del-mar\\\/#article\",\"isPartOf\":{\"@id\":\"https:\\\/\\\/www.filantropiacortessolari.cl\\\/inauguracion-expo-cetacea-ecos-del-mar\\\/\"},\"author\":{\"name\":\"Filantrop\u00eda Cort\u00e9s Solari\",\"@id\":\"https:\\\/\\\/www.filantropiacortessolari.cl\\\/#\\\/schema\\\/person\\\/e099cf1046922f4f5892172332dc86c0\"},\"headline\":\"Inauguraci\u00f3n expo \u201cCet\u00e1cea, Ecos del Mar\u201d\",\"datePublished\":\"2021-01-06T16:52:45+00:00\",\"dateModified\":\"2021-01-19T16:55:28+00:00\",\"mainEntityOfPage\":{\"@id\":\"https:\\\/\\\/www.filantropiacortessolari.cl\\\/inauguracion-expo-cetacea-ecos-del-mar\\\/\"},\"wordCount\":281,\"commentCount\":0,\"image\":{\"@id\":\"https:\\\/\\\/www.filantropiacortessolari.cl\\\/inauguracion-expo-cetacea-ecos-del-mar\\\/#primaryimage\"},\"thumbnailUrl\":\"https:\\\/\\\/www.filantropiacortessolari.cl\\\/wp-content\\\/uploads\\\/2021\\\/01\\\/cetacea-13-820x370-1.jpg\",\"articleSection\":[\"Noticias\"],\"inLanguage\":\"en-US\",\"potentialAction\":[{\"@type\":\"CommentAction\",\"name\":\"Comment\",\"target\":[\"https:\\\/\\\/www.filantropiacortessolari.cl\\\/inauguracion-expo-cetacea-ecos-del-mar\\\/#respond\"]}]},{\"@type\":\"WebPage\",\"@id\":\"https:\\\/\\\/www.filantropiacortessolari.cl\\\/inauguracion-expo-cetacea-ecos-del-mar\\\/\",\"url\":\"https:\\\/\\\/www.filantropiacortessolari.cl\\\/inauguracion-expo-cetacea-ecos-del-mar\\\/\",\"name\":\"Inauguraci\u00f3n expo \u201cCet\u00e1cea, Ecos del Mar\u201d\",\"isPartOf\":{\"@id\":\"https:\\\/\\\/www.filantropiacortessolari.cl\\\/#website\"},\"primaryImageOfPage\":{\"@id\":\"https:\\\/\\\/www.filantropiacortessolari.cl\\\/inauguracion-expo-cetacea-ecos-del-mar\\\/#primaryimage\"},\"image\":{\"@id\":\"https:\\\/\\\/www.filantropiacortessolari.cl\\\/inauguracion-expo-cetacea-ecos-del-mar\\\/#primaryimage\"},\"thumbnailUrl\":\"https:\\\/\\\/www.filantropiacortessolari.cl\\\/wp-content\\\/uploads\\\/2021\\\/01\\\/cetacea-13-820x370-1.jpg\",\"datePublished\":\"2021-01-06T16:52:45+00:00\",\"dateModified\":\"2021-01-19T16:55:28+00:00\",\"author\":{\"@id\":\"https:\\\/\\\/www.filantropiacortessolari.cl\\\/#\\\/schema\\\/person\\\/e099cf1046922f4f5892172332dc86c0\"},\"breadcrumb\":{\"@id\":\"https:\\\/\\\/www.filantropiacortessolari.cl\\\/inauguracion-expo-cetacea-ecos-del-mar\\\/#breadcrumb\"},\"inLanguage\":\"en-US\",\"potentialAction\":[{\"@type\":\"ReadAction\",\"target\":[\"https:\\\/\\\/www.filantropiacortessolari.cl\\\/inauguracion-expo-cetacea-ecos-del-mar\\\/\"]}]},{\"@type\":\"ImageObject\",\"inLanguage\":\"en-US\",\"@id\":\"https:\\\/\\\/www.filantropiacortessolari.cl\\\/inauguracion-expo-cetacea-ecos-del-mar\\\/#primaryimage\",\"url\":\"https:\\\/\\\/www.filantropiacortessolari.cl\\\/wp-content\\\/uploads\\\/2021\\\/01\\\/cetacea-13-820x370-1.jpg\",\"contentUrl\":\"https:\\\/\\\/www.filantropiacortessolari.cl\\\/wp-content\\\/uploads\\\/2021\\\/01\\\/cetacea-13-820x370-1.jpg\",\"width\":820,\"height\":370},{\"@type\":\"BreadcrumbList\",\"@id\":\"https:\\\/\\\/www.filantropiacortessolari.cl\\\/inauguracion-expo-cetacea-ecos-del-mar\\\/#breadcrumb\",\"itemListElement\":[{\"@type\":\"ListItem\",\"position\":1,\"name\":\"Portada\",\"item\":\"https:\\\/\\\/www.filantropiacortessolari.cl\\\/\"},{\"@type\":\"ListItem\",\"position\":2,\"name\":\"Inauguraci\u00f3n expo \u201cCet\u00e1cea, Ecos del Mar\u201d\"}]},{\"@type\":\"WebSite\",\"@id\":\"https:\\\/\\\/www.filantropiacortessolari.cl\\\/#website\",\"url\":\"https:\\\/\\\/www.filantropiacortessolari.cl\\\/\",\"name\":\"Filantrop\u00eda Cort\u00e9s Solari\",\"description\":\"Sitio web Filantrop\u00eda Cort\u00e9s Solari\",\"potentialAction\":[{\"@type\":\"SearchAction\",\"target\":{\"@type\":\"EntryPoint\",\"urlTemplate\":\"https:\\\/\\\/www.filantropiacortessolari.cl\\\/?s={search_term_string}\"},\"query-input\":{\"@type\":\"PropertyValueSpecification\",\"valueRequired\":true,\"valueName\":\"search_term_string\"}}],\"inLanguage\":\"en-US\"},{\"@type\":\"Person\",\"@id\":\"https:\\\/\\\/www.filantropiacortessolari.cl\\\/#\\\/schema\\\/person\\\/e099cf1046922f4f5892172332dc86c0\",\"name\":\"Filantrop\u00eda Cort\u00e9s Solari\",\"image\":{\"@type\":\"ImageObject\",\"inLanguage\":\"en-US\",\"@id\":\"https:\\\/\\\/secure.gravatar.com\\\/avatar\\\/9d17bfe24074ed7576e70cbeb8e010cdd7d01fae9f2047bd96cccbe629ec3c11?s=96&d=mm&r=g\",\"url\":\"https:\\\/\\\/secure.gravatar.com\\\/avatar\\\/9d17bfe24074ed7576e70cbeb8e010cdd7d01fae9f2047bd96cccbe629ec3c11?s=96&d=mm&r=g\",\"contentUrl\":\"https:\\\/\\\/secure.gravatar.com\\\/avatar\\\/9d17bfe24074ed7576e70cbeb8e010cdd7d01fae9f2047bd96cccbe629ec3c11?s=96&d=mm&r=g\",\"caption\":\"Filantrop\u00eda Cort\u00e9s Solari\"},\"url\":\"https:\\\/\\\/www.filantropiacortessolari.cl\\\/en\\\/author\\\/filantropia-cortes-solari\\\/\"}]}<\/script>\n<!-- \/ Yoast SEO plugin. -->","yoast_head_json":{"title":"Inauguraci\u00f3n expo \u201cCet\u00e1cea, Ecos del Mar\u201d","robots":{"index":"index","follow":"follow","max-snippet":"max-snippet:-1","max-image-preview":"max-image-preview:large","max-video-preview":"max-video-preview:-1"},"canonical":"https:\/\/www.filantropiacortessolari.cl\/inauguracion-expo-cetacea-ecos-del-mar\/","og_locale":"en_US","og_type":"article","og_title":"Inauguraci\u00f3n expo \u201cCet\u00e1cea, Ecos del Mar\u201d","og_url":"https:\/\/www.filantropiacortessolari.cl\/inauguracion-expo-cetacea-ecos-del-mar\/","og_site_name":"Filantrop\u00eda Cort\u00e9s Solari","article_published_time":"2021-01-06T16:52:45+00:00","article_modified_time":"2021-01-19T16:55:28+00:00","og_image":[{"width":820,"height":370,"url":"https:\/\/www.filantropiacortessolari.cl\/wp-content\/uploads\/2021\/01\/cetacea-13-820x370-1.jpg","type":"image\/jpeg"}],"author":"Filantrop\u00eda Cort\u00e9s Solari","twitter_card":"summary_large_image","twitter_misc":{"Written by":"Filantrop\u00eda Cort\u00e9s Solari","Est. reading time":"1 minute"},"schema":{"@context":"https:\/\/schema.org","@graph":[{"@type":"Article","@id":"https:\/\/www.filantropiacortessolari.cl\/inauguracion-expo-cetacea-ecos-del-mar\/#article","isPartOf":{"@id":"https:\/\/www.filantropiacortessolari.cl\/inauguracion-expo-cetacea-ecos-del-mar\/"},"author":{"name":"Filantrop\u00eda Cort\u00e9s Solari","@id":"https:\/\/www.filantropiacortessolari.cl\/#\/schema\/person\/e099cf1046922f4f5892172332dc86c0"},"headline":"Inauguraci\u00f3n expo \u201cCet\u00e1cea, Ecos del Mar\u201d","datePublished":"2021-01-06T16:52:45+00:00","dateModified":"2021-01-19T16:55:28+00:00","mainEntityOfPage":{"@id":"https:\/\/www.filantropiacortessolari.cl\/inauguracion-expo-cetacea-ecos-del-mar\/"},"wordCount":281,"commentCount":0,"image":{"@id":"https:\/\/www.filantropiacortessolari.cl\/inauguracion-expo-cetacea-ecos-del-mar\/#primaryimage"},"thumbnailUrl":"https:\/\/www.filantropiacortessolari.cl\/wp-content\/uploads\/2021\/01\/cetacea-13-820x370-1.jpg","articleSection":["Noticias"],"inLanguage":"en-US","potentialAction":[{"@type":"CommentAction","name":"Comment","target":["https:\/\/www.filantropiacortessolari.cl\/inauguracion-expo-cetacea-ecos-del-mar\/#respond"]}]},{"@type":"WebPage","@id":"https:\/\/www.filantropiacortessolari.cl\/inauguracion-expo-cetacea-ecos-del-mar\/","url":"https:\/\/www.filantropiacortessolari.cl\/inauguracion-expo-cetacea-ecos-del-mar\/","name":"Inauguraci\u00f3n expo \u201cCet\u00e1cea, Ecos del Mar\u201d","isPartOf":{"@id":"https:\/\/www.filantropiacortessolari.cl\/#website"},"primaryImageOfPage":{"@id":"https:\/\/www.filantropiacortessolari.cl\/inauguracion-expo-cetacea-ecos-del-mar\/#primaryimage"},"image":{"@id":"https:\/\/www.filantropiacortessolari.cl\/inauguracion-expo-cetacea-ecos-del-mar\/#primaryimage"},"thumbnailUrl":"https:\/\/www.filantropiacortessolari.cl\/wp-content\/uploads\/2021\/01\/cetacea-13-820x370-1.jpg","datePublished":"2021-01-06T16:52:45+00:00","dateModified":"2021-01-19T16:55:28+00:00","author":{"@id":"https:\/\/www.filantropiacortessolari.cl\/#\/schema\/person\/e099cf1046922f4f5892172332dc86c0"},"breadcrumb":{"@id":"https:\/\/www.filantropiacortessolari.cl\/inauguracion-expo-cetacea-ecos-del-mar\/#breadcrumb"},"inLanguage":"en-US","potentialAction":[{"@type":"ReadAction","target":["https:\/\/www.filantropiacortessolari.cl\/inauguracion-expo-cetacea-ecos-del-mar\/"]}]},{"@type":"ImageObject","inLanguage":"en-US","@id":"https:\/\/www.filantropiacortessolari.cl\/inauguracion-expo-cetacea-ecos-del-mar\/#primaryimage","url":"https:\/\/www.filantropiacortessolari.cl\/wp-content\/uploads\/2021\/01\/cetacea-13-820x370-1.jpg","contentUrl":"https:\/\/www.filantropiacortessolari.cl\/wp-content\/uploads\/2021\/01\/cetacea-13-820x370-1.jpg","width":820,"height":370},{"@type":"BreadcrumbList","@id":"https:\/\/www.filantropiacortessolari.cl\/inauguracion-expo-cetacea-ecos-del-mar\/#breadcrumb","itemListElement":[{"@type":"ListItem","position":1,"name":"Portada","item":"https:\/\/www.filantropiacortessolari.cl\/"},{"@type":"ListItem","position":2,"name":"Inauguraci\u00f3n expo \u201cCet\u00e1cea, Ecos del Mar\u201d"}]},{"@type":"WebSite","@id":"https:\/\/www.filantropiacortessolari.cl\/#website","url":"https:\/\/www.filantropiacortessolari.cl\/","name":"Filantrop\u00eda Cort\u00e9s Solari","description":"Sitio web Filantrop\u00eda Cort\u00e9s Solari","potentialAction":[{"@type":"SearchAction","target":{"@type":"EntryPoint","urlTemplate":"https:\/\/www.filantropiacortessolari.cl\/?s={search_term_string}"},"query-input":{"@type":"PropertyValueSpecification","valueRequired":true,"valueName":"search_term_string"}}],"inLanguage":"en-US"},{"@type":"Person","@id":"https:\/\/www.filantropiacortessolari.cl\/#\/schema\/person\/e099cf1046922f4f5892172332dc86c0","name":"Filantrop\u00eda Cort\u00e9s Solari","image":{"@type":"ImageObject","inLanguage":"en-US","@id":"https:\/\/secure.gravatar.com\/avatar\/9d17bfe24074ed7576e70cbeb8e010cdd7d01fae9f2047bd96cccbe629ec3c11?s=96&d=mm&r=g","url":"https:\/\/secure.gravatar.com\/avatar\/9d17bfe24074ed7576e70cbeb8e010cdd7d01fae9f2047bd96cccbe629ec3c11?s=96&d=mm&r=g","contentUrl":"https:\/\/secure.gravatar.com\/avatar\/9d17bfe24074ed7576e70cbeb8e010cdd7d01fae9f2047bd96cccbe629ec3c11?s=96&d=mm&r=g","caption":"Filantrop\u00eda Cort\u00e9s Solari"},"url":"https:\/\/www.filantropiacortessolari.cl\/en\/author\/filantropia-cortes-solari\/"}]}},"_links":{"self":[{"href":"https:\/\/www.filantropiacortessolari.cl\/en\/wp-json\/wp\/v2\/posts\/10170","targetHints":{"allow":["GET"]}}],"collection":[{"href":"https:\/\/www.filantropiacortessolari.cl\/en\/wp-json\/wp\/v2\/posts"}],"about":[{"href":"https:\/\/www.filantropiacortessolari.cl\/en\/wp-json\/wp\/v2\/types\/post"}],"author":[{"embeddable":true,"href":"https:\/\/www.filantropiacortessolari.cl\/en\/wp-json\/wp\/v2\/users\/1"}],"replies":[{"embeddable":true,"href":"https:\/\/www.filantropiacortessolari.cl\/en\/wp-json\/wp\/v2\/comments?post=10170"}],"version-history":[{"count":1,"href":"https:\/\/www.filantropiacortessolari.cl\/en\/wp-json\/wp\/v2\/posts\/10170\/revisions"}],"predecessor-version":[{"id":10179,"href":"https:\/\/www.filantropiacortessolari.cl\/en\/wp-json\/wp\/v2\/posts\/10170\/revisions\/10179"}],"wp:featuredmedia":[{"embeddable":true,"href":"https:\/\/www.filantropiacortessolari.cl\/en\/wp-json\/wp\/v2\/media\/10178"}],"wp:attachment":[{"href":"https:\/\/www.filantropiacortessolari.cl\/en\/wp-json\/wp\/v2\/media?parent=10170"}],"wp:term":[{"taxonomy":"category","embeddable":true,"href":"https:\/\/www.filantropiacortessolari.cl\/en\/wp-json\/wp\/v2\/categories?post=10170"},{"taxonomy":"post_tag","embeddable":true,"href":"https:\/\/www.filantropiacortessolari.cl\/en\/wp-json\/wp\/v2\/tags?post=10170"}],"curies":[{"name":"wp","href":"https:\/\/api.w.org\/{rel}","templated":true}]}}