{"id":10332,"date":"2021-08-31T18:32:54","date_gmt":"2021-08-31T21:32:54","guid":{"rendered":"https:\/\/www.filantropiacortessolari.cl\/?p=10332"},"modified":"2021-08-31T18:34:49","modified_gmt":"2021-08-31T21:34:49","slug":"columna-conservacion-en-tiempos-de-urgencia-ambiental","status":"publish","type":"post","link":"https:\/\/www.filantropiacortessolari.cl\/en\/columna-conservacion-en-tiempos-de-urgencia-ambiental\/","title":{"rendered":"[Columna] Conservaci\u00f3n en tiempos de urgencia ambiental"},"content":{"rendered":"<style type=\"text\/css\"><\/style><p><img loading=\"lazy\" decoding=\"async\" class=\"aligncenter size-full wp-image-10019\" src=\"https:\/\/www.filantropiacortessolari.cl\/wp-content\/uploads\/2020\/04\/francisca-2.jpg\" alt=\"\" width=\"900\" height=\"550\" srcset=\"https:\/\/www.filantropiacortessolari.cl\/wp-content\/uploads\/2020\/04\/francisca-2.jpg 900w, https:\/\/www.filantropiacortessolari.cl\/wp-content\/uploads\/2020\/04\/francisca-2-300x183.jpg 300w, https:\/\/www.filantropiacortessolari.cl\/wp-content\/uploads\/2020\/04\/francisca-2-768x469.jpg 768w, https:\/\/www.filantropiacortessolari.cl\/wp-content\/uploads\/2020\/04\/francisca-2-580x354.jpg 580w, https:\/\/www.filantropiacortessolari.cl\/wp-content\/uploads\/2020\/04\/francisca-2-820x501.jpg 820w\" sizes=\"auto, (max-width: 900px) 100vw, 900px\" \/><\/p>\n<p>Por: Francisca Cort\u00e9s Solari<\/p>\n<p>El reciente informe del Grupo Intergubernamental te Expertos sobre el Cambio Clim\u00e1tico (IPCC) te Naciones Unidas concluy\u00f3, de manera categ\u00f3rica e inequ\u00edvoca, gue en los \u00faltimos cien a\u00f1os la actividad humana as la gran responsable del calentamiento global sin precedentes, el cual superar\u00e1 la meta establecida en el Acuerdo de Paris, de 2015, de 1.5\u00aaC de calentamiento global.<\/p>\n<p>El llamado de los l\u00edderes de todo el mundo es a tomar esta evidencia como una urgencia, de tal manera de tomar acciones decididas e innovadoras que permitan reducir el stock de CO2, y transitar r\u00e1pidamente hacia un desarrollo sostenible, que abarque tanto la dimensi\u00f3n ambiental como la social, cultural, econ\u00f3mica y institucional.<\/p>\n<p><a href=\"https:\/\/digital.lasegunda.com\/2021\/08\/25\/A\/5240SN5B#zoom=page-width\">Revisa la columna completa en Diario La Segunda<\/a><\/p>\n","protected":false},"excerpt":{"rendered":"<p>Por: Francisca Cort\u00e9s Solari El reciente informe del Grupo Intergubernamental te Expertos sobre el Cambio Clim\u00e1tico (IPCC) te Naciones Unidas concluy\u00f3, de manera categ\u00f3rica e inequ\u00edvoca, gue en los \u00faltimos cien a\u00f1os la actividad humana as la gran responsable del calentamiento global sin precedentes, el cual superar\u00e1 la meta establecida en el Acuerdo de Paris,&#8230;<\/p>\n","protected":false},"author":1,"featured_media":10019,"comment_status":"open","ping_status":"open","sticky":false,"template":"","format":"standard","meta":{"footnotes":""},"categories":[31,34],"tags":[],"class_list":["post-10332","post","type-post","status-publish","format-standard","has-post-thumbnail","hentry","category-noticias","category-opinion-fcs"],"translation":{"provider":"WPGlobus","version":"3.0.2","language":"en","enabled_languages":["es","en"],"languages":{"es":{"title":true,"content":true,"excerpt":false},"en":{"title":false,"content":false,"excerpt":false}}},"yoast_head":"<!-- This site is optimized with the Yoast SEO plugin v27.4 - https:\/\/yoast.com\/product\/yoast-seo-wordpress\/ -->\n<title>[Columna] Conservaci\u00f3n en tiempos de urgencia ambiental<\/title>\n<meta name=\"robots\" content=\"index, follow, max-snippet:-1, max-image-preview:large, max-video-preview:-1\" \/>\n<link rel=\"canonical\" href=\"https:\/\/www.filantropiacortessolari.cl\/columna-conservacion-en-tiempos-de-urgencia-ambiental\/\" \/>\n<meta property=\"og:locale\" content=\"en_US\" \/>\n<meta property=\"og:type\" content=\"article\" \/>\n<meta property=\"og:title\" content=\"[Columna] Conservaci\u00f3n en tiempos de urgencia ambiental\" \/>\n<meta property=\"og:url\" content=\"https:\/\/www.filantropiacortessolari.cl\/columna-conservacion-en-tiempos-de-urgencia-ambiental\/\" \/>\n<meta property=\"og:site_name\" content=\"Filantrop\u00eda Cort\u00e9s Solari\" \/>\n<meta property=\"article:published_time\" content=\"2021-08-31T21:32:54+00:00\" \/>\n<meta property=\"article:modified_time\" content=\"2021-08-31T21:34:49+00:00\" \/>\n<meta property=\"og:image\" content=\"https:\/\/www.filantropiacortessolari.cl\/wp-content\/uploads\/2020\/04\/francisca-2.jpg\" \/>\n\t<meta property=\"og:image:width\" content=\"900\" \/>\n\t<meta property=\"og:image:height\" content=\"550\" \/>\n\t<meta property=\"og:image:type\" content=\"image\/jpeg\" \/>\n<meta name=\"author\" content=\"Filantrop\u00eda Cort\u00e9s Solari\" \/>\n<meta name=\"twitter:card\" content=\"summary_large_image\" \/>\n<meta name=\"twitter:label1\" content=\"Written by\" \/>\n\t<meta name=\"twitter:data1\" content=\"Filantrop\u00eda Cort\u00e9s Solari\" \/>\n\t<meta name=\"twitter:label2\" content=\"Est. reading time\" \/>\n\t<meta name=\"twitter:data2\" content=\"1 minute\" \/>\n<script type=\"application\/ld+json\" class=\"yoast-schema-graph\">{\"@context\":\"https:\\\/\\\/schema.org\",\"@graph\":[{\"@type\":\"Article\",\"@id\":\"https:\\\/\\\/www.filantropiacortessolari.cl\\\/columna-conservacion-en-tiempos-de-urgencia-ambiental\\\/#article\",\"isPartOf\":{\"@id\":\"https:\\\/\\\/www.filantropiacortessolari.cl\\\/columna-conservacion-en-tiempos-de-urgencia-ambiental\\\/\"},\"author\":{\"name\":\"Filantrop\u00eda Cort\u00e9s Solari\",\"@id\":\"https:\\\/\\\/www.filantropiacortessolari.cl\\\/#\\\/schema\\\/person\\\/e099cf1046922f4f5892172332dc86c0\"},\"headline\":\"[Columna] Conservaci\u00f3n en tiempos de urgencia ambiental\",\"datePublished\":\"2021-08-31T21:32:54+00:00\",\"dateModified\":\"2021-08-31T21:34:49+00:00\",\"mainEntityOfPage\":{\"@id\":\"https:\\\/\\\/www.filantropiacortessolari.cl\\\/columna-conservacion-en-tiempos-de-urgencia-ambiental\\\/\"},\"wordCount\":139,\"commentCount\":0,\"image\":{\"@id\":\"https:\\\/\\\/www.filantropiacortessolari.cl\\\/columna-conservacion-en-tiempos-de-urgencia-ambiental\\\/#primaryimage\"},\"thumbnailUrl\":\"https:\\\/\\\/www.filantropiacortessolari.cl\\\/wp-content\\\/uploads\\\/2020\\\/04\\\/francisca-2.jpg\",\"articleSection\":[\"Noticias\",\"Opini\u00f3n FCS\"],\"inLanguage\":\"en-US\",\"potentialAction\":[{\"@type\":\"CommentAction\",\"name\":\"Comment\",\"target\":[\"https:\\\/\\\/www.filantropiacortessolari.cl\\\/columna-conservacion-en-tiempos-de-urgencia-ambiental\\\/#respond\"]}]},{\"@type\":\"WebPage\",\"@id\":\"https:\\\/\\\/www.filantropiacortessolari.cl\\\/columna-conservacion-en-tiempos-de-urgencia-ambiental\\\/\",\"url\":\"https:\\\/\\\/www.filantropiacortessolari.cl\\\/columna-conservacion-en-tiempos-de-urgencia-ambiental\\\/\",\"name\":\"[Columna] Conservaci\u00f3n en tiempos de urgencia ambiental\",\"isPartOf\":{\"@id\":\"https:\\\/\\\/www.filantropiacortessolari.cl\\\/#website\"},\"primaryImageOfPage\":{\"@id\":\"https:\\\/\\\/www.filantropiacortessolari.cl\\\/columna-conservacion-en-tiempos-de-urgencia-ambiental\\\/#primaryimage\"},\"image\":{\"@id\":\"https:\\\/\\\/www.filantropiacortessolari.cl\\\/columna-conservacion-en-tiempos-de-urgencia-ambiental\\\/#primaryimage\"},\"thumbnailUrl\":\"https:\\\/\\\/www.filantropiacortessolari.cl\\\/wp-content\\\/uploads\\\/2020\\\/04\\\/francisca-2.jpg\",\"datePublished\":\"2021-08-31T21:32:54+00:00\",\"dateModified\":\"2021-08-31T21:34:49+00:00\",\"author\":{\"@id\":\"https:\\\/\\\/www.filantropiacortessolari.cl\\\/#\\\/schema\\\/person\\\/e099cf1046922f4f5892172332dc86c0\"},\"breadcrumb\":{\"@id\":\"https:\\\/\\\/www.filantropiacortessolari.cl\\\/columna-conservacion-en-tiempos-de-urgencia-ambiental\\\/#breadcrumb\"},\"inLanguage\":\"en-US\",\"potentialAction\":[{\"@type\":\"ReadAction\",\"target\":[\"https:\\\/\\\/www.filantropiacortessolari.cl\\\/columna-conservacion-en-tiempos-de-urgencia-ambiental\\\/\"]}]},{\"@type\":\"ImageObject\",\"inLanguage\":\"en-US\",\"@id\":\"https:\\\/\\\/www.filantropiacortessolari.cl\\\/columna-conservacion-en-tiempos-de-urgencia-ambiental\\\/#primaryimage\",\"url\":\"https:\\\/\\\/www.filantropiacortessolari.cl\\\/wp-content\\\/uploads\\\/2020\\\/04\\\/francisca-2.jpg\",\"contentUrl\":\"https:\\\/\\\/www.filantropiacortessolari.cl\\\/wp-content\\\/uploads\\\/2020\\\/04\\\/francisca-2.jpg\",\"width\":900,\"height\":550},{\"@type\":\"BreadcrumbList\",\"@id\":\"https:\\\/\\\/www.filantropiacortessolari.cl\\\/columna-conservacion-en-tiempos-de-urgencia-ambiental\\\/#breadcrumb\",\"itemListElement\":[{\"@type\":\"ListItem\",\"position\":1,\"name\":\"Portada\",\"item\":\"https:\\\/\\\/www.filantropiacortessolari.cl\\\/\"},{\"@type\":\"ListItem\",\"position\":2,\"name\":\"[Columna] Conservaci\u00f3n en tiempos de urgencia ambiental\"}]},{\"@type\":\"WebSite\",\"@id\":\"https:\\\/\\\/www.filantropiacortessolari.cl\\\/#website\",\"url\":\"https:\\\/\\\/www.filantropiacortessolari.cl\\\/\",\"name\":\"Filantrop\u00eda Cort\u00e9s Solari\",\"description\":\"Sitio web Filantrop\u00eda Cort\u00e9s Solari\",\"potentialAction\":[{\"@type\":\"SearchAction\",\"target\":{\"@type\":\"EntryPoint\",\"urlTemplate\":\"https:\\\/\\\/www.filantropiacortessolari.cl\\\/?s={search_term_string}\"},\"query-input\":{\"@type\":\"PropertyValueSpecification\",\"valueRequired\":true,\"valueName\":\"search_term_string\"}}],\"inLanguage\":\"en-US\"},{\"@type\":\"Person\",\"@id\":\"https:\\\/\\\/www.filantropiacortessolari.cl\\\/#\\\/schema\\\/person\\\/e099cf1046922f4f5892172332dc86c0\",\"name\":\"Filantrop\u00eda Cort\u00e9s Solari\",\"image\":{\"@type\":\"ImageObject\",\"inLanguage\":\"en-US\",\"@id\":\"https:\\\/\\\/secure.gravatar.com\\\/avatar\\\/9d17bfe24074ed7576e70cbeb8e010cdd7d01fae9f2047bd96cccbe629ec3c11?s=96&d=mm&r=g\",\"url\":\"https:\\\/\\\/secure.gravatar.com\\\/avatar\\\/9d17bfe24074ed7576e70cbeb8e010cdd7d01fae9f2047bd96cccbe629ec3c11?s=96&d=mm&r=g\",\"contentUrl\":\"https:\\\/\\\/secure.gravatar.com\\\/avatar\\\/9d17bfe24074ed7576e70cbeb8e010cdd7d01fae9f2047bd96cccbe629ec3c11?s=96&d=mm&r=g\",\"caption\":\"Filantrop\u00eda Cort\u00e9s Solari\"},\"url\":\"https:\\\/\\\/www.filantropiacortessolari.cl\\\/en\\\/author\\\/filantropia-cortes-solari\\\/\"}]}<\/script>\n<!-- \/ Yoast SEO plugin. -->","yoast_head_json":{"title":"[Columna] Conservaci\u00f3n en tiempos de urgencia ambiental","robots":{"index":"index","follow":"follow","max-snippet":"max-snippet:-1","max-image-preview":"max-image-preview:large","max-video-preview":"max-video-preview:-1"},"canonical":"https:\/\/www.filantropiacortessolari.cl\/columna-conservacion-en-tiempos-de-urgencia-ambiental\/","og_locale":"en_US","og_type":"article","og_title":"[Columna] Conservaci\u00f3n en tiempos de urgencia ambiental","og_url":"https:\/\/www.filantropiacortessolari.cl\/columna-conservacion-en-tiempos-de-urgencia-ambiental\/","og_site_name":"Filantrop\u00eda Cort\u00e9s Solari","article_published_time":"2021-08-31T21:32:54+00:00","article_modified_time":"2021-08-31T21:34:49+00:00","og_image":[{"width":900,"height":550,"url":"https:\/\/www.filantropiacortessolari.cl\/wp-content\/uploads\/2020\/04\/francisca-2.jpg","type":"image\/jpeg"}],"author":"Filantrop\u00eda Cort\u00e9s Solari","twitter_card":"summary_large_image","twitter_misc":{"Written by":"Filantrop\u00eda Cort\u00e9s Solari","Est. reading time":"1 minute"},"schema":{"@context":"https:\/\/schema.org","@graph":[{"@type":"Article","@id":"https:\/\/www.filantropiacortessolari.cl\/columna-conservacion-en-tiempos-de-urgencia-ambiental\/#article","isPartOf":{"@id":"https:\/\/www.filantropiacortessolari.cl\/columna-conservacion-en-tiempos-de-urgencia-ambiental\/"},"author":{"name":"Filantrop\u00eda Cort\u00e9s Solari","@id":"https:\/\/www.filantropiacortessolari.cl\/#\/schema\/person\/e099cf1046922f4f5892172332dc86c0"},"headline":"[Columna] Conservaci\u00f3n en tiempos de urgencia ambiental","datePublished":"2021-08-31T21:32:54+00:00","dateModified":"2021-08-31T21:34:49+00:00","mainEntityOfPage":{"@id":"https:\/\/www.filantropiacortessolari.cl\/columna-conservacion-en-tiempos-de-urgencia-ambiental\/"},"wordCount":139,"commentCount":0,"image":{"@id":"https:\/\/www.filantropiacortessolari.cl\/columna-conservacion-en-tiempos-de-urgencia-ambiental\/#primaryimage"},"thumbnailUrl":"https:\/\/www.filantropiacortessolari.cl\/wp-content\/uploads\/2020\/04\/francisca-2.jpg","articleSection":["Noticias","Opini\u00f3n FCS"],"inLanguage":"en-US","potentialAction":[{"@type":"CommentAction","name":"Comment","target":["https:\/\/www.filantropiacortessolari.cl\/columna-conservacion-en-tiempos-de-urgencia-ambiental\/#respond"]}]},{"@type":"WebPage","@id":"https:\/\/www.filantropiacortessolari.cl\/columna-conservacion-en-tiempos-de-urgencia-ambiental\/","url":"https:\/\/www.filantropiacortessolari.cl\/columna-conservacion-en-tiempos-de-urgencia-ambiental\/","name":"[Columna] Conservaci\u00f3n en tiempos de urgencia ambiental","isPartOf":{"@id":"https:\/\/www.filantropiacortessolari.cl\/#website"},"primaryImageOfPage":{"@id":"https:\/\/www.filantropiacortessolari.cl\/columna-conservacion-en-tiempos-de-urgencia-ambiental\/#primaryimage"},"image":{"@id":"https:\/\/www.filantropiacortessolari.cl\/columna-conservacion-en-tiempos-de-urgencia-ambiental\/#primaryimage"},"thumbnailUrl":"https:\/\/www.filantropiacortessolari.cl\/wp-content\/uploads\/2020\/04\/francisca-2.jpg","datePublished":"2021-08-31T21:32:54+00:00","dateModified":"2021-08-31T21:34:49+00:00","author":{"@id":"https:\/\/www.filantropiacortessolari.cl\/#\/schema\/person\/e099cf1046922f4f5892172332dc86c0"},"breadcrumb":{"@id":"https:\/\/www.filantropiacortessolari.cl\/columna-conservacion-en-tiempos-de-urgencia-ambiental\/#breadcrumb"},"inLanguage":"en-US","potentialAction":[{"@type":"ReadAction","target":["https:\/\/www.filantropiacortessolari.cl\/columna-conservacion-en-tiempos-de-urgencia-ambiental\/"]}]},{"@type":"ImageObject","inLanguage":"en-US","@id":"https:\/\/www.filantropiacortessolari.cl\/columna-conservacion-en-tiempos-de-urgencia-ambiental\/#primaryimage","url":"https:\/\/www.filantropiacortessolari.cl\/wp-content\/uploads\/2020\/04\/francisca-2.jpg","contentUrl":"https:\/\/www.filantropiacortessolari.cl\/wp-content\/uploads\/2020\/04\/francisca-2.jpg","width":900,"height":550},{"@type":"BreadcrumbList","@id":"https:\/\/www.filantropiacortessolari.cl\/columna-conservacion-en-tiempos-de-urgencia-ambiental\/#breadcrumb","itemListElement":[{"@type":"ListItem","position":1,"name":"Portada","item":"https:\/\/www.filantropiacortessolari.cl\/"},{"@type":"ListItem","position":2,"name":"[Columna] Conservaci\u00f3n en tiempos de urgencia ambiental"}]},{"@type":"WebSite","@id":"https:\/\/www.filantropiacortessolari.cl\/#website","url":"https:\/\/www.filantropiacortessolari.cl\/","name":"Filantrop\u00eda Cort\u00e9s Solari","description":"Sitio web Filantrop\u00eda Cort\u00e9s Solari","potentialAction":[{"@type":"SearchAction","target":{"@type":"EntryPoint","urlTemplate":"https:\/\/www.filantropiacortessolari.cl\/?s={search_term_string}"},"query-input":{"@type":"PropertyValueSpecification","valueRequired":true,"valueName":"search_term_string"}}],"inLanguage":"en-US"},{"@type":"Person","@id":"https:\/\/www.filantropiacortessolari.cl\/#\/schema\/person\/e099cf1046922f4f5892172332dc86c0","name":"Filantrop\u00eda Cort\u00e9s Solari","image":{"@type":"ImageObject","inLanguage":"en-US","@id":"https:\/\/secure.gravatar.com\/avatar\/9d17bfe24074ed7576e70cbeb8e010cdd7d01fae9f2047bd96cccbe629ec3c11?s=96&d=mm&r=g","url":"https:\/\/secure.gravatar.com\/avatar\/9d17bfe24074ed7576e70cbeb8e010cdd7d01fae9f2047bd96cccbe629ec3c11?s=96&d=mm&r=g","contentUrl":"https:\/\/secure.gravatar.com\/avatar\/9d17bfe24074ed7576e70cbeb8e010cdd7d01fae9f2047bd96cccbe629ec3c11?s=96&d=mm&r=g","caption":"Filantrop\u00eda Cort\u00e9s Solari"},"url":"https:\/\/www.filantropiacortessolari.cl\/en\/author\/filantropia-cortes-solari\/"}]}},"_links":{"self":[{"href":"https:\/\/www.filantropiacortessolari.cl\/en\/wp-json\/wp\/v2\/posts\/10332","targetHints":{"allow":["GET"]}}],"collection":[{"href":"https:\/\/www.filantropiacortessolari.cl\/en\/wp-json\/wp\/v2\/posts"}],"about":[{"href":"https:\/\/www.filantropiacortessolari.cl\/en\/wp-json\/wp\/v2\/types\/post"}],"author":[{"embeddable":true,"href":"https:\/\/www.filantropiacortessolari.cl\/en\/wp-json\/wp\/v2\/users\/1"}],"replies":[{"embeddable":true,"href":"https:\/\/www.filantropiacortessolari.cl\/en\/wp-json\/wp\/v2\/comments?post=10332"}],"version-history":[{"count":2,"href":"https:\/\/www.filantropiacortessolari.cl\/en\/wp-json\/wp\/v2\/posts\/10332\/revisions"}],"predecessor-version":[{"id":10334,"href":"https:\/\/www.filantropiacortessolari.cl\/en\/wp-json\/wp\/v2\/posts\/10332\/revisions\/10334"}],"wp:featuredmedia":[{"embeddable":true,"href":"https:\/\/www.filantropiacortessolari.cl\/en\/wp-json\/wp\/v2\/media\/10019"}],"wp:attachment":[{"href":"https:\/\/www.filantropiacortessolari.cl\/en\/wp-json\/wp\/v2\/media?parent=10332"}],"wp:term":[{"taxonomy":"category","embeddable":true,"href":"https:\/\/www.filantropiacortessolari.cl\/en\/wp-json\/wp\/v2\/categories?post=10332"},{"taxonomy":"post_tag","embeddable":true,"href":"https:\/\/www.filantropiacortessolari.cl\/en\/wp-json\/wp\/v2\/tags?post=10332"}],"curies":[{"name":"wp","href":"https:\/\/api.w.org\/{rel}","templated":true}]}}