{"id":10335,"date":"2021-08-31T18:37:12","date_gmt":"2021-08-31T21:37:12","guid":{"rendered":"https:\/\/www.filantropiacortessolari.cl\/?p=10335"},"modified":"2021-08-31T18:37:12","modified_gmt":"2021-08-31T21:37:12","slug":"radio-conquistador-revisa-la-entrevista-a-patricia-morales-en-historias-de-futuro","status":"publish","type":"post","link":"https:\/\/www.filantropiacortessolari.cl\/en\/radio-conquistador-revisa-la-entrevista-a-patricia-morales-en-historias-de-futuro\/","title":{"rendered":"[Radio Conquistador] Revisa la entrevista a Patricia Morales en \u201cHistorias de Futuro\u201d"},"content":{"rendered":"<style type=\"text\/css\"><\/style><p>El pasado jueves, Patricia Morales Err\u00e1zuriz, Gerenta General de Filantrop\u00eda Cort\u00e9s Solari, estuvo conversando en \u201cHistorias de Futuro\u201d de Radio El Conquistador junto a Enrique Cote Evans sobre Conservaci\u00f3n Efectiva, Educaci\u00f3n Integral, The Blue BOAT Initiative, entre otros.<\/p>\n<p><a class=\"spreaker-player\" href=\"https:\/\/www.spreaker.com\/user\/fmconquistador\/hdf-26-08-2021\" data-resource=\"episode_id=46251867\" data-theme=\"light\" data-playlist=\"false\" data-cover=\"https:\/\/d3wo5wojvuv7l.cloudfront.net\/images.spreaker.com\/original\/dec8fa09ccbbd972cd91da20942f7ec7.jpg\" data-width=\"100%\" data-height=\"400px\">Listen to &#8220;HDF 26-08-2021&#8221; on Spreaker.<\/a><script async src=\"https:\/\/widget.spreaker.com\/widgets.js\"><\/script><\/p>\n","protected":false},"excerpt":{"rendered":"<p>El pasado jueves, Patricia Morales Err\u00e1zuriz, Gerenta General de Filantrop\u00eda Cort\u00e9s Solari, estuvo conversando en \u201cHistorias de Futuro\u201d de Radio El Conquistador junto a Enrique Cote Evans sobre Conservaci\u00f3n Efectiva, Educaci\u00f3n Integral, The Blue BOAT Initiative, entre otros. Listen to &#8220;HDF 26-08-2021&#8221; on Spreaker.<\/p>\n","protected":false},"author":1,"featured_media":10336,"comment_status":"open","ping_status":"open","sticky":false,"template":"","format":"standard","meta":{"footnotes":""},"categories":[33,31],"tags":[],"class_list":["post-10335","post","type-post","status-publish","format-standard","has-post-thumbnail","hentry","category-fcs","category-noticias"],"translation":{"provider":"WPGlobus","version":"3.0.2","language":"en","enabled_languages":["es","en"],"languages":{"es":{"title":true,"content":true,"excerpt":false},"en":{"title":false,"content":false,"excerpt":false}}},"yoast_head":"<!-- This site is optimized with the Yoast SEO plugin v27.4 - https:\/\/yoast.com\/product\/yoast-seo-wordpress\/ -->\n<title>[Radio Conquistador] Revisa la entrevista a Patricia Morales en \u201cHistorias de Futuro\u201d<\/title>\n<meta name=\"robots\" content=\"index, follow, max-snippet:-1, max-image-preview:large, max-video-preview:-1\" \/>\n<link rel=\"canonical\" href=\"https:\/\/www.filantropiacortessolari.cl\/radio-conquistador-revisa-la-entrevista-a-patricia-morales-en-historias-de-futuro\/\" \/>\n<meta property=\"og:locale\" content=\"en_US\" \/>\n<meta property=\"og:type\" content=\"article\" \/>\n<meta property=\"og:title\" content=\"[Radio Conquistador] Revisa la entrevista a Patricia Morales en \u201cHistorias de Futuro\u201d\" \/>\n<meta property=\"og:url\" content=\"https:\/\/www.filantropiacortessolari.cl\/radio-conquistador-revisa-la-entrevista-a-patricia-morales-en-historias-de-futuro\/\" \/>\n<meta property=\"og:site_name\" content=\"Filantrop\u00eda Cort\u00e9s Solari\" \/>\n<meta property=\"article:published_time\" content=\"2021-08-31T21:37:12+00:00\" \/>\n<meta property=\"og:image\" content=\"https:\/\/www.filantropiacortessolari.cl\/wp-content\/uploads\/2021\/08\/Captura-de-Pantalla-2021-08-31-a-las-17.01.15.png\" \/>\n\t<meta property=\"og:image:width\" content=\"587\" \/>\n\t<meta property=\"og:image:height\" content=\"515\" \/>\n\t<meta property=\"og:image:type\" content=\"image\/png\" \/>\n<meta name=\"author\" content=\"Filantrop\u00eda Cort\u00e9s Solari\" \/>\n<meta name=\"twitter:card\" content=\"summary_large_image\" \/>\n<meta name=\"twitter:label1\" content=\"Written by\" \/>\n\t<meta name=\"twitter:data1\" content=\"Filantrop\u00eda Cort\u00e9s Solari\" \/>\n<script type=\"application\/ld+json\" class=\"yoast-schema-graph\">{\"@context\":\"https:\\\/\\\/schema.org\",\"@graph\":[{\"@type\":\"Article\",\"@id\":\"https:\\\/\\\/www.filantropiacortessolari.cl\\\/radio-conquistador-revisa-la-entrevista-a-patricia-morales-en-historias-de-futuro\\\/#article\",\"isPartOf\":{\"@id\":\"https:\\\/\\\/www.filantropiacortessolari.cl\\\/radio-conquistador-revisa-la-entrevista-a-patricia-morales-en-historias-de-futuro\\\/\"},\"author\":{\"name\":\"Filantrop\u00eda Cort\u00e9s Solari\",\"@id\":\"https:\\\/\\\/www.filantropiacortessolari.cl\\\/#\\\/schema\\\/person\\\/e099cf1046922f4f5892172332dc86c0\"},\"headline\":\"[Radio Conquistador] Revisa la entrevista a Patricia Morales en \u201cHistorias de Futuro\u201d\",\"datePublished\":\"2021-08-31T21:37:12+00:00\",\"mainEntityOfPage\":{\"@id\":\"https:\\\/\\\/www.filantropiacortessolari.cl\\\/radio-conquistador-revisa-la-entrevista-a-patricia-morales-en-historias-de-futuro\\\/\"},\"wordCount\":62,\"commentCount\":0,\"image\":{\"@id\":\"https:\\\/\\\/www.filantropiacortessolari.cl\\\/radio-conquistador-revisa-la-entrevista-a-patricia-morales-en-historias-de-futuro\\\/#primaryimage\"},\"thumbnailUrl\":\"https:\\\/\\\/www.filantropiacortessolari.cl\\\/wp-content\\\/uploads\\\/2021\\\/08\\\/Captura-de-Pantalla-2021-08-31-a-las-17.01.15.png\",\"articleSection\":[\"Entrevista FCS\",\"Noticias\"],\"inLanguage\":\"en-US\",\"potentialAction\":[{\"@type\":\"CommentAction\",\"name\":\"Comment\",\"target\":[\"https:\\\/\\\/www.filantropiacortessolari.cl\\\/radio-conquistador-revisa-la-entrevista-a-patricia-morales-en-historias-de-futuro\\\/#respond\"]}]},{\"@type\":\"WebPage\",\"@id\":\"https:\\\/\\\/www.filantropiacortessolari.cl\\\/radio-conquistador-revisa-la-entrevista-a-patricia-morales-en-historias-de-futuro\\\/\",\"url\":\"https:\\\/\\\/www.filantropiacortessolari.cl\\\/radio-conquistador-revisa-la-entrevista-a-patricia-morales-en-historias-de-futuro\\\/\",\"name\":\"[Radio Conquistador] Revisa la entrevista a Patricia Morales en \u201cHistorias de Futuro\u201d\",\"isPartOf\":{\"@id\":\"https:\\\/\\\/www.filantropiacortessolari.cl\\\/#website\"},\"primaryImageOfPage\":{\"@id\":\"https:\\\/\\\/www.filantropiacortessolari.cl\\\/radio-conquistador-revisa-la-entrevista-a-patricia-morales-en-historias-de-futuro\\\/#primaryimage\"},\"image\":{\"@id\":\"https:\\\/\\\/www.filantropiacortessolari.cl\\\/radio-conquistador-revisa-la-entrevista-a-patricia-morales-en-historias-de-futuro\\\/#primaryimage\"},\"thumbnailUrl\":\"https:\\\/\\\/www.filantropiacortessolari.cl\\\/wp-content\\\/uploads\\\/2021\\\/08\\\/Captura-de-Pantalla-2021-08-31-a-las-17.01.15.png\",\"datePublished\":\"2021-08-31T21:37:12+00:00\",\"author\":{\"@id\":\"https:\\\/\\\/www.filantropiacortessolari.cl\\\/#\\\/schema\\\/person\\\/e099cf1046922f4f5892172332dc86c0\"},\"breadcrumb\":{\"@id\":\"https:\\\/\\\/www.filantropiacortessolari.cl\\\/radio-conquistador-revisa-la-entrevista-a-patricia-morales-en-historias-de-futuro\\\/#breadcrumb\"},\"inLanguage\":\"en-US\",\"potentialAction\":[{\"@type\":\"ReadAction\",\"target\":[\"https:\\\/\\\/www.filantropiacortessolari.cl\\\/radio-conquistador-revisa-la-entrevista-a-patricia-morales-en-historias-de-futuro\\\/\"]}]},{\"@type\":\"ImageObject\",\"inLanguage\":\"en-US\",\"@id\":\"https:\\\/\\\/www.filantropiacortessolari.cl\\\/radio-conquistador-revisa-la-entrevista-a-patricia-morales-en-historias-de-futuro\\\/#primaryimage\",\"url\":\"https:\\\/\\\/www.filantropiacortessolari.cl\\\/wp-content\\\/uploads\\\/2021\\\/08\\\/Captura-de-Pantalla-2021-08-31-a-las-17.01.15.png\",\"contentUrl\":\"https:\\\/\\\/www.filantropiacortessolari.cl\\\/wp-content\\\/uploads\\\/2021\\\/08\\\/Captura-de-Pantalla-2021-08-31-a-las-17.01.15.png\",\"width\":587,\"height\":515},{\"@type\":\"BreadcrumbList\",\"@id\":\"https:\\\/\\\/www.filantropiacortessolari.cl\\\/radio-conquistador-revisa-la-entrevista-a-patricia-morales-en-historias-de-futuro\\\/#breadcrumb\",\"itemListElement\":[{\"@type\":\"ListItem\",\"position\":1,\"name\":\"Portada\",\"item\":\"https:\\\/\\\/www.filantropiacortessolari.cl\\\/\"},{\"@type\":\"ListItem\",\"position\":2,\"name\":\"[Radio Conquistador] Revisa la entrevista a Patricia Morales en \u201cHistorias de Futuro\u201d\"}]},{\"@type\":\"WebSite\",\"@id\":\"https:\\\/\\\/www.filantropiacortessolari.cl\\\/#website\",\"url\":\"https:\\\/\\\/www.filantropiacortessolari.cl\\\/\",\"name\":\"Filantrop\u00eda Cort\u00e9s Solari\",\"description\":\"Sitio web Filantrop\u00eda Cort\u00e9s Solari\",\"potentialAction\":[{\"@type\":\"SearchAction\",\"target\":{\"@type\":\"EntryPoint\",\"urlTemplate\":\"https:\\\/\\\/www.filantropiacortessolari.cl\\\/?s={search_term_string}\"},\"query-input\":{\"@type\":\"PropertyValueSpecification\",\"valueRequired\":true,\"valueName\":\"search_term_string\"}}],\"inLanguage\":\"en-US\"},{\"@type\":\"Person\",\"@id\":\"https:\\\/\\\/www.filantropiacortessolari.cl\\\/#\\\/schema\\\/person\\\/e099cf1046922f4f5892172332dc86c0\",\"name\":\"Filantrop\u00eda Cort\u00e9s Solari\",\"image\":{\"@type\":\"ImageObject\",\"inLanguage\":\"en-US\",\"@id\":\"https:\\\/\\\/secure.gravatar.com\\\/avatar\\\/9d17bfe24074ed7576e70cbeb8e010cdd7d01fae9f2047bd96cccbe629ec3c11?s=96&d=mm&r=g\",\"url\":\"https:\\\/\\\/secure.gravatar.com\\\/avatar\\\/9d17bfe24074ed7576e70cbeb8e010cdd7d01fae9f2047bd96cccbe629ec3c11?s=96&d=mm&r=g\",\"contentUrl\":\"https:\\\/\\\/secure.gravatar.com\\\/avatar\\\/9d17bfe24074ed7576e70cbeb8e010cdd7d01fae9f2047bd96cccbe629ec3c11?s=96&d=mm&r=g\",\"caption\":\"Filantrop\u00eda Cort\u00e9s Solari\"},\"url\":\"https:\\\/\\\/www.filantropiacortessolari.cl\\\/en\\\/author\\\/filantropia-cortes-solari\\\/\"}]}<\/script>\n<!-- \/ Yoast SEO plugin. -->","yoast_head_json":{"title":"[Radio Conquistador] Revisa la entrevista a Patricia Morales en \u201cHistorias de Futuro\u201d","robots":{"index":"index","follow":"follow","max-snippet":"max-snippet:-1","max-image-preview":"max-image-preview:large","max-video-preview":"max-video-preview:-1"},"canonical":"https:\/\/www.filantropiacortessolari.cl\/radio-conquistador-revisa-la-entrevista-a-patricia-morales-en-historias-de-futuro\/","og_locale":"en_US","og_type":"article","og_title":"[Radio Conquistador] Revisa la entrevista a Patricia Morales en \u201cHistorias de Futuro\u201d","og_url":"https:\/\/www.filantropiacortessolari.cl\/radio-conquistador-revisa-la-entrevista-a-patricia-morales-en-historias-de-futuro\/","og_site_name":"Filantrop\u00eda Cort\u00e9s Solari","article_published_time":"2021-08-31T21:37:12+00:00","og_image":[{"width":587,"height":515,"url":"https:\/\/www.filantropiacortessolari.cl\/wp-content\/uploads\/2021\/08\/Captura-de-Pantalla-2021-08-31-a-las-17.01.15.png","type":"image\/png"}],"author":"Filantrop\u00eda Cort\u00e9s Solari","twitter_card":"summary_large_image","twitter_misc":{"Written by":"Filantrop\u00eda Cort\u00e9s Solari"},"schema":{"@context":"https:\/\/schema.org","@graph":[{"@type":"Article","@id":"https:\/\/www.filantropiacortessolari.cl\/radio-conquistador-revisa-la-entrevista-a-patricia-morales-en-historias-de-futuro\/#article","isPartOf":{"@id":"https:\/\/www.filantropiacortessolari.cl\/radio-conquistador-revisa-la-entrevista-a-patricia-morales-en-historias-de-futuro\/"},"author":{"name":"Filantrop\u00eda Cort\u00e9s Solari","@id":"https:\/\/www.filantropiacortessolari.cl\/#\/schema\/person\/e099cf1046922f4f5892172332dc86c0"},"headline":"[Radio Conquistador] Revisa la entrevista a Patricia Morales en \u201cHistorias de Futuro\u201d","datePublished":"2021-08-31T21:37:12+00:00","mainEntityOfPage":{"@id":"https:\/\/www.filantropiacortessolari.cl\/radio-conquistador-revisa-la-entrevista-a-patricia-morales-en-historias-de-futuro\/"},"wordCount":62,"commentCount":0,"image":{"@id":"https:\/\/www.filantropiacortessolari.cl\/radio-conquistador-revisa-la-entrevista-a-patricia-morales-en-historias-de-futuro\/#primaryimage"},"thumbnailUrl":"https:\/\/www.filantropiacortessolari.cl\/wp-content\/uploads\/2021\/08\/Captura-de-Pantalla-2021-08-31-a-las-17.01.15.png","articleSection":["Entrevista FCS","Noticias"],"inLanguage":"en-US","potentialAction":[{"@type":"CommentAction","name":"Comment","target":["https:\/\/www.filantropiacortessolari.cl\/radio-conquistador-revisa-la-entrevista-a-patricia-morales-en-historias-de-futuro\/#respond"]}]},{"@type":"WebPage","@id":"https:\/\/www.filantropiacortessolari.cl\/radio-conquistador-revisa-la-entrevista-a-patricia-morales-en-historias-de-futuro\/","url":"https:\/\/www.filantropiacortessolari.cl\/radio-conquistador-revisa-la-entrevista-a-patricia-morales-en-historias-de-futuro\/","name":"[Radio Conquistador] Revisa la entrevista a Patricia Morales en \u201cHistorias de Futuro\u201d","isPartOf":{"@id":"https:\/\/www.filantropiacortessolari.cl\/#website"},"primaryImageOfPage":{"@id":"https:\/\/www.filantropiacortessolari.cl\/radio-conquistador-revisa-la-entrevista-a-patricia-morales-en-historias-de-futuro\/#primaryimage"},"image":{"@id":"https:\/\/www.filantropiacortessolari.cl\/radio-conquistador-revisa-la-entrevista-a-patricia-morales-en-historias-de-futuro\/#primaryimage"},"thumbnailUrl":"https:\/\/www.filantropiacortessolari.cl\/wp-content\/uploads\/2021\/08\/Captura-de-Pantalla-2021-08-31-a-las-17.01.15.png","datePublished":"2021-08-31T21:37:12+00:00","author":{"@id":"https:\/\/www.filantropiacortessolari.cl\/#\/schema\/person\/e099cf1046922f4f5892172332dc86c0"},"breadcrumb":{"@id":"https:\/\/www.filantropiacortessolari.cl\/radio-conquistador-revisa-la-entrevista-a-patricia-morales-en-historias-de-futuro\/#breadcrumb"},"inLanguage":"en-US","potentialAction":[{"@type":"ReadAction","target":["https:\/\/www.filantropiacortessolari.cl\/radio-conquistador-revisa-la-entrevista-a-patricia-morales-en-historias-de-futuro\/"]}]},{"@type":"ImageObject","inLanguage":"en-US","@id":"https:\/\/www.filantropiacortessolari.cl\/radio-conquistador-revisa-la-entrevista-a-patricia-morales-en-historias-de-futuro\/#primaryimage","url":"https:\/\/www.filantropiacortessolari.cl\/wp-content\/uploads\/2021\/08\/Captura-de-Pantalla-2021-08-31-a-las-17.01.15.png","contentUrl":"https:\/\/www.filantropiacortessolari.cl\/wp-content\/uploads\/2021\/08\/Captura-de-Pantalla-2021-08-31-a-las-17.01.15.png","width":587,"height":515},{"@type":"BreadcrumbList","@id":"https:\/\/www.filantropiacortessolari.cl\/radio-conquistador-revisa-la-entrevista-a-patricia-morales-en-historias-de-futuro\/#breadcrumb","itemListElement":[{"@type":"ListItem","position":1,"name":"Portada","item":"https:\/\/www.filantropiacortessolari.cl\/"},{"@type":"ListItem","position":2,"name":"[Radio Conquistador] Revisa la entrevista a Patricia Morales en \u201cHistorias de Futuro\u201d"}]},{"@type":"WebSite","@id":"https:\/\/www.filantropiacortessolari.cl\/#website","url":"https:\/\/www.filantropiacortessolari.cl\/","name":"Filantrop\u00eda Cort\u00e9s Solari","description":"Sitio web Filantrop\u00eda Cort\u00e9s Solari","potentialAction":[{"@type":"SearchAction","target":{"@type":"EntryPoint","urlTemplate":"https:\/\/www.filantropiacortessolari.cl\/?s={search_term_string}"},"query-input":{"@type":"PropertyValueSpecification","valueRequired":true,"valueName":"search_term_string"}}],"inLanguage":"en-US"},{"@type":"Person","@id":"https:\/\/www.filantropiacortessolari.cl\/#\/schema\/person\/e099cf1046922f4f5892172332dc86c0","name":"Filantrop\u00eda Cort\u00e9s Solari","image":{"@type":"ImageObject","inLanguage":"en-US","@id":"https:\/\/secure.gravatar.com\/avatar\/9d17bfe24074ed7576e70cbeb8e010cdd7d01fae9f2047bd96cccbe629ec3c11?s=96&d=mm&r=g","url":"https:\/\/secure.gravatar.com\/avatar\/9d17bfe24074ed7576e70cbeb8e010cdd7d01fae9f2047bd96cccbe629ec3c11?s=96&d=mm&r=g","contentUrl":"https:\/\/secure.gravatar.com\/avatar\/9d17bfe24074ed7576e70cbeb8e010cdd7d01fae9f2047bd96cccbe629ec3c11?s=96&d=mm&r=g","caption":"Filantrop\u00eda Cort\u00e9s Solari"},"url":"https:\/\/www.filantropiacortessolari.cl\/en\/author\/filantropia-cortes-solari\/"}]}},"_links":{"self":[{"href":"https:\/\/www.filantropiacortessolari.cl\/en\/wp-json\/wp\/v2\/posts\/10335","targetHints":{"allow":["GET"]}}],"collection":[{"href":"https:\/\/www.filantropiacortessolari.cl\/en\/wp-json\/wp\/v2\/posts"}],"about":[{"href":"https:\/\/www.filantropiacortessolari.cl\/en\/wp-json\/wp\/v2\/types\/post"}],"author":[{"embeddable":true,"href":"https:\/\/www.filantropiacortessolari.cl\/en\/wp-json\/wp\/v2\/users\/1"}],"replies":[{"embeddable":true,"href":"https:\/\/www.filantropiacortessolari.cl\/en\/wp-json\/wp\/v2\/comments?post=10335"}],"version-history":[{"count":1,"href":"https:\/\/www.filantropiacortessolari.cl\/en\/wp-json\/wp\/v2\/posts\/10335\/revisions"}],"predecessor-version":[{"id":10337,"href":"https:\/\/www.filantropiacortessolari.cl\/en\/wp-json\/wp\/v2\/posts\/10335\/revisions\/10337"}],"wp:featuredmedia":[{"embeddable":true,"href":"https:\/\/www.filantropiacortessolari.cl\/en\/wp-json\/wp\/v2\/media\/10336"}],"wp:attachment":[{"href":"https:\/\/www.filantropiacortessolari.cl\/en\/wp-json\/wp\/v2\/media?parent=10335"}],"wp:term":[{"taxonomy":"category","embeddable":true,"href":"https:\/\/www.filantropiacortessolari.cl\/en\/wp-json\/wp\/v2\/categories?post=10335"},{"taxonomy":"post_tag","embeddable":true,"href":"https:\/\/www.filantropiacortessolari.cl\/en\/wp-json\/wp\/v2\/tags?post=10335"}],"curies":[{"name":"wp","href":"https:\/\/api.w.org\/{rel}","templated":true}]}}