{"id":10352,"date":"2021-09-07T18:56:02","date_gmt":"2021-09-07T21:56:02","guid":{"rendered":"https:\/\/www.filantropiacortessolari.cl\/?p=10352"},"modified":"2021-09-07T18:57:21","modified_gmt":"2021-09-07T21:57:21","slug":"futuro-360-catastrofes-relacionadas-con-el-clima-se-han-multiplicado-en-las-ultimas-5-decadas","status":"publish","type":"post","link":"https:\/\/www.filantropiacortessolari.cl\/en\/futuro-360-catastrofes-relacionadas-con-el-clima-se-han-multiplicado-en-las-ultimas-5-decadas\/","title":{"rendered":"[Fut\u00faro 360] Cat\u00e1strofes relacionadas con el clima se han multiplicado en las \u00faltimas 5 d\u00e9cadas"},"content":{"rendered":"<style type=\"text\/css\"><\/style><p>Los especialistas concuerdan en que ya es hora de instaurar pol\u00edticas a largo plazo y no solo reacciones ante las emergencias. Todos estos temas, y m\u00e1s, ser\u00e1n abordados en la segunda Conferencia de Evidencia Cient\u00edfica y Pol\u00edticas P\u00fablicas para Am\u00e9rica latina y el Caribe.<\/p>\n<p>Las impresionantes im\u00e1genes de incendios forestales, sequ\u00edas, tormentas e inundaciones se han ido multiplicando alrededor del mundo en el \u00faltimo tiempo y Chile no es la excepci\u00f3n.<\/p>\n<p>En nuestro pa\u00eds, los aluviones se multiplicaron por m\u00e1s de 30 en las \u00faltimas cinco d\u00e9cadas. En ese tiempo, adem\u00e1s, se han registrado 14 grandes tormentas, 12 megaincendios y 9 episodios de calor extremo.<\/p>\n<p>Los expertos concuerdan en que ya es hora de instaurar pol\u00edticas a largo plazo y no solo reacciones ante las emergencias. En este contexto se llevar\u00e1 a cabo la segunda Conferencia de Evidencia Cient\u00edfica y Pol\u00edticas P\u00fablicas para Am\u00e9rica latina y el Caribe.<\/p>\n<p>El \u00faltimo reporte de la Organizaci\u00f3n Meteorol\u00f3gica Mundial (OMM) y la Oficina de las Naciones Unidas para la Reducci\u00f3n del Riesgo de Desastres (UNDRR) revel\u00f3 que, en los \u00faltimos 50 a\u00f1os, en promedio, ocurre un desastre al d\u00eda y el gran culpable de ello es la crisis clim\u00e1tica.<\/p>\n<p>Sin embargo, no todos los resultados de este nuevo estudio son desalentadores, ya que, aunque las inclemencias clim\u00e1ticas aumentaron 4 o 5 veces desde la d\u00e9cada de 1970, las muertes por los peligros meteorol\u00f3gicos disminuyeron de 170 a 40 por d\u00eda.<\/p>\n<p>\u201cLa tendencia se logr\u00f3 controlar (\u2026) gracias a los sistemas de alerta. En Chile ha habido un gran avance en el sistema de alerta de tsunamis, pero en el tema aluvional todav\u00eda tenemos que llegar a una escala de precisi\u00f3n mayor\u201d, sostuvo Rodrigo Cienfuegos, director del Centro de Investigaci\u00f3n para la Gesti\u00f3n Integrada del Riesgo de Desastres.<\/p>\n<p>El pa\u00eds est\u00e1 en deuda respecto al tema de los aluviones. En nuestra regi\u00f3n, los 10 desastres m\u00e1s importantes causaron casi 35 mil muertes y casi US$ 40 millones en p\u00e9rdidas.<\/p>\n<p><iframe loading=\"lazy\" src=\"https:\/\/rudo.video\/vod\/bMxxnW\/skin\/simple\/i\/c2l0ZXMvNC8yMDIxLzA5L3BleGVscy10aW0tbW9zc2hvbGRlci05Mzk4MjYzLmpwZw==?autostart=false\" width=\"600\" height=\"338\" frameborder=\"0\" allowfullscreen=\"allowfullscreen\"><\/iframe><\/p>\n<p>Fuente: <a href=\"https:\/\/www.futuro360.com\/desafiotierra\/catastrofes-relacionadas-clima-multiplicado-ultimas-5-decadas_20210906\/\" target=\"_blank\" rel=\"noopener noreferrer\">Futuro 360<\/a><\/p>\n","protected":false},"excerpt":{"rendered":"<p>Los especialistas concuerdan en que ya es hora de instaurar pol\u00edticas a largo plazo y no solo reacciones ante las emergencias. Todos estos temas, y m\u00e1s, ser\u00e1n abordados en la segunda Conferencia de Evidencia Cient\u00edfica y Pol\u00edticas P\u00fablicas para Am\u00e9rica latina y el Caribe. Las impresionantes im\u00e1genes de incendios forestales, sequ\u00edas, tormentas e inundaciones se&#8230;<\/p>\n","protected":false},"author":1,"featured_media":10353,"comment_status":"open","ping_status":"open","sticky":false,"template":"","format":"standard","meta":{"footnotes":""},"categories":[31,6],"tags":[],"class_list":["post-10352","post","type-post","status-publish","format-standard","has-post-thumbnail","hentry","category-noticias","category-fundacion-meri"],"translation":{"provider":"WPGlobus","version":"3.0.2","language":"en","enabled_languages":["es","en"],"languages":{"es":{"title":true,"content":true,"excerpt":false},"en":{"title":false,"content":false,"excerpt":false}}},"yoast_head":"<!-- This site is optimized with the Yoast SEO plugin v27.4 - https:\/\/yoast.com\/product\/yoast-seo-wordpress\/ -->\n<title>[Fut\u00faro 360] Cat\u00e1strofes relacionadas con el clima se han multiplicado en las \u00faltimas 5 d\u00e9cadas<\/title>\n<meta name=\"robots\" content=\"index, follow, max-snippet:-1, max-image-preview:large, max-video-preview:-1\" \/>\n<link rel=\"canonical\" href=\"https:\/\/www.filantropiacortessolari.cl\/en\/futuro-360-catastrofes-relacionadas-con-el-clima-se-han-multiplicado-en-las-ultimas-5-decadas\/\" \/>\n<meta property=\"og:locale\" content=\"en_US\" \/>\n<meta property=\"og:type\" content=\"article\" \/>\n<meta property=\"og:title\" content=\"[Fut\u00faro 360] Cat\u00e1strofes relacionadas con el clima se han multiplicado en las \u00faltimas 5 d\u00e9cadas\" \/>\n<meta property=\"og:url\" content=\"https:\/\/www.filantropiacortessolari.cl\/en\/futuro-360-catastrofes-relacionadas-con-el-clima-se-han-multiplicado-en-las-ultimas-5-decadas\/\" \/>\n<meta property=\"og:site_name\" content=\"Filantrop\u00eda Cort\u00e9s Solari\" \/>\n<meta property=\"article:published_time\" content=\"2021-09-07T21:56:02+00:00\" \/>\n<meta property=\"article:modified_time\" content=\"2021-09-07T21:57:21+00:00\" \/>\n<meta property=\"og:image\" content=\"https:\/\/www.filantropiacortessolari.cl\/wp-content\/uploads\/2021\/09\/patriciamorales.jpeg\" \/>\n\t<meta property=\"og:image:width\" content=\"1920\" \/>\n\t<meta property=\"og:image:height\" content=\"1080\" \/>\n\t<meta property=\"og:image:type\" content=\"image\/jpeg\" \/>\n<meta name=\"author\" content=\"Filantrop\u00eda Cort\u00e9s Solari\" \/>\n<meta name=\"twitter:card\" content=\"summary_large_image\" \/>\n<meta name=\"twitter:label1\" content=\"Written by\" \/>\n\t<meta name=\"twitter:data1\" content=\"Filantrop\u00eda Cort\u00e9s Solari\" \/>\n\t<meta name=\"twitter:label2\" content=\"Est. reading time\" \/>\n\t<meta name=\"twitter:data2\" content=\"2 minutes\" \/>\n<script type=\"application\/ld+json\" class=\"yoast-schema-graph\">{\"@context\":\"https:\\\/\\\/schema.org\",\"@graph\":[{\"@type\":\"Article\",\"@id\":\"https:\\\/\\\/www.filantropiacortessolari.cl\\\/en\\\/futuro-360-catastrofes-relacionadas-con-el-clima-se-han-multiplicado-en-las-ultimas-5-decadas\\\/#article\",\"isPartOf\":{\"@id\":\"https:\\\/\\\/www.filantropiacortessolari.cl\\\/en\\\/futuro-360-catastrofes-relacionadas-con-el-clima-se-han-multiplicado-en-las-ultimas-5-decadas\\\/\"},\"author\":{\"name\":\"Filantrop\u00eda Cort\u00e9s Solari\",\"@id\":\"https:\\\/\\\/www.filantropiacortessolari.cl\\\/#\\\/schema\\\/person\\\/e099cf1046922f4f5892172332dc86c0\"},\"headline\":\"[Fut\u00faro 360] Cat\u00e1strofes relacionadas con el clima se han multiplicado en las \u00faltimas 5 d\u00e9cadas\",\"datePublished\":\"2021-09-07T21:56:02+00:00\",\"dateModified\":\"2021-09-07T21:57:21+00:00\",\"mainEntityOfPage\":{\"@id\":\"https:\\\/\\\/www.filantropiacortessolari.cl\\\/en\\\/futuro-360-catastrofes-relacionadas-con-el-clima-se-han-multiplicado-en-las-ultimas-5-decadas\\\/\"},\"wordCount\":366,\"commentCount\":0,\"image\":{\"@id\":\"https:\\\/\\\/www.filantropiacortessolari.cl\\\/en\\\/futuro-360-catastrofes-relacionadas-con-el-clima-se-han-multiplicado-en-las-ultimas-5-decadas\\\/#primaryimage\"},\"thumbnailUrl\":\"https:\\\/\\\/www.filantropiacortessolari.cl\\\/wp-content\\\/uploads\\\/2021\\\/09\\\/patriciamorales.jpeg\",\"articleSection\":[\"Noticias\",\"Prensa MERI\"],\"inLanguage\":\"en-US\",\"potentialAction\":[{\"@type\":\"CommentAction\",\"name\":\"Comment\",\"target\":[\"https:\\\/\\\/www.filantropiacortessolari.cl\\\/en\\\/futuro-360-catastrofes-relacionadas-con-el-clima-se-han-multiplicado-en-las-ultimas-5-decadas\\\/#respond\"]}]},{\"@type\":\"WebPage\",\"@id\":\"https:\\\/\\\/www.filantropiacortessolari.cl\\\/en\\\/futuro-360-catastrofes-relacionadas-con-el-clima-se-han-multiplicado-en-las-ultimas-5-decadas\\\/\",\"url\":\"https:\\\/\\\/www.filantropiacortessolari.cl\\\/en\\\/futuro-360-catastrofes-relacionadas-con-el-clima-se-han-multiplicado-en-las-ultimas-5-decadas\\\/\",\"name\":\"[Fut\u00faro 360] Cat\u00e1strofes relacionadas con el clima se han multiplicado en las \u00faltimas 5 d\u00e9cadas\",\"isPartOf\":{\"@id\":\"https:\\\/\\\/www.filantropiacortessolari.cl\\\/#website\"},\"primaryImageOfPage\":{\"@id\":\"https:\\\/\\\/www.filantropiacortessolari.cl\\\/en\\\/futuro-360-catastrofes-relacionadas-con-el-clima-se-han-multiplicado-en-las-ultimas-5-decadas\\\/#primaryimage\"},\"image\":{\"@id\":\"https:\\\/\\\/www.filantropiacortessolari.cl\\\/en\\\/futuro-360-catastrofes-relacionadas-con-el-clima-se-han-multiplicado-en-las-ultimas-5-decadas\\\/#primaryimage\"},\"thumbnailUrl\":\"https:\\\/\\\/www.filantropiacortessolari.cl\\\/wp-content\\\/uploads\\\/2021\\\/09\\\/patriciamorales.jpeg\",\"datePublished\":\"2021-09-07T21:56:02+00:00\",\"dateModified\":\"2021-09-07T21:57:21+00:00\",\"author\":{\"@id\":\"https:\\\/\\\/www.filantropiacortessolari.cl\\\/#\\\/schema\\\/person\\\/e099cf1046922f4f5892172332dc86c0\"},\"breadcrumb\":{\"@id\":\"https:\\\/\\\/www.filantropiacortessolari.cl\\\/en\\\/futuro-360-catastrofes-relacionadas-con-el-clima-se-han-multiplicado-en-las-ultimas-5-decadas\\\/#breadcrumb\"},\"inLanguage\":\"en-US\",\"potentialAction\":[{\"@type\":\"ReadAction\",\"target\":[\"https:\\\/\\\/www.filantropiacortessolari.cl\\\/en\\\/futuro-360-catastrofes-relacionadas-con-el-clima-se-han-multiplicado-en-las-ultimas-5-decadas\\\/\"]}]},{\"@type\":\"ImageObject\",\"inLanguage\":\"en-US\",\"@id\":\"https:\\\/\\\/www.filantropiacortessolari.cl\\\/en\\\/futuro-360-catastrofes-relacionadas-con-el-clima-se-han-multiplicado-en-las-ultimas-5-decadas\\\/#primaryimage\",\"url\":\"https:\\\/\\\/www.filantropiacortessolari.cl\\\/wp-content\\\/uploads\\\/2021\\\/09\\\/patriciamorales.jpeg\",\"contentUrl\":\"https:\\\/\\\/www.filantropiacortessolari.cl\\\/wp-content\\\/uploads\\\/2021\\\/09\\\/patriciamorales.jpeg\",\"width\":1920,\"height\":1080},{\"@type\":\"BreadcrumbList\",\"@id\":\"https:\\\/\\\/www.filantropiacortessolari.cl\\\/en\\\/futuro-360-catastrofes-relacionadas-con-el-clima-se-han-multiplicado-en-las-ultimas-5-decadas\\\/#breadcrumb\",\"itemListElement\":[{\"@type\":\"ListItem\",\"position\":1,\"name\":\"Portada\",\"item\":\"https:\\\/\\\/www.filantropiacortessolari.cl\\\/\"},{\"@type\":\"ListItem\",\"position\":2,\"name\":\"[Fut\u00faro 360] Cat\u00e1strofes relacionadas con el clima se han multiplicado en las \u00faltimas 5 d\u00e9cadas\"}]},{\"@type\":\"WebSite\",\"@id\":\"https:\\\/\\\/www.filantropiacortessolari.cl\\\/#website\",\"url\":\"https:\\\/\\\/www.filantropiacortessolari.cl\\\/\",\"name\":\"Filantrop\u00eda Cort\u00e9s Solari\",\"description\":\"Sitio web Filantrop\u00eda Cort\u00e9s Solari\",\"potentialAction\":[{\"@type\":\"SearchAction\",\"target\":{\"@type\":\"EntryPoint\",\"urlTemplate\":\"https:\\\/\\\/www.filantropiacortessolari.cl\\\/?s={search_term_string}\"},\"query-input\":{\"@type\":\"PropertyValueSpecification\",\"valueRequired\":true,\"valueName\":\"search_term_string\"}}],\"inLanguage\":\"en-US\"},{\"@type\":\"Person\",\"@id\":\"https:\\\/\\\/www.filantropiacortessolari.cl\\\/#\\\/schema\\\/person\\\/e099cf1046922f4f5892172332dc86c0\",\"name\":\"Filantrop\u00eda Cort\u00e9s Solari\",\"image\":{\"@type\":\"ImageObject\",\"inLanguage\":\"en-US\",\"@id\":\"https:\\\/\\\/secure.gravatar.com\\\/avatar\\\/9d17bfe24074ed7576e70cbeb8e010cdd7d01fae9f2047bd96cccbe629ec3c11?s=96&d=mm&r=g\",\"url\":\"https:\\\/\\\/secure.gravatar.com\\\/avatar\\\/9d17bfe24074ed7576e70cbeb8e010cdd7d01fae9f2047bd96cccbe629ec3c11?s=96&d=mm&r=g\",\"contentUrl\":\"https:\\\/\\\/secure.gravatar.com\\\/avatar\\\/9d17bfe24074ed7576e70cbeb8e010cdd7d01fae9f2047bd96cccbe629ec3c11?s=96&d=mm&r=g\",\"caption\":\"Filantrop\u00eda Cort\u00e9s Solari\"},\"url\":\"https:\\\/\\\/www.filantropiacortessolari.cl\\\/en\\\/author\\\/filantropia-cortes-solari\\\/\"}]}<\/script>\n<!-- \/ Yoast SEO plugin. -->","yoast_head_json":{"title":"[Fut\u00faro 360] Cat\u00e1strofes relacionadas con el clima se han multiplicado en las \u00faltimas 5 d\u00e9cadas","robots":{"index":"index","follow":"follow","max-snippet":"max-snippet:-1","max-image-preview":"max-image-preview:large","max-video-preview":"max-video-preview:-1"},"canonical":"https:\/\/www.filantropiacortessolari.cl\/en\/futuro-360-catastrofes-relacionadas-con-el-clima-se-han-multiplicado-en-las-ultimas-5-decadas\/","og_locale":"en_US","og_type":"article","og_title":"[Fut\u00faro 360] Cat\u00e1strofes relacionadas con el clima se han multiplicado en las \u00faltimas 5 d\u00e9cadas","og_url":"https:\/\/www.filantropiacortessolari.cl\/en\/futuro-360-catastrofes-relacionadas-con-el-clima-se-han-multiplicado-en-las-ultimas-5-decadas\/","og_site_name":"Filantrop\u00eda Cort\u00e9s Solari","article_published_time":"2021-09-07T21:56:02+00:00","article_modified_time":"2021-09-07T21:57:21+00:00","og_image":[{"width":1920,"height":1080,"url":"https:\/\/www.filantropiacortessolari.cl\/wp-content\/uploads\/2021\/09\/patriciamorales.jpeg","type":"image\/jpeg"}],"author":"Filantrop\u00eda Cort\u00e9s Solari","twitter_card":"summary_large_image","twitter_misc":{"Written by":"Filantrop\u00eda Cort\u00e9s Solari","Est. reading time":"2 minutes"},"schema":{"@context":"https:\/\/schema.org","@graph":[{"@type":"Article","@id":"https:\/\/www.filantropiacortessolari.cl\/en\/futuro-360-catastrofes-relacionadas-con-el-clima-se-han-multiplicado-en-las-ultimas-5-decadas\/#article","isPartOf":{"@id":"https:\/\/www.filantropiacortessolari.cl\/en\/futuro-360-catastrofes-relacionadas-con-el-clima-se-han-multiplicado-en-las-ultimas-5-decadas\/"},"author":{"name":"Filantrop\u00eda Cort\u00e9s Solari","@id":"https:\/\/www.filantropiacortessolari.cl\/#\/schema\/person\/e099cf1046922f4f5892172332dc86c0"},"headline":"[Fut\u00faro 360] Cat\u00e1strofes relacionadas con el clima se han multiplicado en las \u00faltimas 5 d\u00e9cadas","datePublished":"2021-09-07T21:56:02+00:00","dateModified":"2021-09-07T21:57:21+00:00","mainEntityOfPage":{"@id":"https:\/\/www.filantropiacortessolari.cl\/en\/futuro-360-catastrofes-relacionadas-con-el-clima-se-han-multiplicado-en-las-ultimas-5-decadas\/"},"wordCount":366,"commentCount":0,"image":{"@id":"https:\/\/www.filantropiacortessolari.cl\/en\/futuro-360-catastrofes-relacionadas-con-el-clima-se-han-multiplicado-en-las-ultimas-5-decadas\/#primaryimage"},"thumbnailUrl":"https:\/\/www.filantropiacortessolari.cl\/wp-content\/uploads\/2021\/09\/patriciamorales.jpeg","articleSection":["Noticias","Prensa MERI"],"inLanguage":"en-US","potentialAction":[{"@type":"CommentAction","name":"Comment","target":["https:\/\/www.filantropiacortessolari.cl\/en\/futuro-360-catastrofes-relacionadas-con-el-clima-se-han-multiplicado-en-las-ultimas-5-decadas\/#respond"]}]},{"@type":"WebPage","@id":"https:\/\/www.filantropiacortessolari.cl\/en\/futuro-360-catastrofes-relacionadas-con-el-clima-se-han-multiplicado-en-las-ultimas-5-decadas\/","url":"https:\/\/www.filantropiacortessolari.cl\/en\/futuro-360-catastrofes-relacionadas-con-el-clima-se-han-multiplicado-en-las-ultimas-5-decadas\/","name":"[Fut\u00faro 360] Cat\u00e1strofes relacionadas con el clima se han multiplicado en las \u00faltimas 5 d\u00e9cadas","isPartOf":{"@id":"https:\/\/www.filantropiacortessolari.cl\/#website"},"primaryImageOfPage":{"@id":"https:\/\/www.filantropiacortessolari.cl\/en\/futuro-360-catastrofes-relacionadas-con-el-clima-se-han-multiplicado-en-las-ultimas-5-decadas\/#primaryimage"},"image":{"@id":"https:\/\/www.filantropiacortessolari.cl\/en\/futuro-360-catastrofes-relacionadas-con-el-clima-se-han-multiplicado-en-las-ultimas-5-decadas\/#primaryimage"},"thumbnailUrl":"https:\/\/www.filantropiacortessolari.cl\/wp-content\/uploads\/2021\/09\/patriciamorales.jpeg","datePublished":"2021-09-07T21:56:02+00:00","dateModified":"2021-09-07T21:57:21+00:00","author":{"@id":"https:\/\/www.filantropiacortessolari.cl\/#\/schema\/person\/e099cf1046922f4f5892172332dc86c0"},"breadcrumb":{"@id":"https:\/\/www.filantropiacortessolari.cl\/en\/futuro-360-catastrofes-relacionadas-con-el-clima-se-han-multiplicado-en-las-ultimas-5-decadas\/#breadcrumb"},"inLanguage":"en-US","potentialAction":[{"@type":"ReadAction","target":["https:\/\/www.filantropiacortessolari.cl\/en\/futuro-360-catastrofes-relacionadas-con-el-clima-se-han-multiplicado-en-las-ultimas-5-decadas\/"]}]},{"@type":"ImageObject","inLanguage":"en-US","@id":"https:\/\/www.filantropiacortessolari.cl\/en\/futuro-360-catastrofes-relacionadas-con-el-clima-se-han-multiplicado-en-las-ultimas-5-decadas\/#primaryimage","url":"https:\/\/www.filantropiacortessolari.cl\/wp-content\/uploads\/2021\/09\/patriciamorales.jpeg","contentUrl":"https:\/\/www.filantropiacortessolari.cl\/wp-content\/uploads\/2021\/09\/patriciamorales.jpeg","width":1920,"height":1080},{"@type":"BreadcrumbList","@id":"https:\/\/www.filantropiacortessolari.cl\/en\/futuro-360-catastrofes-relacionadas-con-el-clima-se-han-multiplicado-en-las-ultimas-5-decadas\/#breadcrumb","itemListElement":[{"@type":"ListItem","position":1,"name":"Portada","item":"https:\/\/www.filantropiacortessolari.cl\/"},{"@type":"ListItem","position":2,"name":"[Fut\u00faro 360] Cat\u00e1strofes relacionadas con el clima se han multiplicado en las \u00faltimas 5 d\u00e9cadas"}]},{"@type":"WebSite","@id":"https:\/\/www.filantropiacortessolari.cl\/#website","url":"https:\/\/www.filantropiacortessolari.cl\/","name":"Filantrop\u00eda Cort\u00e9s Solari","description":"Sitio web Filantrop\u00eda Cort\u00e9s Solari","potentialAction":[{"@type":"SearchAction","target":{"@type":"EntryPoint","urlTemplate":"https:\/\/www.filantropiacortessolari.cl\/?s={search_term_string}"},"query-input":{"@type":"PropertyValueSpecification","valueRequired":true,"valueName":"search_term_string"}}],"inLanguage":"en-US"},{"@type":"Person","@id":"https:\/\/www.filantropiacortessolari.cl\/#\/schema\/person\/e099cf1046922f4f5892172332dc86c0","name":"Filantrop\u00eda Cort\u00e9s Solari","image":{"@type":"ImageObject","inLanguage":"en-US","@id":"https:\/\/secure.gravatar.com\/avatar\/9d17bfe24074ed7576e70cbeb8e010cdd7d01fae9f2047bd96cccbe629ec3c11?s=96&d=mm&r=g","url":"https:\/\/secure.gravatar.com\/avatar\/9d17bfe24074ed7576e70cbeb8e010cdd7d01fae9f2047bd96cccbe629ec3c11?s=96&d=mm&r=g","contentUrl":"https:\/\/secure.gravatar.com\/avatar\/9d17bfe24074ed7576e70cbeb8e010cdd7d01fae9f2047bd96cccbe629ec3c11?s=96&d=mm&r=g","caption":"Filantrop\u00eda Cort\u00e9s Solari"},"url":"https:\/\/www.filantropiacortessolari.cl\/en\/author\/filantropia-cortes-solari\/"}]}},"_links":{"self":[{"href":"https:\/\/www.filantropiacortessolari.cl\/en\/wp-json\/wp\/v2\/posts\/10352","targetHints":{"allow":["GET"]}}],"collection":[{"href":"https:\/\/www.filantropiacortessolari.cl\/en\/wp-json\/wp\/v2\/posts"}],"about":[{"href":"https:\/\/www.filantropiacortessolari.cl\/en\/wp-json\/wp\/v2\/types\/post"}],"author":[{"embeddable":true,"href":"https:\/\/www.filantropiacortessolari.cl\/en\/wp-json\/wp\/v2\/users\/1"}],"replies":[{"embeddable":true,"href":"https:\/\/www.filantropiacortessolari.cl\/en\/wp-json\/wp\/v2\/comments?post=10352"}],"version-history":[{"count":1,"href":"https:\/\/www.filantropiacortessolari.cl\/en\/wp-json\/wp\/v2\/posts\/10352\/revisions"}],"predecessor-version":[{"id":10354,"href":"https:\/\/www.filantropiacortessolari.cl\/en\/wp-json\/wp\/v2\/posts\/10352\/revisions\/10354"}],"wp:featuredmedia":[{"embeddable":true,"href":"https:\/\/www.filantropiacortessolari.cl\/en\/wp-json\/wp\/v2\/media\/10353"}],"wp:attachment":[{"href":"https:\/\/www.filantropiacortessolari.cl\/en\/wp-json\/wp\/v2\/media?parent=10352"}],"wp:term":[{"taxonomy":"category","embeddable":true,"href":"https:\/\/www.filantropiacortessolari.cl\/en\/wp-json\/wp\/v2\/categories?post=10352"},{"taxonomy":"post_tag","embeddable":true,"href":"https:\/\/www.filantropiacortessolari.cl\/en\/wp-json\/wp\/v2\/tags?post=10352"}],"curies":[{"name":"wp","href":"https:\/\/api.w.org\/{rel}","templated":true}]}}