{"id":10360,"date":"2021-09-08T10:16:09","date_gmt":"2021-09-08T13:16:09","guid":{"rendered":"https:\/\/www.filantropiacortessolari.cl\/?p=10360"},"modified":"2021-09-08T10:16:09","modified_gmt":"2021-09-08T13:16:09","slug":"futuro-360-ana-maria-molina-el-cambio-climatico-nos-necesita-desde-la-multidisciplina","status":"publish","type":"post","link":"https:\/\/www.filantropiacortessolari.cl\/en\/futuro-360-ana-maria-molina-el-cambio-climatico-nos-necesita-desde-la-multidisciplina\/","title":{"rendered":"[Futuro 360] Ana Mar\u00eda Molina: \u201cEl cambio clim\u00e1tico nos necesita desde la multidisciplina\u201d"},"content":{"rendered":"<style type=\"text\/css\"><\/style><p>En conversaci\u00f3n con Desaf\u00edo Tierra, la directora ejecutiva de la Fundaci\u00f3n Meri se refiri\u00f3 a la Segunda Conferencia sobre Evidencia Cient\u00edfica y Pol\u00edticas P\u00fablicas en Am\u00e9rica Latina y El Caribe. En esta instancia se est\u00e1n analizando y discutiendo las diferentes conclusiones del informe de la IPCC.<\/p>\n<p>En el\u00a0<a href=\"https:\/\/www.ipcc.ch\/report\/ar6\/wg1\/downloads\/report\/IPCC_AR6_WGI_SPM.pdf\" target=\"_blank\" rel=\"noopener noreferrer\">Sexto Informe de Evaluaci\u00f3n<\/a>\u00a0del Panel Intergubernamental de Expertos sobre el Cambio Clim\u00e1tico (IPCC), publicado a principios de agosto, se presentaron nuevas evidencias cient\u00edficas que\u00a0<strong>responsabilizan al ser humano de la crisis clim\u00e1tica que afecta al mundo<\/strong>.<\/p>\n<p>En la\u00a0<a href=\"https:\/\/www.futuro360.com\/desafiotierra\/cambio-climatico-evidencia-cientifica-politicas-publicas_20210907\/\" target=\"_blank\" rel=\"noopener noreferrer\">Segunda Conferencia<\/a>\u00a0sobre Evidencia Cient\u00edfica y Pol\u00edticas P\u00fablicas en Am\u00e9rica Latina y El Caribe<strong>\u00a0se est\u00e1n estudiando las diferentes conclusiones del reporte de la IPCC<\/strong>. El\u00a0<a href=\"https:\/\/www.futuro360.com\/desafiotierra\/cambio-climatico-evidencia-cientifica-politicas-publicas_20210907\/\" target=\"_blank\" rel=\"noopener noreferrer\">evento<\/a>\u00a0es organizado por el Comit\u00e9 Cient\u00edfico de Cambio Clim\u00e1tico, el Ministerio de Ciencia, la Fundaci\u00f3n MERI y la Uni\u00f3n Europea.<\/p>\n<p>\u201cEstamos tratando de impulsar que este tipo de informaci\u00f3n cient\u00edfica que a veces es muy t\u00e9cnica y compleja de entender\u00a0<strong>pueda ser dialogada, presentada y analizada desde distintos puntos de vista<\/strong>\u201d, explic\u00f3\u00a0<strong>Ana Mar\u00eda Molina<\/strong>, directora ejecutiva de la Fundaci\u00f3n Meri.<\/p>\n<div id=\"attachment_62955\" class=\"wp-caption alignnone\"><img loading=\"lazy\" decoding=\"async\" class=\"size-medium wp-image-62955\" src=\"http:\/\/t1.digitalproserver.com\/futuro360\/wp-content\/uploads\/sites\/4\/2021\/09\/pexels-artem-podrez-7048045-532x266.jpg\" sizes=\"auto, (max-width: 532px) 100vw, 532px\" srcset=\"\/\/media.cnnchile.com\/sites\/4\/2021\/09\/pexels-artem-podrez-7048045-532x266.jpg 532w, \/\/media.cnnchile.com\/sites\/4\/2021\/09\/pexels-artem-podrez-7048045.jpg 600w\" alt=\"\" width=\"532\" height=\"266\" \/><\/p>\n<p class=\"wp-caption-text\">Referencial Pexels<\/p>\n<\/div>\n<p>En entrevista con\u00a0<em>Desaf\u00edo Tierra<\/em>, la especialista afirm\u00f3 que el objetivo de esta iniciativa es llegar a consensos, para comenzar a \u201ctrabajar en conjunto\u201d. \u201c<strong>El cambio clim\u00e1tico nos necesita desde la multidisciplina<\/strong>, y, hasta ahora, hemos trabajado cada uno desde sus \u00e1mbitos y no hay tanto di\u00e1logo e interacci\u00f3n\u201d.<\/p>\n<h2>Nuevas posibilidades para Chile<\/h2>\n<p>El pa\u00eds se encuentra un escenario pol\u00edtico muy especial debido a la redacci\u00f3n de la Constituci\u00f3n y a las futuras elecciones presidenciales. \u201c<strong>Ahora es el momento de poner en la agenda legislativa, en la de nuestros constituyentes y candidatos presidenciales, las tem\u00e1ticas medioambientales<\/strong>\u201d, dijo Molina.<\/p>\n<p>La especialista reconoci\u00f3 que existen muchos desaf\u00edos \u201cen cuanto a avanzar en la protecci\u00f3n de nuestras \u00e1reas costeras,\u00a0<strong>pero tambi\u00e9n en el resguardo de otras \u00e1reas protegidas tanto terrestres como marinas<\/strong>. Ya sea m\u00e1s al interior de los oc\u00e9anos, el \u00e1rea costera o nuestro sector terrestre y glaciares\u201d.<\/p>\n<p>\u201c<strong>La evidencia cient\u00edfica lo que nos permite es proyectar lo que puede pasar y poder tener escenarios<\/strong>, rangos de escenarios de lo que puede ocurrir. Y nos permite adaptarnos, anticiparnos, prepararnos mejor\u201d, concluy\u00f3.<\/p>\n<p><iframe loading=\"lazy\" src=\"https:\/\/rudo.video\/vod\/oVXezZPCid\/skin\/simple\/i\/c2l0ZXMvNC8yMDIxLzA5L3RocnRlLnBuZw==?autostart=false\" width=\"600\" height=\"338\" frameborder=\"0\" allowfullscreen=\"allowfullscreen\"><\/iframe><\/p>\n<p>Fuente: <a href=\"https:\/\/www.futuro360.com\/videos\/ana-maria-molina-cambio-climatico-nos-necesita-multidisciplina_20210908\/\" rel=\"noopener noreferrer\" target=\"_blank\">Futuro 360<\/a><\/p>\n","protected":false},"excerpt":{"rendered":"<p>En conversaci\u00f3n con Desaf\u00edo Tierra, la directora ejecutiva de la Fundaci\u00f3n Meri se refiri\u00f3 a la Segunda Conferencia sobre Evidencia Cient\u00edfica y Pol\u00edticas P\u00fablicas en Am\u00e9rica Latina y El Caribe. En esta instancia se est\u00e1n analizando y discutiendo las diferentes conclusiones del informe de la IPCC. En el\u00a0Sexto Informe de Evaluaci\u00f3n\u00a0del Panel Intergubernamental de Expertos&#8230;<\/p>\n","protected":false},"author":1,"featured_media":10361,"comment_status":"open","ping_status":"open","sticky":false,"template":"","format":"standard","meta":{"footnotes":""},"categories":[11,31],"tags":[],"class_list":["post-10360","post","type-post","status-publish","format-standard","has-post-thumbnail","hentry","category-entrevistas-meri","category-noticias"],"translation":{"provider":"WPGlobus","version":"3.0.2","language":"en","enabled_languages":["es","en"],"languages":{"es":{"title":true,"content":true,"excerpt":false},"en":{"title":false,"content":false,"excerpt":false}}},"yoast_head":"<!-- This site is optimized with the Yoast SEO plugin v27.4 - https:\/\/yoast.com\/product\/yoast-seo-wordpress\/ -->\n<title>[Futuro 360] Ana Mar\u00eda Molina: \u201cEl cambio clim\u00e1tico nos necesita desde la multidisciplina\u201d<\/title>\n<meta name=\"robots\" content=\"index, follow, max-snippet:-1, max-image-preview:large, max-video-preview:-1\" \/>\n<link rel=\"canonical\" href=\"https:\/\/www.filantropiacortessolari.cl\/futuro-360-ana-maria-molina-el-cambio-climatico-nos-necesita-desde-la-multidisciplina\/\" \/>\n<meta property=\"og:locale\" content=\"en_US\" \/>\n<meta property=\"og:type\" content=\"article\" \/>\n<meta property=\"og:title\" content=\"[Futuro 360] Ana Mar\u00eda Molina: \u201cEl cambio clim\u00e1tico nos necesita desde la multidisciplina\u201d\" \/>\n<meta property=\"og:url\" content=\"https:\/\/www.filantropiacortessolari.cl\/futuro-360-ana-maria-molina-el-cambio-climatico-nos-necesita-desde-la-multidisciplina\/\" \/>\n<meta property=\"og:site_name\" content=\"Filantrop\u00eda Cort\u00e9s Solari\" \/>\n<meta property=\"article:published_time\" content=\"2021-09-08T13:16:09+00:00\" \/>\n<meta property=\"og:image\" content=\"https:\/\/www.filantropiacortessolari.cl\/wp-content\/uploads\/2021\/09\/Ana-Molina.png\" \/>\n\t<meta property=\"og:image:width\" content=\"1398\" \/>\n\t<meta property=\"og:image:height\" content=\"795\" \/>\n\t<meta property=\"og:image:type\" content=\"image\/png\" \/>\n<meta name=\"author\" content=\"Filantrop\u00eda Cort\u00e9s Solari\" \/>\n<meta name=\"twitter:card\" content=\"summary_large_image\" \/>\n<meta name=\"twitter:label1\" content=\"Written by\" \/>\n\t<meta name=\"twitter:data1\" content=\"Filantrop\u00eda Cort\u00e9s Solari\" \/>\n\t<meta name=\"twitter:label2\" content=\"Est. reading time\" \/>\n\t<meta name=\"twitter:data2\" content=\"2 minutes\" \/>\n<script type=\"application\/ld+json\" class=\"yoast-schema-graph\">{\"@context\":\"https:\\\/\\\/schema.org\",\"@graph\":[{\"@type\":\"Article\",\"@id\":\"https:\\\/\\\/www.filantropiacortessolari.cl\\\/futuro-360-ana-maria-molina-el-cambio-climatico-nos-necesita-desde-la-multidisciplina\\\/#article\",\"isPartOf\":{\"@id\":\"https:\\\/\\\/www.filantropiacortessolari.cl\\\/futuro-360-ana-maria-molina-el-cambio-climatico-nos-necesita-desde-la-multidisciplina\\\/\"},\"author\":{\"name\":\"Filantrop\u00eda Cort\u00e9s Solari\",\"@id\":\"https:\\\/\\\/www.filantropiacortessolari.cl\\\/#\\\/schema\\\/person\\\/e099cf1046922f4f5892172332dc86c0\"},\"headline\":\"[Futuro 360] Ana Mar\u00eda Molina: \u201cEl cambio clim\u00e1tico nos necesita desde la multidisciplina\u201d\",\"datePublished\":\"2021-09-08T13:16:09+00:00\",\"mainEntityOfPage\":{\"@id\":\"https:\\\/\\\/www.filantropiacortessolari.cl\\\/futuro-360-ana-maria-molina-el-cambio-climatico-nos-necesita-desde-la-multidisciplina\\\/\"},\"wordCount\":413,\"commentCount\":0,\"image\":{\"@id\":\"https:\\\/\\\/www.filantropiacortessolari.cl\\\/futuro-360-ana-maria-molina-el-cambio-climatico-nos-necesita-desde-la-multidisciplina\\\/#primaryimage\"},\"thumbnailUrl\":\"https:\\\/\\\/www.filantropiacortessolari.cl\\\/wp-content\\\/uploads\\\/2021\\\/09\\\/Ana-Molina.png\",\"articleSection\":[\"Entrevistas MERI\",\"Noticias\"],\"inLanguage\":\"en-US\",\"potentialAction\":[{\"@type\":\"CommentAction\",\"name\":\"Comment\",\"target\":[\"https:\\\/\\\/www.filantropiacortessolari.cl\\\/futuro-360-ana-maria-molina-el-cambio-climatico-nos-necesita-desde-la-multidisciplina\\\/#respond\"]}]},{\"@type\":\"WebPage\",\"@id\":\"https:\\\/\\\/www.filantropiacortessolari.cl\\\/futuro-360-ana-maria-molina-el-cambio-climatico-nos-necesita-desde-la-multidisciplina\\\/\",\"url\":\"https:\\\/\\\/www.filantropiacortessolari.cl\\\/futuro-360-ana-maria-molina-el-cambio-climatico-nos-necesita-desde-la-multidisciplina\\\/\",\"name\":\"[Futuro 360] Ana Mar\u00eda Molina: \u201cEl cambio clim\u00e1tico nos necesita desde la multidisciplina\u201d\",\"isPartOf\":{\"@id\":\"https:\\\/\\\/www.filantropiacortessolari.cl\\\/#website\"},\"primaryImageOfPage\":{\"@id\":\"https:\\\/\\\/www.filantropiacortessolari.cl\\\/futuro-360-ana-maria-molina-el-cambio-climatico-nos-necesita-desde-la-multidisciplina\\\/#primaryimage\"},\"image\":{\"@id\":\"https:\\\/\\\/www.filantropiacortessolari.cl\\\/futuro-360-ana-maria-molina-el-cambio-climatico-nos-necesita-desde-la-multidisciplina\\\/#primaryimage\"},\"thumbnailUrl\":\"https:\\\/\\\/www.filantropiacortessolari.cl\\\/wp-content\\\/uploads\\\/2021\\\/09\\\/Ana-Molina.png\",\"datePublished\":\"2021-09-08T13:16:09+00:00\",\"author\":{\"@id\":\"https:\\\/\\\/www.filantropiacortessolari.cl\\\/#\\\/schema\\\/person\\\/e099cf1046922f4f5892172332dc86c0\"},\"breadcrumb\":{\"@id\":\"https:\\\/\\\/www.filantropiacortessolari.cl\\\/futuro-360-ana-maria-molina-el-cambio-climatico-nos-necesita-desde-la-multidisciplina\\\/#breadcrumb\"},\"inLanguage\":\"en-US\",\"potentialAction\":[{\"@type\":\"ReadAction\",\"target\":[\"https:\\\/\\\/www.filantropiacortessolari.cl\\\/futuro-360-ana-maria-molina-el-cambio-climatico-nos-necesita-desde-la-multidisciplina\\\/\"]}]},{\"@type\":\"ImageObject\",\"inLanguage\":\"en-US\",\"@id\":\"https:\\\/\\\/www.filantropiacortessolari.cl\\\/futuro-360-ana-maria-molina-el-cambio-climatico-nos-necesita-desde-la-multidisciplina\\\/#primaryimage\",\"url\":\"https:\\\/\\\/www.filantropiacortessolari.cl\\\/wp-content\\\/uploads\\\/2021\\\/09\\\/Ana-Molina.png\",\"contentUrl\":\"https:\\\/\\\/www.filantropiacortessolari.cl\\\/wp-content\\\/uploads\\\/2021\\\/09\\\/Ana-Molina.png\",\"width\":1398,\"height\":795},{\"@type\":\"BreadcrumbList\",\"@id\":\"https:\\\/\\\/www.filantropiacortessolari.cl\\\/futuro-360-ana-maria-molina-el-cambio-climatico-nos-necesita-desde-la-multidisciplina\\\/#breadcrumb\",\"itemListElement\":[{\"@type\":\"ListItem\",\"position\":1,\"name\":\"Portada\",\"item\":\"https:\\\/\\\/www.filantropiacortessolari.cl\\\/\"},{\"@type\":\"ListItem\",\"position\":2,\"name\":\"[Futuro 360] Ana Mar\u00eda Molina: \u201cEl cambio clim\u00e1tico nos necesita desde la multidisciplina\u201d\"}]},{\"@type\":\"WebSite\",\"@id\":\"https:\\\/\\\/www.filantropiacortessolari.cl\\\/#website\",\"url\":\"https:\\\/\\\/www.filantropiacortessolari.cl\\\/\",\"name\":\"Filantrop\u00eda Cort\u00e9s Solari\",\"description\":\"Sitio web Filantrop\u00eda Cort\u00e9s Solari\",\"potentialAction\":[{\"@type\":\"SearchAction\",\"target\":{\"@type\":\"EntryPoint\",\"urlTemplate\":\"https:\\\/\\\/www.filantropiacortessolari.cl\\\/?s={search_term_string}\"},\"query-input\":{\"@type\":\"PropertyValueSpecification\",\"valueRequired\":true,\"valueName\":\"search_term_string\"}}],\"inLanguage\":\"en-US\"},{\"@type\":\"Person\",\"@id\":\"https:\\\/\\\/www.filantropiacortessolari.cl\\\/#\\\/schema\\\/person\\\/e099cf1046922f4f5892172332dc86c0\",\"name\":\"Filantrop\u00eda Cort\u00e9s Solari\",\"image\":{\"@type\":\"ImageObject\",\"inLanguage\":\"en-US\",\"@id\":\"https:\\\/\\\/secure.gravatar.com\\\/avatar\\\/9d17bfe24074ed7576e70cbeb8e010cdd7d01fae9f2047bd96cccbe629ec3c11?s=96&d=mm&r=g\",\"url\":\"https:\\\/\\\/secure.gravatar.com\\\/avatar\\\/9d17bfe24074ed7576e70cbeb8e010cdd7d01fae9f2047bd96cccbe629ec3c11?s=96&d=mm&r=g\",\"contentUrl\":\"https:\\\/\\\/secure.gravatar.com\\\/avatar\\\/9d17bfe24074ed7576e70cbeb8e010cdd7d01fae9f2047bd96cccbe629ec3c11?s=96&d=mm&r=g\",\"caption\":\"Filantrop\u00eda Cort\u00e9s Solari\"},\"url\":\"https:\\\/\\\/www.filantropiacortessolari.cl\\\/en\\\/author\\\/filantropia-cortes-solari\\\/\"}]}<\/script>\n<!-- \/ Yoast SEO plugin. -->","yoast_head_json":{"title":"[Futuro 360] Ana Mar\u00eda Molina: \u201cEl cambio clim\u00e1tico nos necesita desde la multidisciplina\u201d","robots":{"index":"index","follow":"follow","max-snippet":"max-snippet:-1","max-image-preview":"max-image-preview:large","max-video-preview":"max-video-preview:-1"},"canonical":"https:\/\/www.filantropiacortessolari.cl\/futuro-360-ana-maria-molina-el-cambio-climatico-nos-necesita-desde-la-multidisciplina\/","og_locale":"en_US","og_type":"article","og_title":"[Futuro 360] Ana Mar\u00eda Molina: \u201cEl cambio clim\u00e1tico nos necesita desde la multidisciplina\u201d","og_url":"https:\/\/www.filantropiacortessolari.cl\/futuro-360-ana-maria-molina-el-cambio-climatico-nos-necesita-desde-la-multidisciplina\/","og_site_name":"Filantrop\u00eda Cort\u00e9s Solari","article_published_time":"2021-09-08T13:16:09+00:00","og_image":[{"width":1398,"height":795,"url":"https:\/\/www.filantropiacortessolari.cl\/wp-content\/uploads\/2021\/09\/Ana-Molina.png","type":"image\/png"}],"author":"Filantrop\u00eda Cort\u00e9s Solari","twitter_card":"summary_large_image","twitter_misc":{"Written by":"Filantrop\u00eda Cort\u00e9s Solari","Est. reading time":"2 minutes"},"schema":{"@context":"https:\/\/schema.org","@graph":[{"@type":"Article","@id":"https:\/\/www.filantropiacortessolari.cl\/futuro-360-ana-maria-molina-el-cambio-climatico-nos-necesita-desde-la-multidisciplina\/#article","isPartOf":{"@id":"https:\/\/www.filantropiacortessolari.cl\/futuro-360-ana-maria-molina-el-cambio-climatico-nos-necesita-desde-la-multidisciplina\/"},"author":{"name":"Filantrop\u00eda Cort\u00e9s Solari","@id":"https:\/\/www.filantropiacortessolari.cl\/#\/schema\/person\/e099cf1046922f4f5892172332dc86c0"},"headline":"[Futuro 360] Ana Mar\u00eda Molina: \u201cEl cambio clim\u00e1tico nos necesita desde la multidisciplina\u201d","datePublished":"2021-09-08T13:16:09+00:00","mainEntityOfPage":{"@id":"https:\/\/www.filantropiacortessolari.cl\/futuro-360-ana-maria-molina-el-cambio-climatico-nos-necesita-desde-la-multidisciplina\/"},"wordCount":413,"commentCount":0,"image":{"@id":"https:\/\/www.filantropiacortessolari.cl\/futuro-360-ana-maria-molina-el-cambio-climatico-nos-necesita-desde-la-multidisciplina\/#primaryimage"},"thumbnailUrl":"https:\/\/www.filantropiacortessolari.cl\/wp-content\/uploads\/2021\/09\/Ana-Molina.png","articleSection":["Entrevistas MERI","Noticias"],"inLanguage":"en-US","potentialAction":[{"@type":"CommentAction","name":"Comment","target":["https:\/\/www.filantropiacortessolari.cl\/futuro-360-ana-maria-molina-el-cambio-climatico-nos-necesita-desde-la-multidisciplina\/#respond"]}]},{"@type":"WebPage","@id":"https:\/\/www.filantropiacortessolari.cl\/futuro-360-ana-maria-molina-el-cambio-climatico-nos-necesita-desde-la-multidisciplina\/","url":"https:\/\/www.filantropiacortessolari.cl\/futuro-360-ana-maria-molina-el-cambio-climatico-nos-necesita-desde-la-multidisciplina\/","name":"[Futuro 360] Ana Mar\u00eda Molina: \u201cEl cambio clim\u00e1tico nos necesita desde la multidisciplina\u201d","isPartOf":{"@id":"https:\/\/www.filantropiacortessolari.cl\/#website"},"primaryImageOfPage":{"@id":"https:\/\/www.filantropiacortessolari.cl\/futuro-360-ana-maria-molina-el-cambio-climatico-nos-necesita-desde-la-multidisciplina\/#primaryimage"},"image":{"@id":"https:\/\/www.filantropiacortessolari.cl\/futuro-360-ana-maria-molina-el-cambio-climatico-nos-necesita-desde-la-multidisciplina\/#primaryimage"},"thumbnailUrl":"https:\/\/www.filantropiacortessolari.cl\/wp-content\/uploads\/2021\/09\/Ana-Molina.png","datePublished":"2021-09-08T13:16:09+00:00","author":{"@id":"https:\/\/www.filantropiacortessolari.cl\/#\/schema\/person\/e099cf1046922f4f5892172332dc86c0"},"breadcrumb":{"@id":"https:\/\/www.filantropiacortessolari.cl\/futuro-360-ana-maria-molina-el-cambio-climatico-nos-necesita-desde-la-multidisciplina\/#breadcrumb"},"inLanguage":"en-US","potentialAction":[{"@type":"ReadAction","target":["https:\/\/www.filantropiacortessolari.cl\/futuro-360-ana-maria-molina-el-cambio-climatico-nos-necesita-desde-la-multidisciplina\/"]}]},{"@type":"ImageObject","inLanguage":"en-US","@id":"https:\/\/www.filantropiacortessolari.cl\/futuro-360-ana-maria-molina-el-cambio-climatico-nos-necesita-desde-la-multidisciplina\/#primaryimage","url":"https:\/\/www.filantropiacortessolari.cl\/wp-content\/uploads\/2021\/09\/Ana-Molina.png","contentUrl":"https:\/\/www.filantropiacortessolari.cl\/wp-content\/uploads\/2021\/09\/Ana-Molina.png","width":1398,"height":795},{"@type":"BreadcrumbList","@id":"https:\/\/www.filantropiacortessolari.cl\/futuro-360-ana-maria-molina-el-cambio-climatico-nos-necesita-desde-la-multidisciplina\/#breadcrumb","itemListElement":[{"@type":"ListItem","position":1,"name":"Portada","item":"https:\/\/www.filantropiacortessolari.cl\/"},{"@type":"ListItem","position":2,"name":"[Futuro 360] Ana Mar\u00eda Molina: \u201cEl cambio clim\u00e1tico nos necesita desde la multidisciplina\u201d"}]},{"@type":"WebSite","@id":"https:\/\/www.filantropiacortessolari.cl\/#website","url":"https:\/\/www.filantropiacortessolari.cl\/","name":"Filantrop\u00eda Cort\u00e9s Solari","description":"Sitio web Filantrop\u00eda Cort\u00e9s Solari","potentialAction":[{"@type":"SearchAction","target":{"@type":"EntryPoint","urlTemplate":"https:\/\/www.filantropiacortessolari.cl\/?s={search_term_string}"},"query-input":{"@type":"PropertyValueSpecification","valueRequired":true,"valueName":"search_term_string"}}],"inLanguage":"en-US"},{"@type":"Person","@id":"https:\/\/www.filantropiacortessolari.cl\/#\/schema\/person\/e099cf1046922f4f5892172332dc86c0","name":"Filantrop\u00eda Cort\u00e9s Solari","image":{"@type":"ImageObject","inLanguage":"en-US","@id":"https:\/\/secure.gravatar.com\/avatar\/9d17bfe24074ed7576e70cbeb8e010cdd7d01fae9f2047bd96cccbe629ec3c11?s=96&d=mm&r=g","url":"https:\/\/secure.gravatar.com\/avatar\/9d17bfe24074ed7576e70cbeb8e010cdd7d01fae9f2047bd96cccbe629ec3c11?s=96&d=mm&r=g","contentUrl":"https:\/\/secure.gravatar.com\/avatar\/9d17bfe24074ed7576e70cbeb8e010cdd7d01fae9f2047bd96cccbe629ec3c11?s=96&d=mm&r=g","caption":"Filantrop\u00eda Cort\u00e9s Solari"},"url":"https:\/\/www.filantropiacortessolari.cl\/en\/author\/filantropia-cortes-solari\/"}]}},"_links":{"self":[{"href":"https:\/\/www.filantropiacortessolari.cl\/en\/wp-json\/wp\/v2\/posts\/10360","targetHints":{"allow":["GET"]}}],"collection":[{"href":"https:\/\/www.filantropiacortessolari.cl\/en\/wp-json\/wp\/v2\/posts"}],"about":[{"href":"https:\/\/www.filantropiacortessolari.cl\/en\/wp-json\/wp\/v2\/types\/post"}],"author":[{"embeddable":true,"href":"https:\/\/www.filantropiacortessolari.cl\/en\/wp-json\/wp\/v2\/users\/1"}],"replies":[{"embeddable":true,"href":"https:\/\/www.filantropiacortessolari.cl\/en\/wp-json\/wp\/v2\/comments?post=10360"}],"version-history":[{"count":1,"href":"https:\/\/www.filantropiacortessolari.cl\/en\/wp-json\/wp\/v2\/posts\/10360\/revisions"}],"predecessor-version":[{"id":10362,"href":"https:\/\/www.filantropiacortessolari.cl\/en\/wp-json\/wp\/v2\/posts\/10360\/revisions\/10362"}],"wp:featuredmedia":[{"embeddable":true,"href":"https:\/\/www.filantropiacortessolari.cl\/en\/wp-json\/wp\/v2\/media\/10361"}],"wp:attachment":[{"href":"https:\/\/www.filantropiacortessolari.cl\/en\/wp-json\/wp\/v2\/media?parent=10360"}],"wp:term":[{"taxonomy":"category","embeddable":true,"href":"https:\/\/www.filantropiacortessolari.cl\/en\/wp-json\/wp\/v2\/categories?post=10360"},{"taxonomy":"post_tag","embeddable":true,"href":"https:\/\/www.filantropiacortessolari.cl\/en\/wp-json\/wp\/v2\/tags?post=10360"}],"curies":[{"name":"wp","href":"https:\/\/api.w.org\/{rel}","templated":true}]}}