{"id":10367,"date":"2021-09-08T13:17:35","date_gmt":"2021-09-08T16:17:35","guid":{"rendered":"https:\/\/www.filantropiacortessolari.cl\/?p=10367"},"modified":"2021-09-08T15:57:55","modified_gmt":"2021-09-08T18:57:55","slug":"delegacion-joven-unicef-y-fundacion-meri-se-alian-por-la-ninez-y-juventud-de-alc","status":"publish","type":"post","link":"https:\/\/www.filantropiacortessolari.cl\/en\/delegacion-joven-unicef-y-fundacion-meri-se-alian-por-la-ninez-y-juventud-de-alc\/","title":{"rendered":"Delegaci\u00f3n joven, Unicef y Fundaci\u00f3n MERI se al\u00edan por la ni\u00f1ez y juventud de ALC"},"content":{"rendered":"<style type=\"text\/css\"> \n#cmsms_row_69f087251000b9_99895874 .cmsms_row_outer_parent { \n\tpadding-top: 0px; \n} \n\n#cmsms_row_69f087251000b9_99895874 .cmsms_row_outer_parent { \n\tpadding-bottom: 50px; \n} \n\n<\/style><div id=\"cmsms_row_69f087251000b9_99895874\" class=\"cmsms_row cmsms_color_scheme_default\">\n<div class=\"cmsms_row_outer_parent\">\n<div class=\"cmsms_row_outer\">\n<div class=\"cmsms_row_inner\">\n<div class=\"cmsms_row_margin\">\n<div class=\"cmsms_column one_half\">\n<div class=\"cmsms_text\">\n<p><img loading=\"lazy\" decoding=\"async\" class=\"aligncenter size-full wp-image-10368\" src=\"https:\/\/www.filantropiacortessolari.cl\/wp-content\/uploads\/2021\/09\/jovenes2.jpeg\" alt=\"\" width=\"1080\" height=\"1080\" srcset=\"https:\/\/www.filantropiacortessolari.cl\/wp-content\/uploads\/2021\/09\/jovenes2.jpeg 1080w, https:\/\/www.filantropiacortessolari.cl\/wp-content\/uploads\/2021\/09\/jovenes2-300x300.jpeg 300w, https:\/\/www.filantropiacortessolari.cl\/wp-content\/uploads\/2021\/09\/jovenes2-1024x1024.jpeg 1024w, https:\/\/www.filantropiacortessolari.cl\/wp-content\/uploads\/2021\/09\/jovenes2-150x150.jpeg 150w, https:\/\/www.filantropiacortessolari.cl\/wp-content\/uploads\/2021\/09\/jovenes2-768x768.jpeg 768w, https:\/\/www.filantropiacortessolari.cl\/wp-content\/uploads\/2021\/09\/jovenes2-55x55.jpeg 55w, https:\/\/www.filantropiacortessolari.cl\/wp-content\/uploads\/2021\/09\/jovenes2-250x250.jpeg 250w, https:\/\/www.filantropiacortessolari.cl\/wp-content\/uploads\/2021\/09\/jovenes2-580x580.jpeg 580w, https:\/\/www.filantropiacortessolari.cl\/wp-content\/uploads\/2021\/09\/jovenes2-820x820.jpeg 820w\" sizes=\"auto, (max-width: 1080px) 100vw, 1080px\" \/><\/p>\n<\/div>\n<\/div>\n<div class=\"cmsms_column one_half\">\n<div class=\"cmsms_text\">\n<p><img loading=\"lazy\" decoding=\"async\" class=\"aligncenter size-full wp-image-10369\" src=\"https:\/\/www.filantropiacortessolari.cl\/wp-content\/uploads\/2021\/09\/jovenes.jpeg\" alt=\"\" width=\"1080\" height=\"1080\" srcset=\"https:\/\/www.filantropiacortessolari.cl\/wp-content\/uploads\/2021\/09\/jovenes.jpeg 1080w, https:\/\/www.filantropiacortessolari.cl\/wp-content\/uploads\/2021\/09\/jovenes-300x300.jpeg 300w, https:\/\/www.filantropiacortessolari.cl\/wp-content\/uploads\/2021\/09\/jovenes-1024x1024.jpeg 1024w, https:\/\/www.filantropiacortessolari.cl\/wp-content\/uploads\/2021\/09\/jovenes-150x150.jpeg 150w, https:\/\/www.filantropiacortessolari.cl\/wp-content\/uploads\/2021\/09\/jovenes-768x768.jpeg 768w, https:\/\/www.filantropiacortessolari.cl\/wp-content\/uploads\/2021\/09\/jovenes-55x55.jpeg 55w, https:\/\/www.filantropiacortessolari.cl\/wp-content\/uploads\/2021\/09\/jovenes-250x250.jpeg 250w, https:\/\/www.filantropiacortessolari.cl\/wp-content\/uploads\/2021\/09\/jovenes-580x580.jpeg 580w, https:\/\/www.filantropiacortessolari.cl\/wp-content\/uploads\/2021\/09\/jovenes-820x820.jpeg 820w\" sizes=\"auto, (max-width: 1080px) 100vw, 1080px\" \/><\/p>\n<\/div>\n<\/div>\n<\/div>\n<\/div>\n<\/div>\n<\/div>\n<\/div>\n<div id=\"cmsms_row_69f08725101815_42376303\" class=\"cmsms_row cmsms_color_scheme_default\">\n<div class=\"cmsms_row_outer_parent\">\n<div class=\"cmsms_row_outer\">\n<div class=\"cmsms_row_inner\">\n<div class=\"cmsms_row_margin\">\n<div class=\"cmsms_column one_first\">\n<div class=\"cmsms_text\">\n<p>Fundaci\u00f3n MERI y UNICEF han suscrito una alianza que busca desarrollar conjuntamente acciones clim\u00e1ticas y ambientales en Am\u00e9rica Latina y el Caribe (ALC), principalmente avanzando en la educaci\u00f3n ambiental y logrando que ni\u00f1os, ni\u00f1as y j\u00f3venes de la regi\u00f3n sean protagonistas de las soluciones para proteger al planeta. Esta alianza contribuir\u00e1 al logro y aceleraci\u00f3n de la Agenda 2030 y en especial de los Objetivos de Desarrollo Sostenible 4, 6, 7, 13, 14, 15 y 17.<\/p>\n<p>Considerando que los j\u00f3venes son una poblaci\u00f3n en situaci\u00f3n de vulnerabilidad frente a los impactos del cambio clim\u00e1tico como tambi\u00e9n agentes de cambio, se ha garantizado su participaci\u00f3n en la 2da Conferencia Evidencia cient\u00edfica y Pol\u00edticas P\u00fablicas: Cambio Clim\u00e1tico en Am\u00e9rica Latina y el Caribe, contando con espacios de capacitaci\u00f3n y di\u00e1logo para tener una participaci\u00f3n plena.<\/p>\n<p>El encuentro es integrado por expertos a nivel internacional, representantes de la sociedad civil, pueblos originarios, tomadores de decisi\u00f3n y la Delegaci\u00f3n Joven, integrada por 24 adolescentes y j\u00f3venes de entre 15 y 25 a\u00f1os y pertenecientes a 18 pa\u00edses de Am\u00e9rica Latina y el Caribe. La juventud de la regi\u00f3n, est\u00e1 siendo protagonista del cambio y pidiendo desesperadamente a los gobiernos que act\u00faen de forma urgente y ambiciosa.<\/p>\n<p>Fundaci\u00f3n MERI, UNICEF y la juventud de Am\u00e9rica Latina y el Caribe se al\u00edan para empoderar a esta nueva generaci\u00f3n cuya acci\u00f3n es, sin duda, una de las claves para afrontar la crisis clim\u00e1tica y ambiental.<\/p>\n<iframe loading=\"lazy\" title=\"YouTube video player\" src=\"https:\/\/www.youtube.com\/embed\/vUS6Yy9PK0k\" width=\"100%\" height=\"360\" frameborder=\"0\" allowfullscreen=\"allowfullscreen\"><\/iframe>\n<p><a href=\"https:\/\/www.unicef.org\/lac\/delegacion-joven-activistas-cambio-climatico\" target=\"_blank\" rel=\"noopener noreferrer\">Conoce a la Delegaci\u00f3n Joven aqu\u00ed<\/a><\/p>\n<\/div>\n<\/div>\n<\/div>\n<\/div>\n<\/div>\n<\/div>\n<\/div>\n\n","protected":false},"excerpt":{"rendered":"","protected":false},"author":1,"featured_media":10369,"comment_status":"open","ping_status":"open","sticky":false,"template":"","format":"standard","meta":{"footnotes":""},"categories":[31],"tags":[],"class_list":["post-10367","post","type-post","status-publish","format-standard","has-post-thumbnail","hentry","category-noticias"],"translation":{"provider":"WPGlobus","version":"3.0.2","language":"en","enabled_languages":["es","en"],"languages":{"es":{"title":true,"content":true,"excerpt":false},"en":{"title":false,"content":false,"excerpt":false}}},"yoast_head":"<!-- This site is optimized with the Yoast SEO plugin v27.4 - https:\/\/yoast.com\/product\/yoast-seo-wordpress\/ -->\n<title>Delegaci\u00f3n joven, Unicef y Fundaci\u00f3n MERI se al\u00edan por la ni\u00f1ez y juventud de ALC<\/title>\n<meta name=\"robots\" content=\"index, follow, max-snippet:-1, max-image-preview:large, max-video-preview:-1\" \/>\n<link rel=\"canonical\" href=\"https:\/\/www.filantropiacortessolari.cl\/delegacion-joven-unicef-y-fundacion-meri-se-alian-por-la-ninez-y-juventud-de-alc\/\" \/>\n<meta property=\"og:locale\" content=\"en_US\" \/>\n<meta property=\"og:type\" content=\"article\" \/>\n<meta property=\"og:title\" content=\"Delegaci\u00f3n joven, Unicef y Fundaci\u00f3n MERI se al\u00edan por la ni\u00f1ez y juventud de ALC\" \/>\n<meta property=\"og:url\" content=\"https:\/\/www.filantropiacortessolari.cl\/delegacion-joven-unicef-y-fundacion-meri-se-alian-por-la-ninez-y-juventud-de-alc\/\" \/>\n<meta property=\"og:site_name\" content=\"Filantrop\u00eda Cort\u00e9s Solari\" \/>\n<meta property=\"article:published_time\" content=\"2021-09-08T16:17:35+00:00\" \/>\n<meta property=\"article:modified_time\" content=\"2021-09-08T18:57:55+00:00\" \/>\n<meta property=\"og:image\" content=\"https:\/\/www.filantropiacortessolari.cl\/wp-content\/uploads\/2021\/09\/jovenes.jpeg\" \/>\n\t<meta property=\"og:image:width\" content=\"1080\" \/>\n\t<meta property=\"og:image:height\" content=\"1080\" \/>\n\t<meta property=\"og:image:type\" content=\"image\/jpeg\" \/>\n<meta name=\"author\" content=\"Filantrop\u00eda Cort\u00e9s Solari\" \/>\n<meta name=\"twitter:card\" content=\"summary_large_image\" \/>\n<meta name=\"twitter:label1\" content=\"Written by\" \/>\n\t<meta name=\"twitter:data1\" content=\"Filantrop\u00eda Cort\u00e9s Solari\" \/>\n\t<meta name=\"twitter:label2\" content=\"Est. reading time\" \/>\n\t<meta name=\"twitter:data2\" content=\"2 minutes\" \/>\n<script type=\"application\/ld+json\" class=\"yoast-schema-graph\">{\"@context\":\"https:\\\/\\\/schema.org\",\"@graph\":[{\"@type\":\"Article\",\"@id\":\"https:\\\/\\\/www.filantropiacortessolari.cl\\\/delegacion-joven-unicef-y-fundacion-meri-se-alian-por-la-ninez-y-juventud-de-alc\\\/#article\",\"isPartOf\":{\"@id\":\"https:\\\/\\\/www.filantropiacortessolari.cl\\\/delegacion-joven-unicef-y-fundacion-meri-se-alian-por-la-ninez-y-juventud-de-alc\\\/\"},\"author\":{\"name\":\"Filantrop\u00eda Cort\u00e9s Solari\",\"@id\":\"https:\\\/\\\/www.filantropiacortessolari.cl\\\/#\\\/schema\\\/person\\\/e099cf1046922f4f5892172332dc86c0\"},\"headline\":\"Delegaci\u00f3n joven, Unicef y Fundaci\u00f3n MERI se al\u00edan por la ni\u00f1ez y juventud de ALC\",\"datePublished\":\"2021-09-08T16:17:35+00:00\",\"dateModified\":\"2021-09-08T18:57:55+00:00\",\"mainEntityOfPage\":{\"@id\":\"https:\\\/\\\/www.filantropiacortessolari.cl\\\/delegacion-joven-unicef-y-fundacion-meri-se-alian-por-la-ninez-y-juventud-de-alc\\\/\"},\"wordCount\":370,\"commentCount\":0,\"image\":{\"@id\":\"https:\\\/\\\/www.filantropiacortessolari.cl\\\/delegacion-joven-unicef-y-fundacion-meri-se-alian-por-la-ninez-y-juventud-de-alc\\\/#primaryimage\"},\"thumbnailUrl\":\"https:\\\/\\\/www.filantropiacortessolari.cl\\\/wp-content\\\/uploads\\\/2021\\\/09\\\/jovenes.jpeg\",\"articleSection\":[\"Noticias\"],\"inLanguage\":\"en-US\",\"potentialAction\":[{\"@type\":\"CommentAction\",\"name\":\"Comment\",\"target\":[\"https:\\\/\\\/www.filantropiacortessolari.cl\\\/delegacion-joven-unicef-y-fundacion-meri-se-alian-por-la-ninez-y-juventud-de-alc\\\/#respond\"]}]},{\"@type\":\"WebPage\",\"@id\":\"https:\\\/\\\/www.filantropiacortessolari.cl\\\/delegacion-joven-unicef-y-fundacion-meri-se-alian-por-la-ninez-y-juventud-de-alc\\\/\",\"url\":\"https:\\\/\\\/www.filantropiacortessolari.cl\\\/delegacion-joven-unicef-y-fundacion-meri-se-alian-por-la-ninez-y-juventud-de-alc\\\/\",\"name\":\"Delegaci\u00f3n joven, Unicef y Fundaci\u00f3n MERI se al\u00edan por la ni\u00f1ez y juventud de ALC\",\"isPartOf\":{\"@id\":\"https:\\\/\\\/www.filantropiacortessolari.cl\\\/#website\"},\"primaryImageOfPage\":{\"@id\":\"https:\\\/\\\/www.filantropiacortessolari.cl\\\/delegacion-joven-unicef-y-fundacion-meri-se-alian-por-la-ninez-y-juventud-de-alc\\\/#primaryimage\"},\"image\":{\"@id\":\"https:\\\/\\\/www.filantropiacortessolari.cl\\\/delegacion-joven-unicef-y-fundacion-meri-se-alian-por-la-ninez-y-juventud-de-alc\\\/#primaryimage\"},\"thumbnailUrl\":\"https:\\\/\\\/www.filantropiacortessolari.cl\\\/wp-content\\\/uploads\\\/2021\\\/09\\\/jovenes.jpeg\",\"datePublished\":\"2021-09-08T16:17:35+00:00\",\"dateModified\":\"2021-09-08T18:57:55+00:00\",\"author\":{\"@id\":\"https:\\\/\\\/www.filantropiacortessolari.cl\\\/#\\\/schema\\\/person\\\/e099cf1046922f4f5892172332dc86c0\"},\"breadcrumb\":{\"@id\":\"https:\\\/\\\/www.filantropiacortessolari.cl\\\/delegacion-joven-unicef-y-fundacion-meri-se-alian-por-la-ninez-y-juventud-de-alc\\\/#breadcrumb\"},\"inLanguage\":\"en-US\",\"potentialAction\":[{\"@type\":\"ReadAction\",\"target\":[\"https:\\\/\\\/www.filantropiacortessolari.cl\\\/delegacion-joven-unicef-y-fundacion-meri-se-alian-por-la-ninez-y-juventud-de-alc\\\/\"]}]},{\"@type\":\"ImageObject\",\"inLanguage\":\"en-US\",\"@id\":\"https:\\\/\\\/www.filantropiacortessolari.cl\\\/delegacion-joven-unicef-y-fundacion-meri-se-alian-por-la-ninez-y-juventud-de-alc\\\/#primaryimage\",\"url\":\"https:\\\/\\\/www.filantropiacortessolari.cl\\\/wp-content\\\/uploads\\\/2021\\\/09\\\/jovenes.jpeg\",\"contentUrl\":\"https:\\\/\\\/www.filantropiacortessolari.cl\\\/wp-content\\\/uploads\\\/2021\\\/09\\\/jovenes.jpeg\",\"width\":1080,\"height\":1080},{\"@type\":\"BreadcrumbList\",\"@id\":\"https:\\\/\\\/www.filantropiacortessolari.cl\\\/delegacion-joven-unicef-y-fundacion-meri-se-alian-por-la-ninez-y-juventud-de-alc\\\/#breadcrumb\",\"itemListElement\":[{\"@type\":\"ListItem\",\"position\":1,\"name\":\"Portada\",\"item\":\"https:\\\/\\\/www.filantropiacortessolari.cl\\\/\"},{\"@type\":\"ListItem\",\"position\":2,\"name\":\"Delegaci\u00f3n joven, Unicef y Fundaci\u00f3n MERI se al\u00edan por la ni\u00f1ez y juventud de ALC\"}]},{\"@type\":\"WebSite\",\"@id\":\"https:\\\/\\\/www.filantropiacortessolari.cl\\\/#website\",\"url\":\"https:\\\/\\\/www.filantropiacortessolari.cl\\\/\",\"name\":\"Filantrop\u00eda Cort\u00e9s Solari\",\"description\":\"Sitio web Filantrop\u00eda Cort\u00e9s Solari\",\"potentialAction\":[{\"@type\":\"SearchAction\",\"target\":{\"@type\":\"EntryPoint\",\"urlTemplate\":\"https:\\\/\\\/www.filantropiacortessolari.cl\\\/?s={search_term_string}\"},\"query-input\":{\"@type\":\"PropertyValueSpecification\",\"valueRequired\":true,\"valueName\":\"search_term_string\"}}],\"inLanguage\":\"en-US\"},{\"@type\":\"Person\",\"@id\":\"https:\\\/\\\/www.filantropiacortessolari.cl\\\/#\\\/schema\\\/person\\\/e099cf1046922f4f5892172332dc86c0\",\"name\":\"Filantrop\u00eda Cort\u00e9s Solari\",\"image\":{\"@type\":\"ImageObject\",\"inLanguage\":\"en-US\",\"@id\":\"https:\\\/\\\/secure.gravatar.com\\\/avatar\\\/9d17bfe24074ed7576e70cbeb8e010cdd7d01fae9f2047bd96cccbe629ec3c11?s=96&d=mm&r=g\",\"url\":\"https:\\\/\\\/secure.gravatar.com\\\/avatar\\\/9d17bfe24074ed7576e70cbeb8e010cdd7d01fae9f2047bd96cccbe629ec3c11?s=96&d=mm&r=g\",\"contentUrl\":\"https:\\\/\\\/secure.gravatar.com\\\/avatar\\\/9d17bfe24074ed7576e70cbeb8e010cdd7d01fae9f2047bd96cccbe629ec3c11?s=96&d=mm&r=g\",\"caption\":\"Filantrop\u00eda Cort\u00e9s Solari\"},\"url\":\"https:\\\/\\\/www.filantropiacortessolari.cl\\\/en\\\/author\\\/filantropia-cortes-solari\\\/\"}]}<\/script>\n<!-- \/ Yoast SEO plugin. -->","yoast_head_json":{"title":"Delegaci\u00f3n joven, Unicef y Fundaci\u00f3n MERI se al\u00edan por la ni\u00f1ez y juventud de ALC","robots":{"index":"index","follow":"follow","max-snippet":"max-snippet:-1","max-image-preview":"max-image-preview:large","max-video-preview":"max-video-preview:-1"},"canonical":"https:\/\/www.filantropiacortessolari.cl\/delegacion-joven-unicef-y-fundacion-meri-se-alian-por-la-ninez-y-juventud-de-alc\/","og_locale":"en_US","og_type":"article","og_title":"Delegaci\u00f3n joven, Unicef y Fundaci\u00f3n MERI se al\u00edan por la ni\u00f1ez y juventud de ALC","og_url":"https:\/\/www.filantropiacortessolari.cl\/delegacion-joven-unicef-y-fundacion-meri-se-alian-por-la-ninez-y-juventud-de-alc\/","og_site_name":"Filantrop\u00eda Cort\u00e9s Solari","article_published_time":"2021-09-08T16:17:35+00:00","article_modified_time":"2021-09-08T18:57:55+00:00","og_image":[{"width":1080,"height":1080,"url":"https:\/\/www.filantropiacortessolari.cl\/wp-content\/uploads\/2021\/09\/jovenes.jpeg","type":"image\/jpeg"}],"author":"Filantrop\u00eda Cort\u00e9s Solari","twitter_card":"summary_large_image","twitter_misc":{"Written by":"Filantrop\u00eda Cort\u00e9s Solari","Est. reading time":"2 minutes"},"schema":{"@context":"https:\/\/schema.org","@graph":[{"@type":"Article","@id":"https:\/\/www.filantropiacortessolari.cl\/delegacion-joven-unicef-y-fundacion-meri-se-alian-por-la-ninez-y-juventud-de-alc\/#article","isPartOf":{"@id":"https:\/\/www.filantropiacortessolari.cl\/delegacion-joven-unicef-y-fundacion-meri-se-alian-por-la-ninez-y-juventud-de-alc\/"},"author":{"name":"Filantrop\u00eda Cort\u00e9s Solari","@id":"https:\/\/www.filantropiacortessolari.cl\/#\/schema\/person\/e099cf1046922f4f5892172332dc86c0"},"headline":"Delegaci\u00f3n joven, Unicef y Fundaci\u00f3n MERI se al\u00edan por la ni\u00f1ez y juventud de ALC","datePublished":"2021-09-08T16:17:35+00:00","dateModified":"2021-09-08T18:57:55+00:00","mainEntityOfPage":{"@id":"https:\/\/www.filantropiacortessolari.cl\/delegacion-joven-unicef-y-fundacion-meri-se-alian-por-la-ninez-y-juventud-de-alc\/"},"wordCount":370,"commentCount":0,"image":{"@id":"https:\/\/www.filantropiacortessolari.cl\/delegacion-joven-unicef-y-fundacion-meri-se-alian-por-la-ninez-y-juventud-de-alc\/#primaryimage"},"thumbnailUrl":"https:\/\/www.filantropiacortessolari.cl\/wp-content\/uploads\/2021\/09\/jovenes.jpeg","articleSection":["Noticias"],"inLanguage":"en-US","potentialAction":[{"@type":"CommentAction","name":"Comment","target":["https:\/\/www.filantropiacortessolari.cl\/delegacion-joven-unicef-y-fundacion-meri-se-alian-por-la-ninez-y-juventud-de-alc\/#respond"]}]},{"@type":"WebPage","@id":"https:\/\/www.filantropiacortessolari.cl\/delegacion-joven-unicef-y-fundacion-meri-se-alian-por-la-ninez-y-juventud-de-alc\/","url":"https:\/\/www.filantropiacortessolari.cl\/delegacion-joven-unicef-y-fundacion-meri-se-alian-por-la-ninez-y-juventud-de-alc\/","name":"Delegaci\u00f3n joven, Unicef y Fundaci\u00f3n MERI se al\u00edan por la ni\u00f1ez y juventud de ALC","isPartOf":{"@id":"https:\/\/www.filantropiacortessolari.cl\/#website"},"primaryImageOfPage":{"@id":"https:\/\/www.filantropiacortessolari.cl\/delegacion-joven-unicef-y-fundacion-meri-se-alian-por-la-ninez-y-juventud-de-alc\/#primaryimage"},"image":{"@id":"https:\/\/www.filantropiacortessolari.cl\/delegacion-joven-unicef-y-fundacion-meri-se-alian-por-la-ninez-y-juventud-de-alc\/#primaryimage"},"thumbnailUrl":"https:\/\/www.filantropiacortessolari.cl\/wp-content\/uploads\/2021\/09\/jovenes.jpeg","datePublished":"2021-09-08T16:17:35+00:00","dateModified":"2021-09-08T18:57:55+00:00","author":{"@id":"https:\/\/www.filantropiacortessolari.cl\/#\/schema\/person\/e099cf1046922f4f5892172332dc86c0"},"breadcrumb":{"@id":"https:\/\/www.filantropiacortessolari.cl\/delegacion-joven-unicef-y-fundacion-meri-se-alian-por-la-ninez-y-juventud-de-alc\/#breadcrumb"},"inLanguage":"en-US","potentialAction":[{"@type":"ReadAction","target":["https:\/\/www.filantropiacortessolari.cl\/delegacion-joven-unicef-y-fundacion-meri-se-alian-por-la-ninez-y-juventud-de-alc\/"]}]},{"@type":"ImageObject","inLanguage":"en-US","@id":"https:\/\/www.filantropiacortessolari.cl\/delegacion-joven-unicef-y-fundacion-meri-se-alian-por-la-ninez-y-juventud-de-alc\/#primaryimage","url":"https:\/\/www.filantropiacortessolari.cl\/wp-content\/uploads\/2021\/09\/jovenes.jpeg","contentUrl":"https:\/\/www.filantropiacortessolari.cl\/wp-content\/uploads\/2021\/09\/jovenes.jpeg","width":1080,"height":1080},{"@type":"BreadcrumbList","@id":"https:\/\/www.filantropiacortessolari.cl\/delegacion-joven-unicef-y-fundacion-meri-se-alian-por-la-ninez-y-juventud-de-alc\/#breadcrumb","itemListElement":[{"@type":"ListItem","position":1,"name":"Portada","item":"https:\/\/www.filantropiacortessolari.cl\/"},{"@type":"ListItem","position":2,"name":"Delegaci\u00f3n joven, Unicef y Fundaci\u00f3n MERI se al\u00edan por la ni\u00f1ez y juventud de ALC"}]},{"@type":"WebSite","@id":"https:\/\/www.filantropiacortessolari.cl\/#website","url":"https:\/\/www.filantropiacortessolari.cl\/","name":"Filantrop\u00eda Cort\u00e9s Solari","description":"Sitio web Filantrop\u00eda Cort\u00e9s Solari","potentialAction":[{"@type":"SearchAction","target":{"@type":"EntryPoint","urlTemplate":"https:\/\/www.filantropiacortessolari.cl\/?s={search_term_string}"},"query-input":{"@type":"PropertyValueSpecification","valueRequired":true,"valueName":"search_term_string"}}],"inLanguage":"en-US"},{"@type":"Person","@id":"https:\/\/www.filantropiacortessolari.cl\/#\/schema\/person\/e099cf1046922f4f5892172332dc86c0","name":"Filantrop\u00eda Cort\u00e9s Solari","image":{"@type":"ImageObject","inLanguage":"en-US","@id":"https:\/\/secure.gravatar.com\/avatar\/9d17bfe24074ed7576e70cbeb8e010cdd7d01fae9f2047bd96cccbe629ec3c11?s=96&d=mm&r=g","url":"https:\/\/secure.gravatar.com\/avatar\/9d17bfe24074ed7576e70cbeb8e010cdd7d01fae9f2047bd96cccbe629ec3c11?s=96&d=mm&r=g","contentUrl":"https:\/\/secure.gravatar.com\/avatar\/9d17bfe24074ed7576e70cbeb8e010cdd7d01fae9f2047bd96cccbe629ec3c11?s=96&d=mm&r=g","caption":"Filantrop\u00eda Cort\u00e9s Solari"},"url":"https:\/\/www.filantropiacortessolari.cl\/en\/author\/filantropia-cortes-solari\/"}]}},"_links":{"self":[{"href":"https:\/\/www.filantropiacortessolari.cl\/en\/wp-json\/wp\/v2\/posts\/10367","targetHints":{"allow":["GET"]}}],"collection":[{"href":"https:\/\/www.filantropiacortessolari.cl\/en\/wp-json\/wp\/v2\/posts"}],"about":[{"href":"https:\/\/www.filantropiacortessolari.cl\/en\/wp-json\/wp\/v2\/types\/post"}],"author":[{"embeddable":true,"href":"https:\/\/www.filantropiacortessolari.cl\/en\/wp-json\/wp\/v2\/users\/1"}],"replies":[{"embeddable":true,"href":"https:\/\/www.filantropiacortessolari.cl\/en\/wp-json\/wp\/v2\/comments?post=10367"}],"version-history":[{"count":4,"href":"https:\/\/www.filantropiacortessolari.cl\/en\/wp-json\/wp\/v2\/posts\/10367\/revisions"}],"predecessor-version":[{"id":10374,"href":"https:\/\/www.filantropiacortessolari.cl\/en\/wp-json\/wp\/v2\/posts\/10367\/revisions\/10374"}],"wp:featuredmedia":[{"embeddable":true,"href":"https:\/\/www.filantropiacortessolari.cl\/en\/wp-json\/wp\/v2\/media\/10369"}],"wp:attachment":[{"href":"https:\/\/www.filantropiacortessolari.cl\/en\/wp-json\/wp\/v2\/media?parent=10367"}],"wp:term":[{"taxonomy":"category","embeddable":true,"href":"https:\/\/www.filantropiacortessolari.cl\/en\/wp-json\/wp\/v2\/categories?post=10367"},{"taxonomy":"post_tag","embeddable":true,"href":"https:\/\/www.filantropiacortessolari.cl\/en\/wp-json\/wp\/v2\/tags?post=10367"}],"curies":[{"name":"wp","href":"https:\/\/api.w.org\/{rel}","templated":true}]}}