{"id":10388,"date":"2021-10-20T18:32:39","date_gmt":"2021-10-20T21:32:39","guid":{"rendered":"https:\/\/www.filantropiacortessolari.cl\/?p=10388"},"modified":"2021-10-20T18:32:39","modified_gmt":"2021-10-20T21:32:39","slug":"oficios-ancestrales-relatos-andinos-del-desierto-de-atacama-y-de-los-andes","status":"publish","type":"post","link":"https:\/\/www.filantropiacortessolari.cl\/en\/oficios-ancestrales-relatos-andinos-del-desierto-de-atacama-y-de-los-andes\/","title":{"rendered":"Oficios Ancestrales: Relatos Andinos del Desierto de Atacama y de Los Andes\u201d"},"content":{"rendered":"<style type=\"text\/css\"><\/style><p><strong>Nos reconectamos con lo esencial<\/strong><\/p>\n<p>La colecci\u00f3n de 14 cap\u00edtulos -realizada por Fundaci\u00f3n Caserta en conjunto con Reservas Elementales- ser\u00e1 difundida en bibliotecas, colegios, museos y centros culturales.<\/p>\n<p>Fundaci\u00f3n Caserta, en conjunto con Reserva Elemental,\u00a0lanz\u00f3 la colecci\u00f3n \u201cOficios Ancestrales: relatos andinos del Desierto de Atacama y de Los Andes\u201d, una serie de libros que busca visibilizar y poner en valor los saberes y conocimientos de pueblos originarios a trav\u00e9s de sus propias voces. Esta iniciativa est\u00e1 plasmada a trav\u00e9s de una colecci\u00f3n de 14 librillos que se difundir\u00e1n a trav\u00e9s de diversos espacios como bibliotecas, colegios, redes de apoyo, etc.<\/p>\n<p>Este trabajo comenz\u00f3 el 2017 para reconectarnos con lo escencial: nuestra memoria, recuperando la sabidur\u00eda y conocimientos de los oficios ancestrales que nos acercan a nuestros or\u00edgenes. \u00a0El material incluye una gu\u00eda educativa sobre diversos oficios de representantes de los pueblos ind\u00edgenas\u00a0 Lickanantay y Quechua y abarca los siguientes oficios: alfarer\u00eda; textileria; floreamiento; molienda; adobe; hilado, te\u00f1ido &amp; soga; pastoreo; partera; curandera; tinku; metalurgia; m\u00fasica; agricultura y astronom\u00eda Andina.<\/p>\n<p>Resulta fundamental difundir y conocer los saberes y pr\u00e1cticas ancestrales que existen en los pueblos originarios. En ellos hay una sabidur\u00eda y un\u00a0 respeto a la naturaleza, a sus ciclos, que hoy d\u00eda resultan fundamentales. A trav\u00e9s de los relatos vivos de los cultores y cultoras se da a conocer el origen del oficio, el paso a paso de \u00e9ste, pero tambi\u00e9n parte de su cosmovisi\u00f3n, muy cargada de simbolismos y mensajes.<\/p>\n<p>Para la distribuci\u00f3n de este material ya sea en forma impresa o digital, Fundaci\u00f3n Caserta, en alianza\u00a0 con Fundaci\u00f3n La Fuente y la Corporaci\u00f3n Patrimonio Chile, puso a disposici\u00f3n el material que podr\u00e1n encontrarse en la Biblioteca Nacional y bibliotecas comunales (Conchal\u00ed, Santiago), Museos (Bellas Artes, Benjam\u00edn Vicu\u00f1a Mackena), Centros Culturales (GAM , MAC); Sociedad Protectora de la Infancia y universidades (Adolfo Ib\u00e1\u00f1ez, UDP, UDD), entre otras organizaciones.<\/p>\n<p>Son 30 bibliotecas vinculadas a trav\u00e9s de la Corporaci\u00f3n Patrimonio Chile y m\u00e1s de 40 gracias a Fundaci\u00f3n La Fuente, entre las cuales se encuentran las 10 Bibliotecas presentes en Mall Plaza y otras tantas de diversos colegios asociados.<\/p>\n","protected":false},"excerpt":{"rendered":"<p>Nos reconectamos con lo esencial La colecci\u00f3n de 14 cap\u00edtulos -realizada por Fundaci\u00f3n Caserta en conjunto con Reservas Elementales- ser\u00e1 difundida en bibliotecas, colegios, museos y centros culturales. Fundaci\u00f3n Caserta, en conjunto con Reserva Elemental,\u00a0lanz\u00f3 la colecci\u00f3n \u201cOficios Ancestrales: relatos andinos del Desierto de Atacama y de Los Andes\u201d, una serie de libros que busca&#8230;<\/p>\n","protected":false},"author":1,"featured_media":10389,"comment_status":"open","ping_status":"open","sticky":false,"template":"","format":"standard","meta":{"footnotes":""},"categories":[31],"tags":[],"class_list":["post-10388","post","type-post","status-publish","format-standard","has-post-thumbnail","hentry","category-noticias"],"translation":{"provider":"WPGlobus","version":"3.0.2","language":"en","enabled_languages":["es","en"],"languages":{"es":{"title":true,"content":true,"excerpt":false},"en":{"title":false,"content":false,"excerpt":false}}},"yoast_head":"<!-- This site is optimized with the Yoast SEO plugin v27.4 - https:\/\/yoast.com\/product\/yoast-seo-wordpress\/ -->\n<title>Oficios Ancestrales: Relatos Andinos del Desierto de Atacama y de Los Andes\u201d<\/title>\n<meta name=\"robots\" content=\"index, follow, max-snippet:-1, max-image-preview:large, max-video-preview:-1\" \/>\n<link rel=\"canonical\" href=\"https:\/\/www.filantropiacortessolari.cl\/oficios-ancestrales-relatos-andinos-del-desierto-de-atacama-y-de-los-andes\/\" \/>\n<meta property=\"og:locale\" content=\"en_US\" \/>\n<meta property=\"og:type\" content=\"article\" \/>\n<meta property=\"og:title\" content=\"Oficios Ancestrales: Relatos Andinos del Desierto de Atacama y de Los Andes\u201d\" \/>\n<meta property=\"og:url\" content=\"https:\/\/www.filantropiacortessolari.cl\/oficios-ancestrales-relatos-andinos-del-desierto-de-atacama-y-de-los-andes\/\" \/>\n<meta property=\"og:site_name\" content=\"Filantrop\u00eda Cort\u00e9s Solari\" \/>\n<meta property=\"article:published_time\" content=\"2021-10-20T21:32:39+00:00\" \/>\n<meta property=\"og:image\" content=\"https:\/\/www.filantropiacortessolari.cl\/wp-content\/uploads\/2021\/10\/alianza.jpg\" \/>\n\t<meta property=\"og:image:width\" content=\"1837\" \/>\n\t<meta property=\"og:image:height\" content=\"1225\" \/>\n\t<meta property=\"og:image:type\" content=\"image\/jpeg\" \/>\n<meta name=\"author\" content=\"Filantrop\u00eda Cort\u00e9s Solari\" \/>\n<meta name=\"twitter:card\" content=\"summary_large_image\" \/>\n<meta name=\"twitter:label1\" content=\"Written by\" \/>\n\t<meta name=\"twitter:data1\" content=\"Filantrop\u00eda Cort\u00e9s Solari\" \/>\n\t<meta name=\"twitter:label2\" content=\"Est. reading time\" \/>\n\t<meta name=\"twitter:data2\" content=\"2 minutes\" \/>\n<script type=\"application\/ld+json\" class=\"yoast-schema-graph\">{\"@context\":\"https:\\\/\\\/schema.org\",\"@graph\":[{\"@type\":\"Article\",\"@id\":\"https:\\\/\\\/www.filantropiacortessolari.cl\\\/oficios-ancestrales-relatos-andinos-del-desierto-de-atacama-y-de-los-andes\\\/#article\",\"isPartOf\":{\"@id\":\"https:\\\/\\\/www.filantropiacortessolari.cl\\\/oficios-ancestrales-relatos-andinos-del-desierto-de-atacama-y-de-los-andes\\\/\"},\"author\":{\"name\":\"Filantrop\u00eda Cort\u00e9s Solari\",\"@id\":\"https:\\\/\\\/www.filantropiacortessolari.cl\\\/#\\\/schema\\\/person\\\/e099cf1046922f4f5892172332dc86c0\"},\"headline\":\"Oficios Ancestrales: Relatos Andinos del Desierto de Atacama y de Los Andes\u201d\",\"datePublished\":\"2021-10-20T21:32:39+00:00\",\"mainEntityOfPage\":{\"@id\":\"https:\\\/\\\/www.filantropiacortessolari.cl\\\/oficios-ancestrales-relatos-andinos-del-desierto-de-atacama-y-de-los-andes\\\/\"},\"wordCount\":391,\"commentCount\":0,\"image\":{\"@id\":\"https:\\\/\\\/www.filantropiacortessolari.cl\\\/oficios-ancestrales-relatos-andinos-del-desierto-de-atacama-y-de-los-andes\\\/#primaryimage\"},\"thumbnailUrl\":\"https:\\\/\\\/www.filantropiacortessolari.cl\\\/wp-content\\\/uploads\\\/2021\\\/10\\\/alianza.jpg\",\"articleSection\":[\"Noticias\"],\"inLanguage\":\"en-US\",\"potentialAction\":[{\"@type\":\"CommentAction\",\"name\":\"Comment\",\"target\":[\"https:\\\/\\\/www.filantropiacortessolari.cl\\\/oficios-ancestrales-relatos-andinos-del-desierto-de-atacama-y-de-los-andes\\\/#respond\"]}]},{\"@type\":\"WebPage\",\"@id\":\"https:\\\/\\\/www.filantropiacortessolari.cl\\\/oficios-ancestrales-relatos-andinos-del-desierto-de-atacama-y-de-los-andes\\\/\",\"url\":\"https:\\\/\\\/www.filantropiacortessolari.cl\\\/oficios-ancestrales-relatos-andinos-del-desierto-de-atacama-y-de-los-andes\\\/\",\"name\":\"Oficios Ancestrales: Relatos Andinos del Desierto de Atacama y de Los Andes\u201d\",\"isPartOf\":{\"@id\":\"https:\\\/\\\/www.filantropiacortessolari.cl\\\/#website\"},\"primaryImageOfPage\":{\"@id\":\"https:\\\/\\\/www.filantropiacortessolari.cl\\\/oficios-ancestrales-relatos-andinos-del-desierto-de-atacama-y-de-los-andes\\\/#primaryimage\"},\"image\":{\"@id\":\"https:\\\/\\\/www.filantropiacortessolari.cl\\\/oficios-ancestrales-relatos-andinos-del-desierto-de-atacama-y-de-los-andes\\\/#primaryimage\"},\"thumbnailUrl\":\"https:\\\/\\\/www.filantropiacortessolari.cl\\\/wp-content\\\/uploads\\\/2021\\\/10\\\/alianza.jpg\",\"datePublished\":\"2021-10-20T21:32:39+00:00\",\"author\":{\"@id\":\"https:\\\/\\\/www.filantropiacortessolari.cl\\\/#\\\/schema\\\/person\\\/e099cf1046922f4f5892172332dc86c0\"},\"breadcrumb\":{\"@id\":\"https:\\\/\\\/www.filantropiacortessolari.cl\\\/oficios-ancestrales-relatos-andinos-del-desierto-de-atacama-y-de-los-andes\\\/#breadcrumb\"},\"inLanguage\":\"en-US\",\"potentialAction\":[{\"@type\":\"ReadAction\",\"target\":[\"https:\\\/\\\/www.filantropiacortessolari.cl\\\/oficios-ancestrales-relatos-andinos-del-desierto-de-atacama-y-de-los-andes\\\/\"]}]},{\"@type\":\"ImageObject\",\"inLanguage\":\"en-US\",\"@id\":\"https:\\\/\\\/www.filantropiacortessolari.cl\\\/oficios-ancestrales-relatos-andinos-del-desierto-de-atacama-y-de-los-andes\\\/#primaryimage\",\"url\":\"https:\\\/\\\/www.filantropiacortessolari.cl\\\/wp-content\\\/uploads\\\/2021\\\/10\\\/alianza.jpg\",\"contentUrl\":\"https:\\\/\\\/www.filantropiacortessolari.cl\\\/wp-content\\\/uploads\\\/2021\\\/10\\\/alianza.jpg\",\"width\":1837,\"height\":1225},{\"@type\":\"BreadcrumbList\",\"@id\":\"https:\\\/\\\/www.filantropiacortessolari.cl\\\/oficios-ancestrales-relatos-andinos-del-desierto-de-atacama-y-de-los-andes\\\/#breadcrumb\",\"itemListElement\":[{\"@type\":\"ListItem\",\"position\":1,\"name\":\"Portada\",\"item\":\"https:\\\/\\\/www.filantropiacortessolari.cl\\\/\"},{\"@type\":\"ListItem\",\"position\":2,\"name\":\"Oficios Ancestrales: Relatos Andinos del Desierto de Atacama y de Los Andes\u201d\"}]},{\"@type\":\"WebSite\",\"@id\":\"https:\\\/\\\/www.filantropiacortessolari.cl\\\/#website\",\"url\":\"https:\\\/\\\/www.filantropiacortessolari.cl\\\/\",\"name\":\"Filantrop\u00eda Cort\u00e9s Solari\",\"description\":\"Sitio web Filantrop\u00eda Cort\u00e9s Solari\",\"potentialAction\":[{\"@type\":\"SearchAction\",\"target\":{\"@type\":\"EntryPoint\",\"urlTemplate\":\"https:\\\/\\\/www.filantropiacortessolari.cl\\\/?s={search_term_string}\"},\"query-input\":{\"@type\":\"PropertyValueSpecification\",\"valueRequired\":true,\"valueName\":\"search_term_string\"}}],\"inLanguage\":\"en-US\"},{\"@type\":\"Person\",\"@id\":\"https:\\\/\\\/www.filantropiacortessolari.cl\\\/#\\\/schema\\\/person\\\/e099cf1046922f4f5892172332dc86c0\",\"name\":\"Filantrop\u00eda Cort\u00e9s Solari\",\"image\":{\"@type\":\"ImageObject\",\"inLanguage\":\"en-US\",\"@id\":\"https:\\\/\\\/secure.gravatar.com\\\/avatar\\\/9d17bfe24074ed7576e70cbeb8e010cdd7d01fae9f2047bd96cccbe629ec3c11?s=96&d=mm&r=g\",\"url\":\"https:\\\/\\\/secure.gravatar.com\\\/avatar\\\/9d17bfe24074ed7576e70cbeb8e010cdd7d01fae9f2047bd96cccbe629ec3c11?s=96&d=mm&r=g\",\"contentUrl\":\"https:\\\/\\\/secure.gravatar.com\\\/avatar\\\/9d17bfe24074ed7576e70cbeb8e010cdd7d01fae9f2047bd96cccbe629ec3c11?s=96&d=mm&r=g\",\"caption\":\"Filantrop\u00eda Cort\u00e9s Solari\"},\"url\":\"https:\\\/\\\/www.filantropiacortessolari.cl\\\/en\\\/author\\\/filantropia-cortes-solari\\\/\"}]}<\/script>\n<!-- \/ Yoast SEO plugin. -->","yoast_head_json":{"title":"Oficios Ancestrales: Relatos Andinos del Desierto de Atacama y de Los Andes\u201d","robots":{"index":"index","follow":"follow","max-snippet":"max-snippet:-1","max-image-preview":"max-image-preview:large","max-video-preview":"max-video-preview:-1"},"canonical":"https:\/\/www.filantropiacortessolari.cl\/oficios-ancestrales-relatos-andinos-del-desierto-de-atacama-y-de-los-andes\/","og_locale":"en_US","og_type":"article","og_title":"Oficios Ancestrales: Relatos Andinos del Desierto de Atacama y de Los Andes\u201d","og_url":"https:\/\/www.filantropiacortessolari.cl\/oficios-ancestrales-relatos-andinos-del-desierto-de-atacama-y-de-los-andes\/","og_site_name":"Filantrop\u00eda Cort\u00e9s Solari","article_published_time":"2021-10-20T21:32:39+00:00","og_image":[{"width":1837,"height":1225,"url":"https:\/\/www.filantropiacortessolari.cl\/wp-content\/uploads\/2021\/10\/alianza.jpg","type":"image\/jpeg"}],"author":"Filantrop\u00eda Cort\u00e9s Solari","twitter_card":"summary_large_image","twitter_misc":{"Written by":"Filantrop\u00eda Cort\u00e9s Solari","Est. reading time":"2 minutes"},"schema":{"@context":"https:\/\/schema.org","@graph":[{"@type":"Article","@id":"https:\/\/www.filantropiacortessolari.cl\/oficios-ancestrales-relatos-andinos-del-desierto-de-atacama-y-de-los-andes\/#article","isPartOf":{"@id":"https:\/\/www.filantropiacortessolari.cl\/oficios-ancestrales-relatos-andinos-del-desierto-de-atacama-y-de-los-andes\/"},"author":{"name":"Filantrop\u00eda Cort\u00e9s Solari","@id":"https:\/\/www.filantropiacortessolari.cl\/#\/schema\/person\/e099cf1046922f4f5892172332dc86c0"},"headline":"Oficios Ancestrales: Relatos Andinos del Desierto de Atacama y de Los Andes\u201d","datePublished":"2021-10-20T21:32:39+00:00","mainEntityOfPage":{"@id":"https:\/\/www.filantropiacortessolari.cl\/oficios-ancestrales-relatos-andinos-del-desierto-de-atacama-y-de-los-andes\/"},"wordCount":391,"commentCount":0,"image":{"@id":"https:\/\/www.filantropiacortessolari.cl\/oficios-ancestrales-relatos-andinos-del-desierto-de-atacama-y-de-los-andes\/#primaryimage"},"thumbnailUrl":"https:\/\/www.filantropiacortessolari.cl\/wp-content\/uploads\/2021\/10\/alianza.jpg","articleSection":["Noticias"],"inLanguage":"en-US","potentialAction":[{"@type":"CommentAction","name":"Comment","target":["https:\/\/www.filantropiacortessolari.cl\/oficios-ancestrales-relatos-andinos-del-desierto-de-atacama-y-de-los-andes\/#respond"]}]},{"@type":"WebPage","@id":"https:\/\/www.filantropiacortessolari.cl\/oficios-ancestrales-relatos-andinos-del-desierto-de-atacama-y-de-los-andes\/","url":"https:\/\/www.filantropiacortessolari.cl\/oficios-ancestrales-relatos-andinos-del-desierto-de-atacama-y-de-los-andes\/","name":"Oficios Ancestrales: Relatos Andinos del Desierto de Atacama y de Los Andes\u201d","isPartOf":{"@id":"https:\/\/www.filantropiacortessolari.cl\/#website"},"primaryImageOfPage":{"@id":"https:\/\/www.filantropiacortessolari.cl\/oficios-ancestrales-relatos-andinos-del-desierto-de-atacama-y-de-los-andes\/#primaryimage"},"image":{"@id":"https:\/\/www.filantropiacortessolari.cl\/oficios-ancestrales-relatos-andinos-del-desierto-de-atacama-y-de-los-andes\/#primaryimage"},"thumbnailUrl":"https:\/\/www.filantropiacortessolari.cl\/wp-content\/uploads\/2021\/10\/alianza.jpg","datePublished":"2021-10-20T21:32:39+00:00","author":{"@id":"https:\/\/www.filantropiacortessolari.cl\/#\/schema\/person\/e099cf1046922f4f5892172332dc86c0"},"breadcrumb":{"@id":"https:\/\/www.filantropiacortessolari.cl\/oficios-ancestrales-relatos-andinos-del-desierto-de-atacama-y-de-los-andes\/#breadcrumb"},"inLanguage":"en-US","potentialAction":[{"@type":"ReadAction","target":["https:\/\/www.filantropiacortessolari.cl\/oficios-ancestrales-relatos-andinos-del-desierto-de-atacama-y-de-los-andes\/"]}]},{"@type":"ImageObject","inLanguage":"en-US","@id":"https:\/\/www.filantropiacortessolari.cl\/oficios-ancestrales-relatos-andinos-del-desierto-de-atacama-y-de-los-andes\/#primaryimage","url":"https:\/\/www.filantropiacortessolari.cl\/wp-content\/uploads\/2021\/10\/alianza.jpg","contentUrl":"https:\/\/www.filantropiacortessolari.cl\/wp-content\/uploads\/2021\/10\/alianza.jpg","width":1837,"height":1225},{"@type":"BreadcrumbList","@id":"https:\/\/www.filantropiacortessolari.cl\/oficios-ancestrales-relatos-andinos-del-desierto-de-atacama-y-de-los-andes\/#breadcrumb","itemListElement":[{"@type":"ListItem","position":1,"name":"Portada","item":"https:\/\/www.filantropiacortessolari.cl\/"},{"@type":"ListItem","position":2,"name":"Oficios Ancestrales: Relatos Andinos del Desierto de Atacama y de Los Andes\u201d"}]},{"@type":"WebSite","@id":"https:\/\/www.filantropiacortessolari.cl\/#website","url":"https:\/\/www.filantropiacortessolari.cl\/","name":"Filantrop\u00eda Cort\u00e9s Solari","description":"Sitio web Filantrop\u00eda Cort\u00e9s Solari","potentialAction":[{"@type":"SearchAction","target":{"@type":"EntryPoint","urlTemplate":"https:\/\/www.filantropiacortessolari.cl\/?s={search_term_string}"},"query-input":{"@type":"PropertyValueSpecification","valueRequired":true,"valueName":"search_term_string"}}],"inLanguage":"en-US"},{"@type":"Person","@id":"https:\/\/www.filantropiacortessolari.cl\/#\/schema\/person\/e099cf1046922f4f5892172332dc86c0","name":"Filantrop\u00eda Cort\u00e9s Solari","image":{"@type":"ImageObject","inLanguage":"en-US","@id":"https:\/\/secure.gravatar.com\/avatar\/9d17bfe24074ed7576e70cbeb8e010cdd7d01fae9f2047bd96cccbe629ec3c11?s=96&d=mm&r=g","url":"https:\/\/secure.gravatar.com\/avatar\/9d17bfe24074ed7576e70cbeb8e010cdd7d01fae9f2047bd96cccbe629ec3c11?s=96&d=mm&r=g","contentUrl":"https:\/\/secure.gravatar.com\/avatar\/9d17bfe24074ed7576e70cbeb8e010cdd7d01fae9f2047bd96cccbe629ec3c11?s=96&d=mm&r=g","caption":"Filantrop\u00eda Cort\u00e9s Solari"},"url":"https:\/\/www.filantropiacortessolari.cl\/en\/author\/filantropia-cortes-solari\/"}]}},"_links":{"self":[{"href":"https:\/\/www.filantropiacortessolari.cl\/en\/wp-json\/wp\/v2\/posts\/10388","targetHints":{"allow":["GET"]}}],"collection":[{"href":"https:\/\/www.filantropiacortessolari.cl\/en\/wp-json\/wp\/v2\/posts"}],"about":[{"href":"https:\/\/www.filantropiacortessolari.cl\/en\/wp-json\/wp\/v2\/types\/post"}],"author":[{"embeddable":true,"href":"https:\/\/www.filantropiacortessolari.cl\/en\/wp-json\/wp\/v2\/users\/1"}],"replies":[{"embeddable":true,"href":"https:\/\/www.filantropiacortessolari.cl\/en\/wp-json\/wp\/v2\/comments?post=10388"}],"version-history":[{"count":1,"href":"https:\/\/www.filantropiacortessolari.cl\/en\/wp-json\/wp\/v2\/posts\/10388\/revisions"}],"predecessor-version":[{"id":10390,"href":"https:\/\/www.filantropiacortessolari.cl\/en\/wp-json\/wp\/v2\/posts\/10388\/revisions\/10390"}],"wp:featuredmedia":[{"embeddable":true,"href":"https:\/\/www.filantropiacortessolari.cl\/en\/wp-json\/wp\/v2\/media\/10389"}],"wp:attachment":[{"href":"https:\/\/www.filantropiacortessolari.cl\/en\/wp-json\/wp\/v2\/media?parent=10388"}],"wp:term":[{"taxonomy":"category","embeddable":true,"href":"https:\/\/www.filantropiacortessolari.cl\/en\/wp-json\/wp\/v2\/categories?post=10388"},{"taxonomy":"post_tag","embeddable":true,"href":"https:\/\/www.filantropiacortessolari.cl\/en\/wp-json\/wp\/v2\/tags?post=10388"}],"curies":[{"name":"wp","href":"https:\/\/api.w.org\/{rel}","templated":true}]}}