{"id":10426,"date":"2022-04-07T21:02:52","date_gmt":"2022-04-08T00:02:52","guid":{"rendered":"https:\/\/www.filantropiacortessolari.cl\/?p=10426"},"modified":"2022-04-26T21:03:11","modified_gmt":"2022-04-27T00:03:11","slug":"columna-la-tercera-menos-violencia-y-mas-educacion","status":"publish","type":"post","link":"https:\/\/www.filantropiacortessolari.cl\/en\/columna-la-tercera-menos-violencia-y-mas-educacion\/","title":{"rendered":"[Columna &#8211; La Tercera] Menos violencia y m\u00e1s educaci\u00f3n"},"content":{"rendered":"<style type=\"text\/css\"><\/style><p><strong>Por Carolina Albornoz, directora Fundaci\u00f3n Caserta<\/strong><\/p>\n<p>El fen\u00f3meno de la violencia que se est\u00e1 viviendo en los colegios de Chile es resultado de m\u00faltiples factores que aquejan a la sociedad, uno de esos, es la falta de priorizaci\u00f3n del manejo socioemocional de las personas.<\/p>\n<p>El profesor apu\u00f1alado por la espalda en Talcahuano, un apoderado sacando un arma para defender a su hijo en una pelea a la salida del colegio, enfrentamientos entre ni\u00f1os y ni\u00f1as, y las \u00faltimas denuncias de abusos sexuales a estudiantes, son ejemplos concretos de lo urgente que es promover e instalar como una prioridad la educaci\u00f3n socioemocional desde v\u00ednculos colaborativos.<\/p>\n<p>La empat\u00eda, por ejemplo, es una capacidad que se aprende en relaci\u00f3n con otros, ya que no se nace siendo emp\u00e1tico, sino m\u00e1s bien se logra por medio de v\u00ednculos y de experiencias significativas con otras personas.<\/p>\n<p>Para lograrlo necesitamos un cambio profundo. Los expertos se\u00f1alan que este fen\u00f3meno multifactorial de la violencia podr\u00eda abordarse de manera sist\u00e9mica, es decir, partiendo por la educaci\u00f3n socioemocional en la familia y la comunidad escolar para hacerlos parte de la soluci\u00f3n.<\/p>\n<p>Diferentes modelos y t\u00e9cnicas abordan el desarrollo socioemocional, el cual se entiende como el desenvolvimiento de los conocimientos, habilidades, actitudes y valores que habilitan a las personas para ser conscientes de sus emociones, regul\u00e1ndolas a trav\u00e9s de pr\u00e1cticas y entrenamiento.<\/p>\n<p>Existe el conocimiento te\u00f3rico que respalda la importancia de aprender de las emociones; gracias a la neurociencia sabemos que \u00e9stas se contagian, para bien o para mal, y hoy la violencia se est\u00e1 contagiando masivamente al igual que el Covid en pandemia. Planteado de esta manera, la autorregulaci\u00f3n y la generaci\u00f3n de espacios de bienestar para los docentes es clave.<\/p>\n<p>Los profesores son los principales agentes de cambio; en la medida que los apoyemos en la autogesti\u00f3n emocional contribuiremos, tambi\u00e9n, a que se vinculen con toda una generaci\u00f3n de estudiantes desde un enfoque integral y formen, as\u00ed, personas con habilidades socioemocionales al servicio del desarrollo de una sociedad sana y sostenible.<\/p>\n<p>No es un desaf\u00edo imposible de superar, la autorregulaci\u00f3n emocional se aprende y se entrena con intervenciones colaborativas que permiten sembrar esta nueva forma de educar del siglo XXI; una educaci\u00f3n integral con el desarrollo de competencias enfocadas en la dimensi\u00f3n socioemocional e intercultural, que fomente el liderazgo y el di\u00e1logo.<\/p>\n<p>De esta manera, aportamos a la calidad de la educaci\u00f3n y especialmente en el bienestar de las comunidades escolares. Es responsabilidad de todos y todas aprender de lo que estamos viviendo y frenar la violencia desde lo individual para impactar hacia lo colectivo.<\/p>\n<p>Fuente: <a href=\"https:\/\/www.latercera.com\/opinion\/noticia\/menos-violencia-y-mas-educacion\/RHOCC2FBWJE4HFGBRSQ232YPEQ\/\" target=\"_blank\" rel=\"noopener noreferrer\">La Tercera<\/a><\/p>\n","protected":false},"excerpt":{"rendered":"<p>Por Carolina Albornoz, directora Fundaci\u00f3n Caserta El fen\u00f3meno de la violencia que se est\u00e1 viviendo en los colegios de Chile es resultado de m\u00faltiples factores que aquejan a la sociedad, uno de esos, es la falta de priorizaci\u00f3n del manejo socioemocional de las personas. El profesor apu\u00f1alado por la espalda en Talcahuano, un apoderado sacando&#8230;<\/p>\n","protected":false},"author":1,"featured_media":10427,"comment_status":"open","ping_status":"open","sticky":false,"template":"","format":"standard","meta":{"footnotes":""},"categories":[10,26],"tags":[44],"class_list":["post-10426","post","type-post","status-publish","format-standard","has-post-thumbnail","hentry","category-articulos","category-opinion-caserta","tag-carolina-albornoz"],"translation":{"provider":"WPGlobus","version":"3.0.2","language":"en","enabled_languages":["es","en"],"languages":{"es":{"title":true,"content":true,"excerpt":false},"en":{"title":false,"content":false,"excerpt":false}}},"yoast_head":"<!-- This site is optimized with the Yoast SEO plugin v27.4 - https:\/\/yoast.com\/product\/yoast-seo-wordpress\/ -->\n<title>[Columna - La Tercera] Menos violencia y m\u00e1s educaci\u00f3n<\/title>\n<meta name=\"robots\" content=\"index, follow, max-snippet:-1, max-image-preview:large, max-video-preview:-1\" \/>\n<link rel=\"canonical\" href=\"https:\/\/www.filantropiacortessolari.cl\/columna-la-tercera-menos-violencia-y-mas-educacion\/\" \/>\n<meta property=\"og:locale\" content=\"en_US\" \/>\n<meta property=\"og:type\" content=\"article\" \/>\n<meta property=\"og:title\" content=\"[Columna - La Tercera] Menos violencia y m\u00e1s educaci\u00f3n\" \/>\n<meta property=\"og:url\" content=\"https:\/\/www.filantropiacortessolari.cl\/columna-la-tercera-menos-violencia-y-mas-educacion\/\" \/>\n<meta property=\"og:site_name\" content=\"Filantrop\u00eda Cort\u00e9s Solari\" \/>\n<meta property=\"article:published_time\" content=\"2022-04-08T00:02:52+00:00\" \/>\n<meta property=\"article:modified_time\" content=\"2022-04-27T00:03:11+00:00\" \/>\n<meta property=\"og:image\" content=\"https:\/\/www.filantropiacortessolari.cl\/wp-content\/uploads\/2022\/04\/caro.jpg\" \/>\n\t<meta property=\"og:image:width\" content=\"1280\" \/>\n\t<meta property=\"og:image:height\" content=\"853\" \/>\n\t<meta property=\"og:image:type\" content=\"image\/jpeg\" \/>\n<meta name=\"author\" content=\"Filantrop\u00eda Cort\u00e9s Solari\" \/>\n<meta name=\"twitter:card\" content=\"summary_large_image\" \/>\n<meta name=\"twitter:label1\" content=\"Written by\" \/>\n\t<meta name=\"twitter:data1\" content=\"Filantrop\u00eda Cort\u00e9s Solari\" \/>\n\t<meta name=\"twitter:label2\" content=\"Est. reading time\" \/>\n\t<meta name=\"twitter:data2\" content=\"2 minutes\" \/>\n<script type=\"application\/ld+json\" class=\"yoast-schema-graph\">{\"@context\":\"https:\\\/\\\/schema.org\",\"@graph\":[{\"@type\":\"Article\",\"@id\":\"https:\\\/\\\/www.filantropiacortessolari.cl\\\/columna-la-tercera-menos-violencia-y-mas-educacion\\\/#article\",\"isPartOf\":{\"@id\":\"https:\\\/\\\/www.filantropiacortessolari.cl\\\/columna-la-tercera-menos-violencia-y-mas-educacion\\\/\"},\"author\":{\"name\":\"Filantrop\u00eda Cort\u00e9s Solari\",\"@id\":\"https:\\\/\\\/www.filantropiacortessolari.cl\\\/#\\\/schema\\\/person\\\/e099cf1046922f4f5892172332dc86c0\"},\"headline\":\"[Columna &#8211; La Tercera] Menos violencia y m\u00e1s educaci\u00f3n\",\"datePublished\":\"2022-04-08T00:02:52+00:00\",\"dateModified\":\"2022-04-27T00:03:11+00:00\",\"mainEntityOfPage\":{\"@id\":\"https:\\\/\\\/www.filantropiacortessolari.cl\\\/columna-la-tercera-menos-violencia-y-mas-educacion\\\/\"},\"wordCount\":477,\"commentCount\":0,\"image\":{\"@id\":\"https:\\\/\\\/www.filantropiacortessolari.cl\\\/columna-la-tercera-menos-violencia-y-mas-educacion\\\/#primaryimage\"},\"thumbnailUrl\":\"https:\\\/\\\/www.filantropiacortessolari.cl\\\/wp-content\\\/uploads\\\/2022\\\/04\\\/caro.jpg\",\"keywords\":[\"Carolina Albornoz\"],\"articleSection\":[\"Opini\u00f3n\",\"Opini\u00f3n Caserta\"],\"inLanguage\":\"en-US\",\"potentialAction\":[{\"@type\":\"CommentAction\",\"name\":\"Comment\",\"target\":[\"https:\\\/\\\/www.filantropiacortessolari.cl\\\/columna-la-tercera-menos-violencia-y-mas-educacion\\\/#respond\"]}]},{\"@type\":\"WebPage\",\"@id\":\"https:\\\/\\\/www.filantropiacortessolari.cl\\\/columna-la-tercera-menos-violencia-y-mas-educacion\\\/\",\"url\":\"https:\\\/\\\/www.filantropiacortessolari.cl\\\/columna-la-tercera-menos-violencia-y-mas-educacion\\\/\",\"name\":\"[Columna - La Tercera] Menos violencia y m\u00e1s educaci\u00f3n\",\"isPartOf\":{\"@id\":\"https:\\\/\\\/www.filantropiacortessolari.cl\\\/#website\"},\"primaryImageOfPage\":{\"@id\":\"https:\\\/\\\/www.filantropiacortessolari.cl\\\/columna-la-tercera-menos-violencia-y-mas-educacion\\\/#primaryimage\"},\"image\":{\"@id\":\"https:\\\/\\\/www.filantropiacortessolari.cl\\\/columna-la-tercera-menos-violencia-y-mas-educacion\\\/#primaryimage\"},\"thumbnailUrl\":\"https:\\\/\\\/www.filantropiacortessolari.cl\\\/wp-content\\\/uploads\\\/2022\\\/04\\\/caro.jpg\",\"datePublished\":\"2022-04-08T00:02:52+00:00\",\"dateModified\":\"2022-04-27T00:03:11+00:00\",\"author\":{\"@id\":\"https:\\\/\\\/www.filantropiacortessolari.cl\\\/#\\\/schema\\\/person\\\/e099cf1046922f4f5892172332dc86c0\"},\"breadcrumb\":{\"@id\":\"https:\\\/\\\/www.filantropiacortessolari.cl\\\/columna-la-tercera-menos-violencia-y-mas-educacion\\\/#breadcrumb\"},\"inLanguage\":\"en-US\",\"potentialAction\":[{\"@type\":\"ReadAction\",\"target\":[\"https:\\\/\\\/www.filantropiacortessolari.cl\\\/columna-la-tercera-menos-violencia-y-mas-educacion\\\/\"]}]},{\"@type\":\"ImageObject\",\"inLanguage\":\"en-US\",\"@id\":\"https:\\\/\\\/www.filantropiacortessolari.cl\\\/columna-la-tercera-menos-violencia-y-mas-educacion\\\/#primaryimage\",\"url\":\"https:\\\/\\\/www.filantropiacortessolari.cl\\\/wp-content\\\/uploads\\\/2022\\\/04\\\/caro.jpg\",\"contentUrl\":\"https:\\\/\\\/www.filantropiacortessolari.cl\\\/wp-content\\\/uploads\\\/2022\\\/04\\\/caro.jpg\",\"width\":1280,\"height\":853},{\"@type\":\"BreadcrumbList\",\"@id\":\"https:\\\/\\\/www.filantropiacortessolari.cl\\\/columna-la-tercera-menos-violencia-y-mas-educacion\\\/#breadcrumb\",\"itemListElement\":[{\"@type\":\"ListItem\",\"position\":1,\"name\":\"Portada\",\"item\":\"https:\\\/\\\/www.filantropiacortessolari.cl\\\/\"},{\"@type\":\"ListItem\",\"position\":2,\"name\":\"[Columna &#8211; La Tercera] Menos violencia y m\u00e1s educaci\u00f3n\"}]},{\"@type\":\"WebSite\",\"@id\":\"https:\\\/\\\/www.filantropiacortessolari.cl\\\/#website\",\"url\":\"https:\\\/\\\/www.filantropiacortessolari.cl\\\/\",\"name\":\"Filantrop\u00eda Cort\u00e9s Solari\",\"description\":\"Sitio web Filantrop\u00eda Cort\u00e9s Solari\",\"potentialAction\":[{\"@type\":\"SearchAction\",\"target\":{\"@type\":\"EntryPoint\",\"urlTemplate\":\"https:\\\/\\\/www.filantropiacortessolari.cl\\\/?s={search_term_string}\"},\"query-input\":{\"@type\":\"PropertyValueSpecification\",\"valueRequired\":true,\"valueName\":\"search_term_string\"}}],\"inLanguage\":\"en-US\"},{\"@type\":\"Person\",\"@id\":\"https:\\\/\\\/www.filantropiacortessolari.cl\\\/#\\\/schema\\\/person\\\/e099cf1046922f4f5892172332dc86c0\",\"name\":\"Filantrop\u00eda Cort\u00e9s Solari\",\"image\":{\"@type\":\"ImageObject\",\"inLanguage\":\"en-US\",\"@id\":\"https:\\\/\\\/secure.gravatar.com\\\/avatar\\\/9d17bfe24074ed7576e70cbeb8e010cdd7d01fae9f2047bd96cccbe629ec3c11?s=96&d=mm&r=g\",\"url\":\"https:\\\/\\\/secure.gravatar.com\\\/avatar\\\/9d17bfe24074ed7576e70cbeb8e010cdd7d01fae9f2047bd96cccbe629ec3c11?s=96&d=mm&r=g\",\"contentUrl\":\"https:\\\/\\\/secure.gravatar.com\\\/avatar\\\/9d17bfe24074ed7576e70cbeb8e010cdd7d01fae9f2047bd96cccbe629ec3c11?s=96&d=mm&r=g\",\"caption\":\"Filantrop\u00eda Cort\u00e9s Solari\"},\"url\":\"https:\\\/\\\/www.filantropiacortessolari.cl\\\/en\\\/author\\\/filantropia-cortes-solari\\\/\"}]}<\/script>\n<!-- \/ Yoast SEO plugin. -->","yoast_head_json":{"title":"[Columna - La Tercera] Menos violencia y m\u00e1s educaci\u00f3n","robots":{"index":"index","follow":"follow","max-snippet":"max-snippet:-1","max-image-preview":"max-image-preview:large","max-video-preview":"max-video-preview:-1"},"canonical":"https:\/\/www.filantropiacortessolari.cl\/columna-la-tercera-menos-violencia-y-mas-educacion\/","og_locale":"en_US","og_type":"article","og_title":"[Columna - La Tercera] Menos violencia y m\u00e1s educaci\u00f3n","og_url":"https:\/\/www.filantropiacortessolari.cl\/columna-la-tercera-menos-violencia-y-mas-educacion\/","og_site_name":"Filantrop\u00eda Cort\u00e9s Solari","article_published_time":"2022-04-08T00:02:52+00:00","article_modified_time":"2022-04-27T00:03:11+00:00","og_image":[{"width":1280,"height":853,"url":"https:\/\/www.filantropiacortessolari.cl\/wp-content\/uploads\/2022\/04\/caro.jpg","type":"image\/jpeg"}],"author":"Filantrop\u00eda Cort\u00e9s Solari","twitter_card":"summary_large_image","twitter_misc":{"Written by":"Filantrop\u00eda Cort\u00e9s Solari","Est. reading time":"2 minutes"},"schema":{"@context":"https:\/\/schema.org","@graph":[{"@type":"Article","@id":"https:\/\/www.filantropiacortessolari.cl\/columna-la-tercera-menos-violencia-y-mas-educacion\/#article","isPartOf":{"@id":"https:\/\/www.filantropiacortessolari.cl\/columna-la-tercera-menos-violencia-y-mas-educacion\/"},"author":{"name":"Filantrop\u00eda Cort\u00e9s Solari","@id":"https:\/\/www.filantropiacortessolari.cl\/#\/schema\/person\/e099cf1046922f4f5892172332dc86c0"},"headline":"[Columna &#8211; La Tercera] Menos violencia y m\u00e1s educaci\u00f3n","datePublished":"2022-04-08T00:02:52+00:00","dateModified":"2022-04-27T00:03:11+00:00","mainEntityOfPage":{"@id":"https:\/\/www.filantropiacortessolari.cl\/columna-la-tercera-menos-violencia-y-mas-educacion\/"},"wordCount":477,"commentCount":0,"image":{"@id":"https:\/\/www.filantropiacortessolari.cl\/columna-la-tercera-menos-violencia-y-mas-educacion\/#primaryimage"},"thumbnailUrl":"https:\/\/www.filantropiacortessolari.cl\/wp-content\/uploads\/2022\/04\/caro.jpg","keywords":["Carolina Albornoz"],"articleSection":["Opini\u00f3n","Opini\u00f3n Caserta"],"inLanguage":"en-US","potentialAction":[{"@type":"CommentAction","name":"Comment","target":["https:\/\/www.filantropiacortessolari.cl\/columna-la-tercera-menos-violencia-y-mas-educacion\/#respond"]}]},{"@type":"WebPage","@id":"https:\/\/www.filantropiacortessolari.cl\/columna-la-tercera-menos-violencia-y-mas-educacion\/","url":"https:\/\/www.filantropiacortessolari.cl\/columna-la-tercera-menos-violencia-y-mas-educacion\/","name":"[Columna - La Tercera] Menos violencia y m\u00e1s educaci\u00f3n","isPartOf":{"@id":"https:\/\/www.filantropiacortessolari.cl\/#website"},"primaryImageOfPage":{"@id":"https:\/\/www.filantropiacortessolari.cl\/columna-la-tercera-menos-violencia-y-mas-educacion\/#primaryimage"},"image":{"@id":"https:\/\/www.filantropiacortessolari.cl\/columna-la-tercera-menos-violencia-y-mas-educacion\/#primaryimage"},"thumbnailUrl":"https:\/\/www.filantropiacortessolari.cl\/wp-content\/uploads\/2022\/04\/caro.jpg","datePublished":"2022-04-08T00:02:52+00:00","dateModified":"2022-04-27T00:03:11+00:00","author":{"@id":"https:\/\/www.filantropiacortessolari.cl\/#\/schema\/person\/e099cf1046922f4f5892172332dc86c0"},"breadcrumb":{"@id":"https:\/\/www.filantropiacortessolari.cl\/columna-la-tercera-menos-violencia-y-mas-educacion\/#breadcrumb"},"inLanguage":"en-US","potentialAction":[{"@type":"ReadAction","target":["https:\/\/www.filantropiacortessolari.cl\/columna-la-tercera-menos-violencia-y-mas-educacion\/"]}]},{"@type":"ImageObject","inLanguage":"en-US","@id":"https:\/\/www.filantropiacortessolari.cl\/columna-la-tercera-menos-violencia-y-mas-educacion\/#primaryimage","url":"https:\/\/www.filantropiacortessolari.cl\/wp-content\/uploads\/2022\/04\/caro.jpg","contentUrl":"https:\/\/www.filantropiacortessolari.cl\/wp-content\/uploads\/2022\/04\/caro.jpg","width":1280,"height":853},{"@type":"BreadcrumbList","@id":"https:\/\/www.filantropiacortessolari.cl\/columna-la-tercera-menos-violencia-y-mas-educacion\/#breadcrumb","itemListElement":[{"@type":"ListItem","position":1,"name":"Portada","item":"https:\/\/www.filantropiacortessolari.cl\/"},{"@type":"ListItem","position":2,"name":"[Columna &#8211; La Tercera] Menos violencia y m\u00e1s educaci\u00f3n"}]},{"@type":"WebSite","@id":"https:\/\/www.filantropiacortessolari.cl\/#website","url":"https:\/\/www.filantropiacortessolari.cl\/","name":"Filantrop\u00eda Cort\u00e9s Solari","description":"Sitio web Filantrop\u00eda Cort\u00e9s Solari","potentialAction":[{"@type":"SearchAction","target":{"@type":"EntryPoint","urlTemplate":"https:\/\/www.filantropiacortessolari.cl\/?s={search_term_string}"},"query-input":{"@type":"PropertyValueSpecification","valueRequired":true,"valueName":"search_term_string"}}],"inLanguage":"en-US"},{"@type":"Person","@id":"https:\/\/www.filantropiacortessolari.cl\/#\/schema\/person\/e099cf1046922f4f5892172332dc86c0","name":"Filantrop\u00eda Cort\u00e9s Solari","image":{"@type":"ImageObject","inLanguage":"en-US","@id":"https:\/\/secure.gravatar.com\/avatar\/9d17bfe24074ed7576e70cbeb8e010cdd7d01fae9f2047bd96cccbe629ec3c11?s=96&d=mm&r=g","url":"https:\/\/secure.gravatar.com\/avatar\/9d17bfe24074ed7576e70cbeb8e010cdd7d01fae9f2047bd96cccbe629ec3c11?s=96&d=mm&r=g","contentUrl":"https:\/\/secure.gravatar.com\/avatar\/9d17bfe24074ed7576e70cbeb8e010cdd7d01fae9f2047bd96cccbe629ec3c11?s=96&d=mm&r=g","caption":"Filantrop\u00eda Cort\u00e9s Solari"},"url":"https:\/\/www.filantropiacortessolari.cl\/en\/author\/filantropia-cortes-solari\/"}]}},"_links":{"self":[{"href":"https:\/\/www.filantropiacortessolari.cl\/en\/wp-json\/wp\/v2\/posts\/10426","targetHints":{"allow":["GET"]}}],"collection":[{"href":"https:\/\/www.filantropiacortessolari.cl\/en\/wp-json\/wp\/v2\/posts"}],"about":[{"href":"https:\/\/www.filantropiacortessolari.cl\/en\/wp-json\/wp\/v2\/types\/post"}],"author":[{"embeddable":true,"href":"https:\/\/www.filantropiacortessolari.cl\/en\/wp-json\/wp\/v2\/users\/1"}],"replies":[{"embeddable":true,"href":"https:\/\/www.filantropiacortessolari.cl\/en\/wp-json\/wp\/v2\/comments?post=10426"}],"version-history":[{"count":2,"href":"https:\/\/www.filantropiacortessolari.cl\/en\/wp-json\/wp\/v2\/posts\/10426\/revisions"}],"predecessor-version":[{"id":10429,"href":"https:\/\/www.filantropiacortessolari.cl\/en\/wp-json\/wp\/v2\/posts\/10426\/revisions\/10429"}],"wp:featuredmedia":[{"embeddable":true,"href":"https:\/\/www.filantropiacortessolari.cl\/en\/wp-json\/wp\/v2\/media\/10427"}],"wp:attachment":[{"href":"https:\/\/www.filantropiacortessolari.cl\/en\/wp-json\/wp\/v2\/media?parent=10426"}],"wp:term":[{"taxonomy":"category","embeddable":true,"href":"https:\/\/www.filantropiacortessolari.cl\/en\/wp-json\/wp\/v2\/categories?post=10426"},{"taxonomy":"post_tag","embeddable":true,"href":"https:\/\/www.filantropiacortessolari.cl\/en\/wp-json\/wp\/v2\/tags?post=10426"}],"curies":[{"name":"wp","href":"https:\/\/api.w.org\/{rel}","templated":true}]}}