{"id":10430,"date":"2022-04-22T21:08:36","date_gmt":"2022-04-23T00:08:36","guid":{"rendered":"https:\/\/www.filantropiacortessolari.cl\/?p=10430"},"modified":"2022-04-26T21:14:23","modified_gmt":"2022-04-27T00:14:23","slug":"anuncio-pais-the-blue-boat-initiative-en-la-septima-conferencia-our-ocean-palau-2022","status":"publish","type":"post","link":"https:\/\/www.filantropiacortessolari.cl\/en\/anuncio-pais-the-blue-boat-initiative-en-la-septima-conferencia-our-ocean-palau-2022\/","title":{"rendered":"Anuncio Pa\u00eds The Blue Boat Initiative en la s\u00e9ptima Conferencia Our Ocean Palau 2022"},"content":{"rendered":"<style type=\"text\/css\"><\/style><p>El pasado 14 de abril, The Blue Boat Initiative, liderada por Fundaci\u00f3n MERI y el Ministerio de Medio Ambiente, fue presentada como acci\u00f3n concreta del Compromiso Pa\u00eds para la protecci\u00f3n de los oc\u00e9anos en la s\u00e9ptima Conferencia Our Ocean Palau 2022, instancia clave donde pa\u00edses, la sociedad civil e industrias asumen nuevos desaf\u00edos y ambiciosas metas para la protecci\u00f3n de los oc\u00e9anos y el medio ambiente.<\/p>\n<p>La Canciller de Chile, Antonia Urrejola, lo present\u00f3 como un proyecto emblem\u00e1tico para la protecci\u00f3n de los oc\u00e9anos que marcar\u00e1 un antes y un despu\u00e9s en el uso de tecnolog\u00eda para la conservaci\u00f3n de los ecosistemas marinos.<\/p>\n<p>Este proyecto piloto, \u00fanico en Sudam\u00e9rica, instalar\u00e1 boyas inteligentes con sensores oceanogr\u00e1ficos en la zona de la Patagonia Norte, para monitorear a las ballenas, alertar a las embarcaciones de su presencia y as\u00ed evitar colisiones, junto con medir el impacto del cambio clim\u00e1tico en los ecosistemas marinos.<\/p>\n<p>\u201cSe trata de boyas inteligentes equipadas con hidr\u00f3fonos, sensores oceanogr\u00e1ficos y transmisores. La colocaci\u00f3n de la primera boya en septiembre de 2022 ser\u00e1 un hito para Chile y una referencia a nivel mundial de acciones concretas para la protecci\u00f3n efectiva del medio ambiente\u201d, agrega Sonia Espa\u00f1ol Jim\u00e9nez, directora ejecutiva Fundaci\u00f3n MERI.<\/p>\n<p>The Blue BOAT Initiative comenzar\u00eda a operar en septiembre de este a\u00f1o con la instalaci\u00f3n de la primera boya, despu\u00e9s de 5 a\u00f1os de desarrollo por parte de la Fundaci\u00f3n MERI.<\/p>\n","protected":false},"excerpt":{"rendered":"<p>El pasado 14 de abril, The Blue Boat Initiative, liderada por Fundaci\u00f3n MERI y el Ministerio de Medio Ambiente, fue presentada como acci\u00f3n concreta del Compromiso Pa\u00eds para la protecci\u00f3n de los oc\u00e9anos en la s\u00e9ptima Conferencia Our Ocean Palau 2022, instancia clave donde pa\u00edses, la sociedad civil e industrias asumen nuevos desaf\u00edos y ambiciosas&#8230;<\/p>\n","protected":false},"author":1,"featured_media":10432,"comment_status":"open","ping_status":"open","sticky":false,"template":"","format":"video","meta":{"footnotes":""},"categories":[31],"tags":[45],"class_list":["post-10430","post","type-post","status-publish","format-video","has-post-thumbnail","hentry","category-noticias","tag-the-blue-boat","post_format-post-format-video"],"translation":{"provider":"WPGlobus","version":"3.0.2","language":"en","enabled_languages":["es","en"],"languages":{"es":{"title":true,"content":true,"excerpt":false},"en":{"title":false,"content":false,"excerpt":false}}},"yoast_head":"<!-- This site is optimized with the Yoast SEO plugin v27.4 - https:\/\/yoast.com\/product\/yoast-seo-wordpress\/ -->\n<title>Anuncio Pa\u00eds The Blue Boat Initiative en la s\u00e9ptima Conferencia Our Ocean Palau 2022<\/title>\n<meta name=\"robots\" content=\"index, follow, max-snippet:-1, max-image-preview:large, max-video-preview:-1\" \/>\n<link rel=\"canonical\" href=\"https:\/\/www.filantropiacortessolari.cl\/anuncio-pais-the-blue-boat-initiative-en-la-septima-conferencia-our-ocean-palau-2022\/\" \/>\n<meta property=\"og:locale\" content=\"en_US\" \/>\n<meta property=\"og:type\" content=\"article\" \/>\n<meta property=\"og:title\" content=\"Anuncio Pa\u00eds The Blue Boat Initiative en la s\u00e9ptima Conferencia Our Ocean Palau 2022\" \/>\n<meta property=\"og:url\" content=\"https:\/\/www.filantropiacortessolari.cl\/anuncio-pais-the-blue-boat-initiative-en-la-septima-conferencia-our-ocean-palau-2022\/\" \/>\n<meta property=\"og:site_name\" content=\"Filantrop\u00eda Cort\u00e9s Solari\" \/>\n<meta property=\"article:published_time\" content=\"2022-04-23T00:08:36+00:00\" \/>\n<meta property=\"article:modified_time\" content=\"2022-04-27T00:14:23+00:00\" \/>\n<meta property=\"og:image\" content=\"https:\/\/www.filantropiacortessolari.cl\/wp-content\/uploads\/2022\/04\/Captura-de-Pantalla-2022-04-22-a-las-12.01.25.png\" \/>\n\t<meta property=\"og:image:width\" content=\"1774\" \/>\n\t<meta property=\"og:image:height\" content=\"890\" \/>\n\t<meta property=\"og:image:type\" content=\"image\/png\" \/>\n<meta name=\"author\" content=\"Filantrop\u00eda Cort\u00e9s Solari\" \/>\n<meta name=\"twitter:card\" content=\"summary_large_image\" \/>\n<meta name=\"twitter:label1\" content=\"Written by\" \/>\n\t<meta name=\"twitter:data1\" content=\"Filantrop\u00eda Cort\u00e9s Solari\" \/>\n\t<meta name=\"twitter:label2\" content=\"Est. reading time\" \/>\n\t<meta name=\"twitter:data2\" content=\"1 minute\" \/>\n<script type=\"application\/ld+json\" class=\"yoast-schema-graph\">{\"@context\":\"https:\\\/\\\/schema.org\",\"@graph\":[{\"@type\":\"Article\",\"@id\":\"https:\\\/\\\/www.filantropiacortessolari.cl\\\/anuncio-pais-the-blue-boat-initiative-en-la-septima-conferencia-our-ocean-palau-2022\\\/#article\",\"isPartOf\":{\"@id\":\"https:\\\/\\\/www.filantropiacortessolari.cl\\\/anuncio-pais-the-blue-boat-initiative-en-la-septima-conferencia-our-ocean-palau-2022\\\/\"},\"author\":{\"name\":\"Filantrop\u00eda Cort\u00e9s Solari\",\"@id\":\"https:\\\/\\\/www.filantropiacortessolari.cl\\\/#\\\/schema\\\/person\\\/e099cf1046922f4f5892172332dc86c0\"},\"headline\":\"Anuncio Pa\u00eds The Blue Boat Initiative en la s\u00e9ptima Conferencia Our Ocean Palau 2022\",\"datePublished\":\"2022-04-23T00:08:36+00:00\",\"dateModified\":\"2022-04-27T00:14:23+00:00\",\"mainEntityOfPage\":{\"@id\":\"https:\\\/\\\/www.filantropiacortessolari.cl\\\/anuncio-pais-the-blue-boat-initiative-en-la-septima-conferencia-our-ocean-palau-2022\\\/\"},\"wordCount\":275,\"commentCount\":0,\"image\":{\"@id\":\"https:\\\/\\\/www.filantropiacortessolari.cl\\\/anuncio-pais-the-blue-boat-initiative-en-la-septima-conferencia-our-ocean-palau-2022\\\/#primaryimage\"},\"thumbnailUrl\":\"https:\\\/\\\/www.filantropiacortessolari.cl\\\/wp-content\\\/uploads\\\/2022\\\/04\\\/Captura-de-Pantalla-2022-04-22-a-las-12.01.25.png\",\"keywords\":[\"The Blue Boat\"],\"articleSection\":[\"Noticias\"],\"inLanguage\":\"en-US\",\"potentialAction\":[{\"@type\":\"CommentAction\",\"name\":\"Comment\",\"target\":[\"https:\\\/\\\/www.filantropiacortessolari.cl\\\/anuncio-pais-the-blue-boat-initiative-en-la-septima-conferencia-our-ocean-palau-2022\\\/#respond\"]}]},{\"@type\":\"WebPage\",\"@id\":\"https:\\\/\\\/www.filantropiacortessolari.cl\\\/anuncio-pais-the-blue-boat-initiative-en-la-septima-conferencia-our-ocean-palau-2022\\\/\",\"url\":\"https:\\\/\\\/www.filantropiacortessolari.cl\\\/anuncio-pais-the-blue-boat-initiative-en-la-septima-conferencia-our-ocean-palau-2022\\\/\",\"name\":\"Anuncio Pa\u00eds The Blue Boat Initiative en la s\u00e9ptima Conferencia Our Ocean Palau 2022\",\"isPartOf\":{\"@id\":\"https:\\\/\\\/www.filantropiacortessolari.cl\\\/#website\"},\"primaryImageOfPage\":{\"@id\":\"https:\\\/\\\/www.filantropiacortessolari.cl\\\/anuncio-pais-the-blue-boat-initiative-en-la-septima-conferencia-our-ocean-palau-2022\\\/#primaryimage\"},\"image\":{\"@id\":\"https:\\\/\\\/www.filantropiacortessolari.cl\\\/anuncio-pais-the-blue-boat-initiative-en-la-septima-conferencia-our-ocean-palau-2022\\\/#primaryimage\"},\"thumbnailUrl\":\"https:\\\/\\\/www.filantropiacortessolari.cl\\\/wp-content\\\/uploads\\\/2022\\\/04\\\/Captura-de-Pantalla-2022-04-22-a-las-12.01.25.png\",\"datePublished\":\"2022-04-23T00:08:36+00:00\",\"dateModified\":\"2022-04-27T00:14:23+00:00\",\"author\":{\"@id\":\"https:\\\/\\\/www.filantropiacortessolari.cl\\\/#\\\/schema\\\/person\\\/e099cf1046922f4f5892172332dc86c0\"},\"breadcrumb\":{\"@id\":\"https:\\\/\\\/www.filantropiacortessolari.cl\\\/anuncio-pais-the-blue-boat-initiative-en-la-septima-conferencia-our-ocean-palau-2022\\\/#breadcrumb\"},\"inLanguage\":\"en-US\",\"potentialAction\":[{\"@type\":\"ReadAction\",\"target\":[\"https:\\\/\\\/www.filantropiacortessolari.cl\\\/anuncio-pais-the-blue-boat-initiative-en-la-septima-conferencia-our-ocean-palau-2022\\\/\"]}]},{\"@type\":\"ImageObject\",\"inLanguage\":\"en-US\",\"@id\":\"https:\\\/\\\/www.filantropiacortessolari.cl\\\/anuncio-pais-the-blue-boat-initiative-en-la-septima-conferencia-our-ocean-palau-2022\\\/#primaryimage\",\"url\":\"https:\\\/\\\/www.filantropiacortessolari.cl\\\/wp-content\\\/uploads\\\/2022\\\/04\\\/Captura-de-Pantalla-2022-04-22-a-las-12.01.25.png\",\"contentUrl\":\"https:\\\/\\\/www.filantropiacortessolari.cl\\\/wp-content\\\/uploads\\\/2022\\\/04\\\/Captura-de-Pantalla-2022-04-22-a-las-12.01.25.png\",\"width\":1774,\"height\":890},{\"@type\":\"BreadcrumbList\",\"@id\":\"https:\\\/\\\/www.filantropiacortessolari.cl\\\/anuncio-pais-the-blue-boat-initiative-en-la-septima-conferencia-our-ocean-palau-2022\\\/#breadcrumb\",\"itemListElement\":[{\"@type\":\"ListItem\",\"position\":1,\"name\":\"Portada\",\"item\":\"https:\\\/\\\/www.filantropiacortessolari.cl\\\/\"},{\"@type\":\"ListItem\",\"position\":2,\"name\":\"Anuncio Pa\u00eds The Blue Boat Initiative en la s\u00e9ptima Conferencia Our Ocean Palau 2022\"}]},{\"@type\":\"WebSite\",\"@id\":\"https:\\\/\\\/www.filantropiacortessolari.cl\\\/#website\",\"url\":\"https:\\\/\\\/www.filantropiacortessolari.cl\\\/\",\"name\":\"Filantrop\u00eda Cort\u00e9s Solari\",\"description\":\"Sitio web Filantrop\u00eda Cort\u00e9s Solari\",\"potentialAction\":[{\"@type\":\"SearchAction\",\"target\":{\"@type\":\"EntryPoint\",\"urlTemplate\":\"https:\\\/\\\/www.filantropiacortessolari.cl\\\/?s={search_term_string}\"},\"query-input\":{\"@type\":\"PropertyValueSpecification\",\"valueRequired\":true,\"valueName\":\"search_term_string\"}}],\"inLanguage\":\"en-US\"},{\"@type\":\"Person\",\"@id\":\"https:\\\/\\\/www.filantropiacortessolari.cl\\\/#\\\/schema\\\/person\\\/e099cf1046922f4f5892172332dc86c0\",\"name\":\"Filantrop\u00eda Cort\u00e9s Solari\",\"image\":{\"@type\":\"ImageObject\",\"inLanguage\":\"en-US\",\"@id\":\"https:\\\/\\\/secure.gravatar.com\\\/avatar\\\/9d17bfe24074ed7576e70cbeb8e010cdd7d01fae9f2047bd96cccbe629ec3c11?s=96&d=mm&r=g\",\"url\":\"https:\\\/\\\/secure.gravatar.com\\\/avatar\\\/9d17bfe24074ed7576e70cbeb8e010cdd7d01fae9f2047bd96cccbe629ec3c11?s=96&d=mm&r=g\",\"contentUrl\":\"https:\\\/\\\/secure.gravatar.com\\\/avatar\\\/9d17bfe24074ed7576e70cbeb8e010cdd7d01fae9f2047bd96cccbe629ec3c11?s=96&d=mm&r=g\",\"caption\":\"Filantrop\u00eda Cort\u00e9s Solari\"},\"url\":\"https:\\\/\\\/www.filantropiacortessolari.cl\\\/en\\\/author\\\/filantropia-cortes-solari\\\/\"}]}<\/script>\n<!-- \/ Yoast SEO plugin. -->","yoast_head_json":{"title":"Anuncio Pa\u00eds The Blue Boat Initiative en la s\u00e9ptima Conferencia Our Ocean Palau 2022","robots":{"index":"index","follow":"follow","max-snippet":"max-snippet:-1","max-image-preview":"max-image-preview:large","max-video-preview":"max-video-preview:-1"},"canonical":"https:\/\/www.filantropiacortessolari.cl\/anuncio-pais-the-blue-boat-initiative-en-la-septima-conferencia-our-ocean-palau-2022\/","og_locale":"en_US","og_type":"article","og_title":"Anuncio Pa\u00eds The Blue Boat Initiative en la s\u00e9ptima Conferencia Our Ocean Palau 2022","og_url":"https:\/\/www.filantropiacortessolari.cl\/anuncio-pais-the-blue-boat-initiative-en-la-septima-conferencia-our-ocean-palau-2022\/","og_site_name":"Filantrop\u00eda Cort\u00e9s Solari","article_published_time":"2022-04-23T00:08:36+00:00","article_modified_time":"2022-04-27T00:14:23+00:00","og_image":[{"width":1774,"height":890,"url":"https:\/\/www.filantropiacortessolari.cl\/wp-content\/uploads\/2022\/04\/Captura-de-Pantalla-2022-04-22-a-las-12.01.25.png","type":"image\/png"}],"author":"Filantrop\u00eda Cort\u00e9s Solari","twitter_card":"summary_large_image","twitter_misc":{"Written by":"Filantrop\u00eda Cort\u00e9s Solari","Est. reading time":"1 minute"},"schema":{"@context":"https:\/\/schema.org","@graph":[{"@type":"Article","@id":"https:\/\/www.filantropiacortessolari.cl\/anuncio-pais-the-blue-boat-initiative-en-la-septima-conferencia-our-ocean-palau-2022\/#article","isPartOf":{"@id":"https:\/\/www.filantropiacortessolari.cl\/anuncio-pais-the-blue-boat-initiative-en-la-septima-conferencia-our-ocean-palau-2022\/"},"author":{"name":"Filantrop\u00eda Cort\u00e9s Solari","@id":"https:\/\/www.filantropiacortessolari.cl\/#\/schema\/person\/e099cf1046922f4f5892172332dc86c0"},"headline":"Anuncio Pa\u00eds The Blue Boat Initiative en la s\u00e9ptima Conferencia Our Ocean Palau 2022","datePublished":"2022-04-23T00:08:36+00:00","dateModified":"2022-04-27T00:14:23+00:00","mainEntityOfPage":{"@id":"https:\/\/www.filantropiacortessolari.cl\/anuncio-pais-the-blue-boat-initiative-en-la-septima-conferencia-our-ocean-palau-2022\/"},"wordCount":275,"commentCount":0,"image":{"@id":"https:\/\/www.filantropiacortessolari.cl\/anuncio-pais-the-blue-boat-initiative-en-la-septima-conferencia-our-ocean-palau-2022\/#primaryimage"},"thumbnailUrl":"https:\/\/www.filantropiacortessolari.cl\/wp-content\/uploads\/2022\/04\/Captura-de-Pantalla-2022-04-22-a-las-12.01.25.png","keywords":["The Blue Boat"],"articleSection":["Noticias"],"inLanguage":"en-US","potentialAction":[{"@type":"CommentAction","name":"Comment","target":["https:\/\/www.filantropiacortessolari.cl\/anuncio-pais-the-blue-boat-initiative-en-la-septima-conferencia-our-ocean-palau-2022\/#respond"]}]},{"@type":"WebPage","@id":"https:\/\/www.filantropiacortessolari.cl\/anuncio-pais-the-blue-boat-initiative-en-la-septima-conferencia-our-ocean-palau-2022\/","url":"https:\/\/www.filantropiacortessolari.cl\/anuncio-pais-the-blue-boat-initiative-en-la-septima-conferencia-our-ocean-palau-2022\/","name":"Anuncio Pa\u00eds The Blue Boat Initiative en la s\u00e9ptima Conferencia Our Ocean Palau 2022","isPartOf":{"@id":"https:\/\/www.filantropiacortessolari.cl\/#website"},"primaryImageOfPage":{"@id":"https:\/\/www.filantropiacortessolari.cl\/anuncio-pais-the-blue-boat-initiative-en-la-septima-conferencia-our-ocean-palau-2022\/#primaryimage"},"image":{"@id":"https:\/\/www.filantropiacortessolari.cl\/anuncio-pais-the-blue-boat-initiative-en-la-septima-conferencia-our-ocean-palau-2022\/#primaryimage"},"thumbnailUrl":"https:\/\/www.filantropiacortessolari.cl\/wp-content\/uploads\/2022\/04\/Captura-de-Pantalla-2022-04-22-a-las-12.01.25.png","datePublished":"2022-04-23T00:08:36+00:00","dateModified":"2022-04-27T00:14:23+00:00","author":{"@id":"https:\/\/www.filantropiacortessolari.cl\/#\/schema\/person\/e099cf1046922f4f5892172332dc86c0"},"breadcrumb":{"@id":"https:\/\/www.filantropiacortessolari.cl\/anuncio-pais-the-blue-boat-initiative-en-la-septima-conferencia-our-ocean-palau-2022\/#breadcrumb"},"inLanguage":"en-US","potentialAction":[{"@type":"ReadAction","target":["https:\/\/www.filantropiacortessolari.cl\/anuncio-pais-the-blue-boat-initiative-en-la-septima-conferencia-our-ocean-palau-2022\/"]}]},{"@type":"ImageObject","inLanguage":"en-US","@id":"https:\/\/www.filantropiacortessolari.cl\/anuncio-pais-the-blue-boat-initiative-en-la-septima-conferencia-our-ocean-palau-2022\/#primaryimage","url":"https:\/\/www.filantropiacortessolari.cl\/wp-content\/uploads\/2022\/04\/Captura-de-Pantalla-2022-04-22-a-las-12.01.25.png","contentUrl":"https:\/\/www.filantropiacortessolari.cl\/wp-content\/uploads\/2022\/04\/Captura-de-Pantalla-2022-04-22-a-las-12.01.25.png","width":1774,"height":890},{"@type":"BreadcrumbList","@id":"https:\/\/www.filantropiacortessolari.cl\/anuncio-pais-the-blue-boat-initiative-en-la-septima-conferencia-our-ocean-palau-2022\/#breadcrumb","itemListElement":[{"@type":"ListItem","position":1,"name":"Portada","item":"https:\/\/www.filantropiacortessolari.cl\/"},{"@type":"ListItem","position":2,"name":"Anuncio Pa\u00eds The Blue Boat Initiative en la s\u00e9ptima Conferencia Our Ocean Palau 2022"}]},{"@type":"WebSite","@id":"https:\/\/www.filantropiacortessolari.cl\/#website","url":"https:\/\/www.filantropiacortessolari.cl\/","name":"Filantrop\u00eda Cort\u00e9s Solari","description":"Sitio web Filantrop\u00eda Cort\u00e9s Solari","potentialAction":[{"@type":"SearchAction","target":{"@type":"EntryPoint","urlTemplate":"https:\/\/www.filantropiacortessolari.cl\/?s={search_term_string}"},"query-input":{"@type":"PropertyValueSpecification","valueRequired":true,"valueName":"search_term_string"}}],"inLanguage":"en-US"},{"@type":"Person","@id":"https:\/\/www.filantropiacortessolari.cl\/#\/schema\/person\/e099cf1046922f4f5892172332dc86c0","name":"Filantrop\u00eda Cort\u00e9s Solari","image":{"@type":"ImageObject","inLanguage":"en-US","@id":"https:\/\/secure.gravatar.com\/avatar\/9d17bfe24074ed7576e70cbeb8e010cdd7d01fae9f2047bd96cccbe629ec3c11?s=96&d=mm&r=g","url":"https:\/\/secure.gravatar.com\/avatar\/9d17bfe24074ed7576e70cbeb8e010cdd7d01fae9f2047bd96cccbe629ec3c11?s=96&d=mm&r=g","contentUrl":"https:\/\/secure.gravatar.com\/avatar\/9d17bfe24074ed7576e70cbeb8e010cdd7d01fae9f2047bd96cccbe629ec3c11?s=96&d=mm&r=g","caption":"Filantrop\u00eda Cort\u00e9s Solari"},"url":"https:\/\/www.filantropiacortessolari.cl\/en\/author\/filantropia-cortes-solari\/"}]}},"_links":{"self":[{"href":"https:\/\/www.filantropiacortessolari.cl\/en\/wp-json\/wp\/v2\/posts\/10430","targetHints":{"allow":["GET"]}}],"collection":[{"href":"https:\/\/www.filantropiacortessolari.cl\/en\/wp-json\/wp\/v2\/posts"}],"about":[{"href":"https:\/\/www.filantropiacortessolari.cl\/en\/wp-json\/wp\/v2\/types\/post"}],"author":[{"embeddable":true,"href":"https:\/\/www.filantropiacortessolari.cl\/en\/wp-json\/wp\/v2\/users\/1"}],"replies":[{"embeddable":true,"href":"https:\/\/www.filantropiacortessolari.cl\/en\/wp-json\/wp\/v2\/comments?post=10430"}],"version-history":[{"count":1,"href":"https:\/\/www.filantropiacortessolari.cl\/en\/wp-json\/wp\/v2\/posts\/10430\/revisions"}],"predecessor-version":[{"id":10431,"href":"https:\/\/www.filantropiacortessolari.cl\/en\/wp-json\/wp\/v2\/posts\/10430\/revisions\/10431"}],"wp:featuredmedia":[{"embeddable":true,"href":"https:\/\/www.filantropiacortessolari.cl\/en\/wp-json\/wp\/v2\/media\/10432"}],"wp:attachment":[{"href":"https:\/\/www.filantropiacortessolari.cl\/en\/wp-json\/wp\/v2\/media?parent=10430"}],"wp:term":[{"taxonomy":"category","embeddable":true,"href":"https:\/\/www.filantropiacortessolari.cl\/en\/wp-json\/wp\/v2\/categories?post=10430"},{"taxonomy":"post_tag","embeddable":true,"href":"https:\/\/www.filantropiacortessolari.cl\/en\/wp-json\/wp\/v2\/tags?post=10430"}],"curies":[{"name":"wp","href":"https:\/\/api.w.org\/{rel}","templated":true}]}}