{"id":10449,"date":"2022-03-17T23:02:42","date_gmt":"2022-03-18T02:02:42","guid":{"rendered":"https:\/\/www.filantropiacortessolari.cl\/?p=10449"},"modified":"2022-04-26T23:04:23","modified_gmt":"2022-04-27T02:04:23","slug":"relevando-la-importancia-de-la-educacion-ambiental-a-nivel-internacional","status":"publish","type":"post","link":"https:\/\/www.filantropiacortessolari.cl\/en\/relevando-la-importancia-de-la-educacion-ambiental-a-nivel-internacional\/","title":{"rendered":"Relevando la importancia de la educaci\u00f3n ambiental a nivel internacional"},"content":{"rendered":"<style type=\"text\/css\"><\/style><p>\u201cM\u00f3naco Ocean Week\u201d, ser\u00e1 un evento en el cual se reunir\u00e1 un grupo de expertos del medio marino, en el que se tratar\u00e1n temas como la conservaci\u00f3n de los habitantes del mar; sin duda, un gui\u00f1o al bienestar de la naturaleza en general.<\/p>\n<p>Y es por ello, que ha sido la instancia elegida para presentar \u201cTerritoriAR\u201d, una aplicaci\u00f3n de educaci\u00f3n ambiental, que le permitir\u00e1 al usuario conocer la biodiversidad mediante c\u00e1psulas multimedia de Realidad Aumentada, que lo sumerge en la asombrosa experiencia de conocer la flora y fauna de un lugar, mediante esta tecnolog\u00eda.<\/p>\n<p>Asimismo, TerritoriAR se presenta tambi\u00e9n como una gran herramienta para docentes, dado que cuenta con una p\u00e1gina web (territoriar.cl), en la cual se puede descargar m\u00faltiple informaci\u00f3n y material digital, para complementar la experiencia y aprendizaje que se vive en terreno.<\/p>\n<p>Esta iniciativa nace en Chile, pa\u00eds dotado con una elevada biodiversidad, tanto as\u00ed que se considera como un laboratorio natural \u00fanico en el mundo en este aspecto.<br \/>\nConoce TerritoriAR, el punto donde ciencia y tecnolog\u00eda se unen al servicio de la educaci\u00f3n ambiental.<\/p>\n","protected":false},"excerpt":{"rendered":"<p>\u201cM\u00f3naco Ocean Week\u201d, ser\u00e1 un evento en el cual se reunir\u00e1 un grupo de expertos del medio marino, en el que se tratar\u00e1n temas como la conservaci\u00f3n de los habitantes del mar; sin duda, un gui\u00f1o al bienestar de la naturaleza en general. Y es por ello, que ha sido la instancia elegida para presentar&#8230;<\/p>\n","protected":false},"author":1,"featured_media":10450,"comment_status":"open","ping_status":"open","sticky":false,"template":"","format":"standard","meta":{"footnotes":""},"categories":[31],"tags":[],"class_list":["post-10449","post","type-post","status-publish","format-standard","has-post-thumbnail","hentry","category-noticias"],"translation":{"provider":"WPGlobus","version":"3.0.2","language":"en","enabled_languages":["es","en"],"languages":{"es":{"title":true,"content":true,"excerpt":false},"en":{"title":false,"content":false,"excerpt":false}}},"yoast_head":"<!-- This site is optimized with the Yoast SEO plugin v27.4 - https:\/\/yoast.com\/product\/yoast-seo-wordpress\/ -->\n<title>Relevando la importancia de la educaci\u00f3n ambiental a nivel internacional<\/title>\n<meta name=\"robots\" content=\"index, follow, max-snippet:-1, max-image-preview:large, max-video-preview:-1\" \/>\n<link rel=\"canonical\" href=\"https:\/\/www.filantropiacortessolari.cl\/relevando-la-importancia-de-la-educacion-ambiental-a-nivel-internacional\/\" \/>\n<meta property=\"og:locale\" content=\"en_US\" \/>\n<meta property=\"og:type\" content=\"article\" \/>\n<meta property=\"og:title\" content=\"Relevando la importancia de la educaci\u00f3n ambiental a nivel internacional\" \/>\n<meta property=\"og:url\" content=\"https:\/\/www.filantropiacortessolari.cl\/relevando-la-importancia-de-la-educacion-ambiental-a-nivel-internacional\/\" \/>\n<meta property=\"og:site_name\" content=\"Filantrop\u00eda Cort\u00e9s Solari\" \/>\n<meta property=\"article:published_time\" content=\"2022-03-18T02:02:42+00:00\" \/>\n<meta property=\"article:modified_time\" content=\"2022-04-27T02:04:23+00:00\" \/>\n<meta property=\"og:image\" content=\"https:\/\/www.filantropiacortessolari.cl\/wp-content\/uploads\/2022\/04\/terri-thegem-blog-default.jpeg\" \/>\n\t<meta property=\"og:image:width\" content=\"1170\" \/>\n\t<meta property=\"og:image:height\" content=\"540\" \/>\n\t<meta property=\"og:image:type\" content=\"image\/jpeg\" \/>\n<meta name=\"author\" content=\"Filantrop\u00eda Cort\u00e9s Solari\" \/>\n<meta name=\"twitter:card\" content=\"summary_large_image\" \/>\n<meta name=\"twitter:label1\" content=\"Written by\" \/>\n\t<meta name=\"twitter:data1\" content=\"Filantrop\u00eda Cort\u00e9s Solari\" \/>\n\t<meta name=\"twitter:label2\" content=\"Est. reading time\" \/>\n\t<meta name=\"twitter:data2\" content=\"1 minute\" \/>\n<script type=\"application\/ld+json\" class=\"yoast-schema-graph\">{\"@context\":\"https:\\\/\\\/schema.org\",\"@graph\":[{\"@type\":\"Article\",\"@id\":\"https:\\\/\\\/www.filantropiacortessolari.cl\\\/relevando-la-importancia-de-la-educacion-ambiental-a-nivel-internacional\\\/#article\",\"isPartOf\":{\"@id\":\"https:\\\/\\\/www.filantropiacortessolari.cl\\\/relevando-la-importancia-de-la-educacion-ambiental-a-nivel-internacional\\\/\"},\"author\":{\"name\":\"Filantrop\u00eda Cort\u00e9s Solari\",\"@id\":\"https:\\\/\\\/www.filantropiacortessolari.cl\\\/#\\\/schema\\\/person\\\/e099cf1046922f4f5892172332dc86c0\"},\"headline\":\"Relevando la importancia de la educaci\u00f3n ambiental a nivel internacional\",\"datePublished\":\"2022-03-18T02:02:42+00:00\",\"dateModified\":\"2022-04-27T02:04:23+00:00\",\"mainEntityOfPage\":{\"@id\":\"https:\\\/\\\/www.filantropiacortessolari.cl\\\/relevando-la-importancia-de-la-educacion-ambiental-a-nivel-internacional\\\/\"},\"wordCount\":205,\"commentCount\":0,\"image\":{\"@id\":\"https:\\\/\\\/www.filantropiacortessolari.cl\\\/relevando-la-importancia-de-la-educacion-ambiental-a-nivel-internacional\\\/#primaryimage\"},\"thumbnailUrl\":\"https:\\\/\\\/www.filantropiacortessolari.cl\\\/wp-content\\\/uploads\\\/2022\\\/04\\\/terri-thegem-blog-default.jpeg\",\"articleSection\":[\"Noticias\"],\"inLanguage\":\"en-US\",\"potentialAction\":[{\"@type\":\"CommentAction\",\"name\":\"Comment\",\"target\":[\"https:\\\/\\\/www.filantropiacortessolari.cl\\\/relevando-la-importancia-de-la-educacion-ambiental-a-nivel-internacional\\\/#respond\"]}]},{\"@type\":\"WebPage\",\"@id\":\"https:\\\/\\\/www.filantropiacortessolari.cl\\\/relevando-la-importancia-de-la-educacion-ambiental-a-nivel-internacional\\\/\",\"url\":\"https:\\\/\\\/www.filantropiacortessolari.cl\\\/relevando-la-importancia-de-la-educacion-ambiental-a-nivel-internacional\\\/\",\"name\":\"Relevando la importancia de la educaci\u00f3n ambiental a nivel internacional\",\"isPartOf\":{\"@id\":\"https:\\\/\\\/www.filantropiacortessolari.cl\\\/#website\"},\"primaryImageOfPage\":{\"@id\":\"https:\\\/\\\/www.filantropiacortessolari.cl\\\/relevando-la-importancia-de-la-educacion-ambiental-a-nivel-internacional\\\/#primaryimage\"},\"image\":{\"@id\":\"https:\\\/\\\/www.filantropiacortessolari.cl\\\/relevando-la-importancia-de-la-educacion-ambiental-a-nivel-internacional\\\/#primaryimage\"},\"thumbnailUrl\":\"https:\\\/\\\/www.filantropiacortessolari.cl\\\/wp-content\\\/uploads\\\/2022\\\/04\\\/terri-thegem-blog-default.jpeg\",\"datePublished\":\"2022-03-18T02:02:42+00:00\",\"dateModified\":\"2022-04-27T02:04:23+00:00\",\"author\":{\"@id\":\"https:\\\/\\\/www.filantropiacortessolari.cl\\\/#\\\/schema\\\/person\\\/e099cf1046922f4f5892172332dc86c0\"},\"breadcrumb\":{\"@id\":\"https:\\\/\\\/www.filantropiacortessolari.cl\\\/relevando-la-importancia-de-la-educacion-ambiental-a-nivel-internacional\\\/#breadcrumb\"},\"inLanguage\":\"en-US\",\"potentialAction\":[{\"@type\":\"ReadAction\",\"target\":[\"https:\\\/\\\/www.filantropiacortessolari.cl\\\/relevando-la-importancia-de-la-educacion-ambiental-a-nivel-internacional\\\/\"]}]},{\"@type\":\"ImageObject\",\"inLanguage\":\"en-US\",\"@id\":\"https:\\\/\\\/www.filantropiacortessolari.cl\\\/relevando-la-importancia-de-la-educacion-ambiental-a-nivel-internacional\\\/#primaryimage\",\"url\":\"https:\\\/\\\/www.filantropiacortessolari.cl\\\/wp-content\\\/uploads\\\/2022\\\/04\\\/terri-thegem-blog-default.jpeg\",\"contentUrl\":\"https:\\\/\\\/www.filantropiacortessolari.cl\\\/wp-content\\\/uploads\\\/2022\\\/04\\\/terri-thegem-blog-default.jpeg\",\"width\":1170,\"height\":540},{\"@type\":\"BreadcrumbList\",\"@id\":\"https:\\\/\\\/www.filantropiacortessolari.cl\\\/relevando-la-importancia-de-la-educacion-ambiental-a-nivel-internacional\\\/#breadcrumb\",\"itemListElement\":[{\"@type\":\"ListItem\",\"position\":1,\"name\":\"Portada\",\"item\":\"https:\\\/\\\/www.filantropiacortessolari.cl\\\/\"},{\"@type\":\"ListItem\",\"position\":2,\"name\":\"Relevando la importancia de la educaci\u00f3n ambiental a nivel internacional\"}]},{\"@type\":\"WebSite\",\"@id\":\"https:\\\/\\\/www.filantropiacortessolari.cl\\\/#website\",\"url\":\"https:\\\/\\\/www.filantropiacortessolari.cl\\\/\",\"name\":\"Filantrop\u00eda Cort\u00e9s Solari\",\"description\":\"Sitio web Filantrop\u00eda Cort\u00e9s Solari\",\"potentialAction\":[{\"@type\":\"SearchAction\",\"target\":{\"@type\":\"EntryPoint\",\"urlTemplate\":\"https:\\\/\\\/www.filantropiacortessolari.cl\\\/?s={search_term_string}\"},\"query-input\":{\"@type\":\"PropertyValueSpecification\",\"valueRequired\":true,\"valueName\":\"search_term_string\"}}],\"inLanguage\":\"en-US\"},{\"@type\":\"Person\",\"@id\":\"https:\\\/\\\/www.filantropiacortessolari.cl\\\/#\\\/schema\\\/person\\\/e099cf1046922f4f5892172332dc86c0\",\"name\":\"Filantrop\u00eda Cort\u00e9s Solari\",\"image\":{\"@type\":\"ImageObject\",\"inLanguage\":\"en-US\",\"@id\":\"https:\\\/\\\/secure.gravatar.com\\\/avatar\\\/9d17bfe24074ed7576e70cbeb8e010cdd7d01fae9f2047bd96cccbe629ec3c11?s=96&d=mm&r=g\",\"url\":\"https:\\\/\\\/secure.gravatar.com\\\/avatar\\\/9d17bfe24074ed7576e70cbeb8e010cdd7d01fae9f2047bd96cccbe629ec3c11?s=96&d=mm&r=g\",\"contentUrl\":\"https:\\\/\\\/secure.gravatar.com\\\/avatar\\\/9d17bfe24074ed7576e70cbeb8e010cdd7d01fae9f2047bd96cccbe629ec3c11?s=96&d=mm&r=g\",\"caption\":\"Filantrop\u00eda Cort\u00e9s Solari\"},\"url\":\"https:\\\/\\\/www.filantropiacortessolari.cl\\\/en\\\/author\\\/filantropia-cortes-solari\\\/\"}]}<\/script>\n<!-- \/ Yoast SEO plugin. -->","yoast_head_json":{"title":"Relevando la importancia de la educaci\u00f3n ambiental a nivel internacional","robots":{"index":"index","follow":"follow","max-snippet":"max-snippet:-1","max-image-preview":"max-image-preview:large","max-video-preview":"max-video-preview:-1"},"canonical":"https:\/\/www.filantropiacortessolari.cl\/relevando-la-importancia-de-la-educacion-ambiental-a-nivel-internacional\/","og_locale":"en_US","og_type":"article","og_title":"Relevando la importancia de la educaci\u00f3n ambiental a nivel internacional","og_url":"https:\/\/www.filantropiacortessolari.cl\/relevando-la-importancia-de-la-educacion-ambiental-a-nivel-internacional\/","og_site_name":"Filantrop\u00eda Cort\u00e9s Solari","article_published_time":"2022-03-18T02:02:42+00:00","article_modified_time":"2022-04-27T02:04:23+00:00","og_image":[{"width":1170,"height":540,"url":"https:\/\/www.filantropiacortessolari.cl\/wp-content\/uploads\/2022\/04\/terri-thegem-blog-default.jpeg","type":"image\/jpeg"}],"author":"Filantrop\u00eda Cort\u00e9s Solari","twitter_card":"summary_large_image","twitter_misc":{"Written by":"Filantrop\u00eda Cort\u00e9s Solari","Est. reading time":"1 minute"},"schema":{"@context":"https:\/\/schema.org","@graph":[{"@type":"Article","@id":"https:\/\/www.filantropiacortessolari.cl\/relevando-la-importancia-de-la-educacion-ambiental-a-nivel-internacional\/#article","isPartOf":{"@id":"https:\/\/www.filantropiacortessolari.cl\/relevando-la-importancia-de-la-educacion-ambiental-a-nivel-internacional\/"},"author":{"name":"Filantrop\u00eda Cort\u00e9s Solari","@id":"https:\/\/www.filantropiacortessolari.cl\/#\/schema\/person\/e099cf1046922f4f5892172332dc86c0"},"headline":"Relevando la importancia de la educaci\u00f3n ambiental a nivel internacional","datePublished":"2022-03-18T02:02:42+00:00","dateModified":"2022-04-27T02:04:23+00:00","mainEntityOfPage":{"@id":"https:\/\/www.filantropiacortessolari.cl\/relevando-la-importancia-de-la-educacion-ambiental-a-nivel-internacional\/"},"wordCount":205,"commentCount":0,"image":{"@id":"https:\/\/www.filantropiacortessolari.cl\/relevando-la-importancia-de-la-educacion-ambiental-a-nivel-internacional\/#primaryimage"},"thumbnailUrl":"https:\/\/www.filantropiacortessolari.cl\/wp-content\/uploads\/2022\/04\/terri-thegem-blog-default.jpeg","articleSection":["Noticias"],"inLanguage":"en-US","potentialAction":[{"@type":"CommentAction","name":"Comment","target":["https:\/\/www.filantropiacortessolari.cl\/relevando-la-importancia-de-la-educacion-ambiental-a-nivel-internacional\/#respond"]}]},{"@type":"WebPage","@id":"https:\/\/www.filantropiacortessolari.cl\/relevando-la-importancia-de-la-educacion-ambiental-a-nivel-internacional\/","url":"https:\/\/www.filantropiacortessolari.cl\/relevando-la-importancia-de-la-educacion-ambiental-a-nivel-internacional\/","name":"Relevando la importancia de la educaci\u00f3n ambiental a nivel internacional","isPartOf":{"@id":"https:\/\/www.filantropiacortessolari.cl\/#website"},"primaryImageOfPage":{"@id":"https:\/\/www.filantropiacortessolari.cl\/relevando-la-importancia-de-la-educacion-ambiental-a-nivel-internacional\/#primaryimage"},"image":{"@id":"https:\/\/www.filantropiacortessolari.cl\/relevando-la-importancia-de-la-educacion-ambiental-a-nivel-internacional\/#primaryimage"},"thumbnailUrl":"https:\/\/www.filantropiacortessolari.cl\/wp-content\/uploads\/2022\/04\/terri-thegem-blog-default.jpeg","datePublished":"2022-03-18T02:02:42+00:00","dateModified":"2022-04-27T02:04:23+00:00","author":{"@id":"https:\/\/www.filantropiacortessolari.cl\/#\/schema\/person\/e099cf1046922f4f5892172332dc86c0"},"breadcrumb":{"@id":"https:\/\/www.filantropiacortessolari.cl\/relevando-la-importancia-de-la-educacion-ambiental-a-nivel-internacional\/#breadcrumb"},"inLanguage":"en-US","potentialAction":[{"@type":"ReadAction","target":["https:\/\/www.filantropiacortessolari.cl\/relevando-la-importancia-de-la-educacion-ambiental-a-nivel-internacional\/"]}]},{"@type":"ImageObject","inLanguage":"en-US","@id":"https:\/\/www.filantropiacortessolari.cl\/relevando-la-importancia-de-la-educacion-ambiental-a-nivel-internacional\/#primaryimage","url":"https:\/\/www.filantropiacortessolari.cl\/wp-content\/uploads\/2022\/04\/terri-thegem-blog-default.jpeg","contentUrl":"https:\/\/www.filantropiacortessolari.cl\/wp-content\/uploads\/2022\/04\/terri-thegem-blog-default.jpeg","width":1170,"height":540},{"@type":"BreadcrumbList","@id":"https:\/\/www.filantropiacortessolari.cl\/relevando-la-importancia-de-la-educacion-ambiental-a-nivel-internacional\/#breadcrumb","itemListElement":[{"@type":"ListItem","position":1,"name":"Portada","item":"https:\/\/www.filantropiacortessolari.cl\/"},{"@type":"ListItem","position":2,"name":"Relevando la importancia de la educaci\u00f3n ambiental a nivel internacional"}]},{"@type":"WebSite","@id":"https:\/\/www.filantropiacortessolari.cl\/#website","url":"https:\/\/www.filantropiacortessolari.cl\/","name":"Filantrop\u00eda Cort\u00e9s Solari","description":"Sitio web Filantrop\u00eda Cort\u00e9s Solari","potentialAction":[{"@type":"SearchAction","target":{"@type":"EntryPoint","urlTemplate":"https:\/\/www.filantropiacortessolari.cl\/?s={search_term_string}"},"query-input":{"@type":"PropertyValueSpecification","valueRequired":true,"valueName":"search_term_string"}}],"inLanguage":"en-US"},{"@type":"Person","@id":"https:\/\/www.filantropiacortessolari.cl\/#\/schema\/person\/e099cf1046922f4f5892172332dc86c0","name":"Filantrop\u00eda Cort\u00e9s Solari","image":{"@type":"ImageObject","inLanguage":"en-US","@id":"https:\/\/secure.gravatar.com\/avatar\/9d17bfe24074ed7576e70cbeb8e010cdd7d01fae9f2047bd96cccbe629ec3c11?s=96&d=mm&r=g","url":"https:\/\/secure.gravatar.com\/avatar\/9d17bfe24074ed7576e70cbeb8e010cdd7d01fae9f2047bd96cccbe629ec3c11?s=96&d=mm&r=g","contentUrl":"https:\/\/secure.gravatar.com\/avatar\/9d17bfe24074ed7576e70cbeb8e010cdd7d01fae9f2047bd96cccbe629ec3c11?s=96&d=mm&r=g","caption":"Filantrop\u00eda Cort\u00e9s Solari"},"url":"https:\/\/www.filantropiacortessolari.cl\/en\/author\/filantropia-cortes-solari\/"}]}},"_links":{"self":[{"href":"https:\/\/www.filantropiacortessolari.cl\/en\/wp-json\/wp\/v2\/posts\/10449","targetHints":{"allow":["GET"]}}],"collection":[{"href":"https:\/\/www.filantropiacortessolari.cl\/en\/wp-json\/wp\/v2\/posts"}],"about":[{"href":"https:\/\/www.filantropiacortessolari.cl\/en\/wp-json\/wp\/v2\/types\/post"}],"author":[{"embeddable":true,"href":"https:\/\/www.filantropiacortessolari.cl\/en\/wp-json\/wp\/v2\/users\/1"}],"replies":[{"embeddable":true,"href":"https:\/\/www.filantropiacortessolari.cl\/en\/wp-json\/wp\/v2\/comments?post=10449"}],"version-history":[{"count":1,"href":"https:\/\/www.filantropiacortessolari.cl\/en\/wp-json\/wp\/v2\/posts\/10449\/revisions"}],"predecessor-version":[{"id":10451,"href":"https:\/\/www.filantropiacortessolari.cl\/en\/wp-json\/wp\/v2\/posts\/10449\/revisions\/10451"}],"wp:featuredmedia":[{"embeddable":true,"href":"https:\/\/www.filantropiacortessolari.cl\/en\/wp-json\/wp\/v2\/media\/10450"}],"wp:attachment":[{"href":"https:\/\/www.filantropiacortessolari.cl\/en\/wp-json\/wp\/v2\/media?parent=10449"}],"wp:term":[{"taxonomy":"category","embeddable":true,"href":"https:\/\/www.filantropiacortessolari.cl\/en\/wp-json\/wp\/v2\/categories?post=10449"},{"taxonomy":"post_tag","embeddable":true,"href":"https:\/\/www.filantropiacortessolari.cl\/en\/wp-json\/wp\/v2\/tags?post=10449"}],"curies":[{"name":"wp","href":"https:\/\/api.w.org\/{rel}","templated":true}]}}