{"id":10559,"date":"2022-06-14T17:11:07","date_gmt":"2022-06-14T20:11:07","guid":{"rendered":"https:\/\/www.filantropiacortessolari.cl\/?p=10559"},"modified":"2022-06-20T18:03:01","modified_gmt":"2022-06-20T21:03:01","slug":"columna-cuando-la-ciencia-y-la-humanidad-escuchan-a-los-oceanos","status":"publish","type":"post","link":"https:\/\/www.filantropiacortessolari.cl\/en\/columna-cuando-la-ciencia-y-la-humanidad-escuchan-a-los-oceanos\/","title":{"rendered":"[Columna] Cuando la ciencia y la humanidad escuchan a los oc\u00e9anos"},"content":{"rendered":"<style type=\"text\/css\"><\/style><p>Por <a href=\"https:\/\/www.filantropiacortessolari.cl\/profile\/francisca-cortes-solari\/\" rel=\"noopener\">Francisca Cort\u00e9s Solari, Presidenta Ejecutiva Filantrop\u00eda Cort\u00e9s Solari<\/a>.<\/p>\n<p>El periodismo de calidad es m\u00e1s importante que nunca.<\/p>\n<p>Los seres humanos dependemos directamente de los oc\u00e9anos, sea desde una perspectiva ambiental, social, cultural o econ\u00f3mica. Estos nos proporcionan 55% del ox\u00edgeno que respiramos a diario, adem\u00e1s de constituir una fuente esencial de energ\u00eda y alimentos. Absorben mil veces m\u00e1s calor que la atm\u00f3sfera para redistribuirlo por el planeta, mientras que sus ballenas capturan el 30% del CO2 que producimos, mitigando de esta forma el cambio clim\u00e1tico.<\/p>\n<p>Pero, sobre todo, los oc\u00e9anos representan m\u00e1s del 60% del PIB Mundial, evidenciando la urgencia de avanzar hacia una econom\u00eda verde-azul, en donde el crecimiento econ\u00f3mico sea marino sostenible.<\/p>\n<p>Sabemos que los oc\u00e9anos est\u00e1n bajo amenaza, y por ende nuestra propia sobrevivencia. Sabemos de la acidificaci\u00f3n creciente de los ecosistemas marinos, de las especies bajo amenaza antropog\u00e9nica, de los desastres naturales m\u00faltiples, y de las islas de pl\u00e1sticos, del tama\u00f1o de continentes, que navegan nuestros mares.<\/p>\n<p><img loading=\"lazy\" decoding=\"async\" class=\"aligncenter wp-image-10562 size-full\" src=\"https:\/\/www.filantropiacortessolari.cl\/wp-content\/uploads\/2022\/06\/J6Y6WAHEZG47VSISEWCT4KVYII.webp\" alt=\"\" width=\"768\" height=\"537\" \/><\/p>\n<p>\u00bfPero qu\u00e9 sabemos realmente de los impactos de la actividad humana sobre los seres vivos que lo habitan? \u00bfQu\u00e9 escuchamos realmente de los oc\u00e9anos y sus seres vivos?<\/p>\n<p>En el caso de Chile, y de la Patagonia Norte, mediante el uso de la tecnolog\u00eda de vanguardia, LIDO, hemos sido capaces de escuchar las profundidades del mar instalando \u201co\u00eddos inteligentes\u201d, que nos permitan monitorear el mundo submarino y mejorar la toma decisiones del sector p\u00fablico, privado y sociedad civil.<\/p>\n<p>La instalaci\u00f3n de estos o\u00eddos inteligentes en los ecosistemas marinos permitir\u00e1 escuchar los oc\u00e9anos, sus ecosistemas, y monitorear el impacto de diversas industrias sobre ellos. De esta forma, los o\u00eddos inteligentes se transforman en una herramienta esencial para la conservaci\u00f3n marina o terrestre.<\/p>\n<p>Esta tecnolog\u00eda se implementar\u00e1 en septiembre pr\u00f3ximo en el marco del proyecto <a href=\"https:\/\/theblueboatinitiative.org\/\" target=\"_blank\" rel=\"noopener noreferrer\">The Blue Boat Initiative<\/a>, desarrollado conjuntamente entre el Gobierno de Chile y <a href=\"http:\/\/fundacionmeri.cl\/\" target=\"_blank\" rel=\"noopener noreferrer\">Fundaci\u00f3n MERI<\/a>, en la Patagonia Norte, el cual instalar\u00e1 o\u00eddos inteligentes para avisar a las embarcaciones de la presencia de ballenas, de manera de evitar que colisionen con estos cet\u00e1ceos esenciales para la mitigaci\u00f3n del cambio clim\u00e1tico y de un valor ecosist\u00e9mico fundamental.<\/p>\n<p>Se trata de un proyecto de elevados niveles de Inteligencia Artificial que dejar\u00e1 instalada una capacidad \u00fanica en Chile, no s\u00f3lo para monitorear la presencia de ballenas, sino para escuchar los oc\u00e9anos, <strong>obteniendo datos que permitan el posterior monitoreo de su estado de salud<\/strong>, siendo una tecnolog\u00eda replicable en una diversidad de ecosistemas e industrias.<\/p>\n<p>Recordemos que <strong>cada ballena azul captura 33 toneladas de carbono a lo largo de su vida<\/strong>. Este denominado \u201cservicio ecosist\u00e9mico marino\u201d reduce la presencia en la atm\u00f3sfera de uno de los principales gases causantes del cambio clim\u00e1tico.<\/p>\n<p>Ya estamos frente a un cambio de paradigma. Entendemos que los oc\u00e9anos no son \u00fanicamente fuente de materia prima. Considerando que la especie humana se est\u00e1 extinguiendo, debemos utilizar todas las herramientas que nos provee la ciencia y la cultura ancestral, as\u00ed como de la mano del tri\u00e1ngulo virtuoso, sector p\u00fablico, privado y sociedad civil, para cambiar el eje actual. Solo conectando la raz\u00f3n con el coraz\u00f3n lograremos cambiar el rumbo de nuestros destinos.<\/p>\n<p>Fuente: <a href=\"https:\/\/www.latercera.com\/que-pasa\/noticia\/cuando-la-ciencia-y-la-humanidad-escuchan-a-los-oceanos\/XYCU6JFXEFB3HDSDNLULTI2KLI\/\" target=\"_blank\" rel=\"noopener noreferrer\">La Tercera<\/a><\/p>\n","protected":false},"excerpt":{"rendered":"<p>Por Francisca Cort\u00e9s Solari, Presidenta Ejecutiva Filantrop\u00eda Cort\u00e9s Solari. El periodismo de calidad es m\u00e1s importante que nunca. Los seres humanos dependemos directamente de los oc\u00e9anos, sea desde una perspectiva ambiental, social, cultural o econ\u00f3mica. Estos nos proporcionan 55% del ox\u00edgeno que respiramos a diario, adem\u00e1s de constituir una fuente esencial de energ\u00eda y alimentos&#8230;.<\/p>\n","protected":false},"author":1,"featured_media":10566,"comment_status":"open","ping_status":"open","sticky":false,"template":"","format":"standard","meta":{"footnotes":""},"categories":[33,9],"tags":[42,45],"class_list":["post-10559","post","type-post","status-publish","format-standard","has-post-thumbnail","hentry","category-fcs","category-entrevistas","tag-francisca-cortes-solari","tag-the-blue-boat"],"translation":{"provider":"WPGlobus","version":"3.0.2","language":"en","enabled_languages":["es","en"],"languages":{"es":{"title":true,"content":true,"excerpt":false},"en":{"title":false,"content":false,"excerpt":false}}},"yoast_head":"<!-- This site is optimized with the Yoast SEO plugin v27.4 - https:\/\/yoast.com\/product\/yoast-seo-wordpress\/ -->\n<title>[Columna] Cuando la ciencia y la humanidad escuchan a los oc\u00e9anos<\/title>\n<meta name=\"robots\" content=\"index, follow, max-snippet:-1, max-image-preview:large, max-video-preview:-1\" \/>\n<link rel=\"canonical\" href=\"https:\/\/www.filantropiacortessolari.cl\/columna-cuando-la-ciencia-y-la-humanidad-escuchan-a-los-oceanos\/\" \/>\n<meta property=\"og:locale\" content=\"en_US\" \/>\n<meta property=\"og:type\" content=\"article\" \/>\n<meta property=\"og:title\" content=\"[Columna] Cuando la ciencia y la humanidad escuchan a los oc\u00e9anos\" \/>\n<meta property=\"og:url\" content=\"https:\/\/www.filantropiacortessolari.cl\/columna-cuando-la-ciencia-y-la-humanidad-escuchan-a-los-oceanos\/\" \/>\n<meta property=\"og:site_name\" content=\"Filantrop\u00eda Cort\u00e9s Solari\" \/>\n<meta property=\"article:published_time\" content=\"2022-06-14T20:11:07+00:00\" \/>\n<meta property=\"article:modified_time\" content=\"2022-06-20T21:03:01+00:00\" \/>\n<meta property=\"og:image\" content=\"https:\/\/www.filantropiacortessolari.cl\/wp-content\/uploads\/2022\/06\/Foto-Fran2.jpg\" \/>\n\t<meta property=\"og:image:width\" content=\"1280\" \/>\n\t<meta property=\"og:image:height\" content=\"853\" \/>\n\t<meta property=\"og:image:type\" content=\"image\/jpeg\" \/>\n<meta name=\"author\" content=\"Filantrop\u00eda Cort\u00e9s Solari\" \/>\n<meta name=\"twitter:card\" content=\"summary_large_image\" \/>\n<meta name=\"twitter:label1\" content=\"Written by\" \/>\n\t<meta name=\"twitter:data1\" content=\"Filantrop\u00eda Cort\u00e9s Solari\" \/>\n\t<meta name=\"twitter:label2\" content=\"Est. reading time\" \/>\n\t<meta name=\"twitter:data2\" content=\"3 minutes\" \/>\n<script type=\"application\/ld+json\" class=\"yoast-schema-graph\">{\"@context\":\"https:\\\/\\\/schema.org\",\"@graph\":[{\"@type\":\"Article\",\"@id\":\"https:\\\/\\\/www.filantropiacortessolari.cl\\\/columna-cuando-la-ciencia-y-la-humanidad-escuchan-a-los-oceanos\\\/#article\",\"isPartOf\":{\"@id\":\"https:\\\/\\\/www.filantropiacortessolari.cl\\\/columna-cuando-la-ciencia-y-la-humanidad-escuchan-a-los-oceanos\\\/\"},\"author\":{\"name\":\"Filantrop\u00eda Cort\u00e9s Solari\",\"@id\":\"https:\\\/\\\/www.filantropiacortessolari.cl\\\/#\\\/schema\\\/person\\\/e099cf1046922f4f5892172332dc86c0\"},\"headline\":\"[Columna] Cuando la ciencia y la humanidad escuchan a los oc\u00e9anos\",\"datePublished\":\"2022-06-14T20:11:07+00:00\",\"dateModified\":\"2022-06-20T21:03:01+00:00\",\"mainEntityOfPage\":{\"@id\":\"https:\\\/\\\/www.filantropiacortessolari.cl\\\/columna-cuando-la-ciencia-y-la-humanidad-escuchan-a-los-oceanos\\\/\"},\"wordCount\":578,\"commentCount\":0,\"image\":{\"@id\":\"https:\\\/\\\/www.filantropiacortessolari.cl\\\/columna-cuando-la-ciencia-y-la-humanidad-escuchan-a-los-oceanos\\\/#primaryimage\"},\"thumbnailUrl\":\"https:\\\/\\\/www.filantropiacortessolari.cl\\\/wp-content\\\/uploads\\\/2022\\\/06\\\/Foto-Fran2.jpg\",\"keywords\":[\"Francisca Cort\u00e9s Solari\",\"The Blue Boat\"],\"articleSection\":[\"Entrevista FCS\",\"Entrevistas\"],\"inLanguage\":\"en-US\",\"potentialAction\":[{\"@type\":\"CommentAction\",\"name\":\"Comment\",\"target\":[\"https:\\\/\\\/www.filantropiacortessolari.cl\\\/columna-cuando-la-ciencia-y-la-humanidad-escuchan-a-los-oceanos\\\/#respond\"]}]},{\"@type\":\"WebPage\",\"@id\":\"https:\\\/\\\/www.filantropiacortessolari.cl\\\/columna-cuando-la-ciencia-y-la-humanidad-escuchan-a-los-oceanos\\\/\",\"url\":\"https:\\\/\\\/www.filantropiacortessolari.cl\\\/columna-cuando-la-ciencia-y-la-humanidad-escuchan-a-los-oceanos\\\/\",\"name\":\"[Columna] Cuando la ciencia y la humanidad escuchan a los oc\u00e9anos\",\"isPartOf\":{\"@id\":\"https:\\\/\\\/www.filantropiacortessolari.cl\\\/#website\"},\"primaryImageOfPage\":{\"@id\":\"https:\\\/\\\/www.filantropiacortessolari.cl\\\/columna-cuando-la-ciencia-y-la-humanidad-escuchan-a-los-oceanos\\\/#primaryimage\"},\"image\":{\"@id\":\"https:\\\/\\\/www.filantropiacortessolari.cl\\\/columna-cuando-la-ciencia-y-la-humanidad-escuchan-a-los-oceanos\\\/#primaryimage\"},\"thumbnailUrl\":\"https:\\\/\\\/www.filantropiacortessolari.cl\\\/wp-content\\\/uploads\\\/2022\\\/06\\\/Foto-Fran2.jpg\",\"datePublished\":\"2022-06-14T20:11:07+00:00\",\"dateModified\":\"2022-06-20T21:03:01+00:00\",\"author\":{\"@id\":\"https:\\\/\\\/www.filantropiacortessolari.cl\\\/#\\\/schema\\\/person\\\/e099cf1046922f4f5892172332dc86c0\"},\"breadcrumb\":{\"@id\":\"https:\\\/\\\/www.filantropiacortessolari.cl\\\/columna-cuando-la-ciencia-y-la-humanidad-escuchan-a-los-oceanos\\\/#breadcrumb\"},\"inLanguage\":\"en-US\",\"potentialAction\":[{\"@type\":\"ReadAction\",\"target\":[\"https:\\\/\\\/www.filantropiacortessolari.cl\\\/columna-cuando-la-ciencia-y-la-humanidad-escuchan-a-los-oceanos\\\/\"]}]},{\"@type\":\"ImageObject\",\"inLanguage\":\"en-US\",\"@id\":\"https:\\\/\\\/www.filantropiacortessolari.cl\\\/columna-cuando-la-ciencia-y-la-humanidad-escuchan-a-los-oceanos\\\/#primaryimage\",\"url\":\"https:\\\/\\\/www.filantropiacortessolari.cl\\\/wp-content\\\/uploads\\\/2022\\\/06\\\/Foto-Fran2.jpg\",\"contentUrl\":\"https:\\\/\\\/www.filantropiacortessolari.cl\\\/wp-content\\\/uploads\\\/2022\\\/06\\\/Foto-Fran2.jpg\",\"width\":1280,\"height\":853},{\"@type\":\"BreadcrumbList\",\"@id\":\"https:\\\/\\\/www.filantropiacortessolari.cl\\\/columna-cuando-la-ciencia-y-la-humanidad-escuchan-a-los-oceanos\\\/#breadcrumb\",\"itemListElement\":[{\"@type\":\"ListItem\",\"position\":1,\"name\":\"Portada\",\"item\":\"https:\\\/\\\/www.filantropiacortessolari.cl\\\/\"},{\"@type\":\"ListItem\",\"position\":2,\"name\":\"[Columna] Cuando la ciencia y la humanidad escuchan a los oc\u00e9anos\"}]},{\"@type\":\"WebSite\",\"@id\":\"https:\\\/\\\/www.filantropiacortessolari.cl\\\/#website\",\"url\":\"https:\\\/\\\/www.filantropiacortessolari.cl\\\/\",\"name\":\"Filantrop\u00eda Cort\u00e9s Solari\",\"description\":\"Sitio web Filantrop\u00eda Cort\u00e9s Solari\",\"potentialAction\":[{\"@type\":\"SearchAction\",\"target\":{\"@type\":\"EntryPoint\",\"urlTemplate\":\"https:\\\/\\\/www.filantropiacortessolari.cl\\\/?s={search_term_string}\"},\"query-input\":{\"@type\":\"PropertyValueSpecification\",\"valueRequired\":true,\"valueName\":\"search_term_string\"}}],\"inLanguage\":\"en-US\"},{\"@type\":\"Person\",\"@id\":\"https:\\\/\\\/www.filantropiacortessolari.cl\\\/#\\\/schema\\\/person\\\/e099cf1046922f4f5892172332dc86c0\",\"name\":\"Filantrop\u00eda Cort\u00e9s Solari\",\"image\":{\"@type\":\"ImageObject\",\"inLanguage\":\"en-US\",\"@id\":\"https:\\\/\\\/secure.gravatar.com\\\/avatar\\\/9d17bfe24074ed7576e70cbeb8e010cdd7d01fae9f2047bd96cccbe629ec3c11?s=96&d=mm&r=g\",\"url\":\"https:\\\/\\\/secure.gravatar.com\\\/avatar\\\/9d17bfe24074ed7576e70cbeb8e010cdd7d01fae9f2047bd96cccbe629ec3c11?s=96&d=mm&r=g\",\"contentUrl\":\"https:\\\/\\\/secure.gravatar.com\\\/avatar\\\/9d17bfe24074ed7576e70cbeb8e010cdd7d01fae9f2047bd96cccbe629ec3c11?s=96&d=mm&r=g\",\"caption\":\"Filantrop\u00eda Cort\u00e9s Solari\"},\"url\":\"https:\\\/\\\/www.filantropiacortessolari.cl\\\/en\\\/author\\\/filantropia-cortes-solari\\\/\"}]}<\/script>\n<!-- \/ Yoast SEO plugin. -->","yoast_head_json":{"title":"[Columna] Cuando la ciencia y la humanidad escuchan a los oc\u00e9anos","robots":{"index":"index","follow":"follow","max-snippet":"max-snippet:-1","max-image-preview":"max-image-preview:large","max-video-preview":"max-video-preview:-1"},"canonical":"https:\/\/www.filantropiacortessolari.cl\/columna-cuando-la-ciencia-y-la-humanidad-escuchan-a-los-oceanos\/","og_locale":"en_US","og_type":"article","og_title":"[Columna] Cuando la ciencia y la humanidad escuchan a los oc\u00e9anos","og_url":"https:\/\/www.filantropiacortessolari.cl\/columna-cuando-la-ciencia-y-la-humanidad-escuchan-a-los-oceanos\/","og_site_name":"Filantrop\u00eda Cort\u00e9s Solari","article_published_time":"2022-06-14T20:11:07+00:00","article_modified_time":"2022-06-20T21:03:01+00:00","og_image":[{"width":1280,"height":853,"url":"https:\/\/www.filantropiacortessolari.cl\/wp-content\/uploads\/2022\/06\/Foto-Fran2.jpg","type":"image\/jpeg"}],"author":"Filantrop\u00eda Cort\u00e9s Solari","twitter_card":"summary_large_image","twitter_misc":{"Written by":"Filantrop\u00eda Cort\u00e9s Solari","Est. reading time":"3 minutes"},"schema":{"@context":"https:\/\/schema.org","@graph":[{"@type":"Article","@id":"https:\/\/www.filantropiacortessolari.cl\/columna-cuando-la-ciencia-y-la-humanidad-escuchan-a-los-oceanos\/#article","isPartOf":{"@id":"https:\/\/www.filantropiacortessolari.cl\/columna-cuando-la-ciencia-y-la-humanidad-escuchan-a-los-oceanos\/"},"author":{"name":"Filantrop\u00eda Cort\u00e9s Solari","@id":"https:\/\/www.filantropiacortessolari.cl\/#\/schema\/person\/e099cf1046922f4f5892172332dc86c0"},"headline":"[Columna] Cuando la ciencia y la humanidad escuchan a los oc\u00e9anos","datePublished":"2022-06-14T20:11:07+00:00","dateModified":"2022-06-20T21:03:01+00:00","mainEntityOfPage":{"@id":"https:\/\/www.filantropiacortessolari.cl\/columna-cuando-la-ciencia-y-la-humanidad-escuchan-a-los-oceanos\/"},"wordCount":578,"commentCount":0,"image":{"@id":"https:\/\/www.filantropiacortessolari.cl\/columna-cuando-la-ciencia-y-la-humanidad-escuchan-a-los-oceanos\/#primaryimage"},"thumbnailUrl":"https:\/\/www.filantropiacortessolari.cl\/wp-content\/uploads\/2022\/06\/Foto-Fran2.jpg","keywords":["Francisca Cort\u00e9s Solari","The Blue Boat"],"articleSection":["Entrevista FCS","Entrevistas"],"inLanguage":"en-US","potentialAction":[{"@type":"CommentAction","name":"Comment","target":["https:\/\/www.filantropiacortessolari.cl\/columna-cuando-la-ciencia-y-la-humanidad-escuchan-a-los-oceanos\/#respond"]}]},{"@type":"WebPage","@id":"https:\/\/www.filantropiacortessolari.cl\/columna-cuando-la-ciencia-y-la-humanidad-escuchan-a-los-oceanos\/","url":"https:\/\/www.filantropiacortessolari.cl\/columna-cuando-la-ciencia-y-la-humanidad-escuchan-a-los-oceanos\/","name":"[Columna] Cuando la ciencia y la humanidad escuchan a los oc\u00e9anos","isPartOf":{"@id":"https:\/\/www.filantropiacortessolari.cl\/#website"},"primaryImageOfPage":{"@id":"https:\/\/www.filantropiacortessolari.cl\/columna-cuando-la-ciencia-y-la-humanidad-escuchan-a-los-oceanos\/#primaryimage"},"image":{"@id":"https:\/\/www.filantropiacortessolari.cl\/columna-cuando-la-ciencia-y-la-humanidad-escuchan-a-los-oceanos\/#primaryimage"},"thumbnailUrl":"https:\/\/www.filantropiacortessolari.cl\/wp-content\/uploads\/2022\/06\/Foto-Fran2.jpg","datePublished":"2022-06-14T20:11:07+00:00","dateModified":"2022-06-20T21:03:01+00:00","author":{"@id":"https:\/\/www.filantropiacortessolari.cl\/#\/schema\/person\/e099cf1046922f4f5892172332dc86c0"},"breadcrumb":{"@id":"https:\/\/www.filantropiacortessolari.cl\/columna-cuando-la-ciencia-y-la-humanidad-escuchan-a-los-oceanos\/#breadcrumb"},"inLanguage":"en-US","potentialAction":[{"@type":"ReadAction","target":["https:\/\/www.filantropiacortessolari.cl\/columna-cuando-la-ciencia-y-la-humanidad-escuchan-a-los-oceanos\/"]}]},{"@type":"ImageObject","inLanguage":"en-US","@id":"https:\/\/www.filantropiacortessolari.cl\/columna-cuando-la-ciencia-y-la-humanidad-escuchan-a-los-oceanos\/#primaryimage","url":"https:\/\/www.filantropiacortessolari.cl\/wp-content\/uploads\/2022\/06\/Foto-Fran2.jpg","contentUrl":"https:\/\/www.filantropiacortessolari.cl\/wp-content\/uploads\/2022\/06\/Foto-Fran2.jpg","width":1280,"height":853},{"@type":"BreadcrumbList","@id":"https:\/\/www.filantropiacortessolari.cl\/columna-cuando-la-ciencia-y-la-humanidad-escuchan-a-los-oceanos\/#breadcrumb","itemListElement":[{"@type":"ListItem","position":1,"name":"Portada","item":"https:\/\/www.filantropiacortessolari.cl\/"},{"@type":"ListItem","position":2,"name":"[Columna] Cuando la ciencia y la humanidad escuchan a los oc\u00e9anos"}]},{"@type":"WebSite","@id":"https:\/\/www.filantropiacortessolari.cl\/#website","url":"https:\/\/www.filantropiacortessolari.cl\/","name":"Filantrop\u00eda Cort\u00e9s Solari","description":"Sitio web Filantrop\u00eda Cort\u00e9s Solari","potentialAction":[{"@type":"SearchAction","target":{"@type":"EntryPoint","urlTemplate":"https:\/\/www.filantropiacortessolari.cl\/?s={search_term_string}"},"query-input":{"@type":"PropertyValueSpecification","valueRequired":true,"valueName":"search_term_string"}}],"inLanguage":"en-US"},{"@type":"Person","@id":"https:\/\/www.filantropiacortessolari.cl\/#\/schema\/person\/e099cf1046922f4f5892172332dc86c0","name":"Filantrop\u00eda Cort\u00e9s Solari","image":{"@type":"ImageObject","inLanguage":"en-US","@id":"https:\/\/secure.gravatar.com\/avatar\/9d17bfe24074ed7576e70cbeb8e010cdd7d01fae9f2047bd96cccbe629ec3c11?s=96&d=mm&r=g","url":"https:\/\/secure.gravatar.com\/avatar\/9d17bfe24074ed7576e70cbeb8e010cdd7d01fae9f2047bd96cccbe629ec3c11?s=96&d=mm&r=g","contentUrl":"https:\/\/secure.gravatar.com\/avatar\/9d17bfe24074ed7576e70cbeb8e010cdd7d01fae9f2047bd96cccbe629ec3c11?s=96&d=mm&r=g","caption":"Filantrop\u00eda Cort\u00e9s Solari"},"url":"https:\/\/www.filantropiacortessolari.cl\/en\/author\/filantropia-cortes-solari\/"}]}},"_links":{"self":[{"href":"https:\/\/www.filantropiacortessolari.cl\/en\/wp-json\/wp\/v2\/posts\/10559","targetHints":{"allow":["GET"]}}],"collection":[{"href":"https:\/\/www.filantropiacortessolari.cl\/en\/wp-json\/wp\/v2\/posts"}],"about":[{"href":"https:\/\/www.filantropiacortessolari.cl\/en\/wp-json\/wp\/v2\/types\/post"}],"author":[{"embeddable":true,"href":"https:\/\/www.filantropiacortessolari.cl\/en\/wp-json\/wp\/v2\/users\/1"}],"replies":[{"embeddable":true,"href":"https:\/\/www.filantropiacortessolari.cl\/en\/wp-json\/wp\/v2\/comments?post=10559"}],"version-history":[{"count":3,"href":"https:\/\/www.filantropiacortessolari.cl\/en\/wp-json\/wp\/v2\/posts\/10559\/revisions"}],"predecessor-version":[{"id":10564,"href":"https:\/\/www.filantropiacortessolari.cl\/en\/wp-json\/wp\/v2\/posts\/10559\/revisions\/10564"}],"wp:featuredmedia":[{"embeddable":true,"href":"https:\/\/www.filantropiacortessolari.cl\/en\/wp-json\/wp\/v2\/media\/10566"}],"wp:attachment":[{"href":"https:\/\/www.filantropiacortessolari.cl\/en\/wp-json\/wp\/v2\/media?parent=10559"}],"wp:term":[{"taxonomy":"category","embeddable":true,"href":"https:\/\/www.filantropiacortessolari.cl\/en\/wp-json\/wp\/v2\/categories?post=10559"},{"taxonomy":"post_tag","embeddable":true,"href":"https:\/\/www.filantropiacortessolari.cl\/en\/wp-json\/wp\/v2\/tags?post=10559"}],"curies":[{"name":"wp","href":"https:\/\/api.w.org\/{rel}","templated":true}]}}