{"id":10805,"date":"2022-06-27T12:56:56","date_gmt":"2022-06-27T15:56:56","guid":{"rendered":"https:\/\/www.filantropiacortessolari.cl\/?p=10805"},"modified":"2022-06-27T13:30:14","modified_gmt":"2022-06-27T16:30:14","slug":"conferenciachilena-sobre-cambio-climatico-reune-a-referentes-y-autoridades-mundiales-en-ginebra-suiza","status":"publish","type":"post","link":"https:\/\/www.filantropiacortessolari.cl\/en\/conferenciachilena-sobre-cambio-climatico-reune-a-referentes-y-autoridades-mundiales-en-ginebra-suiza\/","title":{"rendered":"Conference on Climate Change brings together leading figures and world authorities in Geneva, Switzerland (CP INT)"},"content":{"rendered":"<style type=\"text\/css\"> \n#cmsms_row_69f52fff6cd923_97403196 .cmsms_row_outer_parent { \n\tpadding-top: 0px; \n} \n\n#cmsms_row_69f52fff6cd923_97403196 .cmsms_row_outer_parent { \n\tpadding-bottom: 50px; \n} \n\n<\/style><div id=\"cmsms_row_69f52fff6cd923_97403196\" class=\"cmsms_row cmsms_color_scheme_default\">\n<div class=\"cmsms_row_outer_parent\">\n<div class=\"cmsms_row_outer\">\n<div class=\"cmsms_row_inner\">\n<div class=\"cmsms_row_margin\">\n<div class=\"cmsms_column one_first\">\n<div class=\"cmsms_text\">\n<p><strong>Among the attendees were the former President of Chile and UN High Commissioner for Human Rights, Michelle Bachelet; Yao Ido, the Secretary General of the IPCC, Abdalah Mokssit, Michel Andr\u00e9, an expert in bioacoustics and creator of the LIDO technology and Max Bello, from Mission Blue.<\/strong><\/p>\n<p>Friday, June 24th, 2022.- For the third consecutive year, the Chilean institution, MERI Foundation, belonging to Cort\u00e9s Solari Philanthropy, held a cycle of conferences on the reports of the Intergovernmental Panel on Climate Change (IPCC), with the purpose of promoting solutions at a local, regional and global level. For this reason, and for the first time, in collaboration with the Swiss bank UBS, they decided to take the discussion outside Latin America and the Caribbean, with the organization of NovoPangea Europe: United for Climate Action.<\/p>\n<\/div>\n<div class=\"aligncenter\">\n<div class=\"cmsms_img  cmsms_image_c\">\n<img decoding=\"async\" src=\"https:\/\/www.filantropiacortessolari.cl\/wp-content\/uploads\/2022\/06\/novopangea5.jpeg\" \/>\n<\/div>\n<\/div>\n<div class=\"cmsms_text\">\n<p>The reserved event took take place on June 24th in Geneva, Switzerland, at the Hotel InterContinental de Gen\u00e8ve. It had three thematic panels that addressed the environment and sustainability as third-generation human rights, nature-based solutions to mitigate climate change, and the role of the so-called &#8220;blue economy&#8221; for sustainable development.<\/p>\n<p>The event featured the outstanding participation of the former President of Chile and UN High Commissioner for Human Rights, Michelle Bachelet; the Secretary General of the IPCC, Abdalah Mokssit; Michel Andr\u00e9, expert in bioacoustics and creator of LIDO technology, for monitoring the oceans, the CEO of Cort\u00e9s Solari Philanthropy, Patricia Morales Err\u00e1zuriz and the Dr. Maria Neira Director of the Department of Public Health of the Environment at the World Health Organization (WHO).<\/p>\n<\/div>\n<div class=\"aligncenter\">\n<div class=\"cmsms_img  cmsms_image_c\">\n<img decoding=\"async\" src=\"https:\/\/www.filantropiacortessolari.cl\/wp-content\/uploads\/2022\/06\/novopangea.jpeg\" \/>\n<\/div>\n<\/div>\n<div class=\"cmsms_text\">\n<p>In addition, two other panelists were Nathalie Hilmi, Head of the Department of Environmental Economics at the Scientific Center of Monaco and lead author of the IPCC and the Chilean expert in marine protected areas and member of Mission Blue, Maximiliano Bello.<\/p>\n<p>The NovoPangea Europe conference was held in collaboration with the Swiss bank, UBS, who was also represented, opening speech from its Executive Vice chairman, Josef Stadler, and Sietse Wouters, Social Finance Specialist as a panelist of the third panel. \u201cSwitzerland is a strategic key point in Europe, when we refer to promoting dialogues for climate action, capable of convening the international community. Chile, on its hand, is a unique Natural Laboratory in the world, capable of generating mitigation solutions at a global scale\u201d, emphasized Patricia Morales, CEO of Cort\u00e9s Solari Philanthropy and adds \u201cToday we seek to promote spaces for multidimensional dialogue, which promote the generation of agreements and consensus on mitigation and adaptation\u201d.<\/p>\n<\/div>\n<div class=\"aligncenter\">\n<div class=\"cmsms_img  cmsms_image_c\">\n<img decoding=\"async\" src=\"https:\/\/www.filantropiacortessolari.cl\/wp-content\/uploads\/2022\/06\/novopangea1.jpeg\" \/>\n<\/div>\n<\/div>\n<div class=\"cmsms_text\">\n<p>On her side, the Executive Director of Fundaci\u00f3n MERI, Sonia Espa\u00f1ol, added that, \u201cNovoPangea Europe aims to advance the discussion that will take place at COP 27: in Egypt, and highlight the conclusions arising from its version in Latin America and the Caribbean. MERI Foundation will also be present at the UN Ocean Lisbon Conference, sharing the results of these initiatives and the emphasis on the use of science, technology and the importance of international collaboration\u201d.<\/p>\n<p>NovoPangea is the name of a set of conferences on Climate Change that have been held this year. The NovoPangea Latin America version was held on May 26 and 27 in Santiago, Chile, with the purpose of disseminating science for correct decision-making on Climate Change, in addition to promoting citizen participation in environmental matters, all exhibitors are experts in the region; we are incorporating knowledge with an emphasis on knowledge and local relevance.<\/p>\n<p>We need to combine the scientific data provided by the IPCC with the investments promoted by bankers and world leaders of the world, hand in hand with the civil society, the public and private sectors, anticipating the future with concrete actions and projects on climate issues\u201d these were some of the words of Francisca Cort\u00e9s Solari, Executive President of Cort\u00e9s Solari Philanthropy. We invite you to watch her full welcome speech.<\/p>\n<iframe loading=\"lazy\" title=\"YouTube video player\" src=\"https:\/\/www.youtube.com\/embed\/PByIXcSnw2s\" width=\"100%\" height=\"415\" frameborder=\"0\" allowfullscreen=\"allowfullscreen\"><\/iframe>\n<p>For more information about the NovoPangea Conferences, please visit us at:<br \/>\n<a href=\"https:\/\/fundacionmeri.cl\/novopangea\/en\/\" target=\"_blank\" rel=\"noopener\">https:\/\/fundacionmeri.cl\/novopangea\/en\/<\/a><\/p>\n<\/div>\n<\/div>\n<\/div>\n<\/div>\n<\/div>\n<\/div>\n<\/div>\n\n","protected":false},"excerpt":{"rendered":"","protected":false},"author":1,"featured_media":10815,"comment_status":"open","ping_status":"open","sticky":false,"template":"","format":"standard","meta":{"footnotes":""},"categories":[31,38],"tags":[42],"class_list":["post-10805","post","type-post","status-publish","format-standard","has-post-thumbnail","hentry","category-noticias","category-seminarios","tag-francisca-cortes-solari"],"translation":{"provider":"WPGlobus","version":"3.0.2","language":"en","enabled_languages":["es","en"],"languages":{"es":{"title":true,"content":true,"excerpt":false},"en":{"title":true,"content":true,"excerpt":false}}},"yoast_head":"<!-- This site is optimized with the Yoast SEO plugin v27.4 - https:\/\/yoast.com\/product\/yoast-seo-wordpress\/ -->\n<title>Conference on Climate Change brings together leading figures and world authorities in Geneva, Switzerland (CP INT)<\/title>\n<meta name=\"robots\" content=\"index, follow, max-snippet:-1, max-image-preview:large, max-video-preview:-1\" \/>\n<link rel=\"canonical\" href=\"https:\/\/www.filantropiacortessolari.cl\/conferenciachilena-sobre-cambio-climatico-reune-a-referentes-y-autoridades-mundiales-en-ginebra-suiza\/\" \/>\n<meta property=\"og:locale\" content=\"en_US\" \/>\n<meta property=\"og:type\" content=\"article\" \/>\n<meta property=\"og:title\" content=\"Conference on Climate Change brings together leading figures and world authorities in Geneva, Switzerland (CP INT)\" \/>\n<meta property=\"og:url\" content=\"https:\/\/www.filantropiacortessolari.cl\/conferenciachilena-sobre-cambio-climatico-reune-a-referentes-y-autoridades-mundiales-en-ginebra-suiza\/\" \/>\n<meta property=\"og:site_name\" content=\"Filantrop\u00eda Cort\u00e9s Solari\" \/>\n<meta property=\"article:published_time\" content=\"2022-06-27T15:56:56+00:00\" \/>\n<meta property=\"article:modified_time\" content=\"2022-06-27T16:30:14+00:00\" \/>\n<meta property=\"og:image\" content=\"https:\/\/www.filantropiacortessolari.cl\/wp-content\/uploads\/2022\/06\/novo4.jpeg\" \/>\n\t<meta property=\"og:image:width\" content=\"1280\" \/>\n\t<meta property=\"og:image:height\" content=\"852\" \/>\n\t<meta property=\"og:image:type\" content=\"image\/jpeg\" \/>\n<meta name=\"author\" content=\"Filantrop\u00eda Cort\u00e9s Solari\" \/>\n<meta name=\"twitter:card\" content=\"summary_large_image\" \/>\n<meta name=\"twitter:label1\" content=\"Written by\" \/>\n\t<meta name=\"twitter:data1\" content=\"Filantrop\u00eda Cort\u00e9s Solari\" \/>\n\t<meta name=\"twitter:label2\" content=\"Est. reading time\" \/>\n\t<meta name=\"twitter:data2\" content=\"4 minutes\" \/>\n<script type=\"application\/ld+json\" class=\"yoast-schema-graph\">{\"@context\":\"https:\\\/\\\/schema.org\",\"@graph\":[{\"@type\":\"Article\",\"@id\":\"https:\\\/\\\/www.filantropiacortessolari.cl\\\/conferenciachilena-sobre-cambio-climatico-reune-a-referentes-y-autoridades-mundiales-en-ginebra-suiza\\\/#article\",\"isPartOf\":{\"@id\":\"https:\\\/\\\/www.filantropiacortessolari.cl\\\/conferenciachilena-sobre-cambio-climatico-reune-a-referentes-y-autoridades-mundiales-en-ginebra-suiza\\\/\"},\"author\":{\"name\":\"Filantrop\u00eda Cort\u00e9s Solari\",\"@id\":\"https:\\\/\\\/www.filantropiacortessolari.cl\\\/#\\\/schema\\\/person\\\/e099cf1046922f4f5892172332dc86c0\"},\"headline\":\"Conference on Climate Change brings together leading figures and world authorities in Geneva, Switzerland (CP INT)\",\"datePublished\":\"2022-06-27T15:56:56+00:00\",\"dateModified\":\"2022-06-27T16:30:14+00:00\",\"mainEntityOfPage\":{\"@id\":\"https:\\\/\\\/www.filantropiacortessolari.cl\\\/conferenciachilena-sobre-cambio-climatico-reune-a-referentes-y-autoridades-mundiales-en-ginebra-suiza\\\/\"},\"wordCount\":1673,\"commentCount\":0,\"image\":{\"@id\":\"https:\\\/\\\/www.filantropiacortessolari.cl\\\/conferenciachilena-sobre-cambio-climatico-reune-a-referentes-y-autoridades-mundiales-en-ginebra-suiza\\\/#primaryimage\"},\"thumbnailUrl\":\"https:\\\/\\\/www.filantropiacortessolari.cl\\\/wp-content\\\/uploads\\\/2022\\\/06\\\/novo4.jpeg\",\"keywords\":[\"Francisca Cort\u00e9s Solari\"],\"articleSection\":[\"Noticias\",\"Seminarios\"],\"inLanguage\":\"en-US\",\"potentialAction\":[{\"@type\":\"CommentAction\",\"name\":\"Comment\",\"target\":[\"https:\\\/\\\/www.filantropiacortessolari.cl\\\/conferenciachilena-sobre-cambio-climatico-reune-a-referentes-y-autoridades-mundiales-en-ginebra-suiza\\\/#respond\"]}]},{\"@type\":\"WebPage\",\"@id\":\"https:\\\/\\\/www.filantropiacortessolari.cl\\\/conferenciachilena-sobre-cambio-climatico-reune-a-referentes-y-autoridades-mundiales-en-ginebra-suiza\\\/\",\"url\":\"https:\\\/\\\/www.filantropiacortessolari.cl\\\/conferenciachilena-sobre-cambio-climatico-reune-a-referentes-y-autoridades-mundiales-en-ginebra-suiza\\\/\",\"name\":\"Conference on Climate Change brings together leading figures and world authorities in Geneva, Switzerland (CP INT)\",\"isPartOf\":{\"@id\":\"https:\\\/\\\/www.filantropiacortessolari.cl\\\/#website\"},\"primaryImageOfPage\":{\"@id\":\"https:\\\/\\\/www.filantropiacortessolari.cl\\\/conferenciachilena-sobre-cambio-climatico-reune-a-referentes-y-autoridades-mundiales-en-ginebra-suiza\\\/#primaryimage\"},\"image\":{\"@id\":\"https:\\\/\\\/www.filantropiacortessolari.cl\\\/conferenciachilena-sobre-cambio-climatico-reune-a-referentes-y-autoridades-mundiales-en-ginebra-suiza\\\/#primaryimage\"},\"thumbnailUrl\":\"https:\\\/\\\/www.filantropiacortessolari.cl\\\/wp-content\\\/uploads\\\/2022\\\/06\\\/novo4.jpeg\",\"datePublished\":\"2022-06-27T15:56:56+00:00\",\"dateModified\":\"2022-06-27T16:30:14+00:00\",\"author\":{\"@id\":\"https:\\\/\\\/www.filantropiacortessolari.cl\\\/#\\\/schema\\\/person\\\/e099cf1046922f4f5892172332dc86c0\"},\"breadcrumb\":{\"@id\":\"https:\\\/\\\/www.filantropiacortessolari.cl\\\/conferenciachilena-sobre-cambio-climatico-reune-a-referentes-y-autoridades-mundiales-en-ginebra-suiza\\\/#breadcrumb\"},\"inLanguage\":\"en-US\",\"potentialAction\":[{\"@type\":\"ReadAction\",\"target\":[\"https:\\\/\\\/www.filantropiacortessolari.cl\\\/conferenciachilena-sobre-cambio-climatico-reune-a-referentes-y-autoridades-mundiales-en-ginebra-suiza\\\/\"]}]},{\"@type\":\"ImageObject\",\"inLanguage\":\"en-US\",\"@id\":\"https:\\\/\\\/www.filantropiacortessolari.cl\\\/conferenciachilena-sobre-cambio-climatico-reune-a-referentes-y-autoridades-mundiales-en-ginebra-suiza\\\/#primaryimage\",\"url\":\"https:\\\/\\\/www.filantropiacortessolari.cl\\\/wp-content\\\/uploads\\\/2022\\\/06\\\/novo4.jpeg\",\"contentUrl\":\"https:\\\/\\\/www.filantropiacortessolari.cl\\\/wp-content\\\/uploads\\\/2022\\\/06\\\/novo4.jpeg\",\"width\":1280,\"height\":852},{\"@type\":\"BreadcrumbList\",\"@id\":\"https:\\\/\\\/www.filantropiacortessolari.cl\\\/conferenciachilena-sobre-cambio-climatico-reune-a-referentes-y-autoridades-mundiales-en-ginebra-suiza\\\/#breadcrumb\",\"itemListElement\":[{\"@type\":\"ListItem\",\"position\":1,\"name\":\"Portada\",\"item\":\"https:\\\/\\\/www.filantropiacortessolari.cl\\\/\"},{\"@type\":\"ListItem\",\"position\":2,\"name\":\"Conferencia chilena sobre Cambio Clim\u00e1tico re\u00fane a referentes y autoridades mundiales en Ginebra, Suiza\"}]},{\"@type\":\"WebSite\",\"@id\":\"https:\\\/\\\/www.filantropiacortessolari.cl\\\/#website\",\"url\":\"https:\\\/\\\/www.filantropiacortessolari.cl\\\/\",\"name\":\"Filantrop\u00eda Cort\u00e9s Solari\",\"description\":\"Sitio web Filantrop\u00eda Cort\u00e9s Solari\",\"potentialAction\":[{\"@type\":\"SearchAction\",\"target\":{\"@type\":\"EntryPoint\",\"urlTemplate\":\"https:\\\/\\\/www.filantropiacortessolari.cl\\\/?s={search_term_string}\"},\"query-input\":{\"@type\":\"PropertyValueSpecification\",\"valueRequired\":true,\"valueName\":\"search_term_string\"}}],\"inLanguage\":\"en-US\"},{\"@type\":\"Person\",\"@id\":\"https:\\\/\\\/www.filantropiacortessolari.cl\\\/#\\\/schema\\\/person\\\/e099cf1046922f4f5892172332dc86c0\",\"name\":\"Filantrop\u00eda Cort\u00e9s Solari\",\"image\":{\"@type\":\"ImageObject\",\"inLanguage\":\"en-US\",\"@id\":\"https:\\\/\\\/secure.gravatar.com\\\/avatar\\\/9d17bfe24074ed7576e70cbeb8e010cdd7d01fae9f2047bd96cccbe629ec3c11?s=96&d=mm&r=g\",\"url\":\"https:\\\/\\\/secure.gravatar.com\\\/avatar\\\/9d17bfe24074ed7576e70cbeb8e010cdd7d01fae9f2047bd96cccbe629ec3c11?s=96&d=mm&r=g\",\"contentUrl\":\"https:\\\/\\\/secure.gravatar.com\\\/avatar\\\/9d17bfe24074ed7576e70cbeb8e010cdd7d01fae9f2047bd96cccbe629ec3c11?s=96&d=mm&r=g\",\"caption\":\"Filantrop\u00eda Cort\u00e9s Solari\"},\"url\":\"https:\\\/\\\/www.filantropiacortessolari.cl\\\/en\\\/author\\\/filantropia-cortes-solari\\\/\"}]}<\/script>\n<!-- \/ Yoast SEO plugin. -->","yoast_head_json":{"title":"Conference on Climate Change brings together leading figures and world authorities in Geneva, Switzerland (CP INT)","robots":{"index":"index","follow":"follow","max-snippet":"max-snippet:-1","max-image-preview":"max-image-preview:large","max-video-preview":"max-video-preview:-1"},"canonical":"https:\/\/www.filantropiacortessolari.cl\/conferenciachilena-sobre-cambio-climatico-reune-a-referentes-y-autoridades-mundiales-en-ginebra-suiza\/","og_locale":"en_US","og_type":"article","og_title":"Conference on Climate Change brings together leading figures and world authorities in Geneva, Switzerland (CP INT)","og_url":"https:\/\/www.filantropiacortessolari.cl\/conferenciachilena-sobre-cambio-climatico-reune-a-referentes-y-autoridades-mundiales-en-ginebra-suiza\/","og_site_name":"Filantrop\u00eda Cort\u00e9s Solari","article_published_time":"2022-06-27T15:56:56+00:00","article_modified_time":"2022-06-27T16:30:14+00:00","og_image":[{"width":1280,"height":852,"url":"https:\/\/www.filantropiacortessolari.cl\/wp-content\/uploads\/2022\/06\/novo4.jpeg","type":"image\/jpeg"}],"author":"Filantrop\u00eda Cort\u00e9s Solari","twitter_card":"summary_large_image","twitter_misc":{"Written by":"Filantrop\u00eda Cort\u00e9s Solari","Est. reading time":"4 minutes"},"schema":{"@context":"https:\/\/schema.org","@graph":[{"@type":"Article","@id":"https:\/\/www.filantropiacortessolari.cl\/conferenciachilena-sobre-cambio-climatico-reune-a-referentes-y-autoridades-mundiales-en-ginebra-suiza\/#article","isPartOf":{"@id":"https:\/\/www.filantropiacortessolari.cl\/conferenciachilena-sobre-cambio-climatico-reune-a-referentes-y-autoridades-mundiales-en-ginebra-suiza\/"},"author":{"name":"Filantrop\u00eda Cort\u00e9s Solari","@id":"https:\/\/www.filantropiacortessolari.cl\/#\/schema\/person\/e099cf1046922f4f5892172332dc86c0"},"headline":"Conference on Climate Change brings together leading figures and world authorities in Geneva, Switzerland (CP INT)","datePublished":"2022-06-27T15:56:56+00:00","dateModified":"2022-06-27T16:30:14+00:00","mainEntityOfPage":{"@id":"https:\/\/www.filantropiacortessolari.cl\/conferenciachilena-sobre-cambio-climatico-reune-a-referentes-y-autoridades-mundiales-en-ginebra-suiza\/"},"wordCount":1673,"commentCount":0,"image":{"@id":"https:\/\/www.filantropiacortessolari.cl\/conferenciachilena-sobre-cambio-climatico-reune-a-referentes-y-autoridades-mundiales-en-ginebra-suiza\/#primaryimage"},"thumbnailUrl":"https:\/\/www.filantropiacortessolari.cl\/wp-content\/uploads\/2022\/06\/novo4.jpeg","keywords":["Francisca Cort\u00e9s Solari"],"articleSection":["Noticias","Seminarios"],"inLanguage":"en-US","potentialAction":[{"@type":"CommentAction","name":"Comment","target":["https:\/\/www.filantropiacortessolari.cl\/conferenciachilena-sobre-cambio-climatico-reune-a-referentes-y-autoridades-mundiales-en-ginebra-suiza\/#respond"]}]},{"@type":"WebPage","@id":"https:\/\/www.filantropiacortessolari.cl\/conferenciachilena-sobre-cambio-climatico-reune-a-referentes-y-autoridades-mundiales-en-ginebra-suiza\/","url":"https:\/\/www.filantropiacortessolari.cl\/conferenciachilena-sobre-cambio-climatico-reune-a-referentes-y-autoridades-mundiales-en-ginebra-suiza\/","name":"Conference on Climate Change brings together leading figures and world authorities in Geneva, Switzerland (CP INT)","isPartOf":{"@id":"https:\/\/www.filantropiacortessolari.cl\/#website"},"primaryImageOfPage":{"@id":"https:\/\/www.filantropiacortessolari.cl\/conferenciachilena-sobre-cambio-climatico-reune-a-referentes-y-autoridades-mundiales-en-ginebra-suiza\/#primaryimage"},"image":{"@id":"https:\/\/www.filantropiacortessolari.cl\/conferenciachilena-sobre-cambio-climatico-reune-a-referentes-y-autoridades-mundiales-en-ginebra-suiza\/#primaryimage"},"thumbnailUrl":"https:\/\/www.filantropiacortessolari.cl\/wp-content\/uploads\/2022\/06\/novo4.jpeg","datePublished":"2022-06-27T15:56:56+00:00","dateModified":"2022-06-27T16:30:14+00:00","author":{"@id":"https:\/\/www.filantropiacortessolari.cl\/#\/schema\/person\/e099cf1046922f4f5892172332dc86c0"},"breadcrumb":{"@id":"https:\/\/www.filantropiacortessolari.cl\/conferenciachilena-sobre-cambio-climatico-reune-a-referentes-y-autoridades-mundiales-en-ginebra-suiza\/#breadcrumb"},"inLanguage":"en-US","potentialAction":[{"@type":"ReadAction","target":["https:\/\/www.filantropiacortessolari.cl\/conferenciachilena-sobre-cambio-climatico-reune-a-referentes-y-autoridades-mundiales-en-ginebra-suiza\/"]}]},{"@type":"ImageObject","inLanguage":"en-US","@id":"https:\/\/www.filantropiacortessolari.cl\/conferenciachilena-sobre-cambio-climatico-reune-a-referentes-y-autoridades-mundiales-en-ginebra-suiza\/#primaryimage","url":"https:\/\/www.filantropiacortessolari.cl\/wp-content\/uploads\/2022\/06\/novo4.jpeg","contentUrl":"https:\/\/www.filantropiacortessolari.cl\/wp-content\/uploads\/2022\/06\/novo4.jpeg","width":1280,"height":852},{"@type":"BreadcrumbList","@id":"https:\/\/www.filantropiacortessolari.cl\/conferenciachilena-sobre-cambio-climatico-reune-a-referentes-y-autoridades-mundiales-en-ginebra-suiza\/#breadcrumb","itemListElement":[{"@type":"ListItem","position":1,"name":"Portada","item":"https:\/\/www.filantropiacortessolari.cl\/"},{"@type":"ListItem","position":2,"name":"Conferencia chilena sobre Cambio Clim\u00e1tico re\u00fane a referentes y autoridades mundiales en Ginebra, Suiza"}]},{"@type":"WebSite","@id":"https:\/\/www.filantropiacortessolari.cl\/#website","url":"https:\/\/www.filantropiacortessolari.cl\/","name":"Filantrop\u00eda Cort\u00e9s Solari","description":"Sitio web Filantrop\u00eda Cort\u00e9s Solari","potentialAction":[{"@type":"SearchAction","target":{"@type":"EntryPoint","urlTemplate":"https:\/\/www.filantropiacortessolari.cl\/?s={search_term_string}"},"query-input":{"@type":"PropertyValueSpecification","valueRequired":true,"valueName":"search_term_string"}}],"inLanguage":"en-US"},{"@type":"Person","@id":"https:\/\/www.filantropiacortessolari.cl\/#\/schema\/person\/e099cf1046922f4f5892172332dc86c0","name":"Filantrop\u00eda Cort\u00e9s Solari","image":{"@type":"ImageObject","inLanguage":"en-US","@id":"https:\/\/secure.gravatar.com\/avatar\/9d17bfe24074ed7576e70cbeb8e010cdd7d01fae9f2047bd96cccbe629ec3c11?s=96&d=mm&r=g","url":"https:\/\/secure.gravatar.com\/avatar\/9d17bfe24074ed7576e70cbeb8e010cdd7d01fae9f2047bd96cccbe629ec3c11?s=96&d=mm&r=g","contentUrl":"https:\/\/secure.gravatar.com\/avatar\/9d17bfe24074ed7576e70cbeb8e010cdd7d01fae9f2047bd96cccbe629ec3c11?s=96&d=mm&r=g","caption":"Filantrop\u00eda Cort\u00e9s Solari"},"url":"https:\/\/www.filantropiacortessolari.cl\/en\/author\/filantropia-cortes-solari\/"}]}},"_links":{"self":[{"href":"https:\/\/www.filantropiacortessolari.cl\/en\/wp-json\/wp\/v2\/posts\/10805","targetHints":{"allow":["GET"]}}],"collection":[{"href":"https:\/\/www.filantropiacortessolari.cl\/en\/wp-json\/wp\/v2\/posts"}],"about":[{"href":"https:\/\/www.filantropiacortessolari.cl\/en\/wp-json\/wp\/v2\/types\/post"}],"author":[{"embeddable":true,"href":"https:\/\/www.filantropiacortessolari.cl\/en\/wp-json\/wp\/v2\/users\/1"}],"replies":[{"embeddable":true,"href":"https:\/\/www.filantropiacortessolari.cl\/en\/wp-json\/wp\/v2\/comments?post=10805"}],"version-history":[{"count":10,"href":"https:\/\/www.filantropiacortessolari.cl\/en\/wp-json\/wp\/v2\/posts\/10805\/revisions"}],"predecessor-version":[{"id":10826,"href":"https:\/\/www.filantropiacortessolari.cl\/en\/wp-json\/wp\/v2\/posts\/10805\/revisions\/10826"}],"wp:featuredmedia":[{"embeddable":true,"href":"https:\/\/www.filantropiacortessolari.cl\/en\/wp-json\/wp\/v2\/media\/10815"}],"wp:attachment":[{"href":"https:\/\/www.filantropiacortessolari.cl\/en\/wp-json\/wp\/v2\/media?parent=10805"}],"wp:term":[{"taxonomy":"category","embeddable":true,"href":"https:\/\/www.filantropiacortessolari.cl\/en\/wp-json\/wp\/v2\/categories?post=10805"},{"taxonomy":"post_tag","embeddable":true,"href":"https:\/\/www.filantropiacortessolari.cl\/en\/wp-json\/wp\/v2\/tags?post=10805"}],"curies":[{"name":"wp","href":"https:\/\/api.w.org\/{rel}","templated":true}]}}