{"id":11009,"date":"2022-08-03T11:08:17","date_gmt":"2022-08-03T14:08:17","guid":{"rendered":"https:\/\/www.filantropiacortessolari.cl\/?p=11009"},"modified":"2024-08-22T00:00:40","modified_gmt":"2024-08-22T03:00:40","slug":"unicef-meri-y-la-oficina-de-educacion-climatica-de-la-unesco-premiaran-a-docentes-que-promuevan-la-educacion-climatica","status":"publish","type":"post","link":"https:\/\/www.filantropiacortessolari.cl\/en\/unicef-meri-y-la-oficina-de-educacion-climatica-de-la-unesco-premiaran-a-docentes-que-promuevan-la-educacion-climatica\/","title":{"rendered":"UNICEF, MERI y la Oficina de Educaci\u00f3n Clim\u00e1tica de la UNESCO premiar\u00e1n a docentes que promuevan la educaci\u00f3n clim\u00e1tica"},"content":{"rendered":"<style type=\"text\/css\"><\/style><h6>El premio \u201cGuardianes del clima\u201d reconocer\u00e1 a quienes crean conciencia sobre el cambio clim\u00e1tico en las aulas.<\/h6>\n<p>Santiago, 02 de agosto de 2022.- En el marco de la Conferencia de las Naciones Unidas sobre el Clima (COP27), UNICEF, la Oficina de Educaci\u00f3n Clim\u00e1tica de la UNESCO y Fundaci\u00f3n MERI premiar\u00e1n a docentes en la regi\u00f3n de Am\u00e9rica Latina y el Caribe que impulsen la educaci\u00f3n ambiental dentro y fuera de los salones de clase.<\/p>\n<p>\u201cLos ni\u00f1os, ni\u00f1as y adolescentes sufren las peores consecuencias del cambio clim\u00e1tico, especialmente en Am\u00e9rica Latina y el Caribe. Al mismo tiempo, tambi\u00e9n es una regi\u00f3n resiliente e innovadora que transforma los retos en oportunidades, como en el caso de los docentes que se comprometieron a integrar la educaci\u00f3n ambiental y acci\u00f3n clim\u00e1tica en sus materias para concientizar futuras generaciones. El concurso Guardianes del Clima pretende reconocer y promover la labor de estos docentes pioneros y pioneras ante la crisis clim\u00e1tica, una crisis que amenaza los derechos de la infancia\u201d, indic\u00f3 Youssouf Abdel-Jelil, Director Regional ad interim de UNICEF para Am\u00e9rica Latina y el Caribe.<\/p>\n<p>De acuerdo al \u00cdndice de Riesgo Clim\u00e1tico de la Infancia de UNICEF, 9 de cada 10 ni\u00f1os y ni\u00f1as en la regi\u00f3n est\u00e1n expuestos al menos a dos crisis clim\u00e1ticas; 55 millones de ni\u00f1os, ni\u00f1as y adolescentes podr\u00edan sufrir las consecuencias de la escasez de agua y 60 millones est\u00e1n expuestos a ciclones.<\/p>\n<p>Ante esta realidad, es necesario un esfuerzo conjunto para dotar a la infancia y juventud de las competencias necesarias para promover sociedades sostenibles. Los y las docentes y las escuelas son espacios clave para crear e implementar soluciones ambientales que generen estilos de vida m\u00e1s sostenibles, y fortalezcan la resiliencia frente al cambio clim\u00e1tico.<\/p>\n<p>\u201cLos y las profesores son los principales agentes de cambio para construir una sociedad m\u00e1s sostenible, integral, en conexi\u00f3n con la naturaleza y por, sobre todo, m\u00e1s humana. Existen docentes que con una profunda vocaci\u00f3n, convicci\u00f3n y amor por sus estudiantes promueven la educaci\u00f3n ambiental en sus comunidades para el bienestar de las presentes y futuras generaciones. Aprender de estas acciones y fortalecerlas es el camino para cambiar el paradigma actual\u201d, recalca Francisca Cort\u00e9s Solari, Presidenta Ejecutiva de Fundaci\u00f3n MERI.<\/p>\n<p>Con la intenci\u00f3n de reconocer y celebrar el compromiso de las y los docentes para crear conciencia ante el cambio clim\u00e1tico y destacar pr\u00e1cticas ejemplares de educaci\u00f3n clim\u00e1tica, el concurso Guardianes del clima premiar\u00e1 cuatro categor\u00edas:<\/p>\n<p><strong>Curr\u00edculum escolar:<\/strong> Inclusi\u00f3n de contenidos y actividades de educaci\u00f3n clim\u00e1tica en el aula.<\/p>\n<p><strong>Desarrollo profesional de docentes:<\/strong> Capacitaci\u00f3n y formaci\u00f3n de docentes para la implementaci\u00f3n de la educaci\u00f3n clim\u00e1tica en el aula.<\/p>\n<p><strong>Recursos educativos:<\/strong> Dise\u00f1o de materiales, proyectos y actividades de educaci\u00f3n clim\u00e1tica que pueda ser replicado por docentes.<\/p>\n<p>El rol de la escuela en contexto de cambio clim\u00e1tico: Implementaci\u00f3n de proyectos de educaci\u00f3n clim\u00e1tica desarrollados por docentes y que en su implementaci\u00f3n involucren a toda la comunidad educativa.<\/p>\n<p>Los y las docentes que deseen participar en el concurso Guardianes del clima deber\u00e1n enviar su proyecto a trav\u00e9s del formulario disponible desde el 02 de agosto y hasta el 19 de septiembre en la p\u00e1gina web <a href=\"http:\/\/www.premioguardianesdelclima.com\" target=\"_blank\" rel=\"noopener\">www.premioguardianesdelclima.com<\/a><br \/>\nEn esta primera fase, se seleccionar\u00e1n a los semifinalistas quienes tendr\u00e1n la oportunidad de participar en una capacitaci\u00f3n de oratoria y comunicaciones efectivas para presentar en video sus iniciativas.<\/p>\n<p>Finalmente, un jurado regional compuesto por expertos cient\u00edficos y educativos seleccionar\u00e1 a los ganadores en cada categor\u00eda analizando y evaluando los videos presentados. Los ganadores ser\u00e1n notificados v\u00eda correo electr\u00f3nico y se dar\u00e1n a conocer en las plataformas digitales de UNICEF LACRO.<\/p>\n<p>Los docentes premiados estar\u00e1n representando de manera virtual a la regi\u00f3n en la TeachersCOP, un evento que se transmitir\u00e1 desde Egipto previo a la COP27, y que reunir\u00e1 las voces de cientos de docentes de todo el mundo en torno a la educaci\u00f3n ambiental para mitigar el cambio clim\u00e1tico.<\/p>\n<p>Para m\u00e1s informaci\u00f3n sobre las bases del concurso ingrese a la web <a href=\"http:\/\/www.premioguardianesdelclima.com\" target=\"_blank\" rel=\"noopener\">www.premioguardianesdelclima.com<\/a><\/p>\n<h2>Acerca de UNICEF<\/h2>\n<p>UNICEF trabaja en algunos de los lugares m\u00e1s dif\u00edciles para llegar a los ni\u00f1os y ni\u00f1as m\u00e1s desfavorecidos del mundo. En 190 pa\u00edses y territorios, trabajamos para cada infancia, en todas partes, cada d\u00eda, para construir un mundo mejor para todos.<\/p>\n<p class=\"p1\">Para obtener m\u00e1s informaci\u00f3n sobre UNICEF y su labor, visite <a href=\"http:\/\/www.unicef.org\/lac\" target=\"_blank\" rel=\"noopener\">www.unicef.org\/lac<\/a>.<\/p>\n<p class=\"p1\">Siga a UNICEF en <a href=\"https:\/\/twitter.com\/uniceflac\" target=\"_blank\" rel=\"noopener\"><span class=\"s1\">Twitter<\/span><\/a><span class=\"s2\"> y <a href=\"https:\/\/www.facebook.com\/UnicefLac\" target=\"_blank\" rel=\"noopener\"><span class=\"s1\">Facebook<\/span><\/a>.\u00a0<\/span><\/p>\n<h2>Acerca de Fundaci\u00f3n MERI<\/h2>\n<p class=\"p1\">Fundaci\u00f3n MERI, instituci\u00f3n chilena sin fines de lucro parte de Filantrop\u00eda Cort\u00e9s Solari, que desde 2012 desarrolla investigaci\u00f3n cient\u00edfica, educaci\u00f3n ambiental y abogac\u00eda, en vinculaci\u00f3n con las comunidades, al servicio de la conservaci\u00f3n de ecosistemas estrat\u00e9gicos para la mitigaci\u00f3n del Cambio Clim\u00e1tico en Chile y el mundo.<\/p>\n<p class=\"p1\">Para obtener m\u00e1s informaci\u00f3n sobre Fundaci\u00f3n MERI y su labor, visite www.fundacionmeri.cl<\/p>\n<p class=\"p3\"><span class=\"s3\">Siga a Fundaci\u00f3n MERI en <a href=\"https:\/\/www.linkedin.com\/showcase\/fundacionmeri\" target=\"_blank\" rel=\"noopener\"><span class=\"s4\">LinkedIn<\/span><\/a>, <a href=\"https:\/\/www.instagram.com\/fundacionmeri\/?hl=en\" target=\"_blank\" rel=\"noopener\"><span class=\"s4\">Instagram<\/span><\/a>, <a href=\"https:\/\/web.facebook.com\/FundacionMERI\/?_rdc=1&amp;_rdr\" target=\"_blank\" rel=\"noopener\"><span class=\"s4\">Facebook<\/span><\/a> y <a href=\"https:\/\/twitter.com\/fundacionmeri\" target=\"_blank\" rel=\"noopener\"><span class=\"s4\">Twitter<\/span><\/a><\/span><\/p>\n","protected":false},"excerpt":{"rendered":"<p>El premio \u201cGuardianes del clima\u201d reconocer\u00e1 a quienes crean conciencia sobre el cambio clim\u00e1tico en las aulas. Santiago, 02 de agosto de 2022.- En el marco de la Conferencia de las Naciones Unidas sobre el Clima (COP27), UNICEF, la Oficina de Educaci\u00f3n Clim\u00e1tica de la UNESCO y Fundaci\u00f3n MERI premiar\u00e1n a docentes en la regi\u00f3n&#8230;<\/p>\n","protected":false},"author":1,"featured_media":11010,"comment_status":"closed","ping_status":"closed","sticky":false,"template":"","format":"standard","meta":{"footnotes":""},"categories":[31,5,6],"tags":[50,49],"class_list":["post-11009","post","type-post","status-publish","format-standard","has-post-thumbnail","hentry","category-noticias","category-prensa-escrita","category-fundacion-meri","tag-fundacion-meri","tag-unicef"],"translation":{"provider":"WPGlobus","version":"3.0.2","language":"en","enabled_languages":["es","en"],"languages":{"es":{"title":true,"content":true,"excerpt":false},"en":{"title":false,"content":false,"excerpt":false}}},"yoast_head":"<!-- This site is optimized with the Yoast SEO plugin v27.4 - https:\/\/yoast.com\/product\/yoast-seo-wordpress\/ -->\n<title>UNICEF, MERI y la Oficina de Educaci\u00f3n Clim\u00e1tica de la UNESCO premiar\u00e1n a docentes que promuevan la educaci\u00f3n clim\u00e1tica<\/title>\n<meta name=\"robots\" content=\"index, follow, max-snippet:-1, max-image-preview:large, max-video-preview:-1\" \/>\n<link rel=\"canonical\" href=\"https:\/\/www.filantropiacortessolari.cl\/unicef-meri-y-la-oficina-de-educacion-climatica-de-la-unesco-premiaran-a-docentes-que-promuevan-la-educacion-climatica\/\" \/>\n<meta property=\"og:locale\" content=\"en_US\" \/>\n<meta property=\"og:type\" content=\"article\" \/>\n<meta property=\"og:title\" content=\"UNICEF, MERI y la Oficina de Educaci\u00f3n Clim\u00e1tica de la UNESCO premiar\u00e1n a docentes que promuevan la educaci\u00f3n clim\u00e1tica\" \/>\n<meta property=\"og:url\" content=\"https:\/\/www.filantropiacortessolari.cl\/unicef-meri-y-la-oficina-de-educacion-climatica-de-la-unesco-premiaran-a-docentes-que-promuevan-la-educacion-climatica\/\" \/>\n<meta property=\"og:site_name\" content=\"Filantrop\u00eda Cort\u00e9s Solari\" \/>\n<meta property=\"article:published_time\" content=\"2022-08-03T14:08:17+00:00\" \/>\n<meta property=\"article:modified_time\" content=\"2024-08-22T03:00:40+00:00\" \/>\n<meta property=\"og:image\" content=\"https:\/\/www.filantropiacortessolari.cl\/wp-content\/uploads\/2022\/08\/unicef.jpg\" \/>\n\t<meta property=\"og:image:width\" content=\"1280\" \/>\n\t<meta property=\"og:image:height\" content=\"853\" \/>\n\t<meta property=\"og:image:type\" content=\"image\/jpeg\" \/>\n<meta name=\"author\" content=\"Filantrop\u00eda Cort\u00e9s Solari\" \/>\n<meta name=\"twitter:card\" content=\"summary_large_image\" \/>\n<meta name=\"twitter:label1\" content=\"Written by\" \/>\n\t<meta name=\"twitter:data1\" content=\"Filantrop\u00eda Cort\u00e9s Solari\" \/>\n\t<meta name=\"twitter:label2\" content=\"Est. reading time\" \/>\n\t<meta name=\"twitter:data2\" content=\"4 minutes\" \/>\n<script type=\"application\/ld+json\" class=\"yoast-schema-graph\">{\"@context\":\"https:\\\/\\\/schema.org\",\"@graph\":[{\"@type\":\"Article\",\"@id\":\"https:\\\/\\\/www.filantropiacortessolari.cl\\\/unicef-meri-y-la-oficina-de-educacion-climatica-de-la-unesco-premiaran-a-docentes-que-promuevan-la-educacion-climatica\\\/#article\",\"isPartOf\":{\"@id\":\"https:\\\/\\\/www.filantropiacortessolari.cl\\\/unicef-meri-y-la-oficina-de-educacion-climatica-de-la-unesco-premiaran-a-docentes-que-promuevan-la-educacion-climatica\\\/\"},\"author\":{\"name\":\"Filantrop\u00eda Cort\u00e9s Solari\",\"@id\":\"https:\\\/\\\/www.filantropiacortessolari.cl\\\/#\\\/schema\\\/person\\\/e099cf1046922f4f5892172332dc86c0\"},\"headline\":\"UNICEF, MERI y la Oficina de Educaci\u00f3n Clim\u00e1tica de la UNESCO premiar\u00e1n a docentes que promuevan la educaci\u00f3n clim\u00e1tica\",\"datePublished\":\"2022-08-03T14:08:17+00:00\",\"dateModified\":\"2024-08-22T03:00:40+00:00\",\"mainEntityOfPage\":{\"@id\":\"https:\\\/\\\/www.filantropiacortessolari.cl\\\/unicef-meri-y-la-oficina-de-educacion-climatica-de-la-unesco-premiaran-a-docentes-que-promuevan-la-educacion-climatica\\\/\"},\"wordCount\":918,\"image\":{\"@id\":\"https:\\\/\\\/www.filantropiacortessolari.cl\\\/unicef-meri-y-la-oficina-de-educacion-climatica-de-la-unesco-premiaran-a-docentes-que-promuevan-la-educacion-climatica\\\/#primaryimage\"},\"thumbnailUrl\":\"https:\\\/\\\/www.filantropiacortessolari.cl\\\/wp-content\\\/uploads\\\/2022\\\/08\\\/unicef.jpg\",\"keywords\":[\"Fundaci\u00f3n MERI\",\"Unicef\"],\"articleSection\":[\"Noticias\",\"Prensa Escrita\",\"Prensa MERI\"],\"inLanguage\":\"en-US\"},{\"@type\":\"WebPage\",\"@id\":\"https:\\\/\\\/www.filantropiacortessolari.cl\\\/unicef-meri-y-la-oficina-de-educacion-climatica-de-la-unesco-premiaran-a-docentes-que-promuevan-la-educacion-climatica\\\/\",\"url\":\"https:\\\/\\\/www.filantropiacortessolari.cl\\\/unicef-meri-y-la-oficina-de-educacion-climatica-de-la-unesco-premiaran-a-docentes-que-promuevan-la-educacion-climatica\\\/\",\"name\":\"UNICEF, MERI y la Oficina de Educaci\u00f3n Clim\u00e1tica de la UNESCO premiar\u00e1n a docentes que promuevan la educaci\u00f3n clim\u00e1tica\",\"isPartOf\":{\"@id\":\"https:\\\/\\\/www.filantropiacortessolari.cl\\\/#website\"},\"primaryImageOfPage\":{\"@id\":\"https:\\\/\\\/www.filantropiacortessolari.cl\\\/unicef-meri-y-la-oficina-de-educacion-climatica-de-la-unesco-premiaran-a-docentes-que-promuevan-la-educacion-climatica\\\/#primaryimage\"},\"image\":{\"@id\":\"https:\\\/\\\/www.filantropiacortessolari.cl\\\/unicef-meri-y-la-oficina-de-educacion-climatica-de-la-unesco-premiaran-a-docentes-que-promuevan-la-educacion-climatica\\\/#primaryimage\"},\"thumbnailUrl\":\"https:\\\/\\\/www.filantropiacortessolari.cl\\\/wp-content\\\/uploads\\\/2022\\\/08\\\/unicef.jpg\",\"datePublished\":\"2022-08-03T14:08:17+00:00\",\"dateModified\":\"2024-08-22T03:00:40+00:00\",\"author\":{\"@id\":\"https:\\\/\\\/www.filantropiacortessolari.cl\\\/#\\\/schema\\\/person\\\/e099cf1046922f4f5892172332dc86c0\"},\"breadcrumb\":{\"@id\":\"https:\\\/\\\/www.filantropiacortessolari.cl\\\/unicef-meri-y-la-oficina-de-educacion-climatica-de-la-unesco-premiaran-a-docentes-que-promuevan-la-educacion-climatica\\\/#breadcrumb\"},\"inLanguage\":\"en-US\",\"potentialAction\":[{\"@type\":\"ReadAction\",\"target\":[\"https:\\\/\\\/www.filantropiacortessolari.cl\\\/unicef-meri-y-la-oficina-de-educacion-climatica-de-la-unesco-premiaran-a-docentes-que-promuevan-la-educacion-climatica\\\/\"]}]},{\"@type\":\"ImageObject\",\"inLanguage\":\"en-US\",\"@id\":\"https:\\\/\\\/www.filantropiacortessolari.cl\\\/unicef-meri-y-la-oficina-de-educacion-climatica-de-la-unesco-premiaran-a-docentes-que-promuevan-la-educacion-climatica\\\/#primaryimage\",\"url\":\"https:\\\/\\\/www.filantropiacortessolari.cl\\\/wp-content\\\/uploads\\\/2022\\\/08\\\/unicef.jpg\",\"contentUrl\":\"https:\\\/\\\/www.filantropiacortessolari.cl\\\/wp-content\\\/uploads\\\/2022\\\/08\\\/unicef.jpg\",\"width\":1280,\"height\":853},{\"@type\":\"BreadcrumbList\",\"@id\":\"https:\\\/\\\/www.filantropiacortessolari.cl\\\/unicef-meri-y-la-oficina-de-educacion-climatica-de-la-unesco-premiaran-a-docentes-que-promuevan-la-educacion-climatica\\\/#breadcrumb\",\"itemListElement\":[{\"@type\":\"ListItem\",\"position\":1,\"name\":\"Portada\",\"item\":\"https:\\\/\\\/www.filantropiacortessolari.cl\\\/\"},{\"@type\":\"ListItem\",\"position\":2,\"name\":\"UNICEF, MERI y la Oficina de Educaci\u00f3n Clim\u00e1tica de la UNESCO premiar\u00e1n a docentes que promuevan la educaci\u00f3n clim\u00e1tica\"}]},{\"@type\":\"WebSite\",\"@id\":\"https:\\\/\\\/www.filantropiacortessolari.cl\\\/#website\",\"url\":\"https:\\\/\\\/www.filantropiacortessolari.cl\\\/\",\"name\":\"Filantrop\u00eda Cort\u00e9s Solari\",\"description\":\"Sitio web Filantrop\u00eda Cort\u00e9s Solari\",\"potentialAction\":[{\"@type\":\"SearchAction\",\"target\":{\"@type\":\"EntryPoint\",\"urlTemplate\":\"https:\\\/\\\/www.filantropiacortessolari.cl\\\/?s={search_term_string}\"},\"query-input\":{\"@type\":\"PropertyValueSpecification\",\"valueRequired\":true,\"valueName\":\"search_term_string\"}}],\"inLanguage\":\"en-US\"},{\"@type\":\"Person\",\"@id\":\"https:\\\/\\\/www.filantropiacortessolari.cl\\\/#\\\/schema\\\/person\\\/e099cf1046922f4f5892172332dc86c0\",\"name\":\"Filantrop\u00eda Cort\u00e9s Solari\",\"image\":{\"@type\":\"ImageObject\",\"inLanguage\":\"en-US\",\"@id\":\"https:\\\/\\\/secure.gravatar.com\\\/avatar\\\/9d17bfe24074ed7576e70cbeb8e010cdd7d01fae9f2047bd96cccbe629ec3c11?s=96&d=mm&r=g\",\"url\":\"https:\\\/\\\/secure.gravatar.com\\\/avatar\\\/9d17bfe24074ed7576e70cbeb8e010cdd7d01fae9f2047bd96cccbe629ec3c11?s=96&d=mm&r=g\",\"contentUrl\":\"https:\\\/\\\/secure.gravatar.com\\\/avatar\\\/9d17bfe24074ed7576e70cbeb8e010cdd7d01fae9f2047bd96cccbe629ec3c11?s=96&d=mm&r=g\",\"caption\":\"Filantrop\u00eda Cort\u00e9s Solari\"},\"url\":\"https:\\\/\\\/www.filantropiacortessolari.cl\\\/en\\\/author\\\/filantropia-cortes-solari\\\/\"}]}<\/script>\n<!-- \/ Yoast SEO plugin. -->","yoast_head_json":{"title":"UNICEF, MERI y la Oficina de Educaci\u00f3n Clim\u00e1tica de la UNESCO premiar\u00e1n a docentes que promuevan la educaci\u00f3n clim\u00e1tica","robots":{"index":"index","follow":"follow","max-snippet":"max-snippet:-1","max-image-preview":"max-image-preview:large","max-video-preview":"max-video-preview:-1"},"canonical":"https:\/\/www.filantropiacortessolari.cl\/unicef-meri-y-la-oficina-de-educacion-climatica-de-la-unesco-premiaran-a-docentes-que-promuevan-la-educacion-climatica\/","og_locale":"en_US","og_type":"article","og_title":"UNICEF, MERI y la Oficina de Educaci\u00f3n Clim\u00e1tica de la UNESCO premiar\u00e1n a docentes que promuevan la educaci\u00f3n clim\u00e1tica","og_url":"https:\/\/www.filantropiacortessolari.cl\/unicef-meri-y-la-oficina-de-educacion-climatica-de-la-unesco-premiaran-a-docentes-que-promuevan-la-educacion-climatica\/","og_site_name":"Filantrop\u00eda Cort\u00e9s Solari","article_published_time":"2022-08-03T14:08:17+00:00","article_modified_time":"2024-08-22T03:00:40+00:00","og_image":[{"width":1280,"height":853,"url":"https:\/\/www.filantropiacortessolari.cl\/wp-content\/uploads\/2022\/08\/unicef.jpg","type":"image\/jpeg"}],"author":"Filantrop\u00eda Cort\u00e9s Solari","twitter_card":"summary_large_image","twitter_misc":{"Written by":"Filantrop\u00eda Cort\u00e9s Solari","Est. reading time":"4 minutes"},"schema":{"@context":"https:\/\/schema.org","@graph":[{"@type":"Article","@id":"https:\/\/www.filantropiacortessolari.cl\/unicef-meri-y-la-oficina-de-educacion-climatica-de-la-unesco-premiaran-a-docentes-que-promuevan-la-educacion-climatica\/#article","isPartOf":{"@id":"https:\/\/www.filantropiacortessolari.cl\/unicef-meri-y-la-oficina-de-educacion-climatica-de-la-unesco-premiaran-a-docentes-que-promuevan-la-educacion-climatica\/"},"author":{"name":"Filantrop\u00eda Cort\u00e9s Solari","@id":"https:\/\/www.filantropiacortessolari.cl\/#\/schema\/person\/e099cf1046922f4f5892172332dc86c0"},"headline":"UNICEF, MERI y la Oficina de Educaci\u00f3n Clim\u00e1tica de la UNESCO premiar\u00e1n a docentes que promuevan la educaci\u00f3n clim\u00e1tica","datePublished":"2022-08-03T14:08:17+00:00","dateModified":"2024-08-22T03:00:40+00:00","mainEntityOfPage":{"@id":"https:\/\/www.filantropiacortessolari.cl\/unicef-meri-y-la-oficina-de-educacion-climatica-de-la-unesco-premiaran-a-docentes-que-promuevan-la-educacion-climatica\/"},"wordCount":918,"image":{"@id":"https:\/\/www.filantropiacortessolari.cl\/unicef-meri-y-la-oficina-de-educacion-climatica-de-la-unesco-premiaran-a-docentes-que-promuevan-la-educacion-climatica\/#primaryimage"},"thumbnailUrl":"https:\/\/www.filantropiacortessolari.cl\/wp-content\/uploads\/2022\/08\/unicef.jpg","keywords":["Fundaci\u00f3n MERI","Unicef"],"articleSection":["Noticias","Prensa Escrita","Prensa MERI"],"inLanguage":"en-US"},{"@type":"WebPage","@id":"https:\/\/www.filantropiacortessolari.cl\/unicef-meri-y-la-oficina-de-educacion-climatica-de-la-unesco-premiaran-a-docentes-que-promuevan-la-educacion-climatica\/","url":"https:\/\/www.filantropiacortessolari.cl\/unicef-meri-y-la-oficina-de-educacion-climatica-de-la-unesco-premiaran-a-docentes-que-promuevan-la-educacion-climatica\/","name":"UNICEF, MERI y la Oficina de Educaci\u00f3n Clim\u00e1tica de la UNESCO premiar\u00e1n a docentes que promuevan la educaci\u00f3n clim\u00e1tica","isPartOf":{"@id":"https:\/\/www.filantropiacortessolari.cl\/#website"},"primaryImageOfPage":{"@id":"https:\/\/www.filantropiacortessolari.cl\/unicef-meri-y-la-oficina-de-educacion-climatica-de-la-unesco-premiaran-a-docentes-que-promuevan-la-educacion-climatica\/#primaryimage"},"image":{"@id":"https:\/\/www.filantropiacortessolari.cl\/unicef-meri-y-la-oficina-de-educacion-climatica-de-la-unesco-premiaran-a-docentes-que-promuevan-la-educacion-climatica\/#primaryimage"},"thumbnailUrl":"https:\/\/www.filantropiacortessolari.cl\/wp-content\/uploads\/2022\/08\/unicef.jpg","datePublished":"2022-08-03T14:08:17+00:00","dateModified":"2024-08-22T03:00:40+00:00","author":{"@id":"https:\/\/www.filantropiacortessolari.cl\/#\/schema\/person\/e099cf1046922f4f5892172332dc86c0"},"breadcrumb":{"@id":"https:\/\/www.filantropiacortessolari.cl\/unicef-meri-y-la-oficina-de-educacion-climatica-de-la-unesco-premiaran-a-docentes-que-promuevan-la-educacion-climatica\/#breadcrumb"},"inLanguage":"en-US","potentialAction":[{"@type":"ReadAction","target":["https:\/\/www.filantropiacortessolari.cl\/unicef-meri-y-la-oficina-de-educacion-climatica-de-la-unesco-premiaran-a-docentes-que-promuevan-la-educacion-climatica\/"]}]},{"@type":"ImageObject","inLanguage":"en-US","@id":"https:\/\/www.filantropiacortessolari.cl\/unicef-meri-y-la-oficina-de-educacion-climatica-de-la-unesco-premiaran-a-docentes-que-promuevan-la-educacion-climatica\/#primaryimage","url":"https:\/\/www.filantropiacortessolari.cl\/wp-content\/uploads\/2022\/08\/unicef.jpg","contentUrl":"https:\/\/www.filantropiacortessolari.cl\/wp-content\/uploads\/2022\/08\/unicef.jpg","width":1280,"height":853},{"@type":"BreadcrumbList","@id":"https:\/\/www.filantropiacortessolari.cl\/unicef-meri-y-la-oficina-de-educacion-climatica-de-la-unesco-premiaran-a-docentes-que-promuevan-la-educacion-climatica\/#breadcrumb","itemListElement":[{"@type":"ListItem","position":1,"name":"Portada","item":"https:\/\/www.filantropiacortessolari.cl\/"},{"@type":"ListItem","position":2,"name":"UNICEF, MERI y la Oficina de Educaci\u00f3n Clim\u00e1tica de la UNESCO premiar\u00e1n a docentes que promuevan la educaci\u00f3n clim\u00e1tica"}]},{"@type":"WebSite","@id":"https:\/\/www.filantropiacortessolari.cl\/#website","url":"https:\/\/www.filantropiacortessolari.cl\/","name":"Filantrop\u00eda Cort\u00e9s Solari","description":"Sitio web Filantrop\u00eda Cort\u00e9s Solari","potentialAction":[{"@type":"SearchAction","target":{"@type":"EntryPoint","urlTemplate":"https:\/\/www.filantropiacortessolari.cl\/?s={search_term_string}"},"query-input":{"@type":"PropertyValueSpecification","valueRequired":true,"valueName":"search_term_string"}}],"inLanguage":"en-US"},{"@type":"Person","@id":"https:\/\/www.filantropiacortessolari.cl\/#\/schema\/person\/e099cf1046922f4f5892172332dc86c0","name":"Filantrop\u00eda Cort\u00e9s Solari","image":{"@type":"ImageObject","inLanguage":"en-US","@id":"https:\/\/secure.gravatar.com\/avatar\/9d17bfe24074ed7576e70cbeb8e010cdd7d01fae9f2047bd96cccbe629ec3c11?s=96&d=mm&r=g","url":"https:\/\/secure.gravatar.com\/avatar\/9d17bfe24074ed7576e70cbeb8e010cdd7d01fae9f2047bd96cccbe629ec3c11?s=96&d=mm&r=g","contentUrl":"https:\/\/secure.gravatar.com\/avatar\/9d17bfe24074ed7576e70cbeb8e010cdd7d01fae9f2047bd96cccbe629ec3c11?s=96&d=mm&r=g","caption":"Filantrop\u00eda Cort\u00e9s Solari"},"url":"https:\/\/www.filantropiacortessolari.cl\/en\/author\/filantropia-cortes-solari\/"}]}},"_links":{"self":[{"href":"https:\/\/www.filantropiacortessolari.cl\/en\/wp-json\/wp\/v2\/posts\/11009","targetHints":{"allow":["GET"]}}],"collection":[{"href":"https:\/\/www.filantropiacortessolari.cl\/en\/wp-json\/wp\/v2\/posts"}],"about":[{"href":"https:\/\/www.filantropiacortessolari.cl\/en\/wp-json\/wp\/v2\/types\/post"}],"author":[{"embeddable":true,"href":"https:\/\/www.filantropiacortessolari.cl\/en\/wp-json\/wp\/v2\/users\/1"}],"replies":[{"embeddable":true,"href":"https:\/\/www.filantropiacortessolari.cl\/en\/wp-json\/wp\/v2\/comments?post=11009"}],"version-history":[{"count":2,"href":"https:\/\/www.filantropiacortessolari.cl\/en\/wp-json\/wp\/v2\/posts\/11009\/revisions"}],"predecessor-version":[{"id":11883,"href":"https:\/\/www.filantropiacortessolari.cl\/en\/wp-json\/wp\/v2\/posts\/11009\/revisions\/11883"}],"wp:featuredmedia":[{"embeddable":true,"href":"https:\/\/www.filantropiacortessolari.cl\/en\/wp-json\/wp\/v2\/media\/11010"}],"wp:attachment":[{"href":"https:\/\/www.filantropiacortessolari.cl\/en\/wp-json\/wp\/v2\/media?parent=11009"}],"wp:term":[{"taxonomy":"category","embeddable":true,"href":"https:\/\/www.filantropiacortessolari.cl\/en\/wp-json\/wp\/v2\/categories?post=11009"},{"taxonomy":"post_tag","embeddable":true,"href":"https:\/\/www.filantropiacortessolari.cl\/en\/wp-json\/wp\/v2\/tags?post=11009"}],"curies":[{"name":"wp","href":"https:\/\/api.w.org\/{rel}","templated":true}]}}