{"id":11055,"date":"2022-08-31T13:22:42","date_gmt":"2022-08-31T16:22:42","guid":{"rendered":"https:\/\/www.filantropiacortessolari.cl\/?p=11055"},"modified":"2022-08-31T16:00:33","modified_gmt":"2022-08-31T19:00:33","slug":"fundacion-meri-participa-del-festival-puerto-de-ideas-biobio","status":"publish","type":"post","link":"https:\/\/www.filantropiacortessolari.cl\/en\/fundacion-meri-participa-del-festival-puerto-de-ideas-biobio\/","title":{"rendered":"Fundaci\u00f3n MERI participa del Festival Puerto de Ideas B\u00edob\u00edo"},"content":{"rendered":"<style type=\"text\/css\"><\/style><p>Entre el 22 al 28 de agosto <strong>Fundaci\u00f3n MERI<\/strong> fue parte del Festival Puerto de Ideas Biob\u00edo 2022, instancia creada en Valpara\u00edso que este a\u00f1o puso en valor el patrimonio natural y especialmente el rol de los ecosistemas marinos-costeros en el desarrollo e identidad local y la vida en un futuro sostenible.<\/p>\n<p>En esta oportunidad, <strong>MERI<\/strong> exhibi\u00f3 la Expo Cet\u00e1ceos &#8220;<strong>Ecos del Mar<\/strong>&#8220;, un recorrido que permite conocer la biodiversidad marina a trav\u00e9s de los sentidos y que durante el 2018 atrajo a cientos de visitantes al Centro Cultural del Palacio de La Moneda.<\/p>\n<p>La exhibici\u00f3n permanecer\u00e1 en el Teatro Dante de Talcahuano hasta el 22 de octubre disponible para p\u00fablico general y para reserva de visitas de establecimientos educativos (<a href=\"mailto:paulina.diaz@talcahuano.cl\" target=\"_blank\" rel=\"noopener\">paulina.diaz@talcahuano.cl<\/a>).<\/p>\n<h2>Documentales de diversidad marina<\/h2>\n<p>En el marco de Puerto de Ideas, <strong>Fundaci\u00f3n MERI<\/strong> exhibi\u00f3 tambi\u00e9n dos de sus destacados documentales en el Festival de Cine del Mar que se realiz\u00f3 en el Teatro Dante de Talcahuano.<\/p>\n<p>La Gerenta General de Filantrop\u00eda Cort\u00e9s Solari, Patricia Morales, fue parte del discurso de cierre del certamen cinematogr\u00e1fico y de la ceremonia de premiaci\u00f3n, cuyo jurado fue presidido por la actriz chilena, Leonor Varela.<\/p>\n<p>Ambos documentales <strong>MERI<\/strong> exhibidos fueron dirigidos por el reconocido cineasta y activista Daniel Casado (\u201cEstado Salmonero\u201d).<\/p>\n<p>&#8220;Puri, el camino del agua\u201d, documental ganador del premio \u201cMejor Cortometraje\u201d 2020 del Festival Internacional de Cine Ambiental de la Patagonia- mejor conocido como Patagonia Eco Film Fest- realiza un breve recorrido de la historia del agua, sus ciclos y los sistemas h\u00eddricos. A trav\u00e9s de entrevistas a destacados personajes como Sara Larra\u00edn, Gast\u00f3n Soublete y Juan Pablo Orrego, muestra impactantes im\u00e1genes y paisajes de Chile y acerca al p\u00fablico a los or\u00edgenes del ser humano desde la mirada de los pueblos originarios. Aborda, adem\u00e1s, el porqu\u00e9 nos encontramos en la crisis h\u00eddrica actual y la importancia del desarrollo sostenible para el futuro del planeta.<\/p>\n<p>Esta cinta fue producida por Merkaba, y patrocinada por Fundaci\u00f3n MERI, instituci\u00f3n chilena que hace 10 a\u00f1os promueve la ciencia y la educaci\u00f3n ambiental para la mitigaci\u00f3n del cambio clim\u00e1tico.<\/p>\n<p>\u201cPatagonia Azul, la interconexi\u00f3n de la vida\u201d, cinta que revela el cambio de paradigma que ha vivido la historia ballenera en Chile. Desde la historia, antropolog\u00eda, ciencias exactas y la filantrop\u00eda se analiza c\u00f3mo se ha pasado de ser un pa\u00eds cazador de cet\u00e1ceos a uno que lucha por protegerlos. Expediciones lideradas por <strong>Fundaci\u00f3n MERI<\/strong> permiten develar el esfuerzo cient\u00edfico y privado por preservar la vida y h\u00e1bitat del animal m\u00e1s grande de la Tierra: la ballena azul.<\/p>\n","protected":false},"excerpt":{"rendered":"<p>Entre el 22 al 28 de agosto Fundaci\u00f3n MERI fue parte del Festival Puerto de Ideas Biob\u00edo 2022, instancia creada en Valpara\u00edso que este a\u00f1o puso en valor el patrimonio natural y especialmente el rol de los ecosistemas marinos-costeros en el desarrollo e identidad local y la vida en un futuro sostenible. En esta oportunidad,&#8230;<\/p>\n","protected":false},"author":1,"featured_media":11056,"comment_status":"open","ping_status":"open","sticky":false,"template":"","format":"standard","meta":{"footnotes":""},"categories":[31,5],"tags":[],"class_list":["post-11055","post","type-post","status-publish","format-standard","has-post-thumbnail","hentry","category-noticias","category-prensa-escrita"],"translation":{"provider":"WPGlobus","version":"3.0.2","language":"en","enabled_languages":["es","en"],"languages":{"es":{"title":true,"content":true,"excerpt":false},"en":{"title":false,"content":false,"excerpt":false}}},"yoast_head":"<!-- This site is optimized with the Yoast SEO plugin v27.4 - https:\/\/yoast.com\/product\/yoast-seo-wordpress\/ -->\n<title>Fundaci\u00f3n MERI participa del Festival Puerto de Ideas B\u00edob\u00edo<\/title>\n<meta name=\"robots\" content=\"index, follow, max-snippet:-1, max-image-preview:large, max-video-preview:-1\" \/>\n<link rel=\"canonical\" href=\"https:\/\/www.filantropiacortessolari.cl\/fundacion-meri-participa-del-festival-puerto-de-ideas-biobio\/\" \/>\n<meta property=\"og:locale\" content=\"en_US\" \/>\n<meta property=\"og:type\" content=\"article\" \/>\n<meta property=\"og:title\" content=\"Fundaci\u00f3n MERI participa del Festival Puerto de Ideas B\u00edob\u00edo\" \/>\n<meta property=\"og:url\" content=\"https:\/\/www.filantropiacortessolari.cl\/fundacion-meri-participa-del-festival-puerto-de-ideas-biobio\/\" \/>\n<meta property=\"og:site_name\" content=\"Filantrop\u00eda Cort\u00e9s Solari\" \/>\n<meta property=\"article:published_time\" content=\"2022-08-31T16:22:42+00:00\" \/>\n<meta property=\"article:modified_time\" content=\"2022-08-31T19:00:33+00:00\" \/>\n<meta property=\"og:image\" content=\"https:\/\/www.filantropiacortessolari.cl\/wp-content\/uploads\/2022\/08\/meri.jpg\" \/>\n\t<meta property=\"og:image:width\" content=\"1280\" \/>\n\t<meta property=\"og:image:height\" content=\"853\" \/>\n\t<meta property=\"og:image:type\" content=\"image\/jpeg\" \/>\n<meta name=\"author\" content=\"Filantrop\u00eda Cort\u00e9s Solari\" \/>\n<meta name=\"twitter:card\" content=\"summary_large_image\" \/>\n<meta name=\"twitter:label1\" content=\"Written by\" \/>\n\t<meta name=\"twitter:data1\" content=\"Filantrop\u00eda Cort\u00e9s Solari\" \/>\n\t<meta name=\"twitter:label2\" content=\"Est. reading time\" \/>\n\t<meta name=\"twitter:data2\" content=\"2 minutes\" \/>\n<script type=\"application\/ld+json\" class=\"yoast-schema-graph\">{\"@context\":\"https:\\\/\\\/schema.org\",\"@graph\":[{\"@type\":\"Article\",\"@id\":\"https:\\\/\\\/www.filantropiacortessolari.cl\\\/fundacion-meri-participa-del-festival-puerto-de-ideas-biobio\\\/#article\",\"isPartOf\":{\"@id\":\"https:\\\/\\\/www.filantropiacortessolari.cl\\\/fundacion-meri-participa-del-festival-puerto-de-ideas-biobio\\\/\"},\"author\":{\"name\":\"Filantrop\u00eda Cort\u00e9s Solari\",\"@id\":\"https:\\\/\\\/www.filantropiacortessolari.cl\\\/#\\\/schema\\\/person\\\/e099cf1046922f4f5892172332dc86c0\"},\"headline\":\"Fundaci\u00f3n MERI participa del Festival Puerto de Ideas B\u00edob\u00edo\",\"datePublished\":\"2022-08-31T16:22:42+00:00\",\"dateModified\":\"2022-08-31T19:00:33+00:00\",\"mainEntityOfPage\":{\"@id\":\"https:\\\/\\\/www.filantropiacortessolari.cl\\\/fundacion-meri-participa-del-festival-puerto-de-ideas-biobio\\\/\"},\"wordCount\":467,\"commentCount\":0,\"image\":{\"@id\":\"https:\\\/\\\/www.filantropiacortessolari.cl\\\/fundacion-meri-participa-del-festival-puerto-de-ideas-biobio\\\/#primaryimage\"},\"thumbnailUrl\":\"https:\\\/\\\/www.filantropiacortessolari.cl\\\/wp-content\\\/uploads\\\/2022\\\/08\\\/meri.jpg\",\"articleSection\":[\"Noticias\",\"Prensa Escrita\"],\"inLanguage\":\"en-US\",\"potentialAction\":[{\"@type\":\"CommentAction\",\"name\":\"Comment\",\"target\":[\"https:\\\/\\\/www.filantropiacortessolari.cl\\\/fundacion-meri-participa-del-festival-puerto-de-ideas-biobio\\\/#respond\"]}]},{\"@type\":\"WebPage\",\"@id\":\"https:\\\/\\\/www.filantropiacortessolari.cl\\\/fundacion-meri-participa-del-festival-puerto-de-ideas-biobio\\\/\",\"url\":\"https:\\\/\\\/www.filantropiacortessolari.cl\\\/fundacion-meri-participa-del-festival-puerto-de-ideas-biobio\\\/\",\"name\":\"Fundaci\u00f3n MERI participa del Festival Puerto de Ideas B\u00edob\u00edo\",\"isPartOf\":{\"@id\":\"https:\\\/\\\/www.filantropiacortessolari.cl\\\/#website\"},\"primaryImageOfPage\":{\"@id\":\"https:\\\/\\\/www.filantropiacortessolari.cl\\\/fundacion-meri-participa-del-festival-puerto-de-ideas-biobio\\\/#primaryimage\"},\"image\":{\"@id\":\"https:\\\/\\\/www.filantropiacortessolari.cl\\\/fundacion-meri-participa-del-festival-puerto-de-ideas-biobio\\\/#primaryimage\"},\"thumbnailUrl\":\"https:\\\/\\\/www.filantropiacortessolari.cl\\\/wp-content\\\/uploads\\\/2022\\\/08\\\/meri.jpg\",\"datePublished\":\"2022-08-31T16:22:42+00:00\",\"dateModified\":\"2022-08-31T19:00:33+00:00\",\"author\":{\"@id\":\"https:\\\/\\\/www.filantropiacortessolari.cl\\\/#\\\/schema\\\/person\\\/e099cf1046922f4f5892172332dc86c0\"},\"breadcrumb\":{\"@id\":\"https:\\\/\\\/www.filantropiacortessolari.cl\\\/fundacion-meri-participa-del-festival-puerto-de-ideas-biobio\\\/#breadcrumb\"},\"inLanguage\":\"en-US\",\"potentialAction\":[{\"@type\":\"ReadAction\",\"target\":[\"https:\\\/\\\/www.filantropiacortessolari.cl\\\/fundacion-meri-participa-del-festival-puerto-de-ideas-biobio\\\/\"]}]},{\"@type\":\"ImageObject\",\"inLanguage\":\"en-US\",\"@id\":\"https:\\\/\\\/www.filantropiacortessolari.cl\\\/fundacion-meri-participa-del-festival-puerto-de-ideas-biobio\\\/#primaryimage\",\"url\":\"https:\\\/\\\/www.filantropiacortessolari.cl\\\/wp-content\\\/uploads\\\/2022\\\/08\\\/meri.jpg\",\"contentUrl\":\"https:\\\/\\\/www.filantropiacortessolari.cl\\\/wp-content\\\/uploads\\\/2022\\\/08\\\/meri.jpg\",\"width\":1280,\"height\":853},{\"@type\":\"BreadcrumbList\",\"@id\":\"https:\\\/\\\/www.filantropiacortessolari.cl\\\/fundacion-meri-participa-del-festival-puerto-de-ideas-biobio\\\/#breadcrumb\",\"itemListElement\":[{\"@type\":\"ListItem\",\"position\":1,\"name\":\"Portada\",\"item\":\"https:\\\/\\\/www.filantropiacortessolari.cl\\\/\"},{\"@type\":\"ListItem\",\"position\":2,\"name\":\"Fundaci\u00f3n MERI participa del Festival Puerto de Ideas B\u00edob\u00edo\"}]},{\"@type\":\"WebSite\",\"@id\":\"https:\\\/\\\/www.filantropiacortessolari.cl\\\/#website\",\"url\":\"https:\\\/\\\/www.filantropiacortessolari.cl\\\/\",\"name\":\"Filantrop\u00eda Cort\u00e9s Solari\",\"description\":\"Sitio web Filantrop\u00eda Cort\u00e9s Solari\",\"potentialAction\":[{\"@type\":\"SearchAction\",\"target\":{\"@type\":\"EntryPoint\",\"urlTemplate\":\"https:\\\/\\\/www.filantropiacortessolari.cl\\\/?s={search_term_string}\"},\"query-input\":{\"@type\":\"PropertyValueSpecification\",\"valueRequired\":true,\"valueName\":\"search_term_string\"}}],\"inLanguage\":\"en-US\"},{\"@type\":\"Person\",\"@id\":\"https:\\\/\\\/www.filantropiacortessolari.cl\\\/#\\\/schema\\\/person\\\/e099cf1046922f4f5892172332dc86c0\",\"name\":\"Filantrop\u00eda Cort\u00e9s Solari\",\"image\":{\"@type\":\"ImageObject\",\"inLanguage\":\"en-US\",\"@id\":\"https:\\\/\\\/secure.gravatar.com\\\/avatar\\\/9d17bfe24074ed7576e70cbeb8e010cdd7d01fae9f2047bd96cccbe629ec3c11?s=96&d=mm&r=g\",\"url\":\"https:\\\/\\\/secure.gravatar.com\\\/avatar\\\/9d17bfe24074ed7576e70cbeb8e010cdd7d01fae9f2047bd96cccbe629ec3c11?s=96&d=mm&r=g\",\"contentUrl\":\"https:\\\/\\\/secure.gravatar.com\\\/avatar\\\/9d17bfe24074ed7576e70cbeb8e010cdd7d01fae9f2047bd96cccbe629ec3c11?s=96&d=mm&r=g\",\"caption\":\"Filantrop\u00eda Cort\u00e9s Solari\"},\"url\":\"https:\\\/\\\/www.filantropiacortessolari.cl\\\/en\\\/author\\\/filantropia-cortes-solari\\\/\"}]}<\/script>\n<!-- \/ Yoast SEO plugin. -->","yoast_head_json":{"title":"Fundaci\u00f3n MERI participa del Festival Puerto de Ideas B\u00edob\u00edo","robots":{"index":"index","follow":"follow","max-snippet":"max-snippet:-1","max-image-preview":"max-image-preview:large","max-video-preview":"max-video-preview:-1"},"canonical":"https:\/\/www.filantropiacortessolari.cl\/fundacion-meri-participa-del-festival-puerto-de-ideas-biobio\/","og_locale":"en_US","og_type":"article","og_title":"Fundaci\u00f3n MERI participa del Festival Puerto de Ideas B\u00edob\u00edo","og_url":"https:\/\/www.filantropiacortessolari.cl\/fundacion-meri-participa-del-festival-puerto-de-ideas-biobio\/","og_site_name":"Filantrop\u00eda Cort\u00e9s Solari","article_published_time":"2022-08-31T16:22:42+00:00","article_modified_time":"2022-08-31T19:00:33+00:00","og_image":[{"width":1280,"height":853,"url":"https:\/\/www.filantropiacortessolari.cl\/wp-content\/uploads\/2022\/08\/meri.jpg","type":"image\/jpeg"}],"author":"Filantrop\u00eda Cort\u00e9s Solari","twitter_card":"summary_large_image","twitter_misc":{"Written by":"Filantrop\u00eda Cort\u00e9s Solari","Est. reading time":"2 minutes"},"schema":{"@context":"https:\/\/schema.org","@graph":[{"@type":"Article","@id":"https:\/\/www.filantropiacortessolari.cl\/fundacion-meri-participa-del-festival-puerto-de-ideas-biobio\/#article","isPartOf":{"@id":"https:\/\/www.filantropiacortessolari.cl\/fundacion-meri-participa-del-festival-puerto-de-ideas-biobio\/"},"author":{"name":"Filantrop\u00eda Cort\u00e9s Solari","@id":"https:\/\/www.filantropiacortessolari.cl\/#\/schema\/person\/e099cf1046922f4f5892172332dc86c0"},"headline":"Fundaci\u00f3n MERI participa del Festival Puerto de Ideas B\u00edob\u00edo","datePublished":"2022-08-31T16:22:42+00:00","dateModified":"2022-08-31T19:00:33+00:00","mainEntityOfPage":{"@id":"https:\/\/www.filantropiacortessolari.cl\/fundacion-meri-participa-del-festival-puerto-de-ideas-biobio\/"},"wordCount":467,"commentCount":0,"image":{"@id":"https:\/\/www.filantropiacortessolari.cl\/fundacion-meri-participa-del-festival-puerto-de-ideas-biobio\/#primaryimage"},"thumbnailUrl":"https:\/\/www.filantropiacortessolari.cl\/wp-content\/uploads\/2022\/08\/meri.jpg","articleSection":["Noticias","Prensa Escrita"],"inLanguage":"en-US","potentialAction":[{"@type":"CommentAction","name":"Comment","target":["https:\/\/www.filantropiacortessolari.cl\/fundacion-meri-participa-del-festival-puerto-de-ideas-biobio\/#respond"]}]},{"@type":"WebPage","@id":"https:\/\/www.filantropiacortessolari.cl\/fundacion-meri-participa-del-festival-puerto-de-ideas-biobio\/","url":"https:\/\/www.filantropiacortessolari.cl\/fundacion-meri-participa-del-festival-puerto-de-ideas-biobio\/","name":"Fundaci\u00f3n MERI participa del Festival Puerto de Ideas B\u00edob\u00edo","isPartOf":{"@id":"https:\/\/www.filantropiacortessolari.cl\/#website"},"primaryImageOfPage":{"@id":"https:\/\/www.filantropiacortessolari.cl\/fundacion-meri-participa-del-festival-puerto-de-ideas-biobio\/#primaryimage"},"image":{"@id":"https:\/\/www.filantropiacortessolari.cl\/fundacion-meri-participa-del-festival-puerto-de-ideas-biobio\/#primaryimage"},"thumbnailUrl":"https:\/\/www.filantropiacortessolari.cl\/wp-content\/uploads\/2022\/08\/meri.jpg","datePublished":"2022-08-31T16:22:42+00:00","dateModified":"2022-08-31T19:00:33+00:00","author":{"@id":"https:\/\/www.filantropiacortessolari.cl\/#\/schema\/person\/e099cf1046922f4f5892172332dc86c0"},"breadcrumb":{"@id":"https:\/\/www.filantropiacortessolari.cl\/fundacion-meri-participa-del-festival-puerto-de-ideas-biobio\/#breadcrumb"},"inLanguage":"en-US","potentialAction":[{"@type":"ReadAction","target":["https:\/\/www.filantropiacortessolari.cl\/fundacion-meri-participa-del-festival-puerto-de-ideas-biobio\/"]}]},{"@type":"ImageObject","inLanguage":"en-US","@id":"https:\/\/www.filantropiacortessolari.cl\/fundacion-meri-participa-del-festival-puerto-de-ideas-biobio\/#primaryimage","url":"https:\/\/www.filantropiacortessolari.cl\/wp-content\/uploads\/2022\/08\/meri.jpg","contentUrl":"https:\/\/www.filantropiacortessolari.cl\/wp-content\/uploads\/2022\/08\/meri.jpg","width":1280,"height":853},{"@type":"BreadcrumbList","@id":"https:\/\/www.filantropiacortessolari.cl\/fundacion-meri-participa-del-festival-puerto-de-ideas-biobio\/#breadcrumb","itemListElement":[{"@type":"ListItem","position":1,"name":"Portada","item":"https:\/\/www.filantropiacortessolari.cl\/"},{"@type":"ListItem","position":2,"name":"Fundaci\u00f3n MERI participa del Festival Puerto de Ideas B\u00edob\u00edo"}]},{"@type":"WebSite","@id":"https:\/\/www.filantropiacortessolari.cl\/#website","url":"https:\/\/www.filantropiacortessolari.cl\/","name":"Filantrop\u00eda Cort\u00e9s Solari","description":"Sitio web Filantrop\u00eda Cort\u00e9s Solari","potentialAction":[{"@type":"SearchAction","target":{"@type":"EntryPoint","urlTemplate":"https:\/\/www.filantropiacortessolari.cl\/?s={search_term_string}"},"query-input":{"@type":"PropertyValueSpecification","valueRequired":true,"valueName":"search_term_string"}}],"inLanguage":"en-US"},{"@type":"Person","@id":"https:\/\/www.filantropiacortessolari.cl\/#\/schema\/person\/e099cf1046922f4f5892172332dc86c0","name":"Filantrop\u00eda Cort\u00e9s Solari","image":{"@type":"ImageObject","inLanguage":"en-US","@id":"https:\/\/secure.gravatar.com\/avatar\/9d17bfe24074ed7576e70cbeb8e010cdd7d01fae9f2047bd96cccbe629ec3c11?s=96&d=mm&r=g","url":"https:\/\/secure.gravatar.com\/avatar\/9d17bfe24074ed7576e70cbeb8e010cdd7d01fae9f2047bd96cccbe629ec3c11?s=96&d=mm&r=g","contentUrl":"https:\/\/secure.gravatar.com\/avatar\/9d17bfe24074ed7576e70cbeb8e010cdd7d01fae9f2047bd96cccbe629ec3c11?s=96&d=mm&r=g","caption":"Filantrop\u00eda Cort\u00e9s Solari"},"url":"https:\/\/www.filantropiacortessolari.cl\/en\/author\/filantropia-cortes-solari\/"}]}},"_links":{"self":[{"href":"https:\/\/www.filantropiacortessolari.cl\/en\/wp-json\/wp\/v2\/posts\/11055","targetHints":{"allow":["GET"]}}],"collection":[{"href":"https:\/\/www.filantropiacortessolari.cl\/en\/wp-json\/wp\/v2\/posts"}],"about":[{"href":"https:\/\/www.filantropiacortessolari.cl\/en\/wp-json\/wp\/v2\/types\/post"}],"author":[{"embeddable":true,"href":"https:\/\/www.filantropiacortessolari.cl\/en\/wp-json\/wp\/v2\/users\/1"}],"replies":[{"embeddable":true,"href":"https:\/\/www.filantropiacortessolari.cl\/en\/wp-json\/wp\/v2\/comments?post=11055"}],"version-history":[{"count":1,"href":"https:\/\/www.filantropiacortessolari.cl\/en\/wp-json\/wp\/v2\/posts\/11055\/revisions"}],"predecessor-version":[{"id":11057,"href":"https:\/\/www.filantropiacortessolari.cl\/en\/wp-json\/wp\/v2\/posts\/11055\/revisions\/11057"}],"wp:featuredmedia":[{"embeddable":true,"href":"https:\/\/www.filantropiacortessolari.cl\/en\/wp-json\/wp\/v2\/media\/11056"}],"wp:attachment":[{"href":"https:\/\/www.filantropiacortessolari.cl\/en\/wp-json\/wp\/v2\/media?parent=11055"}],"wp:term":[{"taxonomy":"category","embeddable":true,"href":"https:\/\/www.filantropiacortessolari.cl\/en\/wp-json\/wp\/v2\/categories?post=11055"},{"taxonomy":"post_tag","embeddable":true,"href":"https:\/\/www.filantropiacortessolari.cl\/en\/wp-json\/wp\/v2\/tags?post=11055"}],"curies":[{"name":"wp","href":"https:\/\/api.w.org\/{rel}","templated":true}]}}