{"id":11105,"date":"2022-05-21T10:30:37","date_gmt":"2022-05-21T13:30:37","guid":{"rendered":"https:\/\/www.filantropiacortessolari.cl\/?p=11105"},"modified":"2022-09-23T10:43:47","modified_gmt":"2022-09-23T13:43:47","slug":"24-horas-instalan-gps-para-la-conservacion-flamencos-en-salar-de-atacama","status":"publish","type":"post","link":"https:\/\/www.filantropiacortessolari.cl\/en\/24-horas-instalan-gps-para-la-conservacion-flamencos-en-salar-de-atacama\/","title":{"rendered":"[24 Horas] Instalan GPS para la conservaci\u00f3n flamencos en salar de Atacama"},"content":{"rendered":"<style type=\"text\/css\"><\/style><p>La expedici\u00f3n tiene por objetivo aumentar el conocimiento sobre las rutas de tr\u00e1nsito de las aves.<\/p>\n<p>Cu\u00f1as: Guillermo Cubillos, Conservaci\u00f3n Zool\u00f3gico Nacional; Alejandra Castro, Guardaparque Reserva Nacional Los Flamencos; Francisca Solari, Presidente Ejecutiva Filantrop\u00eda Cortes Solari.<br \/>\nMenciones: Zool\u00f3gico Nacional.<\/p>\n<p>Autores: Patricia Cerda; Ivania Echeverria.<\/p>\n<div style=\"width: 1160px;\" class=\"wp-video\"><video class=\"wp-video-shortcode\" id=\"video-11105-1\" width=\"1160\" height=\"653\" preload=\"metadata\" controls=\"controls\"><source type=\"video\/mp4\" src=\"https:\/\/fundacionmeri.cl\/wp-content\/uploads\/2022\/09\/628a19005b38cd6fb63e7def.mp4?_=1\" \/><a href=\"https:\/\/fundacionmeri.cl\/wp-content\/uploads\/2022\/09\/628a19005b38cd6fb63e7def.mp4\">https:\/\/fundacionmeri.cl\/wp-content\/uploads\/2022\/09\/628a19005b38cd6fb63e7def.mp4<\/a><\/video><\/div>\n<p>Fuente: <a href=\"https:\/\/www.24horas.cl\/\" target=\"_blank\" rel=\"noopener\">24 horas<\/a><\/p>\n","protected":false},"excerpt":{"rendered":"<p>La expedici\u00f3n tiene por objetivo aumentar el conocimiento sobre las rutas de tr\u00e1nsito de las aves. Cu\u00f1as: Guillermo Cubillos, Conservaci\u00f3n Zool\u00f3gico Nacional; Alejandra Castro, Guardaparque Reserva Nacional Los Flamencos; Francisca Solari, Presidente Ejecutiva Filantrop\u00eda Cortes Solari. Menciones: Zool\u00f3gico Nacional. Autores: Patricia Cerda; Ivania Echeverria. Fuente: 24 horas<\/p>\n","protected":false},"author":1,"featured_media":11107,"comment_status":"open","ping_status":"open","sticky":false,"template":"","format":"standard","meta":{"footnotes":""},"categories":[31,5],"tags":[],"class_list":["post-11105","post","type-post","status-publish","format-standard","has-post-thumbnail","hentry","category-noticias","category-prensa-escrita"],"translation":{"provider":"WPGlobus","version":"3.0.2","language":"en","enabled_languages":["es","en"],"languages":{"es":{"title":true,"content":true,"excerpt":false},"en":{"title":false,"content":false,"excerpt":false}}},"yoast_head":"<!-- This site is optimized with the Yoast SEO plugin v27.4 - https:\/\/yoast.com\/product\/yoast-seo-wordpress\/ -->\n<title>[24 Horas] Instalan GPS para la conservaci\u00f3n flamencos en salar de Atacama<\/title>\n<meta name=\"robots\" content=\"index, follow, max-snippet:-1, max-image-preview:large, max-video-preview:-1\" \/>\n<link rel=\"canonical\" href=\"https:\/\/www.filantropiacortessolari.cl\/24-horas-instalan-gps-para-la-conservacion-flamencos-en-salar-de-atacama\/\" \/>\n<meta property=\"og:locale\" content=\"en_US\" \/>\n<meta property=\"og:type\" content=\"article\" \/>\n<meta property=\"og:title\" content=\"[24 Horas] Instalan GPS para la conservaci\u00f3n flamencos en salar de Atacama\" \/>\n<meta property=\"og:url\" content=\"https:\/\/www.filantropiacortessolari.cl\/24-horas-instalan-gps-para-la-conservacion-flamencos-en-salar-de-atacama\/\" \/>\n<meta property=\"og:site_name\" content=\"Filantrop\u00eda Cort\u00e9s Solari\" \/>\n<meta property=\"article:published_time\" content=\"2022-05-21T13:30:37+00:00\" \/>\n<meta property=\"article:modified_time\" content=\"2022-09-23T13:43:47+00:00\" \/>\n<meta property=\"og:image\" content=\"https:\/\/www.filantropiacortessolari.cl\/wp-content\/uploads\/2022\/05\/francisca-1024x560.png\" \/>\n\t<meta property=\"og:image:width\" content=\"1024\" \/>\n\t<meta property=\"og:image:height\" content=\"560\" \/>\n\t<meta property=\"og:image:type\" content=\"image\/png\" \/>\n<meta name=\"author\" content=\"Filantrop\u00eda Cort\u00e9s Solari\" \/>\n<meta name=\"twitter:card\" content=\"summary_large_image\" \/>\n<meta name=\"twitter:label1\" content=\"Written by\" \/>\n\t<meta name=\"twitter:data1\" content=\"Filantrop\u00eda Cort\u00e9s Solari\" \/>\n<script type=\"application\/ld+json\" class=\"yoast-schema-graph\">{\"@context\":\"https:\\\/\\\/schema.org\",\"@graph\":[{\"@type\":\"Article\",\"@id\":\"https:\\\/\\\/www.filantropiacortessolari.cl\\\/24-horas-instalan-gps-para-la-conservacion-flamencos-en-salar-de-atacama\\\/#article\",\"isPartOf\":{\"@id\":\"https:\\\/\\\/www.filantropiacortessolari.cl\\\/24-horas-instalan-gps-para-la-conservacion-flamencos-en-salar-de-atacama\\\/\"},\"author\":{\"name\":\"Filantrop\u00eda Cort\u00e9s Solari\",\"@id\":\"https:\\\/\\\/www.filantropiacortessolari.cl\\\/#\\\/schema\\\/person\\\/e099cf1046922f4f5892172332dc86c0\"},\"headline\":\"[24 Horas] Instalan GPS para la conservaci\u00f3n flamencos en salar de Atacama\",\"datePublished\":\"2022-05-21T13:30:37+00:00\",\"dateModified\":\"2022-09-23T13:43:47+00:00\",\"mainEntityOfPage\":{\"@id\":\"https:\\\/\\\/www.filantropiacortessolari.cl\\\/24-horas-instalan-gps-para-la-conservacion-flamencos-en-salar-de-atacama\\\/\"},\"wordCount\":82,\"commentCount\":0,\"image\":{\"@id\":\"https:\\\/\\\/www.filantropiacortessolari.cl\\\/24-horas-instalan-gps-para-la-conservacion-flamencos-en-salar-de-atacama\\\/#primaryimage\"},\"thumbnailUrl\":\"https:\\\/\\\/www.filantropiacortessolari.cl\\\/wp-content\\\/uploads\\\/2022\\\/05\\\/francisca.png\",\"articleSection\":[\"Noticias\",\"Prensa Escrita\"],\"inLanguage\":\"en-US\",\"potentialAction\":[{\"@type\":\"CommentAction\",\"name\":\"Comment\",\"target\":[\"https:\\\/\\\/www.filantropiacortessolari.cl\\\/24-horas-instalan-gps-para-la-conservacion-flamencos-en-salar-de-atacama\\\/#respond\"]}]},{\"@type\":\"WebPage\",\"@id\":\"https:\\\/\\\/www.filantropiacortessolari.cl\\\/24-horas-instalan-gps-para-la-conservacion-flamencos-en-salar-de-atacama\\\/\",\"url\":\"https:\\\/\\\/www.filantropiacortessolari.cl\\\/24-horas-instalan-gps-para-la-conservacion-flamencos-en-salar-de-atacama\\\/\",\"name\":\"[24 Horas] Instalan GPS para la conservaci\u00f3n flamencos en salar de Atacama\",\"isPartOf\":{\"@id\":\"https:\\\/\\\/www.filantropiacortessolari.cl\\\/#website\"},\"primaryImageOfPage\":{\"@id\":\"https:\\\/\\\/www.filantropiacortessolari.cl\\\/24-horas-instalan-gps-para-la-conservacion-flamencos-en-salar-de-atacama\\\/#primaryimage\"},\"image\":{\"@id\":\"https:\\\/\\\/www.filantropiacortessolari.cl\\\/24-horas-instalan-gps-para-la-conservacion-flamencos-en-salar-de-atacama\\\/#primaryimage\"},\"thumbnailUrl\":\"https:\\\/\\\/www.filantropiacortessolari.cl\\\/wp-content\\\/uploads\\\/2022\\\/05\\\/francisca.png\",\"datePublished\":\"2022-05-21T13:30:37+00:00\",\"dateModified\":\"2022-09-23T13:43:47+00:00\",\"author\":{\"@id\":\"https:\\\/\\\/www.filantropiacortessolari.cl\\\/#\\\/schema\\\/person\\\/e099cf1046922f4f5892172332dc86c0\"},\"breadcrumb\":{\"@id\":\"https:\\\/\\\/www.filantropiacortessolari.cl\\\/24-horas-instalan-gps-para-la-conservacion-flamencos-en-salar-de-atacama\\\/#breadcrumb\"},\"inLanguage\":\"en-US\",\"potentialAction\":[{\"@type\":\"ReadAction\",\"target\":[\"https:\\\/\\\/www.filantropiacortessolari.cl\\\/24-horas-instalan-gps-para-la-conservacion-flamencos-en-salar-de-atacama\\\/\"]}]},{\"@type\":\"ImageObject\",\"inLanguage\":\"en-US\",\"@id\":\"https:\\\/\\\/www.filantropiacortessolari.cl\\\/24-horas-instalan-gps-para-la-conservacion-flamencos-en-salar-de-atacama\\\/#primaryimage\",\"url\":\"https:\\\/\\\/www.filantropiacortessolari.cl\\\/wp-content\\\/uploads\\\/2022\\\/05\\\/francisca.png\",\"contentUrl\":\"https:\\\/\\\/www.filantropiacortessolari.cl\\\/wp-content\\\/uploads\\\/2022\\\/05\\\/francisca.png\",\"width\":2866,\"height\":1568},{\"@type\":\"BreadcrumbList\",\"@id\":\"https:\\\/\\\/www.filantropiacortessolari.cl\\\/24-horas-instalan-gps-para-la-conservacion-flamencos-en-salar-de-atacama\\\/#breadcrumb\",\"itemListElement\":[{\"@type\":\"ListItem\",\"position\":1,\"name\":\"Portada\",\"item\":\"https:\\\/\\\/www.filantropiacortessolari.cl\\\/\"},{\"@type\":\"ListItem\",\"position\":2,\"name\":\"[24 Horas] Instalan GPS para la conservaci\u00f3n flamencos en salar de Atacama\"}]},{\"@type\":\"WebSite\",\"@id\":\"https:\\\/\\\/www.filantropiacortessolari.cl\\\/#website\",\"url\":\"https:\\\/\\\/www.filantropiacortessolari.cl\\\/\",\"name\":\"Filantrop\u00eda Cort\u00e9s Solari\",\"description\":\"Sitio web Filantrop\u00eda Cort\u00e9s Solari\",\"potentialAction\":[{\"@type\":\"SearchAction\",\"target\":{\"@type\":\"EntryPoint\",\"urlTemplate\":\"https:\\\/\\\/www.filantropiacortessolari.cl\\\/?s={search_term_string}\"},\"query-input\":{\"@type\":\"PropertyValueSpecification\",\"valueRequired\":true,\"valueName\":\"search_term_string\"}}],\"inLanguage\":\"en-US\"},{\"@type\":\"Person\",\"@id\":\"https:\\\/\\\/www.filantropiacortessolari.cl\\\/#\\\/schema\\\/person\\\/e099cf1046922f4f5892172332dc86c0\",\"name\":\"Filantrop\u00eda Cort\u00e9s Solari\",\"image\":{\"@type\":\"ImageObject\",\"inLanguage\":\"en-US\",\"@id\":\"https:\\\/\\\/secure.gravatar.com\\\/avatar\\\/9d17bfe24074ed7576e70cbeb8e010cdd7d01fae9f2047bd96cccbe629ec3c11?s=96&d=mm&r=g\",\"url\":\"https:\\\/\\\/secure.gravatar.com\\\/avatar\\\/9d17bfe24074ed7576e70cbeb8e010cdd7d01fae9f2047bd96cccbe629ec3c11?s=96&d=mm&r=g\",\"contentUrl\":\"https:\\\/\\\/secure.gravatar.com\\\/avatar\\\/9d17bfe24074ed7576e70cbeb8e010cdd7d01fae9f2047bd96cccbe629ec3c11?s=96&d=mm&r=g\",\"caption\":\"Filantrop\u00eda Cort\u00e9s Solari\"},\"url\":\"https:\\\/\\\/www.filantropiacortessolari.cl\\\/en\\\/author\\\/filantropia-cortes-solari\\\/\"}]}<\/script>\n<!-- \/ Yoast SEO plugin. -->","yoast_head_json":{"title":"[24 Horas] Instalan GPS para la conservaci\u00f3n flamencos en salar de Atacama","robots":{"index":"index","follow":"follow","max-snippet":"max-snippet:-1","max-image-preview":"max-image-preview:large","max-video-preview":"max-video-preview:-1"},"canonical":"https:\/\/www.filantropiacortessolari.cl\/24-horas-instalan-gps-para-la-conservacion-flamencos-en-salar-de-atacama\/","og_locale":"en_US","og_type":"article","og_title":"[24 Horas] Instalan GPS para la conservaci\u00f3n flamencos en salar de Atacama","og_url":"https:\/\/www.filantropiacortessolari.cl\/24-horas-instalan-gps-para-la-conservacion-flamencos-en-salar-de-atacama\/","og_site_name":"Filantrop\u00eda Cort\u00e9s Solari","article_published_time":"2022-05-21T13:30:37+00:00","article_modified_time":"2022-09-23T13:43:47+00:00","og_image":[{"width":1024,"height":560,"url":"https:\/\/www.filantropiacortessolari.cl\/wp-content\/uploads\/2022\/05\/francisca-1024x560.png","type":"image\/png"}],"author":"Filantrop\u00eda Cort\u00e9s Solari","twitter_card":"summary_large_image","twitter_misc":{"Written by":"Filantrop\u00eda Cort\u00e9s Solari"},"schema":{"@context":"https:\/\/schema.org","@graph":[{"@type":"Article","@id":"https:\/\/www.filantropiacortessolari.cl\/24-horas-instalan-gps-para-la-conservacion-flamencos-en-salar-de-atacama\/#article","isPartOf":{"@id":"https:\/\/www.filantropiacortessolari.cl\/24-horas-instalan-gps-para-la-conservacion-flamencos-en-salar-de-atacama\/"},"author":{"name":"Filantrop\u00eda Cort\u00e9s Solari","@id":"https:\/\/www.filantropiacortessolari.cl\/#\/schema\/person\/e099cf1046922f4f5892172332dc86c0"},"headline":"[24 Horas] Instalan GPS para la conservaci\u00f3n flamencos en salar de Atacama","datePublished":"2022-05-21T13:30:37+00:00","dateModified":"2022-09-23T13:43:47+00:00","mainEntityOfPage":{"@id":"https:\/\/www.filantropiacortessolari.cl\/24-horas-instalan-gps-para-la-conservacion-flamencos-en-salar-de-atacama\/"},"wordCount":82,"commentCount":0,"image":{"@id":"https:\/\/www.filantropiacortessolari.cl\/24-horas-instalan-gps-para-la-conservacion-flamencos-en-salar-de-atacama\/#primaryimage"},"thumbnailUrl":"https:\/\/www.filantropiacortessolari.cl\/wp-content\/uploads\/2022\/05\/francisca.png","articleSection":["Noticias","Prensa Escrita"],"inLanguage":"en-US","potentialAction":[{"@type":"CommentAction","name":"Comment","target":["https:\/\/www.filantropiacortessolari.cl\/24-horas-instalan-gps-para-la-conservacion-flamencos-en-salar-de-atacama\/#respond"]}]},{"@type":"WebPage","@id":"https:\/\/www.filantropiacortessolari.cl\/24-horas-instalan-gps-para-la-conservacion-flamencos-en-salar-de-atacama\/","url":"https:\/\/www.filantropiacortessolari.cl\/24-horas-instalan-gps-para-la-conservacion-flamencos-en-salar-de-atacama\/","name":"[24 Horas] Instalan GPS para la conservaci\u00f3n flamencos en salar de Atacama","isPartOf":{"@id":"https:\/\/www.filantropiacortessolari.cl\/#website"},"primaryImageOfPage":{"@id":"https:\/\/www.filantropiacortessolari.cl\/24-horas-instalan-gps-para-la-conservacion-flamencos-en-salar-de-atacama\/#primaryimage"},"image":{"@id":"https:\/\/www.filantropiacortessolari.cl\/24-horas-instalan-gps-para-la-conservacion-flamencos-en-salar-de-atacama\/#primaryimage"},"thumbnailUrl":"https:\/\/www.filantropiacortessolari.cl\/wp-content\/uploads\/2022\/05\/francisca.png","datePublished":"2022-05-21T13:30:37+00:00","dateModified":"2022-09-23T13:43:47+00:00","author":{"@id":"https:\/\/www.filantropiacortessolari.cl\/#\/schema\/person\/e099cf1046922f4f5892172332dc86c0"},"breadcrumb":{"@id":"https:\/\/www.filantropiacortessolari.cl\/24-horas-instalan-gps-para-la-conservacion-flamencos-en-salar-de-atacama\/#breadcrumb"},"inLanguage":"en-US","potentialAction":[{"@type":"ReadAction","target":["https:\/\/www.filantropiacortessolari.cl\/24-horas-instalan-gps-para-la-conservacion-flamencos-en-salar-de-atacama\/"]}]},{"@type":"ImageObject","inLanguage":"en-US","@id":"https:\/\/www.filantropiacortessolari.cl\/24-horas-instalan-gps-para-la-conservacion-flamencos-en-salar-de-atacama\/#primaryimage","url":"https:\/\/www.filantropiacortessolari.cl\/wp-content\/uploads\/2022\/05\/francisca.png","contentUrl":"https:\/\/www.filantropiacortessolari.cl\/wp-content\/uploads\/2022\/05\/francisca.png","width":2866,"height":1568},{"@type":"BreadcrumbList","@id":"https:\/\/www.filantropiacortessolari.cl\/24-horas-instalan-gps-para-la-conservacion-flamencos-en-salar-de-atacama\/#breadcrumb","itemListElement":[{"@type":"ListItem","position":1,"name":"Portada","item":"https:\/\/www.filantropiacortessolari.cl\/"},{"@type":"ListItem","position":2,"name":"[24 Horas] Instalan GPS para la conservaci\u00f3n flamencos en salar de Atacama"}]},{"@type":"WebSite","@id":"https:\/\/www.filantropiacortessolari.cl\/#website","url":"https:\/\/www.filantropiacortessolari.cl\/","name":"Filantrop\u00eda Cort\u00e9s Solari","description":"Sitio web Filantrop\u00eda Cort\u00e9s Solari","potentialAction":[{"@type":"SearchAction","target":{"@type":"EntryPoint","urlTemplate":"https:\/\/www.filantropiacortessolari.cl\/?s={search_term_string}"},"query-input":{"@type":"PropertyValueSpecification","valueRequired":true,"valueName":"search_term_string"}}],"inLanguage":"en-US"},{"@type":"Person","@id":"https:\/\/www.filantropiacortessolari.cl\/#\/schema\/person\/e099cf1046922f4f5892172332dc86c0","name":"Filantrop\u00eda Cort\u00e9s Solari","image":{"@type":"ImageObject","inLanguage":"en-US","@id":"https:\/\/secure.gravatar.com\/avatar\/9d17bfe24074ed7576e70cbeb8e010cdd7d01fae9f2047bd96cccbe629ec3c11?s=96&d=mm&r=g","url":"https:\/\/secure.gravatar.com\/avatar\/9d17bfe24074ed7576e70cbeb8e010cdd7d01fae9f2047bd96cccbe629ec3c11?s=96&d=mm&r=g","contentUrl":"https:\/\/secure.gravatar.com\/avatar\/9d17bfe24074ed7576e70cbeb8e010cdd7d01fae9f2047bd96cccbe629ec3c11?s=96&d=mm&r=g","caption":"Filantrop\u00eda Cort\u00e9s Solari"},"url":"https:\/\/www.filantropiacortessolari.cl\/en\/author\/filantropia-cortes-solari\/"}]}},"_links":{"self":[{"href":"https:\/\/www.filantropiacortessolari.cl\/en\/wp-json\/wp\/v2\/posts\/11105","targetHints":{"allow":["GET"]}}],"collection":[{"href":"https:\/\/www.filantropiacortessolari.cl\/en\/wp-json\/wp\/v2\/posts"}],"about":[{"href":"https:\/\/www.filantropiacortessolari.cl\/en\/wp-json\/wp\/v2\/types\/post"}],"author":[{"embeddable":true,"href":"https:\/\/www.filantropiacortessolari.cl\/en\/wp-json\/wp\/v2\/users\/1"}],"replies":[{"embeddable":true,"href":"https:\/\/www.filantropiacortessolari.cl\/en\/wp-json\/wp\/v2\/comments?post=11105"}],"version-history":[{"count":2,"href":"https:\/\/www.filantropiacortessolari.cl\/en\/wp-json\/wp\/v2\/posts\/11105\/revisions"}],"predecessor-version":[{"id":11108,"href":"https:\/\/www.filantropiacortessolari.cl\/en\/wp-json\/wp\/v2\/posts\/11105\/revisions\/11108"}],"wp:featuredmedia":[{"embeddable":true,"href":"https:\/\/www.filantropiacortessolari.cl\/en\/wp-json\/wp\/v2\/media\/11107"}],"wp:attachment":[{"href":"https:\/\/www.filantropiacortessolari.cl\/en\/wp-json\/wp\/v2\/media?parent=11105"}],"wp:term":[{"taxonomy":"category","embeddable":true,"href":"https:\/\/www.filantropiacortessolari.cl\/en\/wp-json\/wp\/v2\/categories?post=11105"},{"taxonomy":"post_tag","embeddable":true,"href":"https:\/\/www.filantropiacortessolari.cl\/en\/wp-json\/wp\/v2\/tags?post=11105"}],"curies":[{"name":"wp","href":"https:\/\/api.w.org\/{rel}","templated":true}]}}