{"id":11122,"date":"2022-09-14T16:13:06","date_gmt":"2022-09-14T19:13:06","guid":{"rendered":"https:\/\/www.filantropiacortessolari.cl\/?p=11122"},"modified":"2022-09-26T16:15:08","modified_gmt":"2022-09-26T19:15:08","slug":"la-segunda-columna-educacion-desde-un-nuevo-prisma","status":"publish","type":"post","link":"https:\/\/www.filantropiacortessolari.cl\/en\/la-segunda-columna-educacion-desde-un-nuevo-prisma\/","title":{"rendered":"[La Segunda \u2013 Columna] Educaci\u00f3n desde un nuevo prisma"},"content":{"rendered":"<style type=\"text\/css\"><\/style><p><strong>Por: Francisca Cort\u00e9s Solari.<\/strong><\/p>\n<p>Si bien la violencia en el sistema educativo y el agobio en el profesorado han ido en aumento, las crisis nos abren nuevas oportunidades. Estamos en momentos en que entre los agentes debe primar el di\u00e1logo, la colaboraci\u00f3n y<br \/>\npor sobre todo, las soluciones. <\/p>\n<p>Veinte a\u00f1os de trabajo con docentes nos han ense\u00f1ado que el cambio de paradigma y de conciencia se inicia desde el individuo.<\/p>\n<p>En un escenario cr\u00edtico, en el que la deserci\u00f3n laboral de docentes ha alcanzado un 41% anual (es decir, alrededor de<br \/>\n8.200 docentes abandonan las aulas cada a\u00f1o, Elige Educar), es cr\u00edtico entender en que medida el sistema escolar<br \/>\nactual no ha logrado cautelar al primer garante del proceso formativo.<\/p>\n<p>Estamos frente a una crisis de confianza global, con un cuerpo docente que poco legitimado, que trabaja con herramientas de dificil implementaci\u00f3n, con un modelo educativo en alg\u00fan punto anacronico respecto a lo que los estudiantes enfrentan fuera del aula y con ausencia de acompa\u00f1amiento socioemocional.<\/p>\n<p>En ese contexto, el aula dej\u00f3 de ser un lugar de convivencia y bienestar. Buscar soluciones \u00fanicamente en los docentes es del todo reductor, en la medida que el clima del aula involucra tambi\u00e9n a docentes, apoderados, alumnos y la comunidad educativa en general.<\/p>\n<p>Por lo mismo, es necesario un minimo ejercicio de introspecci\u00f3n. \u00bfEn qu\u00e9 medida hemos permitido que la ausencia de respeto y la proliferaci\u00f3n de las expresiones de violencia se trasladen al aula? \u00bfQu\u00e9 forma de resolver conflictos estamos mostran do a las generaciones futuras?<\/p>\n<p>Una cosa es el curriculum, la evaluaci\u00f3n, la formaci\u00f3n, pero el primer espacio de formaci\u00f3n es el hogar. Debemos hacernos responsables de los elevados grados de violencia que hemos normalizado a lo largo del tiempo, sea en el espacio familiar, laboral o social. Es necesario empoderar a docentes para que puedan ejercer, en plenitud, el rol que se espera de ellos.<\/p>\n<p>El programa de Caserta &#8220;<a href=\"https:\/\/caserta.cl\/profes-en-red\/\">Profes En Red<\/a>&#8221; ha sido un ejemplo de la urgencia no s\u00f3lo de transferir conocimientos tecnologicos a los docentes, sino de la necesidad de un acompa\u00f1amiento socioemocional, intercultural y el desarrollo sostenible, para relevar la importancia del bienestarintegral de nuestros docentes. La tarea es grande, el tiempo es corto. Porque mientras reflexionamos sobre este tema, nuestra sociedad da muestras diarias de una violencia exacerbada nunca antes vista.<\/p>\n<p>Fuente: <a href=\"https:\/\/digital.lasegunda.com\/2022\/09\/26\/A\" rel=\"noopener\" target=\"_blank\">La Segunda<\/a><\/p>\n","protected":false},"excerpt":{"rendered":"<p>Por: Francisca Cort\u00e9s Solari. Si bien la violencia en el sistema educativo y el agobio en el profesorado han ido en aumento, las crisis nos abren nuevas oportunidades. Estamos en momentos en que entre los agentes debe primar el di\u00e1logo, la colaboraci\u00f3n y por sobre todo, las soluciones. Veinte a\u00f1os de trabajo con docentes nos&#8230;<\/p>\n","protected":false},"author":1,"featured_media":11123,"comment_status":"open","ping_status":"open","sticky":false,"template":"","format":"standard","meta":{"footnotes":""},"categories":[31,10],"tags":[42],"class_list":["post-11122","post","type-post","status-publish","format-standard","has-post-thumbnail","hentry","category-noticias","category-articulos","tag-francisca-cortes-solari"],"translation":{"provider":"WPGlobus","version":"3.0.2","language":"en","enabled_languages":["es","en"],"languages":{"es":{"title":true,"content":true,"excerpt":false},"en":{"title":false,"content":false,"excerpt":false}}},"yoast_head":"<!-- This site is optimized with the Yoast SEO plugin v27.4 - https:\/\/yoast.com\/product\/yoast-seo-wordpress\/ -->\n<title>[La Segunda \u2013 Columna] Educaci\u00f3n desde un nuevo prisma<\/title>\n<meta name=\"robots\" content=\"index, follow, max-snippet:-1, max-image-preview:large, max-video-preview:-1\" \/>\n<link rel=\"canonical\" href=\"https:\/\/www.filantropiacortessolari.cl\/la-segunda-columna-educacion-desde-un-nuevo-prisma\/\" \/>\n<meta property=\"og:locale\" content=\"en_US\" \/>\n<meta property=\"og:type\" content=\"article\" \/>\n<meta property=\"og:title\" content=\"[La Segunda \u2013 Columna] Educaci\u00f3n desde un nuevo prisma\" \/>\n<meta property=\"og:url\" content=\"https:\/\/www.filantropiacortessolari.cl\/la-segunda-columna-educacion-desde-un-nuevo-prisma\/\" \/>\n<meta property=\"og:site_name\" content=\"Filantrop\u00eda Cort\u00e9s Solari\" \/>\n<meta property=\"article:published_time\" content=\"2022-09-14T19:13:06+00:00\" \/>\n<meta property=\"article:modified_time\" content=\"2022-09-26T19:15:08+00:00\" \/>\n<meta property=\"og:image\" content=\"https:\/\/www.filantropiacortessolari.cl\/wp-content\/uploads\/2022\/09\/francisca.jpg\" \/>\n\t<meta property=\"og:image:width\" content=\"1280\" \/>\n\t<meta property=\"og:image:height\" content=\"853\" \/>\n\t<meta property=\"og:image:type\" content=\"image\/jpeg\" \/>\n<meta name=\"author\" content=\"Filantrop\u00eda Cort\u00e9s Solari\" \/>\n<meta name=\"twitter:card\" content=\"summary_large_image\" \/>\n<meta name=\"twitter:label1\" content=\"Written by\" \/>\n\t<meta name=\"twitter:data1\" content=\"Filantrop\u00eda Cort\u00e9s Solari\" \/>\n\t<meta name=\"twitter:label2\" content=\"Est. reading time\" \/>\n\t<meta name=\"twitter:data2\" content=\"2 minutes\" \/>\n<script type=\"application\/ld+json\" class=\"yoast-schema-graph\">{\"@context\":\"https:\\\/\\\/schema.org\",\"@graph\":[{\"@type\":\"Article\",\"@id\":\"https:\\\/\\\/www.filantropiacortessolari.cl\\\/la-segunda-columna-educacion-desde-un-nuevo-prisma\\\/#article\",\"isPartOf\":{\"@id\":\"https:\\\/\\\/www.filantropiacortessolari.cl\\\/la-segunda-columna-educacion-desde-un-nuevo-prisma\\\/\"},\"author\":{\"name\":\"Filantrop\u00eda Cort\u00e9s Solari\",\"@id\":\"https:\\\/\\\/www.filantropiacortessolari.cl\\\/#\\\/schema\\\/person\\\/e099cf1046922f4f5892172332dc86c0\"},\"headline\":\"[La Segunda \u2013 Columna] Educaci\u00f3n desde un nuevo prisma\",\"datePublished\":\"2022-09-14T19:13:06+00:00\",\"dateModified\":\"2022-09-26T19:15:08+00:00\",\"mainEntityOfPage\":{\"@id\":\"https:\\\/\\\/www.filantropiacortessolari.cl\\\/la-segunda-columna-educacion-desde-un-nuevo-prisma\\\/\"},\"wordCount\":416,\"commentCount\":0,\"image\":{\"@id\":\"https:\\\/\\\/www.filantropiacortessolari.cl\\\/la-segunda-columna-educacion-desde-un-nuevo-prisma\\\/#primaryimage\"},\"thumbnailUrl\":\"https:\\\/\\\/www.filantropiacortessolari.cl\\\/wp-content\\\/uploads\\\/2022\\\/09\\\/francisca.jpg\",\"keywords\":[\"Francisca Cort\u00e9s Solari\"],\"articleSection\":[\"Noticias\",\"Opini\u00f3n\"],\"inLanguage\":\"en-US\",\"potentialAction\":[{\"@type\":\"CommentAction\",\"name\":\"Comment\",\"target\":[\"https:\\\/\\\/www.filantropiacortessolari.cl\\\/la-segunda-columna-educacion-desde-un-nuevo-prisma\\\/#respond\"]}]},{\"@type\":\"WebPage\",\"@id\":\"https:\\\/\\\/www.filantropiacortessolari.cl\\\/la-segunda-columna-educacion-desde-un-nuevo-prisma\\\/\",\"url\":\"https:\\\/\\\/www.filantropiacortessolari.cl\\\/la-segunda-columna-educacion-desde-un-nuevo-prisma\\\/\",\"name\":\"[La Segunda \u2013 Columna] Educaci\u00f3n desde un nuevo prisma\",\"isPartOf\":{\"@id\":\"https:\\\/\\\/www.filantropiacortessolari.cl\\\/#website\"},\"primaryImageOfPage\":{\"@id\":\"https:\\\/\\\/www.filantropiacortessolari.cl\\\/la-segunda-columna-educacion-desde-un-nuevo-prisma\\\/#primaryimage\"},\"image\":{\"@id\":\"https:\\\/\\\/www.filantropiacortessolari.cl\\\/la-segunda-columna-educacion-desde-un-nuevo-prisma\\\/#primaryimage\"},\"thumbnailUrl\":\"https:\\\/\\\/www.filantropiacortessolari.cl\\\/wp-content\\\/uploads\\\/2022\\\/09\\\/francisca.jpg\",\"datePublished\":\"2022-09-14T19:13:06+00:00\",\"dateModified\":\"2022-09-26T19:15:08+00:00\",\"author\":{\"@id\":\"https:\\\/\\\/www.filantropiacortessolari.cl\\\/#\\\/schema\\\/person\\\/e099cf1046922f4f5892172332dc86c0\"},\"breadcrumb\":{\"@id\":\"https:\\\/\\\/www.filantropiacortessolari.cl\\\/la-segunda-columna-educacion-desde-un-nuevo-prisma\\\/#breadcrumb\"},\"inLanguage\":\"en-US\",\"potentialAction\":[{\"@type\":\"ReadAction\",\"target\":[\"https:\\\/\\\/www.filantropiacortessolari.cl\\\/la-segunda-columna-educacion-desde-un-nuevo-prisma\\\/\"]}]},{\"@type\":\"ImageObject\",\"inLanguage\":\"en-US\",\"@id\":\"https:\\\/\\\/www.filantropiacortessolari.cl\\\/la-segunda-columna-educacion-desde-un-nuevo-prisma\\\/#primaryimage\",\"url\":\"https:\\\/\\\/www.filantropiacortessolari.cl\\\/wp-content\\\/uploads\\\/2022\\\/09\\\/francisca.jpg\",\"contentUrl\":\"https:\\\/\\\/www.filantropiacortessolari.cl\\\/wp-content\\\/uploads\\\/2022\\\/09\\\/francisca.jpg\",\"width\":1280,\"height\":853},{\"@type\":\"BreadcrumbList\",\"@id\":\"https:\\\/\\\/www.filantropiacortessolari.cl\\\/la-segunda-columna-educacion-desde-un-nuevo-prisma\\\/#breadcrumb\",\"itemListElement\":[{\"@type\":\"ListItem\",\"position\":1,\"name\":\"Portada\",\"item\":\"https:\\\/\\\/www.filantropiacortessolari.cl\\\/\"},{\"@type\":\"ListItem\",\"position\":2,\"name\":\"[La Segunda \u2013 Columna] Educaci\u00f3n desde un nuevo prisma\"}]},{\"@type\":\"WebSite\",\"@id\":\"https:\\\/\\\/www.filantropiacortessolari.cl\\\/#website\",\"url\":\"https:\\\/\\\/www.filantropiacortessolari.cl\\\/\",\"name\":\"Filantrop\u00eda Cort\u00e9s Solari\",\"description\":\"Sitio web Filantrop\u00eda Cort\u00e9s Solari\",\"potentialAction\":[{\"@type\":\"SearchAction\",\"target\":{\"@type\":\"EntryPoint\",\"urlTemplate\":\"https:\\\/\\\/www.filantropiacortessolari.cl\\\/?s={search_term_string}\"},\"query-input\":{\"@type\":\"PropertyValueSpecification\",\"valueRequired\":true,\"valueName\":\"search_term_string\"}}],\"inLanguage\":\"en-US\"},{\"@type\":\"Person\",\"@id\":\"https:\\\/\\\/www.filantropiacortessolari.cl\\\/#\\\/schema\\\/person\\\/e099cf1046922f4f5892172332dc86c0\",\"name\":\"Filantrop\u00eda Cort\u00e9s Solari\",\"image\":{\"@type\":\"ImageObject\",\"inLanguage\":\"en-US\",\"@id\":\"https:\\\/\\\/secure.gravatar.com\\\/avatar\\\/9d17bfe24074ed7576e70cbeb8e010cdd7d01fae9f2047bd96cccbe629ec3c11?s=96&d=mm&r=g\",\"url\":\"https:\\\/\\\/secure.gravatar.com\\\/avatar\\\/9d17bfe24074ed7576e70cbeb8e010cdd7d01fae9f2047bd96cccbe629ec3c11?s=96&d=mm&r=g\",\"contentUrl\":\"https:\\\/\\\/secure.gravatar.com\\\/avatar\\\/9d17bfe24074ed7576e70cbeb8e010cdd7d01fae9f2047bd96cccbe629ec3c11?s=96&d=mm&r=g\",\"caption\":\"Filantrop\u00eda Cort\u00e9s Solari\"},\"url\":\"https:\\\/\\\/www.filantropiacortessolari.cl\\\/en\\\/author\\\/filantropia-cortes-solari\\\/\"}]}<\/script>\n<!-- \/ Yoast SEO plugin. -->","yoast_head_json":{"title":"[La Segunda \u2013 Columna] Educaci\u00f3n desde un nuevo prisma","robots":{"index":"index","follow":"follow","max-snippet":"max-snippet:-1","max-image-preview":"max-image-preview:large","max-video-preview":"max-video-preview:-1"},"canonical":"https:\/\/www.filantropiacortessolari.cl\/la-segunda-columna-educacion-desde-un-nuevo-prisma\/","og_locale":"en_US","og_type":"article","og_title":"[La Segunda \u2013 Columna] Educaci\u00f3n desde un nuevo prisma","og_url":"https:\/\/www.filantropiacortessolari.cl\/la-segunda-columna-educacion-desde-un-nuevo-prisma\/","og_site_name":"Filantrop\u00eda Cort\u00e9s Solari","article_published_time":"2022-09-14T19:13:06+00:00","article_modified_time":"2022-09-26T19:15:08+00:00","og_image":[{"width":1280,"height":853,"url":"https:\/\/www.filantropiacortessolari.cl\/wp-content\/uploads\/2022\/09\/francisca.jpg","type":"image\/jpeg"}],"author":"Filantrop\u00eda Cort\u00e9s Solari","twitter_card":"summary_large_image","twitter_misc":{"Written by":"Filantrop\u00eda Cort\u00e9s Solari","Est. reading time":"2 minutes"},"schema":{"@context":"https:\/\/schema.org","@graph":[{"@type":"Article","@id":"https:\/\/www.filantropiacortessolari.cl\/la-segunda-columna-educacion-desde-un-nuevo-prisma\/#article","isPartOf":{"@id":"https:\/\/www.filantropiacortessolari.cl\/la-segunda-columna-educacion-desde-un-nuevo-prisma\/"},"author":{"name":"Filantrop\u00eda Cort\u00e9s Solari","@id":"https:\/\/www.filantropiacortessolari.cl\/#\/schema\/person\/e099cf1046922f4f5892172332dc86c0"},"headline":"[La Segunda \u2013 Columna] Educaci\u00f3n desde un nuevo prisma","datePublished":"2022-09-14T19:13:06+00:00","dateModified":"2022-09-26T19:15:08+00:00","mainEntityOfPage":{"@id":"https:\/\/www.filantropiacortessolari.cl\/la-segunda-columna-educacion-desde-un-nuevo-prisma\/"},"wordCount":416,"commentCount":0,"image":{"@id":"https:\/\/www.filantropiacortessolari.cl\/la-segunda-columna-educacion-desde-un-nuevo-prisma\/#primaryimage"},"thumbnailUrl":"https:\/\/www.filantropiacortessolari.cl\/wp-content\/uploads\/2022\/09\/francisca.jpg","keywords":["Francisca Cort\u00e9s Solari"],"articleSection":["Noticias","Opini\u00f3n"],"inLanguage":"en-US","potentialAction":[{"@type":"CommentAction","name":"Comment","target":["https:\/\/www.filantropiacortessolari.cl\/la-segunda-columna-educacion-desde-un-nuevo-prisma\/#respond"]}]},{"@type":"WebPage","@id":"https:\/\/www.filantropiacortessolari.cl\/la-segunda-columna-educacion-desde-un-nuevo-prisma\/","url":"https:\/\/www.filantropiacortessolari.cl\/la-segunda-columna-educacion-desde-un-nuevo-prisma\/","name":"[La Segunda \u2013 Columna] Educaci\u00f3n desde un nuevo prisma","isPartOf":{"@id":"https:\/\/www.filantropiacortessolari.cl\/#website"},"primaryImageOfPage":{"@id":"https:\/\/www.filantropiacortessolari.cl\/la-segunda-columna-educacion-desde-un-nuevo-prisma\/#primaryimage"},"image":{"@id":"https:\/\/www.filantropiacortessolari.cl\/la-segunda-columna-educacion-desde-un-nuevo-prisma\/#primaryimage"},"thumbnailUrl":"https:\/\/www.filantropiacortessolari.cl\/wp-content\/uploads\/2022\/09\/francisca.jpg","datePublished":"2022-09-14T19:13:06+00:00","dateModified":"2022-09-26T19:15:08+00:00","author":{"@id":"https:\/\/www.filantropiacortessolari.cl\/#\/schema\/person\/e099cf1046922f4f5892172332dc86c0"},"breadcrumb":{"@id":"https:\/\/www.filantropiacortessolari.cl\/la-segunda-columna-educacion-desde-un-nuevo-prisma\/#breadcrumb"},"inLanguage":"en-US","potentialAction":[{"@type":"ReadAction","target":["https:\/\/www.filantropiacortessolari.cl\/la-segunda-columna-educacion-desde-un-nuevo-prisma\/"]}]},{"@type":"ImageObject","inLanguage":"en-US","@id":"https:\/\/www.filantropiacortessolari.cl\/la-segunda-columna-educacion-desde-un-nuevo-prisma\/#primaryimage","url":"https:\/\/www.filantropiacortessolari.cl\/wp-content\/uploads\/2022\/09\/francisca.jpg","contentUrl":"https:\/\/www.filantropiacortessolari.cl\/wp-content\/uploads\/2022\/09\/francisca.jpg","width":1280,"height":853},{"@type":"BreadcrumbList","@id":"https:\/\/www.filantropiacortessolari.cl\/la-segunda-columna-educacion-desde-un-nuevo-prisma\/#breadcrumb","itemListElement":[{"@type":"ListItem","position":1,"name":"Portada","item":"https:\/\/www.filantropiacortessolari.cl\/"},{"@type":"ListItem","position":2,"name":"[La Segunda \u2013 Columna] Educaci\u00f3n desde un nuevo prisma"}]},{"@type":"WebSite","@id":"https:\/\/www.filantropiacortessolari.cl\/#website","url":"https:\/\/www.filantropiacortessolari.cl\/","name":"Filantrop\u00eda Cort\u00e9s Solari","description":"Sitio web Filantrop\u00eda Cort\u00e9s Solari","potentialAction":[{"@type":"SearchAction","target":{"@type":"EntryPoint","urlTemplate":"https:\/\/www.filantropiacortessolari.cl\/?s={search_term_string}"},"query-input":{"@type":"PropertyValueSpecification","valueRequired":true,"valueName":"search_term_string"}}],"inLanguage":"en-US"},{"@type":"Person","@id":"https:\/\/www.filantropiacortessolari.cl\/#\/schema\/person\/e099cf1046922f4f5892172332dc86c0","name":"Filantrop\u00eda Cort\u00e9s Solari","image":{"@type":"ImageObject","inLanguage":"en-US","@id":"https:\/\/secure.gravatar.com\/avatar\/9d17bfe24074ed7576e70cbeb8e010cdd7d01fae9f2047bd96cccbe629ec3c11?s=96&d=mm&r=g","url":"https:\/\/secure.gravatar.com\/avatar\/9d17bfe24074ed7576e70cbeb8e010cdd7d01fae9f2047bd96cccbe629ec3c11?s=96&d=mm&r=g","contentUrl":"https:\/\/secure.gravatar.com\/avatar\/9d17bfe24074ed7576e70cbeb8e010cdd7d01fae9f2047bd96cccbe629ec3c11?s=96&d=mm&r=g","caption":"Filantrop\u00eda Cort\u00e9s Solari"},"url":"https:\/\/www.filantropiacortessolari.cl\/en\/author\/filantropia-cortes-solari\/"}]}},"_links":{"self":[{"href":"https:\/\/www.filantropiacortessolari.cl\/en\/wp-json\/wp\/v2\/posts\/11122","targetHints":{"allow":["GET"]}}],"collection":[{"href":"https:\/\/www.filantropiacortessolari.cl\/en\/wp-json\/wp\/v2\/posts"}],"about":[{"href":"https:\/\/www.filantropiacortessolari.cl\/en\/wp-json\/wp\/v2\/types\/post"}],"author":[{"embeddable":true,"href":"https:\/\/www.filantropiacortessolari.cl\/en\/wp-json\/wp\/v2\/users\/1"}],"replies":[{"embeddable":true,"href":"https:\/\/www.filantropiacortessolari.cl\/en\/wp-json\/wp\/v2\/comments?post=11122"}],"version-history":[{"count":1,"href":"https:\/\/www.filantropiacortessolari.cl\/en\/wp-json\/wp\/v2\/posts\/11122\/revisions"}],"predecessor-version":[{"id":11124,"href":"https:\/\/www.filantropiacortessolari.cl\/en\/wp-json\/wp\/v2\/posts\/11122\/revisions\/11124"}],"wp:featuredmedia":[{"embeddable":true,"href":"https:\/\/www.filantropiacortessolari.cl\/en\/wp-json\/wp\/v2\/media\/11123"}],"wp:attachment":[{"href":"https:\/\/www.filantropiacortessolari.cl\/en\/wp-json\/wp\/v2\/media?parent=11122"}],"wp:term":[{"taxonomy":"category","embeddable":true,"href":"https:\/\/www.filantropiacortessolari.cl\/en\/wp-json\/wp\/v2\/categories?post=11122"},{"taxonomy":"post_tag","embeddable":true,"href":"https:\/\/www.filantropiacortessolari.cl\/en\/wp-json\/wp\/v2\/tags?post=11122"}],"curies":[{"name":"wp","href":"https:\/\/api.w.org\/{rel}","templated":true}]}}