{"id":11184,"date":"2022-11-07T11:46:23","date_gmt":"2022-11-07T14:46:23","guid":{"rendered":"https:\/\/www.filantropiacortessolari.cl\/?p=11184"},"modified":"2022-11-09T11:56:48","modified_gmt":"2022-11-09T14:56:48","slug":"cop-27-dos-docentes-latinoamericanos-premiados-en-concurso-global-sobre-educacion-climatica","status":"publish","type":"post","link":"https:\/\/www.filantropiacortessolari.cl\/en\/cop-27-dos-docentes-latinoamericanos-premiados-en-concurso-global-sobre-educacion-climatica\/","title":{"rendered":"COP 27: Two Latin American teachers win global climate education award"},"content":{"rendered":"<style type=\"text\/css\"><\/style><p>The TeachersCOP awarded four teachers leading the way in climate education inside and outside the classroom in their countries. Only 30 percent of Latin America and the Caribbean countries significantly include climate education in the school curriculum, according to a preliminary report by UNICEF and <a href=\"https:\/\/fundacionmeri.cl\/en\/\" target=\"_blank\" rel=\"noopener\">MERI Foundation<\/a>. <\/p>\n<p><strong>PANAMA CITY, Panama, 7 November 2022 \u2013<\/strong> Two Latin American teachers have won a global competition and <a href=\"https:\/\/www.unicef.org\/lac\/premio-guardianes-del-clima-edicion-2022\" target=\"_blank\" rel=\"noopener\">regional award<\/a>  for promoting climate education in their schools.  <\/p>\n<p>The TeachersCOP, held as a part of the United Nations Climate Change Conference (COP27), brought together more than 250 project submissions and reached more than 1,500 teachers from 29 different countries, creating an international and diverse space to recognize teachers&#8217; growing commitment to climate education. <\/p>\n<p>The four Latin American projects that won the Climate Guardians Award, promoted by UNICEF, <a href=\"https:\/\/fundacionmeri.cl\/en\/\" target=\"_blank\" rel=\"noopener\">MERI Foundation<\/a>, and the Office of Climate Education (OCE), presented their climate education projects during the virtual event.<br \/>\n&#8220;This award illustrates the individual commitment of teachers on the frontline, showing us every day that climate education is empowering,&#8221; said Youssouf Abdel-Jelil, UNICEF Regional Director a.i. for Latin America and the Caribbean. &#8220;But these initiatives should not just be personal projects; governments must support them to achieve long-term generational change.&#8221; <\/p>\n<p>According to preliminary data from a mapping carried out by UNICEF and <a href=\"https:\/\/fundacionmeri.cl\/en\/\" target=\"_blank\" rel=\"noopener\">MERI Foundation<\/a>, 91 percent of Latin America and the Caribbean countries do not include climate education in their educational laws and policies, and only 30 percent significantly include climate change education in their school curriculum.  <\/p>\n<p>&#8220;It is with climate education that children and adolescents will be able to have the tools to recognize, connect and value living beings and the world around them, to learn to co-exist harmoniously with the environment,&#8221; said <a href=\"https:\/\/www.filantropiacortessolari.cl\/en\/profile\/francisca-cortes-solari\/\" target=\"_blank\" rel=\"noopener\">Francisca Cort\u00e9s Solari<\/a> , President of <a href=\"https:\/\/fundacionmeri.cl\/en\/\" target=\"_blank\" rel=\"noopener\">MERI Foundation<\/a>. <\/p>\n<p>&#8220;Teachers play a key role in the global climate response. Through their role as the bridge between students and information, their knowledge and know-how, and inspirational figures in a changing future. The TeachersCOP provides a needed space for their work to be recognized, as well as shared with teachers from around the world,&#8221; said Eric Guilyardi, President of the Office of Climate Education. <\/p>\n<p>Of the four winning projects, two Latin American teachers were selected by their peers to be awarded during the event: <\/p>\n<ul>\n<li>Wilson Hernan Correa \u2013 Educational resources category, project IoT_Water, <strong>Colombia<\/strong> <\/li>\n<li>Paola Sapochnik \u2013 Professional development of teachers category, MATERIALOTECA project, <strong>Argentina>\/strong> <\/li>\n<\/ul>\n<p>IoT Water is a greywater treatment plant with electrocoagulation methods controlled by IoT and DevNet. Materialoteca is an educational project for students aged 15-16 to learn about using sustainable materials for product design. <\/p>\n<p>&#8220;At COP27, governments have the opportunity to amplify these individual initiatives so that each school trains its teachers and students to become proactive citizens in the fight against climate change in Latin America and the Caribbean,&#8221; added Youssouf Abdel-Jelil. <\/p>\n<p>The award-winning teachers will have the opportunity to present their projects at an official event at the Science Pavilion for Climate Action, in the heart of the COP27 blue zone, on Thursday, 10 November.  <\/p>\n","protected":false},"excerpt":{"rendered":"<p>The TeachersCOP awarded four teachers leading the way in climate education inside and outside the classroom in their countries. Only 30 percent of Latin America and the Caribbean countries significantly include climate education in the school curriculum, according to a preliminary report by UNICEF and MERI Foundation. PANAMA CITY, Panama, 7 November 2022 \u2013 Two&#8230;<\/p>\n","protected":false},"author":1,"featured_media":11188,"comment_status":"open","ping_status":"open","sticky":false,"template":"","format":"standard","meta":{"footnotes":""},"categories":[5,6],"tags":[52,54,42,50],"class_list":["post-11184","post","type-post","status-publish","format-standard","has-post-thumbnail","hentry","category-prensa-escrita","category-fundacion-meri","tag-cop-27","tag-educacion-ambiental","tag-francisca-cortes-solari","tag-fundacion-meri"],"translation":{"provider":"WPGlobus","version":"3.0.2","language":"en","enabled_languages":["es","en"],"languages":{"es":{"title":true,"content":true,"excerpt":false},"en":{"title":true,"content":true,"excerpt":false}}},"yoast_head":"<!-- This site is optimized with the Yoast SEO plugin v27.4 - https:\/\/yoast.com\/product\/yoast-seo-wordpress\/ -->\n<title>COP 27: Two Latin American teachers win global climate education award<\/title>\n<meta name=\"robots\" content=\"index, follow, max-snippet:-1, max-image-preview:large, max-video-preview:-1\" \/>\n<link rel=\"canonical\" href=\"https:\/\/www.filantropiacortessolari.cl\/cop-27-dos-docentes-latinoamericanos-premiados-en-concurso-global-sobre-educacion-climatica\/\" \/>\n<meta property=\"og:locale\" content=\"en_US\" \/>\n<meta property=\"og:type\" content=\"article\" \/>\n<meta property=\"og:title\" content=\"COP 27: Two Latin American teachers win global climate education award\" \/>\n<meta property=\"og:url\" content=\"https:\/\/www.filantropiacortessolari.cl\/cop-27-dos-docentes-latinoamericanos-premiados-en-concurso-global-sobre-educacion-climatica\/\" \/>\n<meta property=\"og:site_name\" content=\"Filantrop\u00eda Cort\u00e9s Solari\" \/>\n<meta property=\"article:published_time\" content=\"2022-11-07T14:46:23+00:00\" \/>\n<meta property=\"article:modified_time\" content=\"2022-11-09T14:56:48+00:00\" \/>\n<meta property=\"og:image\" content=\"https:\/\/www.filantropiacortessolari.cl\/wp-content\/uploads\/2022\/11\/Noticia-guardianes-300x200-1.png\" \/>\n\t<meta property=\"og:image:width\" content=\"1280\" \/>\n\t<meta property=\"og:image:height\" content=\"853\" \/>\n\t<meta property=\"og:image:type\" content=\"image\/png\" \/>\n<meta name=\"author\" content=\"Filantrop\u00eda Cort\u00e9s Solari\" \/>\n<meta name=\"twitter:card\" content=\"summary_large_image\" \/>\n<meta name=\"twitter:label1\" content=\"Written by\" \/>\n\t<meta name=\"twitter:data1\" content=\"Filantrop\u00eda Cort\u00e9s Solari\" \/>\n\t<meta name=\"twitter:label2\" content=\"Est. reading time\" \/>\n\t<meta name=\"twitter:data2\" content=\"6 minutes\" \/>\n<script type=\"application\/ld+json\" class=\"yoast-schema-graph\">{\"@context\":\"https:\\\/\\\/schema.org\",\"@graph\":[{\"@type\":\"Article\",\"@id\":\"https:\\\/\\\/www.filantropiacortessolari.cl\\\/cop-27-dos-docentes-latinoamericanos-premiados-en-concurso-global-sobre-educacion-climatica\\\/#article\",\"isPartOf\":{\"@id\":\"https:\\\/\\\/www.filantropiacortessolari.cl\\\/cop-27-dos-docentes-latinoamericanos-premiados-en-concurso-global-sobre-educacion-climatica\\\/\"},\"author\":{\"name\":\"Filantrop\u00eda Cort\u00e9s Solari\",\"@id\":\"https:\\\/\\\/www.filantropiacortessolari.cl\\\/#\\\/schema\\\/person\\\/e099cf1046922f4f5892172332dc86c0\"},\"headline\":\"COP 27: Two Latin American teachers win global climate education award\",\"datePublished\":\"2022-11-07T14:46:23+00:00\",\"dateModified\":\"2022-11-09T14:56:48+00:00\",\"mainEntityOfPage\":{\"@id\":\"https:\\\/\\\/www.filantropiacortessolari.cl\\\/cop-27-dos-docentes-latinoamericanos-premiados-en-concurso-global-sobre-educacion-climatica\\\/\"},\"wordCount\":1150,\"commentCount\":0,\"image\":{\"@id\":\"https:\\\/\\\/www.filantropiacortessolari.cl\\\/cop-27-dos-docentes-latinoamericanos-premiados-en-concurso-global-sobre-educacion-climatica\\\/#primaryimage\"},\"thumbnailUrl\":\"https:\\\/\\\/www.filantropiacortessolari.cl\\\/wp-content\\\/uploads\\\/2022\\\/11\\\/Noticia-guardianes-300x200-1.png\",\"keywords\":[\"COP 27\",\"Educaci\u00f3n Ambiental\",\"Francisca Cort\u00e9s Solari\",\"Fundaci\u00f3n MERI\"],\"articleSection\":[\"Prensa Escrita\",\"Prensa MERI\"],\"inLanguage\":\"en-US\",\"potentialAction\":[{\"@type\":\"CommentAction\",\"name\":\"Comment\",\"target\":[\"https:\\\/\\\/www.filantropiacortessolari.cl\\\/cop-27-dos-docentes-latinoamericanos-premiados-en-concurso-global-sobre-educacion-climatica\\\/#respond\"]}]},{\"@type\":\"WebPage\",\"@id\":\"https:\\\/\\\/www.filantropiacortessolari.cl\\\/cop-27-dos-docentes-latinoamericanos-premiados-en-concurso-global-sobre-educacion-climatica\\\/\",\"url\":\"https:\\\/\\\/www.filantropiacortessolari.cl\\\/cop-27-dos-docentes-latinoamericanos-premiados-en-concurso-global-sobre-educacion-climatica\\\/\",\"name\":\"COP 27: Two Latin American teachers win global climate education award\",\"isPartOf\":{\"@id\":\"https:\\\/\\\/www.filantropiacortessolari.cl\\\/#website\"},\"primaryImageOfPage\":{\"@id\":\"https:\\\/\\\/www.filantropiacortessolari.cl\\\/cop-27-dos-docentes-latinoamericanos-premiados-en-concurso-global-sobre-educacion-climatica\\\/#primaryimage\"},\"image\":{\"@id\":\"https:\\\/\\\/www.filantropiacortessolari.cl\\\/cop-27-dos-docentes-latinoamericanos-premiados-en-concurso-global-sobre-educacion-climatica\\\/#primaryimage\"},\"thumbnailUrl\":\"https:\\\/\\\/www.filantropiacortessolari.cl\\\/wp-content\\\/uploads\\\/2022\\\/11\\\/Noticia-guardianes-300x200-1.png\",\"datePublished\":\"2022-11-07T14:46:23+00:00\",\"dateModified\":\"2022-11-09T14:56:48+00:00\",\"author\":{\"@id\":\"https:\\\/\\\/www.filantropiacortessolari.cl\\\/#\\\/schema\\\/person\\\/e099cf1046922f4f5892172332dc86c0\"},\"breadcrumb\":{\"@id\":\"https:\\\/\\\/www.filantropiacortessolari.cl\\\/cop-27-dos-docentes-latinoamericanos-premiados-en-concurso-global-sobre-educacion-climatica\\\/#breadcrumb\"},\"inLanguage\":\"en-US\",\"potentialAction\":[{\"@type\":\"ReadAction\",\"target\":[\"https:\\\/\\\/www.filantropiacortessolari.cl\\\/cop-27-dos-docentes-latinoamericanos-premiados-en-concurso-global-sobre-educacion-climatica\\\/\"]}]},{\"@type\":\"ImageObject\",\"inLanguage\":\"en-US\",\"@id\":\"https:\\\/\\\/www.filantropiacortessolari.cl\\\/cop-27-dos-docentes-latinoamericanos-premiados-en-concurso-global-sobre-educacion-climatica\\\/#primaryimage\",\"url\":\"https:\\\/\\\/www.filantropiacortessolari.cl\\\/wp-content\\\/uploads\\\/2022\\\/11\\\/Noticia-guardianes-300x200-1.png\",\"contentUrl\":\"https:\\\/\\\/www.filantropiacortessolari.cl\\\/wp-content\\\/uploads\\\/2022\\\/11\\\/Noticia-guardianes-300x200-1.png\",\"width\":1280,\"height\":853},{\"@type\":\"BreadcrumbList\",\"@id\":\"https:\\\/\\\/www.filantropiacortessolari.cl\\\/cop-27-dos-docentes-latinoamericanos-premiados-en-concurso-global-sobre-educacion-climatica\\\/#breadcrumb\",\"itemListElement\":[{\"@type\":\"ListItem\",\"position\":1,\"name\":\"Portada\",\"item\":\"https:\\\/\\\/www.filantropiacortessolari.cl\\\/\"},{\"@type\":\"ListItem\",\"position\":2,\"name\":\"COP 27: Dos docentes latinoamericanos premiados en concurso global sobre educaci\u00f3n clim\u00e1tica\"}]},{\"@type\":\"WebSite\",\"@id\":\"https:\\\/\\\/www.filantropiacortessolari.cl\\\/#website\",\"url\":\"https:\\\/\\\/www.filantropiacortessolari.cl\\\/\",\"name\":\"Filantrop\u00eda Cort\u00e9s Solari\",\"description\":\"Sitio web Filantrop\u00eda Cort\u00e9s Solari\",\"potentialAction\":[{\"@type\":\"SearchAction\",\"target\":{\"@type\":\"EntryPoint\",\"urlTemplate\":\"https:\\\/\\\/www.filantropiacortessolari.cl\\\/?s={search_term_string}\"},\"query-input\":{\"@type\":\"PropertyValueSpecification\",\"valueRequired\":true,\"valueName\":\"search_term_string\"}}],\"inLanguage\":\"en-US\"},{\"@type\":\"Person\",\"@id\":\"https:\\\/\\\/www.filantropiacortessolari.cl\\\/#\\\/schema\\\/person\\\/e099cf1046922f4f5892172332dc86c0\",\"name\":\"Filantrop\u00eda Cort\u00e9s Solari\",\"image\":{\"@type\":\"ImageObject\",\"inLanguage\":\"en-US\",\"@id\":\"https:\\\/\\\/secure.gravatar.com\\\/avatar\\\/9d17bfe24074ed7576e70cbeb8e010cdd7d01fae9f2047bd96cccbe629ec3c11?s=96&d=mm&r=g\",\"url\":\"https:\\\/\\\/secure.gravatar.com\\\/avatar\\\/9d17bfe24074ed7576e70cbeb8e010cdd7d01fae9f2047bd96cccbe629ec3c11?s=96&d=mm&r=g\",\"contentUrl\":\"https:\\\/\\\/secure.gravatar.com\\\/avatar\\\/9d17bfe24074ed7576e70cbeb8e010cdd7d01fae9f2047bd96cccbe629ec3c11?s=96&d=mm&r=g\",\"caption\":\"Filantrop\u00eda Cort\u00e9s Solari\"},\"url\":\"https:\\\/\\\/www.filantropiacortessolari.cl\\\/en\\\/author\\\/filantropia-cortes-solari\\\/\"}]}<\/script>\n<!-- \/ Yoast SEO plugin. -->","yoast_head_json":{"title":"COP 27: Two Latin American teachers win global climate education award","robots":{"index":"index","follow":"follow","max-snippet":"max-snippet:-1","max-image-preview":"max-image-preview:large","max-video-preview":"max-video-preview:-1"},"canonical":"https:\/\/www.filantropiacortessolari.cl\/cop-27-dos-docentes-latinoamericanos-premiados-en-concurso-global-sobre-educacion-climatica\/","og_locale":"en_US","og_type":"article","og_title":"COP 27: Two Latin American teachers win global climate education award","og_url":"https:\/\/www.filantropiacortessolari.cl\/cop-27-dos-docentes-latinoamericanos-premiados-en-concurso-global-sobre-educacion-climatica\/","og_site_name":"Filantrop\u00eda Cort\u00e9s Solari","article_published_time":"2022-11-07T14:46:23+00:00","article_modified_time":"2022-11-09T14:56:48+00:00","og_image":[{"width":1280,"height":853,"url":"https:\/\/www.filantropiacortessolari.cl\/wp-content\/uploads\/2022\/11\/Noticia-guardianes-300x200-1.png","type":"image\/png"}],"author":"Filantrop\u00eda Cort\u00e9s Solari","twitter_card":"summary_large_image","twitter_misc":{"Written by":"Filantrop\u00eda Cort\u00e9s Solari","Est. reading time":"6 minutes"},"schema":{"@context":"https:\/\/schema.org","@graph":[{"@type":"Article","@id":"https:\/\/www.filantropiacortessolari.cl\/cop-27-dos-docentes-latinoamericanos-premiados-en-concurso-global-sobre-educacion-climatica\/#article","isPartOf":{"@id":"https:\/\/www.filantropiacortessolari.cl\/cop-27-dos-docentes-latinoamericanos-premiados-en-concurso-global-sobre-educacion-climatica\/"},"author":{"name":"Filantrop\u00eda Cort\u00e9s Solari","@id":"https:\/\/www.filantropiacortessolari.cl\/#\/schema\/person\/e099cf1046922f4f5892172332dc86c0"},"headline":"COP 27: Two Latin American teachers win global climate education award","datePublished":"2022-11-07T14:46:23+00:00","dateModified":"2022-11-09T14:56:48+00:00","mainEntityOfPage":{"@id":"https:\/\/www.filantropiacortessolari.cl\/cop-27-dos-docentes-latinoamericanos-premiados-en-concurso-global-sobre-educacion-climatica\/"},"wordCount":1150,"commentCount":0,"image":{"@id":"https:\/\/www.filantropiacortessolari.cl\/cop-27-dos-docentes-latinoamericanos-premiados-en-concurso-global-sobre-educacion-climatica\/#primaryimage"},"thumbnailUrl":"https:\/\/www.filantropiacortessolari.cl\/wp-content\/uploads\/2022\/11\/Noticia-guardianes-300x200-1.png","keywords":["COP 27","Educaci\u00f3n Ambiental","Francisca Cort\u00e9s Solari","Fundaci\u00f3n MERI"],"articleSection":["Prensa Escrita","Prensa MERI"],"inLanguage":"en-US","potentialAction":[{"@type":"CommentAction","name":"Comment","target":["https:\/\/www.filantropiacortessolari.cl\/cop-27-dos-docentes-latinoamericanos-premiados-en-concurso-global-sobre-educacion-climatica\/#respond"]}]},{"@type":"WebPage","@id":"https:\/\/www.filantropiacortessolari.cl\/cop-27-dos-docentes-latinoamericanos-premiados-en-concurso-global-sobre-educacion-climatica\/","url":"https:\/\/www.filantropiacortessolari.cl\/cop-27-dos-docentes-latinoamericanos-premiados-en-concurso-global-sobre-educacion-climatica\/","name":"COP 27: Two Latin American teachers win global climate education award","isPartOf":{"@id":"https:\/\/www.filantropiacortessolari.cl\/#website"},"primaryImageOfPage":{"@id":"https:\/\/www.filantropiacortessolari.cl\/cop-27-dos-docentes-latinoamericanos-premiados-en-concurso-global-sobre-educacion-climatica\/#primaryimage"},"image":{"@id":"https:\/\/www.filantropiacortessolari.cl\/cop-27-dos-docentes-latinoamericanos-premiados-en-concurso-global-sobre-educacion-climatica\/#primaryimage"},"thumbnailUrl":"https:\/\/www.filantropiacortessolari.cl\/wp-content\/uploads\/2022\/11\/Noticia-guardianes-300x200-1.png","datePublished":"2022-11-07T14:46:23+00:00","dateModified":"2022-11-09T14:56:48+00:00","author":{"@id":"https:\/\/www.filantropiacortessolari.cl\/#\/schema\/person\/e099cf1046922f4f5892172332dc86c0"},"breadcrumb":{"@id":"https:\/\/www.filantropiacortessolari.cl\/cop-27-dos-docentes-latinoamericanos-premiados-en-concurso-global-sobre-educacion-climatica\/#breadcrumb"},"inLanguage":"en-US","potentialAction":[{"@type":"ReadAction","target":["https:\/\/www.filantropiacortessolari.cl\/cop-27-dos-docentes-latinoamericanos-premiados-en-concurso-global-sobre-educacion-climatica\/"]}]},{"@type":"ImageObject","inLanguage":"en-US","@id":"https:\/\/www.filantropiacortessolari.cl\/cop-27-dos-docentes-latinoamericanos-premiados-en-concurso-global-sobre-educacion-climatica\/#primaryimage","url":"https:\/\/www.filantropiacortessolari.cl\/wp-content\/uploads\/2022\/11\/Noticia-guardianes-300x200-1.png","contentUrl":"https:\/\/www.filantropiacortessolari.cl\/wp-content\/uploads\/2022\/11\/Noticia-guardianes-300x200-1.png","width":1280,"height":853},{"@type":"BreadcrumbList","@id":"https:\/\/www.filantropiacortessolari.cl\/cop-27-dos-docentes-latinoamericanos-premiados-en-concurso-global-sobre-educacion-climatica\/#breadcrumb","itemListElement":[{"@type":"ListItem","position":1,"name":"Portada","item":"https:\/\/www.filantropiacortessolari.cl\/"},{"@type":"ListItem","position":2,"name":"COP 27: Dos docentes latinoamericanos premiados en concurso global sobre educaci\u00f3n clim\u00e1tica"}]},{"@type":"WebSite","@id":"https:\/\/www.filantropiacortessolari.cl\/#website","url":"https:\/\/www.filantropiacortessolari.cl\/","name":"Filantrop\u00eda Cort\u00e9s Solari","description":"Sitio web Filantrop\u00eda Cort\u00e9s Solari","potentialAction":[{"@type":"SearchAction","target":{"@type":"EntryPoint","urlTemplate":"https:\/\/www.filantropiacortessolari.cl\/?s={search_term_string}"},"query-input":{"@type":"PropertyValueSpecification","valueRequired":true,"valueName":"search_term_string"}}],"inLanguage":"en-US"},{"@type":"Person","@id":"https:\/\/www.filantropiacortessolari.cl\/#\/schema\/person\/e099cf1046922f4f5892172332dc86c0","name":"Filantrop\u00eda Cort\u00e9s Solari","image":{"@type":"ImageObject","inLanguage":"en-US","@id":"https:\/\/secure.gravatar.com\/avatar\/9d17bfe24074ed7576e70cbeb8e010cdd7d01fae9f2047bd96cccbe629ec3c11?s=96&d=mm&r=g","url":"https:\/\/secure.gravatar.com\/avatar\/9d17bfe24074ed7576e70cbeb8e010cdd7d01fae9f2047bd96cccbe629ec3c11?s=96&d=mm&r=g","contentUrl":"https:\/\/secure.gravatar.com\/avatar\/9d17bfe24074ed7576e70cbeb8e010cdd7d01fae9f2047bd96cccbe629ec3c11?s=96&d=mm&r=g","caption":"Filantrop\u00eda Cort\u00e9s Solari"},"url":"https:\/\/www.filantropiacortessolari.cl\/en\/author\/filantropia-cortes-solari\/"}]}},"_links":{"self":[{"href":"https:\/\/www.filantropiacortessolari.cl\/en\/wp-json\/wp\/v2\/posts\/11184","targetHints":{"allow":["GET"]}}],"collection":[{"href":"https:\/\/www.filantropiacortessolari.cl\/en\/wp-json\/wp\/v2\/posts"}],"about":[{"href":"https:\/\/www.filantropiacortessolari.cl\/en\/wp-json\/wp\/v2\/types\/post"}],"author":[{"embeddable":true,"href":"https:\/\/www.filantropiacortessolari.cl\/en\/wp-json\/wp\/v2\/users\/1"}],"replies":[{"embeddable":true,"href":"https:\/\/www.filantropiacortessolari.cl\/en\/wp-json\/wp\/v2\/comments?post=11184"}],"version-history":[{"count":3,"href":"https:\/\/www.filantropiacortessolari.cl\/en\/wp-json\/wp\/v2\/posts\/11184\/revisions"}],"predecessor-version":[{"id":11187,"href":"https:\/\/www.filantropiacortessolari.cl\/en\/wp-json\/wp\/v2\/posts\/11184\/revisions\/11187"}],"wp:featuredmedia":[{"embeddable":true,"href":"https:\/\/www.filantropiacortessolari.cl\/en\/wp-json\/wp\/v2\/media\/11188"}],"wp:attachment":[{"href":"https:\/\/www.filantropiacortessolari.cl\/en\/wp-json\/wp\/v2\/media?parent=11184"}],"wp:term":[{"taxonomy":"category","embeddable":true,"href":"https:\/\/www.filantropiacortessolari.cl\/en\/wp-json\/wp\/v2\/categories?post=11184"},{"taxonomy":"post_tag","embeddable":true,"href":"https:\/\/www.filantropiacortessolari.cl\/en\/wp-json\/wp\/v2\/tags?post=11184"}],"curies":[{"name":"wp","href":"https:\/\/api.w.org\/{rel}","templated":true}]}}