{"id":11194,"date":"2022-11-07T17:23:24","date_gmt":"2022-11-07T20:23:24","guid":{"rendered":"https:\/\/www.filantropiacortessolari.cl\/?p=11194"},"modified":"2022-11-09T18:01:23","modified_gmt":"2022-11-09T21:01:23","slug":"24-horas-liberan-a-condor-en-reserva-elemental-likandes","status":"publish","type":"post","link":"https:\/\/www.filantropiacortessolari.cl\/en\/24-horas-liberan-a-condor-en-reserva-elemental-likandes\/","title":{"rendered":"[24 Horas] Liberan a c\u00f3ndor en reserva Elemental Likandes"},"content":{"rendered":"<style type=\"text\/css\"><\/style><p>Una emotiva liberaci\u00f3n se llev\u00f3 en el Caj\u00f3n del Maipo, luego que un c\u00f3ndor hembra fuera reinsertada en su h\u00e1bitat natural. Es parte del trabajo de varias organizaciones por cuidar a las aves rapaces chilenas.<\/p>\n<div style=\"width: 1160px;\" class=\"wp-video\"><video class=\"wp-video-shortcode\" id=\"video-11194-1\" width=\"1160\" height=\"653\" preload=\"metadata\" controls=\"controls\"><source type=\"video\/mp4\" src=\"https:\/\/fcs.tv\/wp-content\/uploads\/2022\/11\/636921ee544183700367c345.mp4?_=1\" \/><a href=\"https:\/\/fcs.tv\/wp-content\/uploads\/2022\/11\/636921ee544183700367c345.mp4\">https:\/\/fcs.tv\/wp-content\/uploads\/2022\/11\/636921ee544183700367c345.mp4<\/a><\/video><\/div>\n<p>Fuente: <a href=\"https:\/\/www.24horas.cl\/\" target=\"_blank\" rel=\"noopener\">24 Horas<\/a><\/p>\n","protected":false},"excerpt":{"rendered":"<p>Una emotiva liberaci\u00f3n se llev\u00f3 en el Caj\u00f3n del Maipo, luego que un c\u00f3ndor hembra fuera reinsertada en su h\u00e1bitat natural. Es parte del trabajo de varias organizaciones por cuidar a las aves rapaces chilenas. Fuente: 24 Horas<\/p>\n","protected":false},"author":1,"featured_media":11195,"comment_status":"open","ping_status":"open","sticky":false,"template":"","format":"standard","meta":{"footnotes":""},"categories":[5,6],"tags":[43,59,50],"class_list":["post-11194","post","type-post","status-publish","format-standard","has-post-thumbnail","hentry","category-prensa-escrita","category-fundacion-meri","tag-condor","tag-conservacion","tag-fundacion-meri"],"translation":{"provider":"WPGlobus","version":"3.0.2","language":"en","enabled_languages":["es","en"],"languages":{"es":{"title":true,"content":true,"excerpt":false},"en":{"title":false,"content":false,"excerpt":false}}},"yoast_head":"<!-- This site is optimized with the Yoast SEO plugin v27.4 - https:\/\/yoast.com\/product\/yoast-seo-wordpress\/ -->\n<title>[24 Horas] Liberan a c\u00f3ndor en reserva Elemental Likandes<\/title>\n<meta name=\"robots\" content=\"index, follow, max-snippet:-1, max-image-preview:large, max-video-preview:-1\" \/>\n<link rel=\"canonical\" href=\"https:\/\/www.filantropiacortessolari.cl\/24-horas-liberan-a-condor-en-reserva-elemental-likandes\/\" \/>\n<meta property=\"og:locale\" content=\"en_US\" \/>\n<meta property=\"og:type\" content=\"article\" \/>\n<meta property=\"og:title\" content=\"[24 Horas] Liberan a c\u00f3ndor en reserva Elemental Likandes\" \/>\n<meta property=\"og:url\" content=\"https:\/\/www.filantropiacortessolari.cl\/24-horas-liberan-a-condor-en-reserva-elemental-likandes\/\" \/>\n<meta property=\"og:site_name\" content=\"Filantrop\u00eda Cort\u00e9s Solari\" \/>\n<meta property=\"article:published_time\" content=\"2022-11-07T20:23:24+00:00\" \/>\n<meta property=\"article:modified_time\" content=\"2022-11-09T21:01:23+00:00\" \/>\n<meta property=\"og:image\" content=\"https:\/\/www.filantropiacortessolari.cl\/wp-content\/uploads\/2022\/11\/condor-photoshopeada.jpg\" \/>\n\t<meta property=\"og:image:width\" content=\"1280\" \/>\n\t<meta property=\"og:image:height\" content=\"853\" \/>\n\t<meta property=\"og:image:type\" content=\"image\/jpeg\" \/>\n<meta name=\"author\" content=\"Filantrop\u00eda Cort\u00e9s Solari\" \/>\n<meta name=\"twitter:card\" content=\"summary_large_image\" \/>\n<meta name=\"twitter:label1\" content=\"Written by\" \/>\n\t<meta name=\"twitter:data1\" content=\"Filantrop\u00eda Cort\u00e9s Solari\" \/>\n<script type=\"application\/ld+json\" class=\"yoast-schema-graph\">{\"@context\":\"https:\\\/\\\/schema.org\",\"@graph\":[{\"@type\":\"Article\",\"@id\":\"https:\\\/\\\/www.filantropiacortessolari.cl\\\/24-horas-liberan-a-condor-en-reserva-elemental-likandes\\\/#article\",\"isPartOf\":{\"@id\":\"https:\\\/\\\/www.filantropiacortessolari.cl\\\/24-horas-liberan-a-condor-en-reserva-elemental-likandes\\\/\"},\"author\":{\"name\":\"Filantrop\u00eda Cort\u00e9s Solari\",\"@id\":\"https:\\\/\\\/www.filantropiacortessolari.cl\\\/#\\\/schema\\\/person\\\/e099cf1046922f4f5892172332dc86c0\"},\"headline\":\"[24 Horas] Liberan a c\u00f3ndor en reserva Elemental Likandes\",\"datePublished\":\"2022-11-07T20:23:24+00:00\",\"dateModified\":\"2022-11-09T21:01:23+00:00\",\"mainEntityOfPage\":{\"@id\":\"https:\\\/\\\/www.filantropiacortessolari.cl\\\/24-horas-liberan-a-condor-en-reserva-elemental-likandes\\\/\"},\"wordCount\":63,\"commentCount\":0,\"image\":{\"@id\":\"https:\\\/\\\/www.filantropiacortessolari.cl\\\/24-horas-liberan-a-condor-en-reserva-elemental-likandes\\\/#primaryimage\"},\"thumbnailUrl\":\"https:\\\/\\\/www.filantropiacortessolari.cl\\\/wp-content\\\/uploads\\\/2022\\\/11\\\/condor-photoshopeada.jpg\",\"keywords\":[\"C\u00f3ndor\",\"Conservaci\u00f3n\",\"Fundaci\u00f3n MERI\"],\"articleSection\":[\"Prensa Escrita\",\"Prensa MERI\"],\"inLanguage\":\"en-US\",\"potentialAction\":[{\"@type\":\"CommentAction\",\"name\":\"Comment\",\"target\":[\"https:\\\/\\\/www.filantropiacortessolari.cl\\\/24-horas-liberan-a-condor-en-reserva-elemental-likandes\\\/#respond\"]}]},{\"@type\":\"WebPage\",\"@id\":\"https:\\\/\\\/www.filantropiacortessolari.cl\\\/24-horas-liberan-a-condor-en-reserva-elemental-likandes\\\/\",\"url\":\"https:\\\/\\\/www.filantropiacortessolari.cl\\\/24-horas-liberan-a-condor-en-reserva-elemental-likandes\\\/\",\"name\":\"[24 Horas] Liberan a c\u00f3ndor en reserva Elemental Likandes\",\"isPartOf\":{\"@id\":\"https:\\\/\\\/www.filantropiacortessolari.cl\\\/#website\"},\"primaryImageOfPage\":{\"@id\":\"https:\\\/\\\/www.filantropiacortessolari.cl\\\/24-horas-liberan-a-condor-en-reserva-elemental-likandes\\\/#primaryimage\"},\"image\":{\"@id\":\"https:\\\/\\\/www.filantropiacortessolari.cl\\\/24-horas-liberan-a-condor-en-reserva-elemental-likandes\\\/#primaryimage\"},\"thumbnailUrl\":\"https:\\\/\\\/www.filantropiacortessolari.cl\\\/wp-content\\\/uploads\\\/2022\\\/11\\\/condor-photoshopeada.jpg\",\"datePublished\":\"2022-11-07T20:23:24+00:00\",\"dateModified\":\"2022-11-09T21:01:23+00:00\",\"author\":{\"@id\":\"https:\\\/\\\/www.filantropiacortessolari.cl\\\/#\\\/schema\\\/person\\\/e099cf1046922f4f5892172332dc86c0\"},\"breadcrumb\":{\"@id\":\"https:\\\/\\\/www.filantropiacortessolari.cl\\\/24-horas-liberan-a-condor-en-reserva-elemental-likandes\\\/#breadcrumb\"},\"inLanguage\":\"en-US\",\"potentialAction\":[{\"@type\":\"ReadAction\",\"target\":[\"https:\\\/\\\/www.filantropiacortessolari.cl\\\/24-horas-liberan-a-condor-en-reserva-elemental-likandes\\\/\"]}]},{\"@type\":\"ImageObject\",\"inLanguage\":\"en-US\",\"@id\":\"https:\\\/\\\/www.filantropiacortessolari.cl\\\/24-horas-liberan-a-condor-en-reserva-elemental-likandes\\\/#primaryimage\",\"url\":\"https:\\\/\\\/www.filantropiacortessolari.cl\\\/wp-content\\\/uploads\\\/2022\\\/11\\\/condor-photoshopeada.jpg\",\"contentUrl\":\"https:\\\/\\\/www.filantropiacortessolari.cl\\\/wp-content\\\/uploads\\\/2022\\\/11\\\/condor-photoshopeada.jpg\",\"width\":1280,\"height\":853},{\"@type\":\"BreadcrumbList\",\"@id\":\"https:\\\/\\\/www.filantropiacortessolari.cl\\\/24-horas-liberan-a-condor-en-reserva-elemental-likandes\\\/#breadcrumb\",\"itemListElement\":[{\"@type\":\"ListItem\",\"position\":1,\"name\":\"Portada\",\"item\":\"https:\\\/\\\/www.filantropiacortessolari.cl\\\/\"},{\"@type\":\"ListItem\",\"position\":2,\"name\":\"[24 Horas] Liberan a c\u00f3ndor en reserva Elemental Likandes\"}]},{\"@type\":\"WebSite\",\"@id\":\"https:\\\/\\\/www.filantropiacortessolari.cl\\\/#website\",\"url\":\"https:\\\/\\\/www.filantropiacortessolari.cl\\\/\",\"name\":\"Filantrop\u00eda Cort\u00e9s Solari\",\"description\":\"Sitio web Filantrop\u00eda Cort\u00e9s Solari\",\"potentialAction\":[{\"@type\":\"SearchAction\",\"target\":{\"@type\":\"EntryPoint\",\"urlTemplate\":\"https:\\\/\\\/www.filantropiacortessolari.cl\\\/?s={search_term_string}\"},\"query-input\":{\"@type\":\"PropertyValueSpecification\",\"valueRequired\":true,\"valueName\":\"search_term_string\"}}],\"inLanguage\":\"en-US\"},{\"@type\":\"Person\",\"@id\":\"https:\\\/\\\/www.filantropiacortessolari.cl\\\/#\\\/schema\\\/person\\\/e099cf1046922f4f5892172332dc86c0\",\"name\":\"Filantrop\u00eda Cort\u00e9s Solari\",\"image\":{\"@type\":\"ImageObject\",\"inLanguage\":\"en-US\",\"@id\":\"https:\\\/\\\/secure.gravatar.com\\\/avatar\\\/9d17bfe24074ed7576e70cbeb8e010cdd7d01fae9f2047bd96cccbe629ec3c11?s=96&d=mm&r=g\",\"url\":\"https:\\\/\\\/secure.gravatar.com\\\/avatar\\\/9d17bfe24074ed7576e70cbeb8e010cdd7d01fae9f2047bd96cccbe629ec3c11?s=96&d=mm&r=g\",\"contentUrl\":\"https:\\\/\\\/secure.gravatar.com\\\/avatar\\\/9d17bfe24074ed7576e70cbeb8e010cdd7d01fae9f2047bd96cccbe629ec3c11?s=96&d=mm&r=g\",\"caption\":\"Filantrop\u00eda Cort\u00e9s Solari\"},\"url\":\"https:\\\/\\\/www.filantropiacortessolari.cl\\\/en\\\/author\\\/filantropia-cortes-solari\\\/\"}]}<\/script>\n<!-- \/ Yoast SEO plugin. -->","yoast_head_json":{"title":"[24 Horas] Liberan a c\u00f3ndor en reserva Elemental Likandes","robots":{"index":"index","follow":"follow","max-snippet":"max-snippet:-1","max-image-preview":"max-image-preview:large","max-video-preview":"max-video-preview:-1"},"canonical":"https:\/\/www.filantropiacortessolari.cl\/24-horas-liberan-a-condor-en-reserva-elemental-likandes\/","og_locale":"en_US","og_type":"article","og_title":"[24 Horas] Liberan a c\u00f3ndor en reserva Elemental Likandes","og_url":"https:\/\/www.filantropiacortessolari.cl\/24-horas-liberan-a-condor-en-reserva-elemental-likandes\/","og_site_name":"Filantrop\u00eda Cort\u00e9s Solari","article_published_time":"2022-11-07T20:23:24+00:00","article_modified_time":"2022-11-09T21:01:23+00:00","og_image":[{"width":1280,"height":853,"url":"https:\/\/www.filantropiacortessolari.cl\/wp-content\/uploads\/2022\/11\/condor-photoshopeada.jpg","type":"image\/jpeg"}],"author":"Filantrop\u00eda Cort\u00e9s Solari","twitter_card":"summary_large_image","twitter_misc":{"Written by":"Filantrop\u00eda Cort\u00e9s Solari"},"schema":{"@context":"https:\/\/schema.org","@graph":[{"@type":"Article","@id":"https:\/\/www.filantropiacortessolari.cl\/24-horas-liberan-a-condor-en-reserva-elemental-likandes\/#article","isPartOf":{"@id":"https:\/\/www.filantropiacortessolari.cl\/24-horas-liberan-a-condor-en-reserva-elemental-likandes\/"},"author":{"name":"Filantrop\u00eda Cort\u00e9s Solari","@id":"https:\/\/www.filantropiacortessolari.cl\/#\/schema\/person\/e099cf1046922f4f5892172332dc86c0"},"headline":"[24 Horas] Liberan a c\u00f3ndor en reserva Elemental Likandes","datePublished":"2022-11-07T20:23:24+00:00","dateModified":"2022-11-09T21:01:23+00:00","mainEntityOfPage":{"@id":"https:\/\/www.filantropiacortessolari.cl\/24-horas-liberan-a-condor-en-reserva-elemental-likandes\/"},"wordCount":63,"commentCount":0,"image":{"@id":"https:\/\/www.filantropiacortessolari.cl\/24-horas-liberan-a-condor-en-reserva-elemental-likandes\/#primaryimage"},"thumbnailUrl":"https:\/\/www.filantropiacortessolari.cl\/wp-content\/uploads\/2022\/11\/condor-photoshopeada.jpg","keywords":["C\u00f3ndor","Conservaci\u00f3n","Fundaci\u00f3n MERI"],"articleSection":["Prensa Escrita","Prensa MERI"],"inLanguage":"en-US","potentialAction":[{"@type":"CommentAction","name":"Comment","target":["https:\/\/www.filantropiacortessolari.cl\/24-horas-liberan-a-condor-en-reserva-elemental-likandes\/#respond"]}]},{"@type":"WebPage","@id":"https:\/\/www.filantropiacortessolari.cl\/24-horas-liberan-a-condor-en-reserva-elemental-likandes\/","url":"https:\/\/www.filantropiacortessolari.cl\/24-horas-liberan-a-condor-en-reserva-elemental-likandes\/","name":"[24 Horas] Liberan a c\u00f3ndor en reserva Elemental Likandes","isPartOf":{"@id":"https:\/\/www.filantropiacortessolari.cl\/#website"},"primaryImageOfPage":{"@id":"https:\/\/www.filantropiacortessolari.cl\/24-horas-liberan-a-condor-en-reserva-elemental-likandes\/#primaryimage"},"image":{"@id":"https:\/\/www.filantropiacortessolari.cl\/24-horas-liberan-a-condor-en-reserva-elemental-likandes\/#primaryimage"},"thumbnailUrl":"https:\/\/www.filantropiacortessolari.cl\/wp-content\/uploads\/2022\/11\/condor-photoshopeada.jpg","datePublished":"2022-11-07T20:23:24+00:00","dateModified":"2022-11-09T21:01:23+00:00","author":{"@id":"https:\/\/www.filantropiacortessolari.cl\/#\/schema\/person\/e099cf1046922f4f5892172332dc86c0"},"breadcrumb":{"@id":"https:\/\/www.filantropiacortessolari.cl\/24-horas-liberan-a-condor-en-reserva-elemental-likandes\/#breadcrumb"},"inLanguage":"en-US","potentialAction":[{"@type":"ReadAction","target":["https:\/\/www.filantropiacortessolari.cl\/24-horas-liberan-a-condor-en-reserva-elemental-likandes\/"]}]},{"@type":"ImageObject","inLanguage":"en-US","@id":"https:\/\/www.filantropiacortessolari.cl\/24-horas-liberan-a-condor-en-reserva-elemental-likandes\/#primaryimage","url":"https:\/\/www.filantropiacortessolari.cl\/wp-content\/uploads\/2022\/11\/condor-photoshopeada.jpg","contentUrl":"https:\/\/www.filantropiacortessolari.cl\/wp-content\/uploads\/2022\/11\/condor-photoshopeada.jpg","width":1280,"height":853},{"@type":"BreadcrumbList","@id":"https:\/\/www.filantropiacortessolari.cl\/24-horas-liberan-a-condor-en-reserva-elemental-likandes\/#breadcrumb","itemListElement":[{"@type":"ListItem","position":1,"name":"Portada","item":"https:\/\/www.filantropiacortessolari.cl\/"},{"@type":"ListItem","position":2,"name":"[24 Horas] Liberan a c\u00f3ndor en reserva Elemental Likandes"}]},{"@type":"WebSite","@id":"https:\/\/www.filantropiacortessolari.cl\/#website","url":"https:\/\/www.filantropiacortessolari.cl\/","name":"Filantrop\u00eda Cort\u00e9s Solari","description":"Sitio web Filantrop\u00eda Cort\u00e9s Solari","potentialAction":[{"@type":"SearchAction","target":{"@type":"EntryPoint","urlTemplate":"https:\/\/www.filantropiacortessolari.cl\/?s={search_term_string}"},"query-input":{"@type":"PropertyValueSpecification","valueRequired":true,"valueName":"search_term_string"}}],"inLanguage":"en-US"},{"@type":"Person","@id":"https:\/\/www.filantropiacortessolari.cl\/#\/schema\/person\/e099cf1046922f4f5892172332dc86c0","name":"Filantrop\u00eda Cort\u00e9s Solari","image":{"@type":"ImageObject","inLanguage":"en-US","@id":"https:\/\/secure.gravatar.com\/avatar\/9d17bfe24074ed7576e70cbeb8e010cdd7d01fae9f2047bd96cccbe629ec3c11?s=96&d=mm&r=g","url":"https:\/\/secure.gravatar.com\/avatar\/9d17bfe24074ed7576e70cbeb8e010cdd7d01fae9f2047bd96cccbe629ec3c11?s=96&d=mm&r=g","contentUrl":"https:\/\/secure.gravatar.com\/avatar\/9d17bfe24074ed7576e70cbeb8e010cdd7d01fae9f2047bd96cccbe629ec3c11?s=96&d=mm&r=g","caption":"Filantrop\u00eda Cort\u00e9s Solari"},"url":"https:\/\/www.filantropiacortessolari.cl\/en\/author\/filantropia-cortes-solari\/"}]}},"_links":{"self":[{"href":"https:\/\/www.filantropiacortessolari.cl\/en\/wp-json\/wp\/v2\/posts\/11194","targetHints":{"allow":["GET"]}}],"collection":[{"href":"https:\/\/www.filantropiacortessolari.cl\/en\/wp-json\/wp\/v2\/posts"}],"about":[{"href":"https:\/\/www.filantropiacortessolari.cl\/en\/wp-json\/wp\/v2\/types\/post"}],"author":[{"embeddable":true,"href":"https:\/\/www.filantropiacortessolari.cl\/en\/wp-json\/wp\/v2\/users\/1"}],"replies":[{"embeddable":true,"href":"https:\/\/www.filantropiacortessolari.cl\/en\/wp-json\/wp\/v2\/comments?post=11194"}],"version-history":[{"count":2,"href":"https:\/\/www.filantropiacortessolari.cl\/en\/wp-json\/wp\/v2\/posts\/11194\/revisions"}],"predecessor-version":[{"id":11204,"href":"https:\/\/www.filantropiacortessolari.cl\/en\/wp-json\/wp\/v2\/posts\/11194\/revisions\/11204"}],"wp:featuredmedia":[{"embeddable":true,"href":"https:\/\/www.filantropiacortessolari.cl\/en\/wp-json\/wp\/v2\/media\/11195"}],"wp:attachment":[{"href":"https:\/\/www.filantropiacortessolari.cl\/en\/wp-json\/wp\/v2\/media?parent=11194"}],"wp:term":[{"taxonomy":"category","embeddable":true,"href":"https:\/\/www.filantropiacortessolari.cl\/en\/wp-json\/wp\/v2\/categories?post=11194"},{"taxonomy":"post_tag","embeddable":true,"href":"https:\/\/www.filantropiacortessolari.cl\/en\/wp-json\/wp\/v2\/tags?post=11194"}],"curies":[{"name":"wp","href":"https:\/\/api.w.org\/{rel}","templated":true}]}}