{"id":11197,"date":"2022-11-02T17:31:12","date_gmt":"2022-11-02T20:31:12","guid":{"rendered":"https:\/\/www.filantropiacortessolari.cl\/?p=11197"},"modified":"2022-11-09T17:49:08","modified_gmt":"2022-11-09T20:49:08","slug":"radio-txs-entrevista-patricia-morales-gerenta-general-filantropia-cortes-solari-por-labor-cientifica-y-participacion-en-cop27","status":"publish","type":"post","link":"https:\/\/www.filantropiacortessolari.cl\/en\/radio-txs-entrevista-patricia-morales-gerenta-general-filantropia-cortes-solari-por-labor-cientifica-y-participacion-en-cop27\/","title":{"rendered":"[Radio TXS] Entrevista Patricia Morales, gerenta general Filantrop\u00eda Cort\u00e9s Solari, por labor cient\u00edfica y participaci\u00f3n en COP27"},"content":{"rendered":"<style type=\"text\/css\"><\/style><p><a href=\"https:\/\/www.filantropiacortessolari.cl\/\" target=\"_blank\" rel=\"noopener\">Filantrop\u00eda Cort\u00e9s Solari<\/a>, entre otras cosas, financia a la <a href=\"https:\/\/fundacionmeri.cl\/\" target=\"_blank\" rel=\"noopener\">Fundaci\u00f3n MERI<\/a>, dedicada al desarrollo de investigaci\u00f3n cient\u00edfica y educaci\u00f3n ambiental y trabaja para la conservaci\u00f3n de ecosistemas estrat\u00e9gicos a la mitigaci\u00f3n del cambio clim\u00e1tico. Adem\u00e1s, se comentan pol\u00edticas p\u00fablicas ligadas a este tema y participaci\u00f3n en la COP27.<\/p>\n<audio class=\"wp-audio-shortcode\" id=\"audio-11197-1\" preload=\"none\" style=\"width: 100%;\" controls=\"controls\"><source type=\"audio\/mpeg\" src=\"https:\/\/fcs.tv\/wp-content\/uploads\/2022\/11\/entrevista-patricia-morales.mp3?_=1\" \/><a href=\"https:\/\/fcs.tv\/wp-content\/uploads\/2022\/11\/entrevista-patricia-morales.mp3\">https:\/\/fcs.tv\/wp-content\/uploads\/2022\/11\/entrevista-patricia-morales.mp3<\/a><\/audio>\n<p><\/p>\n<p>Fuente: <a href=\"https:\/\/txsplus.com\/\" target=\"_blank\" rel=\"noopener\">Radio TXS<\/a><\/p>\n","protected":false},"excerpt":{"rendered":"<p>Filantrop\u00eda Cort\u00e9s Solari, entre otras cosas, financia a la Fundaci\u00f3n MERI, dedicada al desarrollo de investigaci\u00f3n cient\u00edfica y educaci\u00f3n ambiental y trabaja para la conservaci\u00f3n de ecosistemas estrat\u00e9gicos a la mitigaci\u00f3n del cambio clim\u00e1tico. Adem\u00e1s, se comentan pol\u00edticas p\u00fablicas ligadas a este tema y participaci\u00f3n en la COP27. Fuente: Radio TXS<\/p>\n","protected":false},"author":1,"featured_media":11198,"comment_status":"open","ping_status":"open","sticky":false,"template":"","format":"standard","meta":{"footnotes":""},"categories":[9,11,6],"tags":[61,52,56,50],"class_list":["post-11197","post","type-post","status-publish","format-standard","has-post-thumbnail","hentry","category-entrevistas","category-entrevistas-meri","category-fundacion-meri","tag-ciencia","tag-cop-27","tag-filantropia-cortes-solari","tag-fundacion-meri"],"translation":{"provider":"WPGlobus","version":"3.0.2","language":"en","enabled_languages":["es","en"],"languages":{"es":{"title":true,"content":true,"excerpt":false},"en":{"title":false,"content":false,"excerpt":false}}},"yoast_head":"<!-- This site is optimized with the Yoast SEO plugin v27.4 - https:\/\/yoast.com\/product\/yoast-seo-wordpress\/ -->\n<title>[Radio TXS] Entrevista Patricia Morales, gerenta general Filantrop\u00eda Cort\u00e9s Solari, por labor cient\u00edfica y participaci\u00f3n en COP27<\/title>\n<meta name=\"robots\" content=\"index, follow, max-snippet:-1, max-image-preview:large, max-video-preview:-1\" \/>\n<link rel=\"canonical\" href=\"https:\/\/www.filantropiacortessolari.cl\/radio-txs-entrevista-patricia-morales-gerenta-general-filantropia-cortes-solari-por-labor-cientifica-y-participacion-en-cop27\/\" \/>\n<meta property=\"og:locale\" content=\"en_US\" \/>\n<meta property=\"og:type\" content=\"article\" \/>\n<meta property=\"og:title\" content=\"[Radio TXS] Entrevista Patricia Morales, gerenta general Filantrop\u00eda Cort\u00e9s Solari, por labor cient\u00edfica y participaci\u00f3n en COP27\" \/>\n<meta property=\"og:url\" content=\"https:\/\/www.filantropiacortessolari.cl\/radio-txs-entrevista-patricia-morales-gerenta-general-filantropia-cortes-solari-por-labor-cientifica-y-participacion-en-cop27\/\" \/>\n<meta property=\"og:site_name\" content=\"Filantrop\u00eda Cort\u00e9s Solari\" \/>\n<meta property=\"article:published_time\" content=\"2022-11-02T20:31:12+00:00\" \/>\n<meta property=\"article:modified_time\" content=\"2022-11-09T20:49:08+00:00\" \/>\n<meta property=\"og:image\" content=\"https:\/\/www.filantropiacortessolari.cl\/wp-content\/uploads\/2022\/11\/Patricia-morales-foto-diario-financiero-photoshopeada.jpg\" \/>\n\t<meta property=\"og:image:width\" content=\"1280\" \/>\n\t<meta property=\"og:image:height\" content=\"853\" \/>\n\t<meta property=\"og:image:type\" content=\"image\/jpeg\" \/>\n<meta name=\"author\" content=\"Filantrop\u00eda Cort\u00e9s Solari\" \/>\n<meta name=\"twitter:card\" content=\"summary_large_image\" \/>\n<meta name=\"twitter:label1\" content=\"Written by\" \/>\n\t<meta name=\"twitter:data1\" content=\"Filantrop\u00eda Cort\u00e9s Solari\" \/>\n<script type=\"application\/ld+json\" class=\"yoast-schema-graph\">{\"@context\":\"https:\\\/\\\/schema.org\",\"@graph\":[{\"@type\":\"Article\",\"@id\":\"https:\\\/\\\/www.filantropiacortessolari.cl\\\/radio-txs-entrevista-patricia-morales-gerenta-general-filantropia-cortes-solari-por-labor-cientifica-y-participacion-en-cop27\\\/#article\",\"isPartOf\":{\"@id\":\"https:\\\/\\\/www.filantropiacortessolari.cl\\\/radio-txs-entrevista-patricia-morales-gerenta-general-filantropia-cortes-solari-por-labor-cientifica-y-participacion-en-cop27\\\/\"},\"author\":{\"name\":\"Filantrop\u00eda Cort\u00e9s Solari\",\"@id\":\"https:\\\/\\\/www.filantropiacortessolari.cl\\\/#\\\/schema\\\/person\\\/e099cf1046922f4f5892172332dc86c0\"},\"headline\":\"[Radio TXS] Entrevista Patricia Morales, gerenta general Filantrop\u00eda Cort\u00e9s Solari, por labor cient\u00edfica y participaci\u00f3n en COP27\",\"datePublished\":\"2022-11-02T20:31:12+00:00\",\"dateModified\":\"2022-11-09T20:49:08+00:00\",\"mainEntityOfPage\":{\"@id\":\"https:\\\/\\\/www.filantropiacortessolari.cl\\\/radio-txs-entrevista-patricia-morales-gerenta-general-filantropia-cortes-solari-por-labor-cientifica-y-participacion-en-cop27\\\/\"},\"wordCount\":96,\"commentCount\":0,\"image\":{\"@id\":\"https:\\\/\\\/www.filantropiacortessolari.cl\\\/radio-txs-entrevista-patricia-morales-gerenta-general-filantropia-cortes-solari-por-labor-cientifica-y-participacion-en-cop27\\\/#primaryimage\"},\"thumbnailUrl\":\"https:\\\/\\\/www.filantropiacortessolari.cl\\\/wp-content\\\/uploads\\\/2022\\\/11\\\/Patricia-morales-foto-diario-financiero-photoshopeada.jpg\",\"keywords\":[\"ciencia\",\"COP 27\",\"Filantrop\u00eda Cort\u00e9s Solari\",\"Fundaci\u00f3n MERI\"],\"articleSection\":[\"Entrevistas\",\"Entrevistas MERI\",\"Prensa MERI\"],\"inLanguage\":\"en-US\",\"potentialAction\":[{\"@type\":\"CommentAction\",\"name\":\"Comment\",\"target\":[\"https:\\\/\\\/www.filantropiacortessolari.cl\\\/radio-txs-entrevista-patricia-morales-gerenta-general-filantropia-cortes-solari-por-labor-cientifica-y-participacion-en-cop27\\\/#respond\"]}]},{\"@type\":\"WebPage\",\"@id\":\"https:\\\/\\\/www.filantropiacortessolari.cl\\\/radio-txs-entrevista-patricia-morales-gerenta-general-filantropia-cortes-solari-por-labor-cientifica-y-participacion-en-cop27\\\/\",\"url\":\"https:\\\/\\\/www.filantropiacortessolari.cl\\\/radio-txs-entrevista-patricia-morales-gerenta-general-filantropia-cortes-solari-por-labor-cientifica-y-participacion-en-cop27\\\/\",\"name\":\"[Radio TXS] Entrevista Patricia Morales, gerenta general Filantrop\u00eda Cort\u00e9s Solari, por labor cient\u00edfica y participaci\u00f3n en COP27\",\"isPartOf\":{\"@id\":\"https:\\\/\\\/www.filantropiacortessolari.cl\\\/#website\"},\"primaryImageOfPage\":{\"@id\":\"https:\\\/\\\/www.filantropiacortessolari.cl\\\/radio-txs-entrevista-patricia-morales-gerenta-general-filantropia-cortes-solari-por-labor-cientifica-y-participacion-en-cop27\\\/#primaryimage\"},\"image\":{\"@id\":\"https:\\\/\\\/www.filantropiacortessolari.cl\\\/radio-txs-entrevista-patricia-morales-gerenta-general-filantropia-cortes-solari-por-labor-cientifica-y-participacion-en-cop27\\\/#primaryimage\"},\"thumbnailUrl\":\"https:\\\/\\\/www.filantropiacortessolari.cl\\\/wp-content\\\/uploads\\\/2022\\\/11\\\/Patricia-morales-foto-diario-financiero-photoshopeada.jpg\",\"datePublished\":\"2022-11-02T20:31:12+00:00\",\"dateModified\":\"2022-11-09T20:49:08+00:00\",\"author\":{\"@id\":\"https:\\\/\\\/www.filantropiacortessolari.cl\\\/#\\\/schema\\\/person\\\/e099cf1046922f4f5892172332dc86c0\"},\"breadcrumb\":{\"@id\":\"https:\\\/\\\/www.filantropiacortessolari.cl\\\/radio-txs-entrevista-patricia-morales-gerenta-general-filantropia-cortes-solari-por-labor-cientifica-y-participacion-en-cop27\\\/#breadcrumb\"},\"inLanguage\":\"en-US\",\"potentialAction\":[{\"@type\":\"ReadAction\",\"target\":[\"https:\\\/\\\/www.filantropiacortessolari.cl\\\/radio-txs-entrevista-patricia-morales-gerenta-general-filantropia-cortes-solari-por-labor-cientifica-y-participacion-en-cop27\\\/\"]}]},{\"@type\":\"ImageObject\",\"inLanguage\":\"en-US\",\"@id\":\"https:\\\/\\\/www.filantropiacortessolari.cl\\\/radio-txs-entrevista-patricia-morales-gerenta-general-filantropia-cortes-solari-por-labor-cientifica-y-participacion-en-cop27\\\/#primaryimage\",\"url\":\"https:\\\/\\\/www.filantropiacortessolari.cl\\\/wp-content\\\/uploads\\\/2022\\\/11\\\/Patricia-morales-foto-diario-financiero-photoshopeada.jpg\",\"contentUrl\":\"https:\\\/\\\/www.filantropiacortessolari.cl\\\/wp-content\\\/uploads\\\/2022\\\/11\\\/Patricia-morales-foto-diario-financiero-photoshopeada.jpg\",\"width\":1280,\"height\":853},{\"@type\":\"BreadcrumbList\",\"@id\":\"https:\\\/\\\/www.filantropiacortessolari.cl\\\/radio-txs-entrevista-patricia-morales-gerenta-general-filantropia-cortes-solari-por-labor-cientifica-y-participacion-en-cop27\\\/#breadcrumb\",\"itemListElement\":[{\"@type\":\"ListItem\",\"position\":1,\"name\":\"Portada\",\"item\":\"https:\\\/\\\/www.filantropiacortessolari.cl\\\/\"},{\"@type\":\"ListItem\",\"position\":2,\"name\":\"[Radio TXS] Entrevista Patricia Morales, gerenta general Filantrop\u00eda Cort\u00e9s Solari, por labor cient\u00edfica y participaci\u00f3n en COP27\"}]},{\"@type\":\"WebSite\",\"@id\":\"https:\\\/\\\/www.filantropiacortessolari.cl\\\/#website\",\"url\":\"https:\\\/\\\/www.filantropiacortessolari.cl\\\/\",\"name\":\"Filantrop\u00eda Cort\u00e9s Solari\",\"description\":\"Sitio web Filantrop\u00eda Cort\u00e9s Solari\",\"potentialAction\":[{\"@type\":\"SearchAction\",\"target\":{\"@type\":\"EntryPoint\",\"urlTemplate\":\"https:\\\/\\\/www.filantropiacortessolari.cl\\\/?s={search_term_string}\"},\"query-input\":{\"@type\":\"PropertyValueSpecification\",\"valueRequired\":true,\"valueName\":\"search_term_string\"}}],\"inLanguage\":\"en-US\"},{\"@type\":\"Person\",\"@id\":\"https:\\\/\\\/www.filantropiacortessolari.cl\\\/#\\\/schema\\\/person\\\/e099cf1046922f4f5892172332dc86c0\",\"name\":\"Filantrop\u00eda Cort\u00e9s Solari\",\"image\":{\"@type\":\"ImageObject\",\"inLanguage\":\"en-US\",\"@id\":\"https:\\\/\\\/secure.gravatar.com\\\/avatar\\\/9d17bfe24074ed7576e70cbeb8e010cdd7d01fae9f2047bd96cccbe629ec3c11?s=96&d=mm&r=g\",\"url\":\"https:\\\/\\\/secure.gravatar.com\\\/avatar\\\/9d17bfe24074ed7576e70cbeb8e010cdd7d01fae9f2047bd96cccbe629ec3c11?s=96&d=mm&r=g\",\"contentUrl\":\"https:\\\/\\\/secure.gravatar.com\\\/avatar\\\/9d17bfe24074ed7576e70cbeb8e010cdd7d01fae9f2047bd96cccbe629ec3c11?s=96&d=mm&r=g\",\"caption\":\"Filantrop\u00eda Cort\u00e9s Solari\"},\"url\":\"https:\\\/\\\/www.filantropiacortessolari.cl\\\/en\\\/author\\\/filantropia-cortes-solari\\\/\"}]}<\/script>\n<!-- \/ Yoast SEO plugin. -->","yoast_head_json":{"title":"[Radio TXS] Entrevista Patricia Morales, gerenta general Filantrop\u00eda Cort\u00e9s Solari, por labor cient\u00edfica y participaci\u00f3n en COP27","robots":{"index":"index","follow":"follow","max-snippet":"max-snippet:-1","max-image-preview":"max-image-preview:large","max-video-preview":"max-video-preview:-1"},"canonical":"https:\/\/www.filantropiacortessolari.cl\/radio-txs-entrevista-patricia-morales-gerenta-general-filantropia-cortes-solari-por-labor-cientifica-y-participacion-en-cop27\/","og_locale":"en_US","og_type":"article","og_title":"[Radio TXS] Entrevista Patricia Morales, gerenta general Filantrop\u00eda Cort\u00e9s Solari, por labor cient\u00edfica y participaci\u00f3n en COP27","og_url":"https:\/\/www.filantropiacortessolari.cl\/radio-txs-entrevista-patricia-morales-gerenta-general-filantropia-cortes-solari-por-labor-cientifica-y-participacion-en-cop27\/","og_site_name":"Filantrop\u00eda Cort\u00e9s Solari","article_published_time":"2022-11-02T20:31:12+00:00","article_modified_time":"2022-11-09T20:49:08+00:00","og_image":[{"width":1280,"height":853,"url":"https:\/\/www.filantropiacortessolari.cl\/wp-content\/uploads\/2022\/11\/Patricia-morales-foto-diario-financiero-photoshopeada.jpg","type":"image\/jpeg"}],"author":"Filantrop\u00eda Cort\u00e9s Solari","twitter_card":"summary_large_image","twitter_misc":{"Written by":"Filantrop\u00eda Cort\u00e9s Solari"},"schema":{"@context":"https:\/\/schema.org","@graph":[{"@type":"Article","@id":"https:\/\/www.filantropiacortessolari.cl\/radio-txs-entrevista-patricia-morales-gerenta-general-filantropia-cortes-solari-por-labor-cientifica-y-participacion-en-cop27\/#article","isPartOf":{"@id":"https:\/\/www.filantropiacortessolari.cl\/radio-txs-entrevista-patricia-morales-gerenta-general-filantropia-cortes-solari-por-labor-cientifica-y-participacion-en-cop27\/"},"author":{"name":"Filantrop\u00eda Cort\u00e9s Solari","@id":"https:\/\/www.filantropiacortessolari.cl\/#\/schema\/person\/e099cf1046922f4f5892172332dc86c0"},"headline":"[Radio TXS] Entrevista Patricia Morales, gerenta general Filantrop\u00eda Cort\u00e9s Solari, por labor cient\u00edfica y participaci\u00f3n en COP27","datePublished":"2022-11-02T20:31:12+00:00","dateModified":"2022-11-09T20:49:08+00:00","mainEntityOfPage":{"@id":"https:\/\/www.filantropiacortessolari.cl\/radio-txs-entrevista-patricia-morales-gerenta-general-filantropia-cortes-solari-por-labor-cientifica-y-participacion-en-cop27\/"},"wordCount":96,"commentCount":0,"image":{"@id":"https:\/\/www.filantropiacortessolari.cl\/radio-txs-entrevista-patricia-morales-gerenta-general-filantropia-cortes-solari-por-labor-cientifica-y-participacion-en-cop27\/#primaryimage"},"thumbnailUrl":"https:\/\/www.filantropiacortessolari.cl\/wp-content\/uploads\/2022\/11\/Patricia-morales-foto-diario-financiero-photoshopeada.jpg","keywords":["ciencia","COP 27","Filantrop\u00eda Cort\u00e9s Solari","Fundaci\u00f3n MERI"],"articleSection":["Entrevistas","Entrevistas MERI","Prensa MERI"],"inLanguage":"en-US","potentialAction":[{"@type":"CommentAction","name":"Comment","target":["https:\/\/www.filantropiacortessolari.cl\/radio-txs-entrevista-patricia-morales-gerenta-general-filantropia-cortes-solari-por-labor-cientifica-y-participacion-en-cop27\/#respond"]}]},{"@type":"WebPage","@id":"https:\/\/www.filantropiacortessolari.cl\/radio-txs-entrevista-patricia-morales-gerenta-general-filantropia-cortes-solari-por-labor-cientifica-y-participacion-en-cop27\/","url":"https:\/\/www.filantropiacortessolari.cl\/radio-txs-entrevista-patricia-morales-gerenta-general-filantropia-cortes-solari-por-labor-cientifica-y-participacion-en-cop27\/","name":"[Radio TXS] Entrevista Patricia Morales, gerenta general Filantrop\u00eda Cort\u00e9s Solari, por labor cient\u00edfica y participaci\u00f3n en COP27","isPartOf":{"@id":"https:\/\/www.filantropiacortessolari.cl\/#website"},"primaryImageOfPage":{"@id":"https:\/\/www.filantropiacortessolari.cl\/radio-txs-entrevista-patricia-morales-gerenta-general-filantropia-cortes-solari-por-labor-cientifica-y-participacion-en-cop27\/#primaryimage"},"image":{"@id":"https:\/\/www.filantropiacortessolari.cl\/radio-txs-entrevista-patricia-morales-gerenta-general-filantropia-cortes-solari-por-labor-cientifica-y-participacion-en-cop27\/#primaryimage"},"thumbnailUrl":"https:\/\/www.filantropiacortessolari.cl\/wp-content\/uploads\/2022\/11\/Patricia-morales-foto-diario-financiero-photoshopeada.jpg","datePublished":"2022-11-02T20:31:12+00:00","dateModified":"2022-11-09T20:49:08+00:00","author":{"@id":"https:\/\/www.filantropiacortessolari.cl\/#\/schema\/person\/e099cf1046922f4f5892172332dc86c0"},"breadcrumb":{"@id":"https:\/\/www.filantropiacortessolari.cl\/radio-txs-entrevista-patricia-morales-gerenta-general-filantropia-cortes-solari-por-labor-cientifica-y-participacion-en-cop27\/#breadcrumb"},"inLanguage":"en-US","potentialAction":[{"@type":"ReadAction","target":["https:\/\/www.filantropiacortessolari.cl\/radio-txs-entrevista-patricia-morales-gerenta-general-filantropia-cortes-solari-por-labor-cientifica-y-participacion-en-cop27\/"]}]},{"@type":"ImageObject","inLanguage":"en-US","@id":"https:\/\/www.filantropiacortessolari.cl\/radio-txs-entrevista-patricia-morales-gerenta-general-filantropia-cortes-solari-por-labor-cientifica-y-participacion-en-cop27\/#primaryimage","url":"https:\/\/www.filantropiacortessolari.cl\/wp-content\/uploads\/2022\/11\/Patricia-morales-foto-diario-financiero-photoshopeada.jpg","contentUrl":"https:\/\/www.filantropiacortessolari.cl\/wp-content\/uploads\/2022\/11\/Patricia-morales-foto-diario-financiero-photoshopeada.jpg","width":1280,"height":853},{"@type":"BreadcrumbList","@id":"https:\/\/www.filantropiacortessolari.cl\/radio-txs-entrevista-patricia-morales-gerenta-general-filantropia-cortes-solari-por-labor-cientifica-y-participacion-en-cop27\/#breadcrumb","itemListElement":[{"@type":"ListItem","position":1,"name":"Portada","item":"https:\/\/www.filantropiacortessolari.cl\/"},{"@type":"ListItem","position":2,"name":"[Radio TXS] Entrevista Patricia Morales, gerenta general Filantrop\u00eda Cort\u00e9s Solari, por labor cient\u00edfica y participaci\u00f3n en COP27"}]},{"@type":"WebSite","@id":"https:\/\/www.filantropiacortessolari.cl\/#website","url":"https:\/\/www.filantropiacortessolari.cl\/","name":"Filantrop\u00eda Cort\u00e9s Solari","description":"Sitio web Filantrop\u00eda Cort\u00e9s Solari","potentialAction":[{"@type":"SearchAction","target":{"@type":"EntryPoint","urlTemplate":"https:\/\/www.filantropiacortessolari.cl\/?s={search_term_string}"},"query-input":{"@type":"PropertyValueSpecification","valueRequired":true,"valueName":"search_term_string"}}],"inLanguage":"en-US"},{"@type":"Person","@id":"https:\/\/www.filantropiacortessolari.cl\/#\/schema\/person\/e099cf1046922f4f5892172332dc86c0","name":"Filantrop\u00eda Cort\u00e9s Solari","image":{"@type":"ImageObject","inLanguage":"en-US","@id":"https:\/\/secure.gravatar.com\/avatar\/9d17bfe24074ed7576e70cbeb8e010cdd7d01fae9f2047bd96cccbe629ec3c11?s=96&d=mm&r=g","url":"https:\/\/secure.gravatar.com\/avatar\/9d17bfe24074ed7576e70cbeb8e010cdd7d01fae9f2047bd96cccbe629ec3c11?s=96&d=mm&r=g","contentUrl":"https:\/\/secure.gravatar.com\/avatar\/9d17bfe24074ed7576e70cbeb8e010cdd7d01fae9f2047bd96cccbe629ec3c11?s=96&d=mm&r=g","caption":"Filantrop\u00eda Cort\u00e9s Solari"},"url":"https:\/\/www.filantropiacortessolari.cl\/en\/author\/filantropia-cortes-solari\/"}]}},"_links":{"self":[{"href":"https:\/\/www.filantropiacortessolari.cl\/en\/wp-json\/wp\/v2\/posts\/11197","targetHints":{"allow":["GET"]}}],"collection":[{"href":"https:\/\/www.filantropiacortessolari.cl\/en\/wp-json\/wp\/v2\/posts"}],"about":[{"href":"https:\/\/www.filantropiacortessolari.cl\/en\/wp-json\/wp\/v2\/types\/post"}],"author":[{"embeddable":true,"href":"https:\/\/www.filantropiacortessolari.cl\/en\/wp-json\/wp\/v2\/users\/1"}],"replies":[{"embeddable":true,"href":"https:\/\/www.filantropiacortessolari.cl\/en\/wp-json\/wp\/v2\/comments?post=11197"}],"version-history":[{"count":1,"href":"https:\/\/www.filantropiacortessolari.cl\/en\/wp-json\/wp\/v2\/posts\/11197\/revisions"}],"predecessor-version":[{"id":11199,"href":"https:\/\/www.filantropiacortessolari.cl\/en\/wp-json\/wp\/v2\/posts\/11197\/revisions\/11199"}],"wp:featuredmedia":[{"embeddable":true,"href":"https:\/\/www.filantropiacortessolari.cl\/en\/wp-json\/wp\/v2\/media\/11198"}],"wp:attachment":[{"href":"https:\/\/www.filantropiacortessolari.cl\/en\/wp-json\/wp\/v2\/media?parent=11197"}],"wp:term":[{"taxonomy":"category","embeddable":true,"href":"https:\/\/www.filantropiacortessolari.cl\/en\/wp-json\/wp\/v2\/categories?post=11197"},{"taxonomy":"post_tag","embeddable":true,"href":"https:\/\/www.filantropiacortessolari.cl\/en\/wp-json\/wp\/v2\/tags?post=11197"}],"curies":[{"name":"wp","href":"https:\/\/api.w.org\/{rel}","templated":true}]}}