{"id":11200,"date":"2022-11-08T17:38:14","date_gmt":"2022-11-08T20:38:14","guid":{"rendered":"https:\/\/www.filantropiacortessolari.cl\/?p=11200"},"modified":"2022-11-10T18:57:56","modified_gmt":"2022-11-10T21:57:56","slug":"tvn-colegio-de-pirque-ganador-de-guardianes-del-clima-fue-reconocido-en-la-cop27","status":"publish","type":"post","link":"https:\/\/www.filantropiacortessolari.cl\/en\/tvn-colegio-de-pirque-ganador-de-guardianes-del-clima-fue-reconocido-en-la-cop27\/","title":{"rendered":"[TVN] Colegio de Pirque, ganador de Guardianes del Clima, fue reconocido en la COP27"},"content":{"rendered":"<style type=\"text\/css\"><\/style><p>Colegio colonial de Pirque gan\u00f3 concurso &#8220;<a href=\"https:\/\/fundacionmeri.cl\/unicef-meri\/#1667940188134-96e30e65-37a9\" target=\"_blank\" rel=\"noopener\">guardianes del clima<\/a>&#8220;. Por lo que su labor fue reconocida en la cumbre clim\u00e1tica.<\/p>\n<p>Fuente: <a href=\"https:\/\/www.tvn.cl\/\" target=\"_blank\" rel=\"noopener\">TVN<\/a><\/p>\n","protected":false},"excerpt":{"rendered":"<p>Colegio colonial de Pirque gan\u00f3 concurso &#8220;guardianes del clima&#8220;. Por lo que su labor fue reconocida en la cumbre clim\u00e1tica. Fuente: TVN<\/p>\n","protected":false},"author":1,"featured_media":11203,"comment_status":"open","ping_status":"open","sticky":false,"template":"","format":"video","meta":{"footnotes":""},"categories":[5,6],"tags":[63,52,42,50],"class_list":["post-11200","post","type-post","status-publish","format-video","has-post-thumbnail","hentry","category-prensa-escrita","category-fundacion-meri","tag-cambio-climatico","tag-cop-27","tag-francisca-cortes-solari","tag-fundacion-meri","post_format-post-format-video"],"translation":{"provider":"WPGlobus","version":"3.0.2","language":"en","enabled_languages":["es","en"],"languages":{"es":{"title":true,"content":true,"excerpt":false},"en":{"title":false,"content":false,"excerpt":false}}},"yoast_head":"<!-- This site is optimized with the Yoast SEO plugin v27.4 - https:\/\/yoast.com\/product\/yoast-seo-wordpress\/ -->\n<title>[TVN] Colegio de Pirque, ganador de Guardianes del Clima, fue reconocido en la COP27<\/title>\n<meta name=\"robots\" content=\"index, follow, max-snippet:-1, max-image-preview:large, max-video-preview:-1\" \/>\n<link rel=\"canonical\" href=\"https:\/\/www.filantropiacortessolari.cl\/tvn-colegio-de-pirque-ganador-de-guardianes-del-clima-fue-reconocido-en-la-cop27\/\" \/>\n<meta property=\"og:locale\" content=\"en_US\" \/>\n<meta property=\"og:type\" content=\"article\" \/>\n<meta property=\"og:title\" content=\"[TVN] Colegio de Pirque, ganador de Guardianes del Clima, fue reconocido en la COP27\" \/>\n<meta property=\"og:url\" content=\"https:\/\/www.filantropiacortessolari.cl\/tvn-colegio-de-pirque-ganador-de-guardianes-del-clima-fue-reconocido-en-la-cop27\/\" \/>\n<meta property=\"og:site_name\" content=\"Filantrop\u00eda Cort\u00e9s Solari\" \/>\n<meta property=\"article:published_time\" content=\"2022-11-08T20:38:14+00:00\" \/>\n<meta property=\"article:modified_time\" content=\"2022-11-10T21:57:56+00:00\" \/>\n<meta property=\"og:image\" content=\"https:\/\/www.filantropiacortessolari.cl\/wp-content\/uploads\/2022\/11\/colegio-de-pirque-photoshopeada.jpg\" \/>\n\t<meta property=\"og:image:width\" content=\"1280\" \/>\n\t<meta property=\"og:image:height\" content=\"853\" \/>\n\t<meta property=\"og:image:type\" content=\"image\/jpeg\" \/>\n<meta name=\"author\" content=\"Filantrop\u00eda Cort\u00e9s Solari\" \/>\n<meta name=\"twitter:card\" content=\"summary_large_image\" \/>\n<meta name=\"twitter:label1\" content=\"Written by\" \/>\n\t<meta name=\"twitter:data1\" content=\"Filantrop\u00eda Cort\u00e9s Solari\" \/>\n<script type=\"application\/ld+json\" class=\"yoast-schema-graph\">{\"@context\":\"https:\\\/\\\/schema.org\",\"@graph\":[{\"@type\":\"Article\",\"@id\":\"https:\\\/\\\/www.filantropiacortessolari.cl\\\/tvn-colegio-de-pirque-ganador-de-guardianes-del-clima-fue-reconocido-en-la-cop27\\\/#article\",\"isPartOf\":{\"@id\":\"https:\\\/\\\/www.filantropiacortessolari.cl\\\/tvn-colegio-de-pirque-ganador-de-guardianes-del-clima-fue-reconocido-en-la-cop27\\\/\"},\"author\":{\"name\":\"Filantrop\u00eda Cort\u00e9s Solari\",\"@id\":\"https:\\\/\\\/www.filantropiacortessolari.cl\\\/#\\\/schema\\\/person\\\/e099cf1046922f4f5892172332dc86c0\"},\"headline\":\"[TVN] Colegio de Pirque, ganador de Guardianes del Clima, fue reconocido en la COP27\",\"datePublished\":\"2022-11-08T20:38:14+00:00\",\"dateModified\":\"2022-11-10T21:57:56+00:00\",\"mainEntityOfPage\":{\"@id\":\"https:\\\/\\\/www.filantropiacortessolari.cl\\\/tvn-colegio-de-pirque-ganador-de-guardianes-del-clima-fue-reconocido-en-la-cop27\\\/\"},\"wordCount\":37,\"commentCount\":0,\"image\":{\"@id\":\"https:\\\/\\\/www.filantropiacortessolari.cl\\\/tvn-colegio-de-pirque-ganador-de-guardianes-del-clima-fue-reconocido-en-la-cop27\\\/#primaryimage\"},\"thumbnailUrl\":\"https:\\\/\\\/www.filantropiacortessolari.cl\\\/wp-content\\\/uploads\\\/2022\\\/11\\\/colegio-de-pirque-photoshopeada.jpg\",\"keywords\":[\"Cambio Clim\u00e1tico\",\"COP 27\",\"Francisca Cort\u00e9s Solari\",\"Fundaci\u00f3n MERI\"],\"articleSection\":[\"Prensa Escrita\",\"Prensa MERI\"],\"inLanguage\":\"en-US\",\"potentialAction\":[{\"@type\":\"CommentAction\",\"name\":\"Comment\",\"target\":[\"https:\\\/\\\/www.filantropiacortessolari.cl\\\/tvn-colegio-de-pirque-ganador-de-guardianes-del-clima-fue-reconocido-en-la-cop27\\\/#respond\"]}]},{\"@type\":\"WebPage\",\"@id\":\"https:\\\/\\\/www.filantropiacortessolari.cl\\\/tvn-colegio-de-pirque-ganador-de-guardianes-del-clima-fue-reconocido-en-la-cop27\\\/\",\"url\":\"https:\\\/\\\/www.filantropiacortessolari.cl\\\/tvn-colegio-de-pirque-ganador-de-guardianes-del-clima-fue-reconocido-en-la-cop27\\\/\",\"name\":\"[TVN] Colegio de Pirque, ganador de Guardianes del Clima, fue reconocido en la COP27\",\"isPartOf\":{\"@id\":\"https:\\\/\\\/www.filantropiacortessolari.cl\\\/#website\"},\"primaryImageOfPage\":{\"@id\":\"https:\\\/\\\/www.filantropiacortessolari.cl\\\/tvn-colegio-de-pirque-ganador-de-guardianes-del-clima-fue-reconocido-en-la-cop27\\\/#primaryimage\"},\"image\":{\"@id\":\"https:\\\/\\\/www.filantropiacortessolari.cl\\\/tvn-colegio-de-pirque-ganador-de-guardianes-del-clima-fue-reconocido-en-la-cop27\\\/#primaryimage\"},\"thumbnailUrl\":\"https:\\\/\\\/www.filantropiacortessolari.cl\\\/wp-content\\\/uploads\\\/2022\\\/11\\\/colegio-de-pirque-photoshopeada.jpg\",\"datePublished\":\"2022-11-08T20:38:14+00:00\",\"dateModified\":\"2022-11-10T21:57:56+00:00\",\"author\":{\"@id\":\"https:\\\/\\\/www.filantropiacortessolari.cl\\\/#\\\/schema\\\/person\\\/e099cf1046922f4f5892172332dc86c0\"},\"breadcrumb\":{\"@id\":\"https:\\\/\\\/www.filantropiacortessolari.cl\\\/tvn-colegio-de-pirque-ganador-de-guardianes-del-clima-fue-reconocido-en-la-cop27\\\/#breadcrumb\"},\"inLanguage\":\"en-US\",\"potentialAction\":[{\"@type\":\"ReadAction\",\"target\":[\"https:\\\/\\\/www.filantropiacortessolari.cl\\\/tvn-colegio-de-pirque-ganador-de-guardianes-del-clima-fue-reconocido-en-la-cop27\\\/\"]}]},{\"@type\":\"ImageObject\",\"inLanguage\":\"en-US\",\"@id\":\"https:\\\/\\\/www.filantropiacortessolari.cl\\\/tvn-colegio-de-pirque-ganador-de-guardianes-del-clima-fue-reconocido-en-la-cop27\\\/#primaryimage\",\"url\":\"https:\\\/\\\/www.filantropiacortessolari.cl\\\/wp-content\\\/uploads\\\/2022\\\/11\\\/colegio-de-pirque-photoshopeada.jpg\",\"contentUrl\":\"https:\\\/\\\/www.filantropiacortessolari.cl\\\/wp-content\\\/uploads\\\/2022\\\/11\\\/colegio-de-pirque-photoshopeada.jpg\",\"width\":1280,\"height\":853},{\"@type\":\"BreadcrumbList\",\"@id\":\"https:\\\/\\\/www.filantropiacortessolari.cl\\\/tvn-colegio-de-pirque-ganador-de-guardianes-del-clima-fue-reconocido-en-la-cop27\\\/#breadcrumb\",\"itemListElement\":[{\"@type\":\"ListItem\",\"position\":1,\"name\":\"Portada\",\"item\":\"https:\\\/\\\/www.filantropiacortessolari.cl\\\/\"},{\"@type\":\"ListItem\",\"position\":2,\"name\":\"[TVN] Colegio de Pirque, ganador de Guardianes del Clima, fue reconocido en la COP27\"}]},{\"@type\":\"WebSite\",\"@id\":\"https:\\\/\\\/www.filantropiacortessolari.cl\\\/#website\",\"url\":\"https:\\\/\\\/www.filantropiacortessolari.cl\\\/\",\"name\":\"Filantrop\u00eda Cort\u00e9s Solari\",\"description\":\"Sitio web Filantrop\u00eda Cort\u00e9s Solari\",\"potentialAction\":[{\"@type\":\"SearchAction\",\"target\":{\"@type\":\"EntryPoint\",\"urlTemplate\":\"https:\\\/\\\/www.filantropiacortessolari.cl\\\/?s={search_term_string}\"},\"query-input\":{\"@type\":\"PropertyValueSpecification\",\"valueRequired\":true,\"valueName\":\"search_term_string\"}}],\"inLanguage\":\"en-US\"},{\"@type\":\"Person\",\"@id\":\"https:\\\/\\\/www.filantropiacortessolari.cl\\\/#\\\/schema\\\/person\\\/e099cf1046922f4f5892172332dc86c0\",\"name\":\"Filantrop\u00eda Cort\u00e9s Solari\",\"image\":{\"@type\":\"ImageObject\",\"inLanguage\":\"en-US\",\"@id\":\"https:\\\/\\\/secure.gravatar.com\\\/avatar\\\/9d17bfe24074ed7576e70cbeb8e010cdd7d01fae9f2047bd96cccbe629ec3c11?s=96&d=mm&r=g\",\"url\":\"https:\\\/\\\/secure.gravatar.com\\\/avatar\\\/9d17bfe24074ed7576e70cbeb8e010cdd7d01fae9f2047bd96cccbe629ec3c11?s=96&d=mm&r=g\",\"contentUrl\":\"https:\\\/\\\/secure.gravatar.com\\\/avatar\\\/9d17bfe24074ed7576e70cbeb8e010cdd7d01fae9f2047bd96cccbe629ec3c11?s=96&d=mm&r=g\",\"caption\":\"Filantrop\u00eda Cort\u00e9s Solari\"},\"url\":\"https:\\\/\\\/www.filantropiacortessolari.cl\\\/en\\\/author\\\/filantropia-cortes-solari\\\/\"}]}<\/script>\n<!-- \/ Yoast SEO plugin. -->","yoast_head_json":{"title":"[TVN] Colegio de Pirque, ganador de Guardianes del Clima, fue reconocido en la COP27","robots":{"index":"index","follow":"follow","max-snippet":"max-snippet:-1","max-image-preview":"max-image-preview:large","max-video-preview":"max-video-preview:-1"},"canonical":"https:\/\/www.filantropiacortessolari.cl\/tvn-colegio-de-pirque-ganador-de-guardianes-del-clima-fue-reconocido-en-la-cop27\/","og_locale":"en_US","og_type":"article","og_title":"[TVN] Colegio de Pirque, ganador de Guardianes del Clima, fue reconocido en la COP27","og_url":"https:\/\/www.filantropiacortessolari.cl\/tvn-colegio-de-pirque-ganador-de-guardianes-del-clima-fue-reconocido-en-la-cop27\/","og_site_name":"Filantrop\u00eda Cort\u00e9s Solari","article_published_time":"2022-11-08T20:38:14+00:00","article_modified_time":"2022-11-10T21:57:56+00:00","og_image":[{"width":1280,"height":853,"url":"https:\/\/www.filantropiacortessolari.cl\/wp-content\/uploads\/2022\/11\/colegio-de-pirque-photoshopeada.jpg","type":"image\/jpeg"}],"author":"Filantrop\u00eda Cort\u00e9s Solari","twitter_card":"summary_large_image","twitter_misc":{"Written by":"Filantrop\u00eda Cort\u00e9s Solari"},"schema":{"@context":"https:\/\/schema.org","@graph":[{"@type":"Article","@id":"https:\/\/www.filantropiacortessolari.cl\/tvn-colegio-de-pirque-ganador-de-guardianes-del-clima-fue-reconocido-en-la-cop27\/#article","isPartOf":{"@id":"https:\/\/www.filantropiacortessolari.cl\/tvn-colegio-de-pirque-ganador-de-guardianes-del-clima-fue-reconocido-en-la-cop27\/"},"author":{"name":"Filantrop\u00eda Cort\u00e9s Solari","@id":"https:\/\/www.filantropiacortessolari.cl\/#\/schema\/person\/e099cf1046922f4f5892172332dc86c0"},"headline":"[TVN] Colegio de Pirque, ganador de Guardianes del Clima, fue reconocido en la COP27","datePublished":"2022-11-08T20:38:14+00:00","dateModified":"2022-11-10T21:57:56+00:00","mainEntityOfPage":{"@id":"https:\/\/www.filantropiacortessolari.cl\/tvn-colegio-de-pirque-ganador-de-guardianes-del-clima-fue-reconocido-en-la-cop27\/"},"wordCount":37,"commentCount":0,"image":{"@id":"https:\/\/www.filantropiacortessolari.cl\/tvn-colegio-de-pirque-ganador-de-guardianes-del-clima-fue-reconocido-en-la-cop27\/#primaryimage"},"thumbnailUrl":"https:\/\/www.filantropiacortessolari.cl\/wp-content\/uploads\/2022\/11\/colegio-de-pirque-photoshopeada.jpg","keywords":["Cambio Clim\u00e1tico","COP 27","Francisca Cort\u00e9s Solari","Fundaci\u00f3n MERI"],"articleSection":["Prensa Escrita","Prensa MERI"],"inLanguage":"en-US","potentialAction":[{"@type":"CommentAction","name":"Comment","target":["https:\/\/www.filantropiacortessolari.cl\/tvn-colegio-de-pirque-ganador-de-guardianes-del-clima-fue-reconocido-en-la-cop27\/#respond"]}]},{"@type":"WebPage","@id":"https:\/\/www.filantropiacortessolari.cl\/tvn-colegio-de-pirque-ganador-de-guardianes-del-clima-fue-reconocido-en-la-cop27\/","url":"https:\/\/www.filantropiacortessolari.cl\/tvn-colegio-de-pirque-ganador-de-guardianes-del-clima-fue-reconocido-en-la-cop27\/","name":"[TVN] Colegio de Pirque, ganador de Guardianes del Clima, fue reconocido en la COP27","isPartOf":{"@id":"https:\/\/www.filantropiacortessolari.cl\/#website"},"primaryImageOfPage":{"@id":"https:\/\/www.filantropiacortessolari.cl\/tvn-colegio-de-pirque-ganador-de-guardianes-del-clima-fue-reconocido-en-la-cop27\/#primaryimage"},"image":{"@id":"https:\/\/www.filantropiacortessolari.cl\/tvn-colegio-de-pirque-ganador-de-guardianes-del-clima-fue-reconocido-en-la-cop27\/#primaryimage"},"thumbnailUrl":"https:\/\/www.filantropiacortessolari.cl\/wp-content\/uploads\/2022\/11\/colegio-de-pirque-photoshopeada.jpg","datePublished":"2022-11-08T20:38:14+00:00","dateModified":"2022-11-10T21:57:56+00:00","author":{"@id":"https:\/\/www.filantropiacortessolari.cl\/#\/schema\/person\/e099cf1046922f4f5892172332dc86c0"},"breadcrumb":{"@id":"https:\/\/www.filantropiacortessolari.cl\/tvn-colegio-de-pirque-ganador-de-guardianes-del-clima-fue-reconocido-en-la-cop27\/#breadcrumb"},"inLanguage":"en-US","potentialAction":[{"@type":"ReadAction","target":["https:\/\/www.filantropiacortessolari.cl\/tvn-colegio-de-pirque-ganador-de-guardianes-del-clima-fue-reconocido-en-la-cop27\/"]}]},{"@type":"ImageObject","inLanguage":"en-US","@id":"https:\/\/www.filantropiacortessolari.cl\/tvn-colegio-de-pirque-ganador-de-guardianes-del-clima-fue-reconocido-en-la-cop27\/#primaryimage","url":"https:\/\/www.filantropiacortessolari.cl\/wp-content\/uploads\/2022\/11\/colegio-de-pirque-photoshopeada.jpg","contentUrl":"https:\/\/www.filantropiacortessolari.cl\/wp-content\/uploads\/2022\/11\/colegio-de-pirque-photoshopeada.jpg","width":1280,"height":853},{"@type":"BreadcrumbList","@id":"https:\/\/www.filantropiacortessolari.cl\/tvn-colegio-de-pirque-ganador-de-guardianes-del-clima-fue-reconocido-en-la-cop27\/#breadcrumb","itemListElement":[{"@type":"ListItem","position":1,"name":"Portada","item":"https:\/\/www.filantropiacortessolari.cl\/"},{"@type":"ListItem","position":2,"name":"[TVN] Colegio de Pirque, ganador de Guardianes del Clima, fue reconocido en la COP27"}]},{"@type":"WebSite","@id":"https:\/\/www.filantropiacortessolari.cl\/#website","url":"https:\/\/www.filantropiacortessolari.cl\/","name":"Filantrop\u00eda Cort\u00e9s Solari","description":"Sitio web Filantrop\u00eda Cort\u00e9s Solari","potentialAction":[{"@type":"SearchAction","target":{"@type":"EntryPoint","urlTemplate":"https:\/\/www.filantropiacortessolari.cl\/?s={search_term_string}"},"query-input":{"@type":"PropertyValueSpecification","valueRequired":true,"valueName":"search_term_string"}}],"inLanguage":"en-US"},{"@type":"Person","@id":"https:\/\/www.filantropiacortessolari.cl\/#\/schema\/person\/e099cf1046922f4f5892172332dc86c0","name":"Filantrop\u00eda Cort\u00e9s Solari","image":{"@type":"ImageObject","inLanguage":"en-US","@id":"https:\/\/secure.gravatar.com\/avatar\/9d17bfe24074ed7576e70cbeb8e010cdd7d01fae9f2047bd96cccbe629ec3c11?s=96&d=mm&r=g","url":"https:\/\/secure.gravatar.com\/avatar\/9d17bfe24074ed7576e70cbeb8e010cdd7d01fae9f2047bd96cccbe629ec3c11?s=96&d=mm&r=g","contentUrl":"https:\/\/secure.gravatar.com\/avatar\/9d17bfe24074ed7576e70cbeb8e010cdd7d01fae9f2047bd96cccbe629ec3c11?s=96&d=mm&r=g","caption":"Filantrop\u00eda Cort\u00e9s Solari"},"url":"https:\/\/www.filantropiacortessolari.cl\/en\/author\/filantropia-cortes-solari\/"}]}},"_links":{"self":[{"href":"https:\/\/www.filantropiacortessolari.cl\/en\/wp-json\/wp\/v2\/posts\/11200","targetHints":{"allow":["GET"]}}],"collection":[{"href":"https:\/\/www.filantropiacortessolari.cl\/en\/wp-json\/wp\/v2\/posts"}],"about":[{"href":"https:\/\/www.filantropiacortessolari.cl\/en\/wp-json\/wp\/v2\/types\/post"}],"author":[{"embeddable":true,"href":"https:\/\/www.filantropiacortessolari.cl\/en\/wp-json\/wp\/v2\/users\/1"}],"replies":[{"embeddable":true,"href":"https:\/\/www.filantropiacortessolari.cl\/en\/wp-json\/wp\/v2\/comments?post=11200"}],"version-history":[{"count":3,"href":"https:\/\/www.filantropiacortessolari.cl\/en\/wp-json\/wp\/v2\/posts\/11200\/revisions"}],"predecessor-version":[{"id":11235,"href":"https:\/\/www.filantropiacortessolari.cl\/en\/wp-json\/wp\/v2\/posts\/11200\/revisions\/11235"}],"wp:featuredmedia":[{"embeddable":true,"href":"https:\/\/www.filantropiacortessolari.cl\/en\/wp-json\/wp\/v2\/media\/11203"}],"wp:attachment":[{"href":"https:\/\/www.filantropiacortessolari.cl\/en\/wp-json\/wp\/v2\/media?parent=11200"}],"wp:term":[{"taxonomy":"category","embeddable":true,"href":"https:\/\/www.filantropiacortessolari.cl\/en\/wp-json\/wp\/v2\/categories?post=11200"},{"taxonomy":"post_tag","embeddable":true,"href":"https:\/\/www.filantropiacortessolari.cl\/en\/wp-json\/wp\/v2\/tags?post=11200"}],"curies":[{"name":"wp","href":"https:\/\/api.w.org\/{rel}","templated":true}]}}