{"id":11231,"date":"2022-09-08T18:51:06","date_gmt":"2022-09-08T21:51:06","guid":{"rendered":"https:\/\/www.filantropiacortessolari.cl\/?p=11231"},"modified":"2022-11-10T18:54:39","modified_gmt":"2022-11-10T21:54:39","slug":"diario-financiero-fundacion-meri-encabezara-pabellon-de-oceanos-en-la-proxima-cumbre-climatica-cop27-2","status":"publish","type":"post","link":"https:\/\/www.filantropiacortessolari.cl\/en\/diario-financiero-fundacion-meri-encabezara-pabellon-de-oceanos-en-la-proxima-cumbre-climatica-cop27-2\/","title":{"rendered":"[Diario Financiero] Fundaci\u00f3n MERI encabezar\u00e1 pabell\u00f3n de oc\u00e9anos en la pr\u00f3xima Cumbre Clim\u00e1tica, COP27"},"content":{"rendered":"<style type=\"text\/css\"><\/style><p>Tambi\u00e9n te puede interesar: <a href=\"https:\/\/www.filantropiacortessolari.cl\/diario-sustentable-columna-proteccion-de-los-oceanos-en-la-cop\/\" target=\"_blank\" rel=\"noopener\">Protecci\u00f3n de los oc\u00e9anos en la COP<\/a><\/p>\n<p>A poco menos de dos meses de que se realice la Cumbre del Clima anual que organiza la Convenci\u00f3n Marco de las Naciones Unidas contra el Cambio Clim\u00e1tico, comienzan a conocerse detalles de la agenda de las organizaciones.<\/p>\n<p>En este contexto, <a href=\"https:\/\/www.filantropiacortessolari.cl\/profile\/patricia-morales\/\" target=\"_blank\" rel=\"noopener\">Patricia Morales<\/a>, economista y gerenta general de <a href=\"https:\/\/www.filantropiacortessolari.cl\/profile\/patricia-morales\/\" target=\"_blank\" rel=\"noopener\">Fundaci\u00f3n Meri<\/a>, adelant\u00f3 a DF que junto al Panel Intergubernamental de Expertos sobre el Cambio Clim\u00e1tico (IPCC) y la Organizaci\u00f3n Meteorol\u00f3gica Mundial, encabezar\u00e1n el pabell\u00f3n Science for Climate Action (Ciencia para la Acci\u00f3n Clim\u00e1tica) de la pr\u00f3xima Conferencia de las Partes, <a href=\"https:\/\/fundacionmeri.cl\/cop27\/\" target=\"_blank\" rel=\"noopener\">COP27<\/a>, que se realizar\u00e1 entre el 6 y 18 de noviembre en Egipto.<\/p>\n<p><a href=\"https:\/\/fundacionmeri.cl\" target=\"_blank\" rel=\"noopener\">Fundaci\u00f3n MERI<\/a> -de <a>Filantrop\u00eda Cortez-Solari<\/a> -desde 2012 realiza investigaci\u00f3n cient\u00edfica para la conservaci\u00f3n de ecosistemas estrat\u00e9gicos para la mitigaci\u00f3n del cambio clim\u00e1tico, y de cara a la pr\u00f3xima COP27, uno de sus focos es la b\u00fasqueda de soluciones para la protecci\u00f3n de los oc\u00e9anos.<\/p>\n<p>Morales coment\u00f3 que en el pabell\u00f3n Science for Climate Action participar\u00e1n expertos de Chile, Panam\u00e1, Uruguay, Portugal y M\u00f3naco, y estar\u00e1 enfocado en cuatro temas relacionados a los <a href=\"https:\/\/fundacionmeri.cl\/ecosistemas-marinos-y-de-agua-dulce\/\" target=\"_blank\" rel=\"noopener\">ecosistemas marinos<\/a>: \u00e1reas marinas protegidas, econom\u00eda azul, tr\u00e1fico mar\u00edtimo y conservaci\u00f3n multidimensional.<\/p>\n<p>El primer tema buscar\u00e1 promover la creaci\u00f3n de una mayor cantidad de \u00e1reas marinas protegidas a nivel global, &#8216;a trav\u00e9s de compromisos en el monitoreo de impacto de las actividades humana en estas \u00e1reas&#8217;, dijo Morales.<\/p>\n<p>En tanto, la econom\u00eda azul se centrar\u00e1 en &#8216;c\u00f3mo avanzamos hacia una econom\u00eda sustentada en la biodiversidad de los oc\u00e9anos, sumando a las industrias que all\u00ed operan, como el sector acu\u00edcola, y promoviendo soluciones tecnol\u00f3gicas de mitigaci\u00f3n y la regulaci\u00f3n de los pa\u00edses hacia las empresas&#8217;.<\/p>\n<p>Un tercer tema es el tr\u00e1fico mar\u00edtimo, donde la conversaci\u00f3n se orientar\u00e1 hacia formas para evitar que las embarcaciones afecten la sobrevivencia y bienestar de los ecosistemas mar\u00edtimos.<\/p>\n<p>El cuarto tema, la conservaci\u00f3n multidimensional, se abordar\u00e1 desde el territorio con una dimensi\u00f3n ambiental, social, cultural y econ\u00f3mica, &#8216;que como <a href=\"https:\/\/fundacionmeri.cl\/\" target=\"_blank\" rel=\"noopener\">Fundaci\u00f3n MERI<\/a> ya hemos venido trabajando en San Pedro de Atacama, San Jos\u00e9 de Maipo y la Patagonia norte, y tambi\u00e9n en foros internacionales, tanto desde la perspectiva territorial como mar\u00edtima&#8217;, afirm\u00f3 Morales.<\/p>\n<p>La economista se\u00f1al\u00f3 que la importancia que se le otorga a los oc\u00e9anos es consecuencia de la acci\u00f3n de Chile en la <a href=\"https:\/\/fundacionmeri.cl\/cop-25\/\" target=\"_blank\" rel=\"noopener\">COP25<\/a>, donde &#8216;instal\u00f3 esta idea de una COP azul, ya que antes prevalec\u00eda el t\u00f3pico de que el cambio clim\u00e1tico se resolv\u00eda en ecosistemas terrestres y se dejaban de lado los oc\u00e9anos&#8217;.<\/p>\n<h2>Chile y boyas inteligentes<\/h2>\n<p>Morales afirm\u00f3 que Chile es un ejemplo en la protecci\u00f3n de los oc\u00e9anos y de los ecosistemas marinos. Y que debido a su &#8216;enorme cantidad de biodiversidad&#8217;, tiene una oportunidad &#8216;para mostrar una senda nueva al resto del mundo sobre c\u00f3mo proteger y conservar&#8217;.<\/p>\n<p>Destac\u00f3 que el pa\u00eds tiene un 30% de \u00e1reas marinas protegidas y que, en la \u00faltima Cumbre de las Am\u00e9ricas, de junio pasado, impuls\u00f3 la coalici\u00f3n Am\u00e9ricas por la Protecci\u00f3n del Oc\u00e9ano, para generar espacios de cooperaci\u00f3n pol\u00edtica sobre \u00e1reas marinas protegidas en el continente.<\/p>\n<p>Sin embargo, un reto pendiente es definir d\u00f3nde van a estar estas \u00e1reas y c\u00f3mo se van a monitorear.<\/p>\n<p>En esta l\u00ednea, Morales destac\u00f3 <a href=\"https:\/\/fundacionmeri.cl\/the-blue-boat-initiative\/\" target=\"_blank\" rel=\"noopener\">The Blue Boat Initiative<\/a>, proyecto de <a href=\"https:\/\/fundacionmeri.cl\/\" target=\"_blank\" rel=\"noopener\">Fundaci\u00f3n MERI<\/a> en el Golfo de Corcovado en el Archipi\u00e9lago de Chilo\u00e9, el que busca prevenir el choque de ballenas con barcos a trav\u00e9s de una red de boyas inteligentes que capturan informaci\u00f3n y monitorean a los cet\u00e1ceos.<\/p>\n<p>&#8216;Desarrollamos una tecnolog\u00eda de punta para escuchar a los oc\u00e9anos y monitorear c\u00f3mo impactan las actividades humanas y las industrias en esta especie. Y, por otra parte, estamos valorizando los servicios ecosist\u00e9micos marinos&#8217;, donde las ballenas pueden capturar 33 toneladas de di\u00f3xido de carbono -CO2- durante su vida, equivalente a la capacidad de 1.500 \u00e1rboles.<\/p>\n<p>La economista adelant\u00f3 que en 2023 expandir\u00e1n la iniciativa hacia otros pa\u00edses de la regi\u00f3n, y lo impulsar\u00e1n en la COP27.<\/p>\n<h2>Tratado internacional<\/h2>\n<p>En agosto la Organizaci\u00f3n de las Naciones Unidas realiz\u00f3 una conferencia a fin de crear un tratado internacional para la conservaci\u00f3n de los oc\u00e9anos, pacto que viene discuti\u00e9ndose desde 2018. Luego de dos semanas de negociaciones, los gobiernos y actores participantes no lograron llegar a un acuerdo.<\/p>\n<p>Al respecto, Morales indic\u00f3 que negociaciones de este tipo son &#8216;de las \u00faltimas oportunidades internacionales que tenemos para llegar a un consenso. Hay un problema de entendimiento respecto a la perspectiva multidimensional del cambio clim\u00e1tico, y se necesita urgente un cambio. Creemos que la <a href=\"https:\/\/fundacionmeri.cl\/cop27\/\" target=\"_blank\" rel=\"noopener\">COP27<\/a> ser\u00e1 de las \u00faltimas instancias que tendremos para dar este giro&#8217;.<\/p>\n<p>Agreg\u00f3 que lograr un tratado donde los pa\u00edses se comprometan a decretar el 30% de sus \u00e1reas marinas protegidas antes de 2030 y monitorearlas, &#8216;permitir\u00eda ver c\u00f3mo evoluciona su biomasa y la capacidad de captura de CO2 de estas \u00e1reas marinas, y c\u00f3mo se recompone y reduce el stock de CO2&#8217;.<\/p>\n<p>&#8216;Chile instal\u00f3 la idea de una COP azul, ya que antes prevalec\u00eda el t\u00f3pico de que el cambio clim\u00e1tico se resolv\u00eda en ecosistemas terrestres y se dejaban de lado los oc\u00e9anos&#8217;.<\/p>\n<p>Fuente: <a href=\"https:\/\/www.df.cl\/\" target=\"_blank\" rel=\"noopener\">Diario Financiero<\/a><\/p>\n","protected":false},"excerpt":{"rendered":"<p>Tambi\u00e9n te puede interesar: Protecci\u00f3n de los oc\u00e9anos en la COP A poco menos de dos meses de que se realice la Cumbre del Clima anual que organiza la Convenci\u00f3n Marco de las Naciones Unidas contra el Cambio Clim\u00e1tico, comienzan a conocerse detalles de la agenda de las organizaciones. En este contexto, Patricia Morales, economista&#8230;<\/p>\n","protected":false},"author":1,"featured_media":11232,"comment_status":"open","ping_status":"open","sticky":false,"template":"","format":"standard","meta":{"footnotes":""},"categories":[5,6],"tags":[64,52,50],"class_list":["post-11231","post","type-post","status-publish","format-standard","has-post-thumbnail","hentry","category-prensa-escrita","category-fundacion-meri","tag-ballenas","tag-cop-27","tag-fundacion-meri"],"translation":{"provider":"WPGlobus","version":"3.0.2","language":"en","enabled_languages":["es","en"],"languages":{"es":{"title":true,"content":true,"excerpt":false},"en":{"title":false,"content":false,"excerpt":false}}},"yoast_head":"<!-- This site is optimized with the Yoast SEO plugin v27.4 - https:\/\/yoast.com\/product\/yoast-seo-wordpress\/ -->\n<title>[Diario Financiero] Fundaci\u00f3n MERI encabezar\u00e1 pabell\u00f3n de oc\u00e9anos en la pr\u00f3xima Cumbre Clim\u00e1tica, COP27<\/title>\n<meta name=\"robots\" content=\"index, follow, max-snippet:-1, max-image-preview:large, max-video-preview:-1\" \/>\n<link rel=\"canonical\" href=\"https:\/\/www.filantropiacortessolari.cl\/diario-financiero-fundacion-meri-encabezara-pabellon-de-oceanos-en-la-proxima-cumbre-climatica-cop27-2\/\" \/>\n<meta property=\"og:locale\" content=\"en_US\" \/>\n<meta property=\"og:type\" content=\"article\" \/>\n<meta property=\"og:title\" content=\"[Diario Financiero] Fundaci\u00f3n MERI encabezar\u00e1 pabell\u00f3n de oc\u00e9anos en la pr\u00f3xima Cumbre Clim\u00e1tica, COP27\" \/>\n<meta property=\"og:url\" content=\"https:\/\/www.filantropiacortessolari.cl\/diario-financiero-fundacion-meri-encabezara-pabellon-de-oceanos-en-la-proxima-cumbre-climatica-cop27-2\/\" \/>\n<meta property=\"og:site_name\" content=\"Filantrop\u00eda Cort\u00e9s Solari\" \/>\n<meta property=\"article:published_time\" content=\"2022-09-08T21:51:06+00:00\" \/>\n<meta property=\"article:modified_time\" content=\"2022-11-10T21:54:39+00:00\" \/>\n<meta property=\"og:image\" content=\"https:\/\/www.filantropiacortessolari.cl\/wp-content\/uploads\/2022\/11\/ballena-photoshopeada.jpg\" \/>\n\t<meta property=\"og:image:width\" content=\"1280\" \/>\n\t<meta property=\"og:image:height\" content=\"853\" \/>\n\t<meta property=\"og:image:type\" content=\"image\/jpeg\" \/>\n<meta name=\"author\" content=\"Filantrop\u00eda Cort\u00e9s Solari\" \/>\n<meta name=\"twitter:card\" content=\"summary_large_image\" \/>\n<meta name=\"twitter:label1\" content=\"Written by\" \/>\n\t<meta name=\"twitter:data1\" content=\"Filantrop\u00eda Cort\u00e9s Solari\" \/>\n\t<meta name=\"twitter:label2\" content=\"Est. reading time\" \/>\n\t<meta name=\"twitter:data2\" content=\"5 minutes\" \/>\n<script type=\"application\/ld+json\" class=\"yoast-schema-graph\">{\"@context\":\"https:\\\/\\\/schema.org\",\"@graph\":[{\"@type\":\"Article\",\"@id\":\"https:\\\/\\\/www.filantropiacortessolari.cl\\\/diario-financiero-fundacion-meri-encabezara-pabellon-de-oceanos-en-la-proxima-cumbre-climatica-cop27-2\\\/#article\",\"isPartOf\":{\"@id\":\"https:\\\/\\\/www.filantropiacortessolari.cl\\\/diario-financiero-fundacion-meri-encabezara-pabellon-de-oceanos-en-la-proxima-cumbre-climatica-cop27-2\\\/\"},\"author\":{\"name\":\"Filantrop\u00eda Cort\u00e9s Solari\",\"@id\":\"https:\\\/\\\/www.filantropiacortessolari.cl\\\/#\\\/schema\\\/person\\\/e099cf1046922f4f5892172332dc86c0\"},\"headline\":\"[Diario Financiero] Fundaci\u00f3n MERI encabezar\u00e1 pabell\u00f3n de oc\u00e9anos en la pr\u00f3xima Cumbre Clim\u00e1tica, COP27\",\"datePublished\":\"2022-09-08T21:51:06+00:00\",\"dateModified\":\"2022-11-10T21:54:39+00:00\",\"mainEntityOfPage\":{\"@id\":\"https:\\\/\\\/www.filantropiacortessolari.cl\\\/diario-financiero-fundacion-meri-encabezara-pabellon-de-oceanos-en-la-proxima-cumbre-climatica-cop27-2\\\/\"},\"wordCount\":957,\"commentCount\":0,\"image\":{\"@id\":\"https:\\\/\\\/www.filantropiacortessolari.cl\\\/diario-financiero-fundacion-meri-encabezara-pabellon-de-oceanos-en-la-proxima-cumbre-climatica-cop27-2\\\/#primaryimage\"},\"thumbnailUrl\":\"https:\\\/\\\/www.filantropiacortessolari.cl\\\/wp-content\\\/uploads\\\/2022\\\/11\\\/ballena-photoshopeada.jpg\",\"keywords\":[\"ballenas\",\"COP 27\",\"Fundaci\u00f3n MERI\"],\"articleSection\":[\"Prensa Escrita\",\"Prensa MERI\"],\"inLanguage\":\"en-US\",\"potentialAction\":[{\"@type\":\"CommentAction\",\"name\":\"Comment\",\"target\":[\"https:\\\/\\\/www.filantropiacortessolari.cl\\\/diario-financiero-fundacion-meri-encabezara-pabellon-de-oceanos-en-la-proxima-cumbre-climatica-cop27-2\\\/#respond\"]}]},{\"@type\":\"WebPage\",\"@id\":\"https:\\\/\\\/www.filantropiacortessolari.cl\\\/diario-financiero-fundacion-meri-encabezara-pabellon-de-oceanos-en-la-proxima-cumbre-climatica-cop27-2\\\/\",\"url\":\"https:\\\/\\\/www.filantropiacortessolari.cl\\\/diario-financiero-fundacion-meri-encabezara-pabellon-de-oceanos-en-la-proxima-cumbre-climatica-cop27-2\\\/\",\"name\":\"[Diario Financiero] Fundaci\u00f3n MERI encabezar\u00e1 pabell\u00f3n de oc\u00e9anos en la pr\u00f3xima Cumbre Clim\u00e1tica, COP27\",\"isPartOf\":{\"@id\":\"https:\\\/\\\/www.filantropiacortessolari.cl\\\/#website\"},\"primaryImageOfPage\":{\"@id\":\"https:\\\/\\\/www.filantropiacortessolari.cl\\\/diario-financiero-fundacion-meri-encabezara-pabellon-de-oceanos-en-la-proxima-cumbre-climatica-cop27-2\\\/#primaryimage\"},\"image\":{\"@id\":\"https:\\\/\\\/www.filantropiacortessolari.cl\\\/diario-financiero-fundacion-meri-encabezara-pabellon-de-oceanos-en-la-proxima-cumbre-climatica-cop27-2\\\/#primaryimage\"},\"thumbnailUrl\":\"https:\\\/\\\/www.filantropiacortessolari.cl\\\/wp-content\\\/uploads\\\/2022\\\/11\\\/ballena-photoshopeada.jpg\",\"datePublished\":\"2022-09-08T21:51:06+00:00\",\"dateModified\":\"2022-11-10T21:54:39+00:00\",\"author\":{\"@id\":\"https:\\\/\\\/www.filantropiacortessolari.cl\\\/#\\\/schema\\\/person\\\/e099cf1046922f4f5892172332dc86c0\"},\"breadcrumb\":{\"@id\":\"https:\\\/\\\/www.filantropiacortessolari.cl\\\/diario-financiero-fundacion-meri-encabezara-pabellon-de-oceanos-en-la-proxima-cumbre-climatica-cop27-2\\\/#breadcrumb\"},\"inLanguage\":\"en-US\",\"potentialAction\":[{\"@type\":\"ReadAction\",\"target\":[\"https:\\\/\\\/www.filantropiacortessolari.cl\\\/diario-financiero-fundacion-meri-encabezara-pabellon-de-oceanos-en-la-proxima-cumbre-climatica-cop27-2\\\/\"]}]},{\"@type\":\"ImageObject\",\"inLanguage\":\"en-US\",\"@id\":\"https:\\\/\\\/www.filantropiacortessolari.cl\\\/diario-financiero-fundacion-meri-encabezara-pabellon-de-oceanos-en-la-proxima-cumbre-climatica-cop27-2\\\/#primaryimage\",\"url\":\"https:\\\/\\\/www.filantropiacortessolari.cl\\\/wp-content\\\/uploads\\\/2022\\\/11\\\/ballena-photoshopeada.jpg\",\"contentUrl\":\"https:\\\/\\\/www.filantropiacortessolari.cl\\\/wp-content\\\/uploads\\\/2022\\\/11\\\/ballena-photoshopeada.jpg\",\"width\":1280,\"height\":853},{\"@type\":\"BreadcrumbList\",\"@id\":\"https:\\\/\\\/www.filantropiacortessolari.cl\\\/diario-financiero-fundacion-meri-encabezara-pabellon-de-oceanos-en-la-proxima-cumbre-climatica-cop27-2\\\/#breadcrumb\",\"itemListElement\":[{\"@type\":\"ListItem\",\"position\":1,\"name\":\"Portada\",\"item\":\"https:\\\/\\\/www.filantropiacortessolari.cl\\\/\"},{\"@type\":\"ListItem\",\"position\":2,\"name\":\"[Diario Financiero] Fundaci\u00f3n MERI encabezar\u00e1 pabell\u00f3n de oc\u00e9anos en la pr\u00f3xima Cumbre Clim\u00e1tica, COP27\"}]},{\"@type\":\"WebSite\",\"@id\":\"https:\\\/\\\/www.filantropiacortessolari.cl\\\/#website\",\"url\":\"https:\\\/\\\/www.filantropiacortessolari.cl\\\/\",\"name\":\"Filantrop\u00eda Cort\u00e9s Solari\",\"description\":\"Sitio web Filantrop\u00eda Cort\u00e9s Solari\",\"potentialAction\":[{\"@type\":\"SearchAction\",\"target\":{\"@type\":\"EntryPoint\",\"urlTemplate\":\"https:\\\/\\\/www.filantropiacortessolari.cl\\\/?s={search_term_string}\"},\"query-input\":{\"@type\":\"PropertyValueSpecification\",\"valueRequired\":true,\"valueName\":\"search_term_string\"}}],\"inLanguage\":\"en-US\"},{\"@type\":\"Person\",\"@id\":\"https:\\\/\\\/www.filantropiacortessolari.cl\\\/#\\\/schema\\\/person\\\/e099cf1046922f4f5892172332dc86c0\",\"name\":\"Filantrop\u00eda Cort\u00e9s Solari\",\"image\":{\"@type\":\"ImageObject\",\"inLanguage\":\"en-US\",\"@id\":\"https:\\\/\\\/secure.gravatar.com\\\/avatar\\\/9d17bfe24074ed7576e70cbeb8e010cdd7d01fae9f2047bd96cccbe629ec3c11?s=96&d=mm&r=g\",\"url\":\"https:\\\/\\\/secure.gravatar.com\\\/avatar\\\/9d17bfe24074ed7576e70cbeb8e010cdd7d01fae9f2047bd96cccbe629ec3c11?s=96&d=mm&r=g\",\"contentUrl\":\"https:\\\/\\\/secure.gravatar.com\\\/avatar\\\/9d17bfe24074ed7576e70cbeb8e010cdd7d01fae9f2047bd96cccbe629ec3c11?s=96&d=mm&r=g\",\"caption\":\"Filantrop\u00eda Cort\u00e9s Solari\"},\"url\":\"https:\\\/\\\/www.filantropiacortessolari.cl\\\/en\\\/author\\\/filantropia-cortes-solari\\\/\"}]}<\/script>\n<!-- \/ Yoast SEO plugin. -->","yoast_head_json":{"title":"[Diario Financiero] Fundaci\u00f3n MERI encabezar\u00e1 pabell\u00f3n de oc\u00e9anos en la pr\u00f3xima Cumbre Clim\u00e1tica, COP27","robots":{"index":"index","follow":"follow","max-snippet":"max-snippet:-1","max-image-preview":"max-image-preview:large","max-video-preview":"max-video-preview:-1"},"canonical":"https:\/\/www.filantropiacortessolari.cl\/diario-financiero-fundacion-meri-encabezara-pabellon-de-oceanos-en-la-proxima-cumbre-climatica-cop27-2\/","og_locale":"en_US","og_type":"article","og_title":"[Diario Financiero] Fundaci\u00f3n MERI encabezar\u00e1 pabell\u00f3n de oc\u00e9anos en la pr\u00f3xima Cumbre Clim\u00e1tica, COP27","og_url":"https:\/\/www.filantropiacortessolari.cl\/diario-financiero-fundacion-meri-encabezara-pabellon-de-oceanos-en-la-proxima-cumbre-climatica-cop27-2\/","og_site_name":"Filantrop\u00eda Cort\u00e9s Solari","article_published_time":"2022-09-08T21:51:06+00:00","article_modified_time":"2022-11-10T21:54:39+00:00","og_image":[{"width":1280,"height":853,"url":"https:\/\/www.filantropiacortessolari.cl\/wp-content\/uploads\/2022\/11\/ballena-photoshopeada.jpg","type":"image\/jpeg"}],"author":"Filantrop\u00eda Cort\u00e9s Solari","twitter_card":"summary_large_image","twitter_misc":{"Written by":"Filantrop\u00eda Cort\u00e9s Solari","Est. reading time":"5 minutes"},"schema":{"@context":"https:\/\/schema.org","@graph":[{"@type":"Article","@id":"https:\/\/www.filantropiacortessolari.cl\/diario-financiero-fundacion-meri-encabezara-pabellon-de-oceanos-en-la-proxima-cumbre-climatica-cop27-2\/#article","isPartOf":{"@id":"https:\/\/www.filantropiacortessolari.cl\/diario-financiero-fundacion-meri-encabezara-pabellon-de-oceanos-en-la-proxima-cumbre-climatica-cop27-2\/"},"author":{"name":"Filantrop\u00eda Cort\u00e9s Solari","@id":"https:\/\/www.filantropiacortessolari.cl\/#\/schema\/person\/e099cf1046922f4f5892172332dc86c0"},"headline":"[Diario Financiero] Fundaci\u00f3n MERI encabezar\u00e1 pabell\u00f3n de oc\u00e9anos en la pr\u00f3xima Cumbre Clim\u00e1tica, COP27","datePublished":"2022-09-08T21:51:06+00:00","dateModified":"2022-11-10T21:54:39+00:00","mainEntityOfPage":{"@id":"https:\/\/www.filantropiacortessolari.cl\/diario-financiero-fundacion-meri-encabezara-pabellon-de-oceanos-en-la-proxima-cumbre-climatica-cop27-2\/"},"wordCount":957,"commentCount":0,"image":{"@id":"https:\/\/www.filantropiacortessolari.cl\/diario-financiero-fundacion-meri-encabezara-pabellon-de-oceanos-en-la-proxima-cumbre-climatica-cop27-2\/#primaryimage"},"thumbnailUrl":"https:\/\/www.filantropiacortessolari.cl\/wp-content\/uploads\/2022\/11\/ballena-photoshopeada.jpg","keywords":["ballenas","COP 27","Fundaci\u00f3n MERI"],"articleSection":["Prensa Escrita","Prensa MERI"],"inLanguage":"en-US","potentialAction":[{"@type":"CommentAction","name":"Comment","target":["https:\/\/www.filantropiacortessolari.cl\/diario-financiero-fundacion-meri-encabezara-pabellon-de-oceanos-en-la-proxima-cumbre-climatica-cop27-2\/#respond"]}]},{"@type":"WebPage","@id":"https:\/\/www.filantropiacortessolari.cl\/diario-financiero-fundacion-meri-encabezara-pabellon-de-oceanos-en-la-proxima-cumbre-climatica-cop27-2\/","url":"https:\/\/www.filantropiacortessolari.cl\/diario-financiero-fundacion-meri-encabezara-pabellon-de-oceanos-en-la-proxima-cumbre-climatica-cop27-2\/","name":"[Diario Financiero] Fundaci\u00f3n MERI encabezar\u00e1 pabell\u00f3n de oc\u00e9anos en la pr\u00f3xima Cumbre Clim\u00e1tica, COP27","isPartOf":{"@id":"https:\/\/www.filantropiacortessolari.cl\/#website"},"primaryImageOfPage":{"@id":"https:\/\/www.filantropiacortessolari.cl\/diario-financiero-fundacion-meri-encabezara-pabellon-de-oceanos-en-la-proxima-cumbre-climatica-cop27-2\/#primaryimage"},"image":{"@id":"https:\/\/www.filantropiacortessolari.cl\/diario-financiero-fundacion-meri-encabezara-pabellon-de-oceanos-en-la-proxima-cumbre-climatica-cop27-2\/#primaryimage"},"thumbnailUrl":"https:\/\/www.filantropiacortessolari.cl\/wp-content\/uploads\/2022\/11\/ballena-photoshopeada.jpg","datePublished":"2022-09-08T21:51:06+00:00","dateModified":"2022-11-10T21:54:39+00:00","author":{"@id":"https:\/\/www.filantropiacortessolari.cl\/#\/schema\/person\/e099cf1046922f4f5892172332dc86c0"},"breadcrumb":{"@id":"https:\/\/www.filantropiacortessolari.cl\/diario-financiero-fundacion-meri-encabezara-pabellon-de-oceanos-en-la-proxima-cumbre-climatica-cop27-2\/#breadcrumb"},"inLanguage":"en-US","potentialAction":[{"@type":"ReadAction","target":["https:\/\/www.filantropiacortessolari.cl\/diario-financiero-fundacion-meri-encabezara-pabellon-de-oceanos-en-la-proxima-cumbre-climatica-cop27-2\/"]}]},{"@type":"ImageObject","inLanguage":"en-US","@id":"https:\/\/www.filantropiacortessolari.cl\/diario-financiero-fundacion-meri-encabezara-pabellon-de-oceanos-en-la-proxima-cumbre-climatica-cop27-2\/#primaryimage","url":"https:\/\/www.filantropiacortessolari.cl\/wp-content\/uploads\/2022\/11\/ballena-photoshopeada.jpg","contentUrl":"https:\/\/www.filantropiacortessolari.cl\/wp-content\/uploads\/2022\/11\/ballena-photoshopeada.jpg","width":1280,"height":853},{"@type":"BreadcrumbList","@id":"https:\/\/www.filantropiacortessolari.cl\/diario-financiero-fundacion-meri-encabezara-pabellon-de-oceanos-en-la-proxima-cumbre-climatica-cop27-2\/#breadcrumb","itemListElement":[{"@type":"ListItem","position":1,"name":"Portada","item":"https:\/\/www.filantropiacortessolari.cl\/"},{"@type":"ListItem","position":2,"name":"[Diario Financiero] Fundaci\u00f3n MERI encabezar\u00e1 pabell\u00f3n de oc\u00e9anos en la pr\u00f3xima Cumbre Clim\u00e1tica, COP27"}]},{"@type":"WebSite","@id":"https:\/\/www.filantropiacortessolari.cl\/#website","url":"https:\/\/www.filantropiacortessolari.cl\/","name":"Filantrop\u00eda Cort\u00e9s Solari","description":"Sitio web Filantrop\u00eda Cort\u00e9s Solari","potentialAction":[{"@type":"SearchAction","target":{"@type":"EntryPoint","urlTemplate":"https:\/\/www.filantropiacortessolari.cl\/?s={search_term_string}"},"query-input":{"@type":"PropertyValueSpecification","valueRequired":true,"valueName":"search_term_string"}}],"inLanguage":"en-US"},{"@type":"Person","@id":"https:\/\/www.filantropiacortessolari.cl\/#\/schema\/person\/e099cf1046922f4f5892172332dc86c0","name":"Filantrop\u00eda Cort\u00e9s Solari","image":{"@type":"ImageObject","inLanguage":"en-US","@id":"https:\/\/secure.gravatar.com\/avatar\/9d17bfe24074ed7576e70cbeb8e010cdd7d01fae9f2047bd96cccbe629ec3c11?s=96&d=mm&r=g","url":"https:\/\/secure.gravatar.com\/avatar\/9d17bfe24074ed7576e70cbeb8e010cdd7d01fae9f2047bd96cccbe629ec3c11?s=96&d=mm&r=g","contentUrl":"https:\/\/secure.gravatar.com\/avatar\/9d17bfe24074ed7576e70cbeb8e010cdd7d01fae9f2047bd96cccbe629ec3c11?s=96&d=mm&r=g","caption":"Filantrop\u00eda Cort\u00e9s Solari"},"url":"https:\/\/www.filantropiacortessolari.cl\/en\/author\/filantropia-cortes-solari\/"}]}},"_links":{"self":[{"href":"https:\/\/www.filantropiacortessolari.cl\/en\/wp-json\/wp\/v2\/posts\/11231","targetHints":{"allow":["GET"]}}],"collection":[{"href":"https:\/\/www.filantropiacortessolari.cl\/en\/wp-json\/wp\/v2\/posts"}],"about":[{"href":"https:\/\/www.filantropiacortessolari.cl\/en\/wp-json\/wp\/v2\/types\/post"}],"author":[{"embeddable":true,"href":"https:\/\/www.filantropiacortessolari.cl\/en\/wp-json\/wp\/v2\/users\/1"}],"replies":[{"embeddable":true,"href":"https:\/\/www.filantropiacortessolari.cl\/en\/wp-json\/wp\/v2\/comments?post=11231"}],"version-history":[{"count":1,"href":"https:\/\/www.filantropiacortessolari.cl\/en\/wp-json\/wp\/v2\/posts\/11231\/revisions"}],"predecessor-version":[{"id":11233,"href":"https:\/\/www.filantropiacortessolari.cl\/en\/wp-json\/wp\/v2\/posts\/11231\/revisions\/11233"}],"wp:featuredmedia":[{"embeddable":true,"href":"https:\/\/www.filantropiacortessolari.cl\/en\/wp-json\/wp\/v2\/media\/11232"}],"wp:attachment":[{"href":"https:\/\/www.filantropiacortessolari.cl\/en\/wp-json\/wp\/v2\/media?parent=11231"}],"wp:term":[{"taxonomy":"category","embeddable":true,"href":"https:\/\/www.filantropiacortessolari.cl\/en\/wp-json\/wp\/v2\/categories?post=11231"},{"taxonomy":"post_tag","embeddable":true,"href":"https:\/\/www.filantropiacortessolari.cl\/en\/wp-json\/wp\/v2\/tags?post=11231"}],"curies":[{"name":"wp","href":"https:\/\/api.w.org\/{rel}","templated":true}]}}