{"id":11282,"date":"2022-12-09T19:49:50","date_gmt":"2022-12-09T22:49:50","guid":{"rendered":"https:\/\/www.filantropiacortessolari.cl\/?p=11282"},"modified":"2022-12-19T20:41:04","modified_gmt":"2022-12-19T23:41:04","slug":"carta-a-director-propuestas-coedu","status":"publish","type":"post","link":"https:\/\/www.filantropiacortessolari.cl\/en\/carta-a-director-propuestas-coedu\/","title":{"rendered":"[Carta a Director] Propuestas COEDU"},"content":{"rendered":"<style type=\"text\/css\"><\/style><p>Se\u00f1or Director: En medio de un clima de violencia en las escuelas y la deserci\u00f3n que tiene a miles de ni\u00f1os y j\u00f3venes fuera de los colegios, se torna importante la reflexi\u00f3n sobre los desaf\u00edos de la educaci\u00f3n, con una mirada multidimensional y foco en el desarrollo humano.<\/p>\n<p>En esta l\u00ednea, como resultado del Observatorio Regional de Educaci\u00f3n desarrollado por Fundaci\u00f3n Caserta, en colaboraci\u00f3n con m\u00faltiples instituciones y expertos, se elabor\u00f3 el documento \u201cEducaci\u00f3n para el siglo XXI: Gu\u00eda para tomadores de decisiones\u201d, que ser\u00e1 presentado en la segunda Conferencia Regional de Educaci\u00f3n (<a href=\"\/coedu-2022\/\">Coedu<\/a>) y que re\u00fane una serie de iniciativas concretas destinadas a encarar la crisis actual del sistema educativo.<\/p>\n<p>Entre las propuestas destacan medidas para el acompa\u00f1amiento de docentes hacia el nuevo rol del siglo XXI, el desarrollo de competencias socioemocionales, relevar la pertinencia cultural del curr\u00edculum flexible en los territorios, como tambi\u00e9n la urgencia de abordar el desaf\u00edo y oportunidades de la interculturalidad en los colegios.<\/p>\n<p>Carolina Albornoz<br \/>\nDirectora <a href=\"https:\/\/caserta.cl\/\" target=\"_blank\" rel=\"noopener\">Fundaci\u00f3n Caserta<\/a><\/p>\n<p>Fuente: <a href=\"https:\/\/digital.lasegunda.com\/2022\/12\/19\/A\" target=\"_blank\" rel=\"noopener\">La Segunda<\/a><\/p>\n","protected":false},"excerpt":{"rendered":"<p>Se\u00f1or Director: En medio de un clima de violencia en las escuelas y la deserci\u00f3n que tiene a miles de ni\u00f1os y j\u00f3venes fuera de los colegios, se torna importante la reflexi\u00f3n sobre los desaf\u00edos de la educaci\u00f3n, con una mirada multidimensional y foco en el desarrollo humano. En esta l\u00ednea, como resultado del Observatorio&#8230;<\/p>\n","protected":false},"author":1,"featured_media":11283,"comment_status":"open","ping_status":"open","sticky":false,"template":"","format":"standard","meta":{"footnotes":""},"categories":[55,62,31,10,26],"tags":[44,65],"class_list":["post-11282","post","type-post","status-publish","format-standard","has-post-thumbnail","hentry","category-columnas","category-educacion","category-noticias","category-articulos","category-opinion-caserta","tag-carolina-albornoz","tag-coedu22"],"translation":{"provider":"WPGlobus","version":"3.0.2","language":"en","enabled_languages":["es","en"],"languages":{"es":{"title":true,"content":true,"excerpt":false},"en":{"title":false,"content":false,"excerpt":false}}},"yoast_head":"<!-- This site is optimized with the Yoast SEO plugin v27.4 - https:\/\/yoast.com\/product\/yoast-seo-wordpress\/ -->\n<title>[Carta a Director] Propuestas COEDU<\/title>\n<meta name=\"robots\" content=\"index, follow, max-snippet:-1, max-image-preview:large, max-video-preview:-1\" \/>\n<link rel=\"canonical\" href=\"https:\/\/www.filantropiacortessolari.cl\/carta-a-director-propuestas-coedu\/\" \/>\n<meta property=\"og:locale\" content=\"en_US\" \/>\n<meta property=\"og:type\" content=\"article\" \/>\n<meta property=\"og:title\" content=\"[Carta a Director] Propuestas COEDU\" \/>\n<meta property=\"og:url\" content=\"https:\/\/www.filantropiacortessolari.cl\/carta-a-director-propuestas-coedu\/\" \/>\n<meta property=\"og:site_name\" content=\"Filantrop\u00eda Cort\u00e9s Solari\" \/>\n<meta property=\"article:published_time\" content=\"2022-12-09T22:49:50+00:00\" \/>\n<meta property=\"article:modified_time\" content=\"2022-12-19T23:41:04+00:00\" \/>\n<meta property=\"og:image\" content=\"https:\/\/www.filantropiacortessolari.cl\/wp-content\/uploads\/2022\/12\/coedu-1.jpg\" \/>\n\t<meta property=\"og:image:width\" content=\"1280\" \/>\n\t<meta property=\"og:image:height\" content=\"853\" \/>\n\t<meta property=\"og:image:type\" content=\"image\/jpeg\" \/>\n<meta name=\"author\" content=\"Filantrop\u00eda Cort\u00e9s Solari\" \/>\n<meta name=\"twitter:card\" content=\"summary_large_image\" \/>\n<meta name=\"twitter:label1\" content=\"Written by\" \/>\n\t<meta name=\"twitter:data1\" content=\"Filantrop\u00eda Cort\u00e9s Solari\" \/>\n\t<meta name=\"twitter:label2\" content=\"Est. reading time\" \/>\n\t<meta name=\"twitter:data2\" content=\"1 minute\" \/>\n<script type=\"application\/ld+json\" class=\"yoast-schema-graph\">{\"@context\":\"https:\\\/\\\/schema.org\",\"@graph\":[{\"@type\":\"Article\",\"@id\":\"https:\\\/\\\/www.filantropiacortessolari.cl\\\/carta-a-director-propuestas-coedu\\\/#article\",\"isPartOf\":{\"@id\":\"https:\\\/\\\/www.filantropiacortessolari.cl\\\/carta-a-director-propuestas-coedu\\\/\"},\"author\":{\"name\":\"Filantrop\u00eda Cort\u00e9s Solari\",\"@id\":\"https:\\\/\\\/www.filantropiacortessolari.cl\\\/#\\\/schema\\\/person\\\/e099cf1046922f4f5892172332dc86c0\"},\"headline\":\"[Carta a Director] Propuestas COEDU\",\"datePublished\":\"2022-12-09T22:49:50+00:00\",\"dateModified\":\"2022-12-19T23:41:04+00:00\",\"mainEntityOfPage\":{\"@id\":\"https:\\\/\\\/www.filantropiacortessolari.cl\\\/carta-a-director-propuestas-coedu\\\/\"},\"wordCount\":193,\"commentCount\":0,\"image\":{\"@id\":\"https:\\\/\\\/www.filantropiacortessolari.cl\\\/carta-a-director-propuestas-coedu\\\/#primaryimage\"},\"thumbnailUrl\":\"https:\\\/\\\/www.filantropiacortessolari.cl\\\/wp-content\\\/uploads\\\/2022\\\/12\\\/coedu-1.jpg\",\"keywords\":[\"Carolina Albornoz\",\"Coedu22\"],\"articleSection\":[\"Columnas\",\"Educaci\u00f3n\",\"Noticias\",\"Opini\u00f3n\",\"Opini\u00f3n Caserta\"],\"inLanguage\":\"en-US\",\"potentialAction\":[{\"@type\":\"CommentAction\",\"name\":\"Comment\",\"target\":[\"https:\\\/\\\/www.filantropiacortessolari.cl\\\/carta-a-director-propuestas-coedu\\\/#respond\"]}]},{\"@type\":\"WebPage\",\"@id\":\"https:\\\/\\\/www.filantropiacortessolari.cl\\\/carta-a-director-propuestas-coedu\\\/\",\"url\":\"https:\\\/\\\/www.filantropiacortessolari.cl\\\/carta-a-director-propuestas-coedu\\\/\",\"name\":\"[Carta a Director] Propuestas COEDU\",\"isPartOf\":{\"@id\":\"https:\\\/\\\/www.filantropiacortessolari.cl\\\/#website\"},\"primaryImageOfPage\":{\"@id\":\"https:\\\/\\\/www.filantropiacortessolari.cl\\\/carta-a-director-propuestas-coedu\\\/#primaryimage\"},\"image\":{\"@id\":\"https:\\\/\\\/www.filantropiacortessolari.cl\\\/carta-a-director-propuestas-coedu\\\/#primaryimage\"},\"thumbnailUrl\":\"https:\\\/\\\/www.filantropiacortessolari.cl\\\/wp-content\\\/uploads\\\/2022\\\/12\\\/coedu-1.jpg\",\"datePublished\":\"2022-12-09T22:49:50+00:00\",\"dateModified\":\"2022-12-19T23:41:04+00:00\",\"author\":{\"@id\":\"https:\\\/\\\/www.filantropiacortessolari.cl\\\/#\\\/schema\\\/person\\\/e099cf1046922f4f5892172332dc86c0\"},\"breadcrumb\":{\"@id\":\"https:\\\/\\\/www.filantropiacortessolari.cl\\\/carta-a-director-propuestas-coedu\\\/#breadcrumb\"},\"inLanguage\":\"en-US\",\"potentialAction\":[{\"@type\":\"ReadAction\",\"target\":[\"https:\\\/\\\/www.filantropiacortessolari.cl\\\/carta-a-director-propuestas-coedu\\\/\"]}]},{\"@type\":\"ImageObject\",\"inLanguage\":\"en-US\",\"@id\":\"https:\\\/\\\/www.filantropiacortessolari.cl\\\/carta-a-director-propuestas-coedu\\\/#primaryimage\",\"url\":\"https:\\\/\\\/www.filantropiacortessolari.cl\\\/wp-content\\\/uploads\\\/2022\\\/12\\\/coedu-1.jpg\",\"contentUrl\":\"https:\\\/\\\/www.filantropiacortessolari.cl\\\/wp-content\\\/uploads\\\/2022\\\/12\\\/coedu-1.jpg\",\"width\":1280,\"height\":853},{\"@type\":\"BreadcrumbList\",\"@id\":\"https:\\\/\\\/www.filantropiacortessolari.cl\\\/carta-a-director-propuestas-coedu\\\/#breadcrumb\",\"itemListElement\":[{\"@type\":\"ListItem\",\"position\":1,\"name\":\"Portada\",\"item\":\"https:\\\/\\\/www.filantropiacortessolari.cl\\\/\"},{\"@type\":\"ListItem\",\"position\":2,\"name\":\"[Carta a Director] Propuestas COEDU\"}]},{\"@type\":\"WebSite\",\"@id\":\"https:\\\/\\\/www.filantropiacortessolari.cl\\\/#website\",\"url\":\"https:\\\/\\\/www.filantropiacortessolari.cl\\\/\",\"name\":\"Filantrop\u00eda Cort\u00e9s Solari\",\"description\":\"Sitio web Filantrop\u00eda Cort\u00e9s Solari\",\"potentialAction\":[{\"@type\":\"SearchAction\",\"target\":{\"@type\":\"EntryPoint\",\"urlTemplate\":\"https:\\\/\\\/www.filantropiacortessolari.cl\\\/?s={search_term_string}\"},\"query-input\":{\"@type\":\"PropertyValueSpecification\",\"valueRequired\":true,\"valueName\":\"search_term_string\"}}],\"inLanguage\":\"en-US\"},{\"@type\":\"Person\",\"@id\":\"https:\\\/\\\/www.filantropiacortessolari.cl\\\/#\\\/schema\\\/person\\\/e099cf1046922f4f5892172332dc86c0\",\"name\":\"Filantrop\u00eda Cort\u00e9s Solari\",\"image\":{\"@type\":\"ImageObject\",\"inLanguage\":\"en-US\",\"@id\":\"https:\\\/\\\/secure.gravatar.com\\\/avatar\\\/9d17bfe24074ed7576e70cbeb8e010cdd7d01fae9f2047bd96cccbe629ec3c11?s=96&d=mm&r=g\",\"url\":\"https:\\\/\\\/secure.gravatar.com\\\/avatar\\\/9d17bfe24074ed7576e70cbeb8e010cdd7d01fae9f2047bd96cccbe629ec3c11?s=96&d=mm&r=g\",\"contentUrl\":\"https:\\\/\\\/secure.gravatar.com\\\/avatar\\\/9d17bfe24074ed7576e70cbeb8e010cdd7d01fae9f2047bd96cccbe629ec3c11?s=96&d=mm&r=g\",\"caption\":\"Filantrop\u00eda Cort\u00e9s Solari\"},\"url\":\"https:\\\/\\\/www.filantropiacortessolari.cl\\\/en\\\/author\\\/filantropia-cortes-solari\\\/\"}]}<\/script>\n<!-- \/ Yoast SEO plugin. -->","yoast_head_json":{"title":"[Carta a Director] Propuestas COEDU","robots":{"index":"index","follow":"follow","max-snippet":"max-snippet:-1","max-image-preview":"max-image-preview:large","max-video-preview":"max-video-preview:-1"},"canonical":"https:\/\/www.filantropiacortessolari.cl\/carta-a-director-propuestas-coedu\/","og_locale":"en_US","og_type":"article","og_title":"[Carta a Director] Propuestas COEDU","og_url":"https:\/\/www.filantropiacortessolari.cl\/carta-a-director-propuestas-coedu\/","og_site_name":"Filantrop\u00eda Cort\u00e9s Solari","article_published_time":"2022-12-09T22:49:50+00:00","article_modified_time":"2022-12-19T23:41:04+00:00","og_image":[{"width":1280,"height":853,"url":"https:\/\/www.filantropiacortessolari.cl\/wp-content\/uploads\/2022\/12\/coedu-1.jpg","type":"image\/jpeg"}],"author":"Filantrop\u00eda Cort\u00e9s Solari","twitter_card":"summary_large_image","twitter_misc":{"Written by":"Filantrop\u00eda Cort\u00e9s Solari","Est. reading time":"1 minute"},"schema":{"@context":"https:\/\/schema.org","@graph":[{"@type":"Article","@id":"https:\/\/www.filantropiacortessolari.cl\/carta-a-director-propuestas-coedu\/#article","isPartOf":{"@id":"https:\/\/www.filantropiacortessolari.cl\/carta-a-director-propuestas-coedu\/"},"author":{"name":"Filantrop\u00eda Cort\u00e9s Solari","@id":"https:\/\/www.filantropiacortessolari.cl\/#\/schema\/person\/e099cf1046922f4f5892172332dc86c0"},"headline":"[Carta a Director] Propuestas COEDU","datePublished":"2022-12-09T22:49:50+00:00","dateModified":"2022-12-19T23:41:04+00:00","mainEntityOfPage":{"@id":"https:\/\/www.filantropiacortessolari.cl\/carta-a-director-propuestas-coedu\/"},"wordCount":193,"commentCount":0,"image":{"@id":"https:\/\/www.filantropiacortessolari.cl\/carta-a-director-propuestas-coedu\/#primaryimage"},"thumbnailUrl":"https:\/\/www.filantropiacortessolari.cl\/wp-content\/uploads\/2022\/12\/coedu-1.jpg","keywords":["Carolina Albornoz","Coedu22"],"articleSection":["Columnas","Educaci\u00f3n","Noticias","Opini\u00f3n","Opini\u00f3n Caserta"],"inLanguage":"en-US","potentialAction":[{"@type":"CommentAction","name":"Comment","target":["https:\/\/www.filantropiacortessolari.cl\/carta-a-director-propuestas-coedu\/#respond"]}]},{"@type":"WebPage","@id":"https:\/\/www.filantropiacortessolari.cl\/carta-a-director-propuestas-coedu\/","url":"https:\/\/www.filantropiacortessolari.cl\/carta-a-director-propuestas-coedu\/","name":"[Carta a Director] Propuestas COEDU","isPartOf":{"@id":"https:\/\/www.filantropiacortessolari.cl\/#website"},"primaryImageOfPage":{"@id":"https:\/\/www.filantropiacortessolari.cl\/carta-a-director-propuestas-coedu\/#primaryimage"},"image":{"@id":"https:\/\/www.filantropiacortessolari.cl\/carta-a-director-propuestas-coedu\/#primaryimage"},"thumbnailUrl":"https:\/\/www.filantropiacortessolari.cl\/wp-content\/uploads\/2022\/12\/coedu-1.jpg","datePublished":"2022-12-09T22:49:50+00:00","dateModified":"2022-12-19T23:41:04+00:00","author":{"@id":"https:\/\/www.filantropiacortessolari.cl\/#\/schema\/person\/e099cf1046922f4f5892172332dc86c0"},"breadcrumb":{"@id":"https:\/\/www.filantropiacortessolari.cl\/carta-a-director-propuestas-coedu\/#breadcrumb"},"inLanguage":"en-US","potentialAction":[{"@type":"ReadAction","target":["https:\/\/www.filantropiacortessolari.cl\/carta-a-director-propuestas-coedu\/"]}]},{"@type":"ImageObject","inLanguage":"en-US","@id":"https:\/\/www.filantropiacortessolari.cl\/carta-a-director-propuestas-coedu\/#primaryimage","url":"https:\/\/www.filantropiacortessolari.cl\/wp-content\/uploads\/2022\/12\/coedu-1.jpg","contentUrl":"https:\/\/www.filantropiacortessolari.cl\/wp-content\/uploads\/2022\/12\/coedu-1.jpg","width":1280,"height":853},{"@type":"BreadcrumbList","@id":"https:\/\/www.filantropiacortessolari.cl\/carta-a-director-propuestas-coedu\/#breadcrumb","itemListElement":[{"@type":"ListItem","position":1,"name":"Portada","item":"https:\/\/www.filantropiacortessolari.cl\/"},{"@type":"ListItem","position":2,"name":"[Carta a Director] Propuestas COEDU"}]},{"@type":"WebSite","@id":"https:\/\/www.filantropiacortessolari.cl\/#website","url":"https:\/\/www.filantropiacortessolari.cl\/","name":"Filantrop\u00eda Cort\u00e9s Solari","description":"Sitio web Filantrop\u00eda Cort\u00e9s Solari","potentialAction":[{"@type":"SearchAction","target":{"@type":"EntryPoint","urlTemplate":"https:\/\/www.filantropiacortessolari.cl\/?s={search_term_string}"},"query-input":{"@type":"PropertyValueSpecification","valueRequired":true,"valueName":"search_term_string"}}],"inLanguage":"en-US"},{"@type":"Person","@id":"https:\/\/www.filantropiacortessolari.cl\/#\/schema\/person\/e099cf1046922f4f5892172332dc86c0","name":"Filantrop\u00eda Cort\u00e9s Solari","image":{"@type":"ImageObject","inLanguage":"en-US","@id":"https:\/\/secure.gravatar.com\/avatar\/9d17bfe24074ed7576e70cbeb8e010cdd7d01fae9f2047bd96cccbe629ec3c11?s=96&d=mm&r=g","url":"https:\/\/secure.gravatar.com\/avatar\/9d17bfe24074ed7576e70cbeb8e010cdd7d01fae9f2047bd96cccbe629ec3c11?s=96&d=mm&r=g","contentUrl":"https:\/\/secure.gravatar.com\/avatar\/9d17bfe24074ed7576e70cbeb8e010cdd7d01fae9f2047bd96cccbe629ec3c11?s=96&d=mm&r=g","caption":"Filantrop\u00eda Cort\u00e9s Solari"},"url":"https:\/\/www.filantropiacortessolari.cl\/en\/author\/filantropia-cortes-solari\/"}]}},"_links":{"self":[{"href":"https:\/\/www.filantropiacortessolari.cl\/en\/wp-json\/wp\/v2\/posts\/11282","targetHints":{"allow":["GET"]}}],"collection":[{"href":"https:\/\/www.filantropiacortessolari.cl\/en\/wp-json\/wp\/v2\/posts"}],"about":[{"href":"https:\/\/www.filantropiacortessolari.cl\/en\/wp-json\/wp\/v2\/types\/post"}],"author":[{"embeddable":true,"href":"https:\/\/www.filantropiacortessolari.cl\/en\/wp-json\/wp\/v2\/users\/1"}],"replies":[{"embeddable":true,"href":"https:\/\/www.filantropiacortessolari.cl\/en\/wp-json\/wp\/v2\/comments?post=11282"}],"version-history":[{"count":1,"href":"https:\/\/www.filantropiacortessolari.cl\/en\/wp-json\/wp\/v2\/posts\/11282\/revisions"}],"predecessor-version":[{"id":11284,"href":"https:\/\/www.filantropiacortessolari.cl\/en\/wp-json\/wp\/v2\/posts\/11282\/revisions\/11284"}],"wp:featuredmedia":[{"embeddable":true,"href":"https:\/\/www.filantropiacortessolari.cl\/en\/wp-json\/wp\/v2\/media\/11283"}],"wp:attachment":[{"href":"https:\/\/www.filantropiacortessolari.cl\/en\/wp-json\/wp\/v2\/media?parent=11282"}],"wp:term":[{"taxonomy":"category","embeddable":true,"href":"https:\/\/www.filantropiacortessolari.cl\/en\/wp-json\/wp\/v2\/categories?post=11282"},{"taxonomy":"post_tag","embeddable":true,"href":"https:\/\/www.filantropiacortessolari.cl\/en\/wp-json\/wp\/v2\/tags?post=11282"}],"curies":[{"name":"wp","href":"https:\/\/api.w.org\/{rel}","templated":true}]}}