{"id":11313,"date":"2022-12-30T15:03:21","date_gmt":"2022-12-30T18:03:21","guid":{"rendered":"https:\/\/www.filantropiacortessolari.cl\/?p=11313"},"modified":"2022-12-30T15:03:21","modified_gmt":"2022-12-30T18:03:21","slug":"coedu-charla-magistral-de-francisca-cortes-solari","status":"publish","type":"post","link":"https:\/\/www.filantropiacortessolari.cl\/en\/coedu-charla-magistral-de-francisca-cortes-solari\/","title":{"rendered":"[COEDU] Charla Magistral de Francisca Cort\u00e9s Solari"},"content":{"rendered":"<style type=\"text\/css\"><\/style><p>Repensar la educaci\u00f3n y su abordaje, avanzando hacia un cambio de paradigma enfocado en el desarrollo humano, lo colectivo y el v\u00ednculo con la naturaleza, fueron algunos de los \u00e9nfasis que plasm\u00f3 <a href=\"https:\/\/www.filantropiacortessolari.cl\/profile\/francisca-cortes-solari\/\" rel=\"noopener\">Francisca Cort\u00e9s Solari<\/a>, Presidenta Ejecutiva de Fundaci\u00f3n Caserta, en su Charla Magistral \u201cEducaci\u00f3n Integral para un Desarrollo Sostenible\u201d en la <a href=\"https:\/\/coedu22.org\/\" target=\"_blank\" rel=\"noopener\">Segunda Conferencia Regional sobre Educaci\u00f3n hacia el Siglo XXII, Coedu22<\/a>.<\/p>\n<p>Esta instancia de reflexi\u00f3n y di\u00e1logo organizada por <a href=\"https:\/\/caserta.cl\/\" target=\"_blank\" rel=\"noopener\">Fundaci\u00f3n Caserta<\/a> y patrocinada por el Ministerio de Educaci\u00f3n de Chile, la Oficina Regional del David Rockefeller Center, Harvard University y Aprendo en casa, tuvo por objetivo resaltar la importancia del rol docente como agentes de cambio en los procesos de transformaci\u00f3n educativa y discutir los elementos que deber\u00eda integrar la formaci\u00f3n docente en el futuro.<\/p>\n<p>Junto con eso, se plante\u00f3 la redefinici\u00f3n del espacio escolar y la comunidad escolar en base a los desaf\u00edos del siglo XXI, como lo es la crisis clim\u00e1tica y los conflictos sociales en base a diferencias culturales, especialmente la integraci\u00f3n de pueblos originarios y migrantes, as\u00ed como tambi\u00e9n, el an\u00e1lisis de una serie de propuestas metodol\u00f3gicas sobre la implementaci\u00f3n de la educaci\u00f3n integral, socioemocional, intercultural y ambiental como nuevos enfoques que requiere la educaci\u00f3n del siglo XXI.<\/p>\n<p>En esa l\u00ednea, <a href=\"https:\/\/www.filantropiacortessolari.cl\/profile\/francisca-cortes-solari\/\" rel=\"noopener\">Cort\u00e9s Solari<\/a> recalc\u00f3 que \u201ca nivel educativo, el <a href=\"https:\/\/caserta.cl\/mapa-del-desarrollo-humano\/\" target=\"_blank\" rel=\"noopener\">Mapa de Desarrollo Humano<\/a> de Fundaci\u00f3n Caserta nos ha permitido en estos 20 a\u00f1os trabajar desde un cambio individual a un cambio colectivo, a enfrentar un cambio de paradigma asociado a la crisis clim\u00e1tica, pol\u00edtica y social, desarrollar metodolog\u00edas y sistematizar\u201d.<\/p>\n<p align=\"center\"><iframe loading=\"lazy\" title=\"YouTube video player\" src=\"https:\/\/www.youtube.com\/embed\/Z2lC1DC9710\" width=\"560\" height=\"315\" frameborder=\"0\" allowfullscreen=\"allowfullscreen\"><\/iframe><\/p>\n","protected":false},"excerpt":{"rendered":"<p>Repensar la educaci\u00f3n y su abordaje, avanzando hacia un cambio de paradigma enfocado en el desarrollo humano, lo colectivo y el v\u00ednculo con la naturaleza, fueron algunos de los \u00e9nfasis que plasm\u00f3 Francisca Cort\u00e9s Solari, Presidenta Ejecutiva de Fundaci\u00f3n Caserta, en su Charla Magistral \u201cEducaci\u00f3n Integral para un Desarrollo Sostenible\u201d en la Segunda Conferencia Regional&#8230;<\/p>\n","protected":false},"author":1,"featured_media":11314,"comment_status":"open","ping_status":"open","sticky":false,"template":"","format":"standard","meta":{"footnotes":""},"categories":[31,7,5],"tags":[42],"class_list":["post-11313","post","type-post","status-publish","format-standard","has-post-thumbnail","hentry","category-noticias","category-fundacion-caserta","category-prensa-escrita","tag-francisca-cortes-solari"],"translation":{"provider":"WPGlobus","version":"3.0.2","language":"en","enabled_languages":["es","en"],"languages":{"es":{"title":true,"content":true,"excerpt":false},"en":{"title":false,"content":false,"excerpt":false}}},"yoast_head":"<!-- This site is optimized with the Yoast SEO plugin v27.4 - https:\/\/yoast.com\/product\/yoast-seo-wordpress\/ -->\n<title>[COEDU] Charla Magistral de Francisca Cort\u00e9s Solari<\/title>\n<meta name=\"robots\" content=\"index, follow, max-snippet:-1, max-image-preview:large, max-video-preview:-1\" \/>\n<link rel=\"canonical\" href=\"https:\/\/www.filantropiacortessolari.cl\/coedu-charla-magistral-de-francisca-cortes-solari\/\" \/>\n<meta property=\"og:locale\" content=\"en_US\" \/>\n<meta property=\"og:type\" content=\"article\" \/>\n<meta property=\"og:title\" content=\"[COEDU] Charla Magistral de Francisca Cort\u00e9s Solari\" \/>\n<meta property=\"og:url\" content=\"https:\/\/www.filantropiacortessolari.cl\/coedu-charla-magistral-de-francisca-cortes-solari\/\" \/>\n<meta property=\"og:site_name\" content=\"Filantrop\u00eda Cort\u00e9s Solari\" \/>\n<meta property=\"article:published_time\" content=\"2022-12-30T18:03:21+00:00\" \/>\n<meta property=\"og:image\" content=\"https:\/\/www.filantropiacortessolari.cl\/wp-content\/uploads\/2022\/12\/franciscacoedu.jpg\" \/>\n\t<meta property=\"og:image:width\" content=\"1280\" \/>\n\t<meta property=\"og:image:height\" content=\"853\" \/>\n\t<meta property=\"og:image:type\" content=\"image\/jpeg\" \/>\n<meta name=\"author\" content=\"Filantrop\u00eda Cort\u00e9s Solari\" \/>\n<meta name=\"twitter:card\" content=\"summary_large_image\" \/>\n<meta name=\"twitter:label1\" content=\"Written by\" \/>\n\t<meta name=\"twitter:data1\" content=\"Filantrop\u00eda Cort\u00e9s Solari\" \/>\n\t<meta name=\"twitter:label2\" content=\"Est. reading time\" \/>\n\t<meta name=\"twitter:data2\" content=\"1 minute\" \/>\n<script type=\"application\/ld+json\" class=\"yoast-schema-graph\">{\"@context\":\"https:\\\/\\\/schema.org\",\"@graph\":[{\"@type\":\"Article\",\"@id\":\"https:\\\/\\\/www.filantropiacortessolari.cl\\\/coedu-charla-magistral-de-francisca-cortes-solari\\\/#article\",\"isPartOf\":{\"@id\":\"https:\\\/\\\/www.filantropiacortessolari.cl\\\/coedu-charla-magistral-de-francisca-cortes-solari\\\/\"},\"author\":{\"name\":\"Filantrop\u00eda Cort\u00e9s Solari\",\"@id\":\"https:\\\/\\\/www.filantropiacortessolari.cl\\\/#\\\/schema\\\/person\\\/e099cf1046922f4f5892172332dc86c0\"},\"headline\":\"[COEDU] Charla Magistral de Francisca Cort\u00e9s Solari\",\"datePublished\":\"2022-12-30T18:03:21+00:00\",\"mainEntityOfPage\":{\"@id\":\"https:\\\/\\\/www.filantropiacortessolari.cl\\\/coedu-charla-magistral-de-francisca-cortes-solari\\\/\"},\"wordCount\":292,\"commentCount\":0,\"image\":{\"@id\":\"https:\\\/\\\/www.filantropiacortessolari.cl\\\/coedu-charla-magistral-de-francisca-cortes-solari\\\/#primaryimage\"},\"thumbnailUrl\":\"https:\\\/\\\/www.filantropiacortessolari.cl\\\/wp-content\\\/uploads\\\/2022\\\/12\\\/franciscacoedu.jpg\",\"keywords\":[\"Francisca Cort\u00e9s Solari\"],\"articleSection\":[\"Noticias\",\"Prensa Caserta\",\"Prensa Escrita\"],\"inLanguage\":\"en-US\",\"potentialAction\":[{\"@type\":\"CommentAction\",\"name\":\"Comment\",\"target\":[\"https:\\\/\\\/www.filantropiacortessolari.cl\\\/coedu-charla-magistral-de-francisca-cortes-solari\\\/#respond\"]}]},{\"@type\":\"WebPage\",\"@id\":\"https:\\\/\\\/www.filantropiacortessolari.cl\\\/coedu-charla-magistral-de-francisca-cortes-solari\\\/\",\"url\":\"https:\\\/\\\/www.filantropiacortessolari.cl\\\/coedu-charla-magistral-de-francisca-cortes-solari\\\/\",\"name\":\"[COEDU] Charla Magistral de Francisca Cort\u00e9s Solari\",\"isPartOf\":{\"@id\":\"https:\\\/\\\/www.filantropiacortessolari.cl\\\/#website\"},\"primaryImageOfPage\":{\"@id\":\"https:\\\/\\\/www.filantropiacortessolari.cl\\\/coedu-charla-magistral-de-francisca-cortes-solari\\\/#primaryimage\"},\"image\":{\"@id\":\"https:\\\/\\\/www.filantropiacortessolari.cl\\\/coedu-charla-magistral-de-francisca-cortes-solari\\\/#primaryimage\"},\"thumbnailUrl\":\"https:\\\/\\\/www.filantropiacortessolari.cl\\\/wp-content\\\/uploads\\\/2022\\\/12\\\/franciscacoedu.jpg\",\"datePublished\":\"2022-12-30T18:03:21+00:00\",\"author\":{\"@id\":\"https:\\\/\\\/www.filantropiacortessolari.cl\\\/#\\\/schema\\\/person\\\/e099cf1046922f4f5892172332dc86c0\"},\"breadcrumb\":{\"@id\":\"https:\\\/\\\/www.filantropiacortessolari.cl\\\/coedu-charla-magistral-de-francisca-cortes-solari\\\/#breadcrumb\"},\"inLanguage\":\"en-US\",\"potentialAction\":[{\"@type\":\"ReadAction\",\"target\":[\"https:\\\/\\\/www.filantropiacortessolari.cl\\\/coedu-charla-magistral-de-francisca-cortes-solari\\\/\"]}]},{\"@type\":\"ImageObject\",\"inLanguage\":\"en-US\",\"@id\":\"https:\\\/\\\/www.filantropiacortessolari.cl\\\/coedu-charla-magistral-de-francisca-cortes-solari\\\/#primaryimage\",\"url\":\"https:\\\/\\\/www.filantropiacortessolari.cl\\\/wp-content\\\/uploads\\\/2022\\\/12\\\/franciscacoedu.jpg\",\"contentUrl\":\"https:\\\/\\\/www.filantropiacortessolari.cl\\\/wp-content\\\/uploads\\\/2022\\\/12\\\/franciscacoedu.jpg\",\"width\":1280,\"height\":853},{\"@type\":\"BreadcrumbList\",\"@id\":\"https:\\\/\\\/www.filantropiacortessolari.cl\\\/coedu-charla-magistral-de-francisca-cortes-solari\\\/#breadcrumb\",\"itemListElement\":[{\"@type\":\"ListItem\",\"position\":1,\"name\":\"Portada\",\"item\":\"https:\\\/\\\/www.filantropiacortessolari.cl\\\/\"},{\"@type\":\"ListItem\",\"position\":2,\"name\":\"[COEDU] Charla Magistral de Francisca Cort\u00e9s Solari\"}]},{\"@type\":\"WebSite\",\"@id\":\"https:\\\/\\\/www.filantropiacortessolari.cl\\\/#website\",\"url\":\"https:\\\/\\\/www.filantropiacortessolari.cl\\\/\",\"name\":\"Filantrop\u00eda Cort\u00e9s Solari\",\"description\":\"Sitio web Filantrop\u00eda Cort\u00e9s Solari\",\"potentialAction\":[{\"@type\":\"SearchAction\",\"target\":{\"@type\":\"EntryPoint\",\"urlTemplate\":\"https:\\\/\\\/www.filantropiacortessolari.cl\\\/?s={search_term_string}\"},\"query-input\":{\"@type\":\"PropertyValueSpecification\",\"valueRequired\":true,\"valueName\":\"search_term_string\"}}],\"inLanguage\":\"en-US\"},{\"@type\":\"Person\",\"@id\":\"https:\\\/\\\/www.filantropiacortessolari.cl\\\/#\\\/schema\\\/person\\\/e099cf1046922f4f5892172332dc86c0\",\"name\":\"Filantrop\u00eda Cort\u00e9s Solari\",\"image\":{\"@type\":\"ImageObject\",\"inLanguage\":\"en-US\",\"@id\":\"https:\\\/\\\/secure.gravatar.com\\\/avatar\\\/9d17bfe24074ed7576e70cbeb8e010cdd7d01fae9f2047bd96cccbe629ec3c11?s=96&d=mm&r=g\",\"url\":\"https:\\\/\\\/secure.gravatar.com\\\/avatar\\\/9d17bfe24074ed7576e70cbeb8e010cdd7d01fae9f2047bd96cccbe629ec3c11?s=96&d=mm&r=g\",\"contentUrl\":\"https:\\\/\\\/secure.gravatar.com\\\/avatar\\\/9d17bfe24074ed7576e70cbeb8e010cdd7d01fae9f2047bd96cccbe629ec3c11?s=96&d=mm&r=g\",\"caption\":\"Filantrop\u00eda Cort\u00e9s Solari\"},\"url\":\"https:\\\/\\\/www.filantropiacortessolari.cl\\\/en\\\/author\\\/filantropia-cortes-solari\\\/\"}]}<\/script>\n<!-- \/ Yoast SEO plugin. -->","yoast_head_json":{"title":"[COEDU] Charla Magistral de Francisca Cort\u00e9s Solari","robots":{"index":"index","follow":"follow","max-snippet":"max-snippet:-1","max-image-preview":"max-image-preview:large","max-video-preview":"max-video-preview:-1"},"canonical":"https:\/\/www.filantropiacortessolari.cl\/coedu-charla-magistral-de-francisca-cortes-solari\/","og_locale":"en_US","og_type":"article","og_title":"[COEDU] Charla Magistral de Francisca Cort\u00e9s Solari","og_url":"https:\/\/www.filantropiacortessolari.cl\/coedu-charla-magistral-de-francisca-cortes-solari\/","og_site_name":"Filantrop\u00eda Cort\u00e9s Solari","article_published_time":"2022-12-30T18:03:21+00:00","og_image":[{"width":1280,"height":853,"url":"https:\/\/www.filantropiacortessolari.cl\/wp-content\/uploads\/2022\/12\/franciscacoedu.jpg","type":"image\/jpeg"}],"author":"Filantrop\u00eda Cort\u00e9s Solari","twitter_card":"summary_large_image","twitter_misc":{"Written by":"Filantrop\u00eda Cort\u00e9s Solari","Est. reading time":"1 minute"},"schema":{"@context":"https:\/\/schema.org","@graph":[{"@type":"Article","@id":"https:\/\/www.filantropiacortessolari.cl\/coedu-charla-magistral-de-francisca-cortes-solari\/#article","isPartOf":{"@id":"https:\/\/www.filantropiacortessolari.cl\/coedu-charla-magistral-de-francisca-cortes-solari\/"},"author":{"name":"Filantrop\u00eda Cort\u00e9s Solari","@id":"https:\/\/www.filantropiacortessolari.cl\/#\/schema\/person\/e099cf1046922f4f5892172332dc86c0"},"headline":"[COEDU] Charla Magistral de Francisca Cort\u00e9s Solari","datePublished":"2022-12-30T18:03:21+00:00","mainEntityOfPage":{"@id":"https:\/\/www.filantropiacortessolari.cl\/coedu-charla-magistral-de-francisca-cortes-solari\/"},"wordCount":292,"commentCount":0,"image":{"@id":"https:\/\/www.filantropiacortessolari.cl\/coedu-charla-magistral-de-francisca-cortes-solari\/#primaryimage"},"thumbnailUrl":"https:\/\/www.filantropiacortessolari.cl\/wp-content\/uploads\/2022\/12\/franciscacoedu.jpg","keywords":["Francisca Cort\u00e9s Solari"],"articleSection":["Noticias","Prensa Caserta","Prensa Escrita"],"inLanguage":"en-US","potentialAction":[{"@type":"CommentAction","name":"Comment","target":["https:\/\/www.filantropiacortessolari.cl\/coedu-charla-magistral-de-francisca-cortes-solari\/#respond"]}]},{"@type":"WebPage","@id":"https:\/\/www.filantropiacortessolari.cl\/coedu-charla-magistral-de-francisca-cortes-solari\/","url":"https:\/\/www.filantropiacortessolari.cl\/coedu-charla-magistral-de-francisca-cortes-solari\/","name":"[COEDU] Charla Magistral de Francisca Cort\u00e9s Solari","isPartOf":{"@id":"https:\/\/www.filantropiacortessolari.cl\/#website"},"primaryImageOfPage":{"@id":"https:\/\/www.filantropiacortessolari.cl\/coedu-charla-magistral-de-francisca-cortes-solari\/#primaryimage"},"image":{"@id":"https:\/\/www.filantropiacortessolari.cl\/coedu-charla-magistral-de-francisca-cortes-solari\/#primaryimage"},"thumbnailUrl":"https:\/\/www.filantropiacortessolari.cl\/wp-content\/uploads\/2022\/12\/franciscacoedu.jpg","datePublished":"2022-12-30T18:03:21+00:00","author":{"@id":"https:\/\/www.filantropiacortessolari.cl\/#\/schema\/person\/e099cf1046922f4f5892172332dc86c0"},"breadcrumb":{"@id":"https:\/\/www.filantropiacortessolari.cl\/coedu-charla-magistral-de-francisca-cortes-solari\/#breadcrumb"},"inLanguage":"en-US","potentialAction":[{"@type":"ReadAction","target":["https:\/\/www.filantropiacortessolari.cl\/coedu-charla-magistral-de-francisca-cortes-solari\/"]}]},{"@type":"ImageObject","inLanguage":"en-US","@id":"https:\/\/www.filantropiacortessolari.cl\/coedu-charla-magistral-de-francisca-cortes-solari\/#primaryimage","url":"https:\/\/www.filantropiacortessolari.cl\/wp-content\/uploads\/2022\/12\/franciscacoedu.jpg","contentUrl":"https:\/\/www.filantropiacortessolari.cl\/wp-content\/uploads\/2022\/12\/franciscacoedu.jpg","width":1280,"height":853},{"@type":"BreadcrumbList","@id":"https:\/\/www.filantropiacortessolari.cl\/coedu-charla-magistral-de-francisca-cortes-solari\/#breadcrumb","itemListElement":[{"@type":"ListItem","position":1,"name":"Portada","item":"https:\/\/www.filantropiacortessolari.cl\/"},{"@type":"ListItem","position":2,"name":"[COEDU] Charla Magistral de Francisca Cort\u00e9s Solari"}]},{"@type":"WebSite","@id":"https:\/\/www.filantropiacortessolari.cl\/#website","url":"https:\/\/www.filantropiacortessolari.cl\/","name":"Filantrop\u00eda Cort\u00e9s Solari","description":"Sitio web Filantrop\u00eda Cort\u00e9s Solari","potentialAction":[{"@type":"SearchAction","target":{"@type":"EntryPoint","urlTemplate":"https:\/\/www.filantropiacortessolari.cl\/?s={search_term_string}"},"query-input":{"@type":"PropertyValueSpecification","valueRequired":true,"valueName":"search_term_string"}}],"inLanguage":"en-US"},{"@type":"Person","@id":"https:\/\/www.filantropiacortessolari.cl\/#\/schema\/person\/e099cf1046922f4f5892172332dc86c0","name":"Filantrop\u00eda Cort\u00e9s Solari","image":{"@type":"ImageObject","inLanguage":"en-US","@id":"https:\/\/secure.gravatar.com\/avatar\/9d17bfe24074ed7576e70cbeb8e010cdd7d01fae9f2047bd96cccbe629ec3c11?s=96&d=mm&r=g","url":"https:\/\/secure.gravatar.com\/avatar\/9d17bfe24074ed7576e70cbeb8e010cdd7d01fae9f2047bd96cccbe629ec3c11?s=96&d=mm&r=g","contentUrl":"https:\/\/secure.gravatar.com\/avatar\/9d17bfe24074ed7576e70cbeb8e010cdd7d01fae9f2047bd96cccbe629ec3c11?s=96&d=mm&r=g","caption":"Filantrop\u00eda Cort\u00e9s Solari"},"url":"https:\/\/www.filantropiacortessolari.cl\/en\/author\/filantropia-cortes-solari\/"}]}},"_links":{"self":[{"href":"https:\/\/www.filantropiacortessolari.cl\/en\/wp-json\/wp\/v2\/posts\/11313","targetHints":{"allow":["GET"]}}],"collection":[{"href":"https:\/\/www.filantropiacortessolari.cl\/en\/wp-json\/wp\/v2\/posts"}],"about":[{"href":"https:\/\/www.filantropiacortessolari.cl\/en\/wp-json\/wp\/v2\/types\/post"}],"author":[{"embeddable":true,"href":"https:\/\/www.filantropiacortessolari.cl\/en\/wp-json\/wp\/v2\/users\/1"}],"replies":[{"embeddable":true,"href":"https:\/\/www.filantropiacortessolari.cl\/en\/wp-json\/wp\/v2\/comments?post=11313"}],"version-history":[{"count":1,"href":"https:\/\/www.filantropiacortessolari.cl\/en\/wp-json\/wp\/v2\/posts\/11313\/revisions"}],"predecessor-version":[{"id":11315,"href":"https:\/\/www.filantropiacortessolari.cl\/en\/wp-json\/wp\/v2\/posts\/11313\/revisions\/11315"}],"wp:featuredmedia":[{"embeddable":true,"href":"https:\/\/www.filantropiacortessolari.cl\/en\/wp-json\/wp\/v2\/media\/11314"}],"wp:attachment":[{"href":"https:\/\/www.filantropiacortessolari.cl\/en\/wp-json\/wp\/v2\/media?parent=11313"}],"wp:term":[{"taxonomy":"category","embeddable":true,"href":"https:\/\/www.filantropiacortessolari.cl\/en\/wp-json\/wp\/v2\/categories?post=11313"},{"taxonomy":"post_tag","embeddable":true,"href":"https:\/\/www.filantropiacortessolari.cl\/en\/wp-json\/wp\/v2\/tags?post=11313"}],"curies":[{"name":"wp","href":"https:\/\/api.w.org\/{rel}","templated":true}]}}