{"id":11320,"date":"2023-01-10T16:26:23","date_gmt":"2023-01-10T19:26:23","guid":{"rendered":"https:\/\/www.filantropiacortessolari.cl\/?p=11320"},"modified":"2023-01-10T16:42:14","modified_gmt":"2023-01-10T19:42:14","slug":"aluviones-y-el-impacto-en-la-conservacion-en-la-cuenca-del-estero-san-jose","status":"publish","type":"post","link":"https:\/\/www.filantropiacortessolari.cl\/en\/aluviones-y-el-impacto-en-la-conservacion-en-la-cuenca-del-estero-san-jose\/","title":{"rendered":"Aluviones y el impacto en la conservaci\u00f3n en la Cuenca del Estero San Jos\u00e9"},"content":{"rendered":"<style type=\"text\/css\"><\/style><p>Una fuerte crecida del caudal con material aluvional en el Estero San Jos\u00e9 se observ\u00f3 la noche del lunes 9 de enero en <a href=\"https:\/\/reservaelemental.cl\/san-jose-de-maipo\/\" target=\"_blank\" rel=\"noopener\">Reserva Elemental Likandes<\/a>, en San Jos\u00e9 de Maipo, debido a las precipitaciones originadas durante esta semana en la cordillera alta.<\/p>\n<p>Producto de la gran cantidad de lodo y rocas transportado por el estero se ha destrozado la principal bocatoma del canal Morenino que abastece el servicio de agua potable Santa Mar\u00eda del Estero.<\/p>\n<p>Estos fen\u00f3menos aluvionales tienen su origen por la abundante precipitaci\u00f3n en zonas de mayor altura donde generalmente suele nevar, de manera que se genera un aumento repentino en el caudal de los r\u00edos, arrastrando material fragmentado como lodo, piedras, ramas, basura; provocando activaci\u00f3n de quebradas, deslizamientos de tierra e, incluso, aluviones o inundaciones locales.<\/p>\n<p>En <a href=\"https:\/\/reservaelemental.cl\/san-jose-de-maipo\/\" target=\"_blank\" rel=\"noopener\">Reserva Elemental Likandes<\/a> hemos monitoreado la cuenca del estero San Jos\u00e9 desde 2017, desde el evento catastr\u00f3fico ocurrido en esta comuna ese a\u00f1o. Con certeza sabemos que estos eventos no son una rareza y se convierten en una normalidad debido al acelerado proceso de Cambio Clim\u00e1tico y afectan negativamente a la estabilidad de los ecosistemas terrestres de la zona.<\/p>\n<p>&#8220;A trav\u00e9s de nuestro compromiso con el estudio cient\u00edfico en los territorios, creemos necesario contar con m\u00e1s acciones para mitigar las consecuencias del alza de temperaturas, escasez h\u00eddrica y el s\u00fabito derretimiento de nuestros glaciares&#8221;, Marcos Contreras, Director Reserva Elemental Likandes.<\/p>\n","protected":false},"excerpt":{"rendered":"<p>Una fuerte crecida del caudal con material aluvional en el Estero San Jos\u00e9 se observ\u00f3 la noche del lunes 9 de enero en Reserva Elemental Likandes, en San Jos\u00e9 de Maipo, debido a las precipitaciones originadas durante esta semana en la cordillera alta. Producto de la gran cantidad de lodo y rocas transportado por el&#8230;<\/p>\n","protected":false},"author":1,"featured_media":11322,"comment_status":"open","ping_status":"open","sticky":false,"template":"","format":"standard","meta":{"footnotes":""},"categories":[31,5,6],"tags":[],"class_list":["post-11320","post","type-post","status-publish","format-standard","has-post-thumbnail","hentry","category-noticias","category-prensa-escrita","category-fundacion-meri"],"translation":{"provider":"WPGlobus","version":"3.0.2","language":"en","enabled_languages":["es","en"],"languages":{"es":{"title":true,"content":true,"excerpt":false},"en":{"title":false,"content":false,"excerpt":false}}},"yoast_head":"<!-- This site is optimized with the Yoast SEO plugin v27.4 - https:\/\/yoast.com\/product\/yoast-seo-wordpress\/ -->\n<title>Aluviones y el impacto en la conservaci\u00f3n en la Cuenca del Estero San Jos\u00e9<\/title>\n<meta name=\"robots\" content=\"index, follow, max-snippet:-1, max-image-preview:large, max-video-preview:-1\" \/>\n<link rel=\"canonical\" href=\"https:\/\/www.filantropiacortessolari.cl\/aluviones-y-el-impacto-en-la-conservacion-en-la-cuenca-del-estero-san-jose\/\" \/>\n<meta property=\"og:locale\" content=\"en_US\" \/>\n<meta property=\"og:type\" content=\"article\" \/>\n<meta property=\"og:title\" content=\"Aluviones y el impacto en la conservaci\u00f3n en la Cuenca del Estero San Jos\u00e9\" \/>\n<meta property=\"og:url\" content=\"https:\/\/www.filantropiacortessolari.cl\/aluviones-y-el-impacto-en-la-conservacion-en-la-cuenca-del-estero-san-jose\/\" \/>\n<meta property=\"og:site_name\" content=\"Filantrop\u00eda Cort\u00e9s Solari\" \/>\n<meta property=\"article:published_time\" content=\"2023-01-10T19:26:23+00:00\" \/>\n<meta property=\"article:modified_time\" content=\"2023-01-10T19:42:14+00:00\" \/>\n<meta property=\"og:image\" content=\"https:\/\/www.filantropiacortessolari.cl\/wp-content\/uploads\/2023\/01\/likandes.jpg\" \/>\n\t<meta property=\"og:image:width\" content=\"1280\" \/>\n\t<meta property=\"og:image:height\" content=\"853\" \/>\n\t<meta property=\"og:image:type\" content=\"image\/jpeg\" \/>\n<meta name=\"author\" content=\"Filantrop\u00eda Cort\u00e9s Solari\" \/>\n<meta name=\"twitter:card\" content=\"summary_large_image\" \/>\n<meta name=\"twitter:label1\" content=\"Written by\" \/>\n\t<meta name=\"twitter:data1\" content=\"Filantrop\u00eda Cort\u00e9s Solari\" \/>\n\t<meta name=\"twitter:label2\" content=\"Est. reading time\" \/>\n\t<meta name=\"twitter:data2\" content=\"2 minutes\" \/>\n<script type=\"application\/ld+json\" class=\"yoast-schema-graph\">{\"@context\":\"https:\\\/\\\/schema.org\",\"@graph\":[{\"@type\":\"Article\",\"@id\":\"https:\\\/\\\/www.filantropiacortessolari.cl\\\/aluviones-y-el-impacto-en-la-conservacion-en-la-cuenca-del-estero-san-jose\\\/#article\",\"isPartOf\":{\"@id\":\"https:\\\/\\\/www.filantropiacortessolari.cl\\\/aluviones-y-el-impacto-en-la-conservacion-en-la-cuenca-del-estero-san-jose\\\/\"},\"author\":{\"name\":\"Filantrop\u00eda Cort\u00e9s Solari\",\"@id\":\"https:\\\/\\\/www.filantropiacortessolari.cl\\\/#\\\/schema\\\/person\\\/e099cf1046922f4f5892172332dc86c0\"},\"headline\":\"Aluviones y el impacto en la conservaci\u00f3n en la Cuenca del Estero San Jos\u00e9\",\"datePublished\":\"2023-01-10T19:26:23+00:00\",\"dateModified\":\"2023-01-10T19:42:14+00:00\",\"mainEntityOfPage\":{\"@id\":\"https:\\\/\\\/www.filantropiacortessolari.cl\\\/aluviones-y-el-impacto-en-la-conservacion-en-la-cuenca-del-estero-san-jose\\\/\"},\"wordCount\":257,\"commentCount\":0,\"image\":{\"@id\":\"https:\\\/\\\/www.filantropiacortessolari.cl\\\/aluviones-y-el-impacto-en-la-conservacion-en-la-cuenca-del-estero-san-jose\\\/#primaryimage\"},\"thumbnailUrl\":\"https:\\\/\\\/www.filantropiacortessolari.cl\\\/wp-content\\\/uploads\\\/2023\\\/01\\\/likandes.jpg\",\"articleSection\":[\"Noticias\",\"Prensa Escrita\",\"Prensa MERI\"],\"inLanguage\":\"en-US\",\"potentialAction\":[{\"@type\":\"CommentAction\",\"name\":\"Comment\",\"target\":[\"https:\\\/\\\/www.filantropiacortessolari.cl\\\/aluviones-y-el-impacto-en-la-conservacion-en-la-cuenca-del-estero-san-jose\\\/#respond\"]}]},{\"@type\":\"WebPage\",\"@id\":\"https:\\\/\\\/www.filantropiacortessolari.cl\\\/aluviones-y-el-impacto-en-la-conservacion-en-la-cuenca-del-estero-san-jose\\\/\",\"url\":\"https:\\\/\\\/www.filantropiacortessolari.cl\\\/aluviones-y-el-impacto-en-la-conservacion-en-la-cuenca-del-estero-san-jose\\\/\",\"name\":\"Aluviones y el impacto en la conservaci\u00f3n en la Cuenca del Estero San Jos\u00e9\",\"isPartOf\":{\"@id\":\"https:\\\/\\\/www.filantropiacortessolari.cl\\\/#website\"},\"primaryImageOfPage\":{\"@id\":\"https:\\\/\\\/www.filantropiacortessolari.cl\\\/aluviones-y-el-impacto-en-la-conservacion-en-la-cuenca-del-estero-san-jose\\\/#primaryimage\"},\"image\":{\"@id\":\"https:\\\/\\\/www.filantropiacortessolari.cl\\\/aluviones-y-el-impacto-en-la-conservacion-en-la-cuenca-del-estero-san-jose\\\/#primaryimage\"},\"thumbnailUrl\":\"https:\\\/\\\/www.filantropiacortessolari.cl\\\/wp-content\\\/uploads\\\/2023\\\/01\\\/likandes.jpg\",\"datePublished\":\"2023-01-10T19:26:23+00:00\",\"dateModified\":\"2023-01-10T19:42:14+00:00\",\"author\":{\"@id\":\"https:\\\/\\\/www.filantropiacortessolari.cl\\\/#\\\/schema\\\/person\\\/e099cf1046922f4f5892172332dc86c0\"},\"breadcrumb\":{\"@id\":\"https:\\\/\\\/www.filantropiacortessolari.cl\\\/aluviones-y-el-impacto-en-la-conservacion-en-la-cuenca-del-estero-san-jose\\\/#breadcrumb\"},\"inLanguage\":\"en-US\",\"potentialAction\":[{\"@type\":\"ReadAction\",\"target\":[\"https:\\\/\\\/www.filantropiacortessolari.cl\\\/aluviones-y-el-impacto-en-la-conservacion-en-la-cuenca-del-estero-san-jose\\\/\"]}]},{\"@type\":\"ImageObject\",\"inLanguage\":\"en-US\",\"@id\":\"https:\\\/\\\/www.filantropiacortessolari.cl\\\/aluviones-y-el-impacto-en-la-conservacion-en-la-cuenca-del-estero-san-jose\\\/#primaryimage\",\"url\":\"https:\\\/\\\/www.filantropiacortessolari.cl\\\/wp-content\\\/uploads\\\/2023\\\/01\\\/likandes.jpg\",\"contentUrl\":\"https:\\\/\\\/www.filantropiacortessolari.cl\\\/wp-content\\\/uploads\\\/2023\\\/01\\\/likandes.jpg\",\"width\":1280,\"height\":853},{\"@type\":\"BreadcrumbList\",\"@id\":\"https:\\\/\\\/www.filantropiacortessolari.cl\\\/aluviones-y-el-impacto-en-la-conservacion-en-la-cuenca-del-estero-san-jose\\\/#breadcrumb\",\"itemListElement\":[{\"@type\":\"ListItem\",\"position\":1,\"name\":\"Portada\",\"item\":\"https:\\\/\\\/www.filantropiacortessolari.cl\\\/\"},{\"@type\":\"ListItem\",\"position\":2,\"name\":\"Aluviones y el impacto en la conservaci\u00f3n en la Cuenca del Estero San Jos\u00e9\"}]},{\"@type\":\"WebSite\",\"@id\":\"https:\\\/\\\/www.filantropiacortessolari.cl\\\/#website\",\"url\":\"https:\\\/\\\/www.filantropiacortessolari.cl\\\/\",\"name\":\"Filantrop\u00eda Cort\u00e9s Solari\",\"description\":\"Sitio web Filantrop\u00eda Cort\u00e9s Solari\",\"potentialAction\":[{\"@type\":\"SearchAction\",\"target\":{\"@type\":\"EntryPoint\",\"urlTemplate\":\"https:\\\/\\\/www.filantropiacortessolari.cl\\\/?s={search_term_string}\"},\"query-input\":{\"@type\":\"PropertyValueSpecification\",\"valueRequired\":true,\"valueName\":\"search_term_string\"}}],\"inLanguage\":\"en-US\"},{\"@type\":\"Person\",\"@id\":\"https:\\\/\\\/www.filantropiacortessolari.cl\\\/#\\\/schema\\\/person\\\/e099cf1046922f4f5892172332dc86c0\",\"name\":\"Filantrop\u00eda Cort\u00e9s Solari\",\"image\":{\"@type\":\"ImageObject\",\"inLanguage\":\"en-US\",\"@id\":\"https:\\\/\\\/secure.gravatar.com\\\/avatar\\\/9d17bfe24074ed7576e70cbeb8e010cdd7d01fae9f2047bd96cccbe629ec3c11?s=96&d=mm&r=g\",\"url\":\"https:\\\/\\\/secure.gravatar.com\\\/avatar\\\/9d17bfe24074ed7576e70cbeb8e010cdd7d01fae9f2047bd96cccbe629ec3c11?s=96&d=mm&r=g\",\"contentUrl\":\"https:\\\/\\\/secure.gravatar.com\\\/avatar\\\/9d17bfe24074ed7576e70cbeb8e010cdd7d01fae9f2047bd96cccbe629ec3c11?s=96&d=mm&r=g\",\"caption\":\"Filantrop\u00eda Cort\u00e9s Solari\"},\"url\":\"https:\\\/\\\/www.filantropiacortessolari.cl\\\/en\\\/author\\\/filantropia-cortes-solari\\\/\"}]}<\/script>\n<!-- \/ Yoast SEO plugin. -->","yoast_head_json":{"title":"Aluviones y el impacto en la conservaci\u00f3n en la Cuenca del Estero San Jos\u00e9","robots":{"index":"index","follow":"follow","max-snippet":"max-snippet:-1","max-image-preview":"max-image-preview:large","max-video-preview":"max-video-preview:-1"},"canonical":"https:\/\/www.filantropiacortessolari.cl\/aluviones-y-el-impacto-en-la-conservacion-en-la-cuenca-del-estero-san-jose\/","og_locale":"en_US","og_type":"article","og_title":"Aluviones y el impacto en la conservaci\u00f3n en la Cuenca del Estero San Jos\u00e9","og_url":"https:\/\/www.filantropiacortessolari.cl\/aluviones-y-el-impacto-en-la-conservacion-en-la-cuenca-del-estero-san-jose\/","og_site_name":"Filantrop\u00eda Cort\u00e9s Solari","article_published_time":"2023-01-10T19:26:23+00:00","article_modified_time":"2023-01-10T19:42:14+00:00","og_image":[{"width":1280,"height":853,"url":"https:\/\/www.filantropiacortessolari.cl\/wp-content\/uploads\/2023\/01\/likandes.jpg","type":"image\/jpeg"}],"author":"Filantrop\u00eda Cort\u00e9s Solari","twitter_card":"summary_large_image","twitter_misc":{"Written by":"Filantrop\u00eda Cort\u00e9s Solari","Est. reading time":"2 minutes"},"schema":{"@context":"https:\/\/schema.org","@graph":[{"@type":"Article","@id":"https:\/\/www.filantropiacortessolari.cl\/aluviones-y-el-impacto-en-la-conservacion-en-la-cuenca-del-estero-san-jose\/#article","isPartOf":{"@id":"https:\/\/www.filantropiacortessolari.cl\/aluviones-y-el-impacto-en-la-conservacion-en-la-cuenca-del-estero-san-jose\/"},"author":{"name":"Filantrop\u00eda Cort\u00e9s Solari","@id":"https:\/\/www.filantropiacortessolari.cl\/#\/schema\/person\/e099cf1046922f4f5892172332dc86c0"},"headline":"Aluviones y el impacto en la conservaci\u00f3n en la Cuenca del Estero San Jos\u00e9","datePublished":"2023-01-10T19:26:23+00:00","dateModified":"2023-01-10T19:42:14+00:00","mainEntityOfPage":{"@id":"https:\/\/www.filantropiacortessolari.cl\/aluviones-y-el-impacto-en-la-conservacion-en-la-cuenca-del-estero-san-jose\/"},"wordCount":257,"commentCount":0,"image":{"@id":"https:\/\/www.filantropiacortessolari.cl\/aluviones-y-el-impacto-en-la-conservacion-en-la-cuenca-del-estero-san-jose\/#primaryimage"},"thumbnailUrl":"https:\/\/www.filantropiacortessolari.cl\/wp-content\/uploads\/2023\/01\/likandes.jpg","articleSection":["Noticias","Prensa Escrita","Prensa MERI"],"inLanguage":"en-US","potentialAction":[{"@type":"CommentAction","name":"Comment","target":["https:\/\/www.filantropiacortessolari.cl\/aluviones-y-el-impacto-en-la-conservacion-en-la-cuenca-del-estero-san-jose\/#respond"]}]},{"@type":"WebPage","@id":"https:\/\/www.filantropiacortessolari.cl\/aluviones-y-el-impacto-en-la-conservacion-en-la-cuenca-del-estero-san-jose\/","url":"https:\/\/www.filantropiacortessolari.cl\/aluviones-y-el-impacto-en-la-conservacion-en-la-cuenca-del-estero-san-jose\/","name":"Aluviones y el impacto en la conservaci\u00f3n en la Cuenca del Estero San Jos\u00e9","isPartOf":{"@id":"https:\/\/www.filantropiacortessolari.cl\/#website"},"primaryImageOfPage":{"@id":"https:\/\/www.filantropiacortessolari.cl\/aluviones-y-el-impacto-en-la-conservacion-en-la-cuenca-del-estero-san-jose\/#primaryimage"},"image":{"@id":"https:\/\/www.filantropiacortessolari.cl\/aluviones-y-el-impacto-en-la-conservacion-en-la-cuenca-del-estero-san-jose\/#primaryimage"},"thumbnailUrl":"https:\/\/www.filantropiacortessolari.cl\/wp-content\/uploads\/2023\/01\/likandes.jpg","datePublished":"2023-01-10T19:26:23+00:00","dateModified":"2023-01-10T19:42:14+00:00","author":{"@id":"https:\/\/www.filantropiacortessolari.cl\/#\/schema\/person\/e099cf1046922f4f5892172332dc86c0"},"breadcrumb":{"@id":"https:\/\/www.filantropiacortessolari.cl\/aluviones-y-el-impacto-en-la-conservacion-en-la-cuenca-del-estero-san-jose\/#breadcrumb"},"inLanguage":"en-US","potentialAction":[{"@type":"ReadAction","target":["https:\/\/www.filantropiacortessolari.cl\/aluviones-y-el-impacto-en-la-conservacion-en-la-cuenca-del-estero-san-jose\/"]}]},{"@type":"ImageObject","inLanguage":"en-US","@id":"https:\/\/www.filantropiacortessolari.cl\/aluviones-y-el-impacto-en-la-conservacion-en-la-cuenca-del-estero-san-jose\/#primaryimage","url":"https:\/\/www.filantropiacortessolari.cl\/wp-content\/uploads\/2023\/01\/likandes.jpg","contentUrl":"https:\/\/www.filantropiacortessolari.cl\/wp-content\/uploads\/2023\/01\/likandes.jpg","width":1280,"height":853},{"@type":"BreadcrumbList","@id":"https:\/\/www.filantropiacortessolari.cl\/aluviones-y-el-impacto-en-la-conservacion-en-la-cuenca-del-estero-san-jose\/#breadcrumb","itemListElement":[{"@type":"ListItem","position":1,"name":"Portada","item":"https:\/\/www.filantropiacortessolari.cl\/"},{"@type":"ListItem","position":2,"name":"Aluviones y el impacto en la conservaci\u00f3n en la Cuenca del Estero San Jos\u00e9"}]},{"@type":"WebSite","@id":"https:\/\/www.filantropiacortessolari.cl\/#website","url":"https:\/\/www.filantropiacortessolari.cl\/","name":"Filantrop\u00eda Cort\u00e9s Solari","description":"Sitio web Filantrop\u00eda Cort\u00e9s Solari","potentialAction":[{"@type":"SearchAction","target":{"@type":"EntryPoint","urlTemplate":"https:\/\/www.filantropiacortessolari.cl\/?s={search_term_string}"},"query-input":{"@type":"PropertyValueSpecification","valueRequired":true,"valueName":"search_term_string"}}],"inLanguage":"en-US"},{"@type":"Person","@id":"https:\/\/www.filantropiacortessolari.cl\/#\/schema\/person\/e099cf1046922f4f5892172332dc86c0","name":"Filantrop\u00eda Cort\u00e9s Solari","image":{"@type":"ImageObject","inLanguage":"en-US","@id":"https:\/\/secure.gravatar.com\/avatar\/9d17bfe24074ed7576e70cbeb8e010cdd7d01fae9f2047bd96cccbe629ec3c11?s=96&d=mm&r=g","url":"https:\/\/secure.gravatar.com\/avatar\/9d17bfe24074ed7576e70cbeb8e010cdd7d01fae9f2047bd96cccbe629ec3c11?s=96&d=mm&r=g","contentUrl":"https:\/\/secure.gravatar.com\/avatar\/9d17bfe24074ed7576e70cbeb8e010cdd7d01fae9f2047bd96cccbe629ec3c11?s=96&d=mm&r=g","caption":"Filantrop\u00eda Cort\u00e9s Solari"},"url":"https:\/\/www.filantropiacortessolari.cl\/en\/author\/filantropia-cortes-solari\/"}]}},"_links":{"self":[{"href":"https:\/\/www.filantropiacortessolari.cl\/en\/wp-json\/wp\/v2\/posts\/11320","targetHints":{"allow":["GET"]}}],"collection":[{"href":"https:\/\/www.filantropiacortessolari.cl\/en\/wp-json\/wp\/v2\/posts"}],"about":[{"href":"https:\/\/www.filantropiacortessolari.cl\/en\/wp-json\/wp\/v2\/types\/post"}],"author":[{"embeddable":true,"href":"https:\/\/www.filantropiacortessolari.cl\/en\/wp-json\/wp\/v2\/users\/1"}],"replies":[{"embeddable":true,"href":"https:\/\/www.filantropiacortessolari.cl\/en\/wp-json\/wp\/v2\/comments?post=11320"}],"version-history":[{"count":1,"href":"https:\/\/www.filantropiacortessolari.cl\/en\/wp-json\/wp\/v2\/posts\/11320\/revisions"}],"predecessor-version":[{"id":11321,"href":"https:\/\/www.filantropiacortessolari.cl\/en\/wp-json\/wp\/v2\/posts\/11320\/revisions\/11321"}],"wp:featuredmedia":[{"embeddable":true,"href":"https:\/\/www.filantropiacortessolari.cl\/en\/wp-json\/wp\/v2\/media\/11322"}],"wp:attachment":[{"href":"https:\/\/www.filantropiacortessolari.cl\/en\/wp-json\/wp\/v2\/media?parent=11320"}],"wp:term":[{"taxonomy":"category","embeddable":true,"href":"https:\/\/www.filantropiacortessolari.cl\/en\/wp-json\/wp\/v2\/categories?post=11320"},{"taxonomy":"post_tag","embeddable":true,"href":"https:\/\/www.filantropiacortessolari.cl\/en\/wp-json\/wp\/v2\/tags?post=11320"}],"curies":[{"name":"wp","href":"https:\/\/api.w.org\/{rel}","templated":true}]}}