{"id":11372,"date":"2023-04-04T11:06:23","date_gmt":"2023-04-04T14:06:23","guid":{"rendered":"https:\/\/www.filantropiacortessolari.cl\/?p=11372"},"modified":"2023-04-04T11:13:30","modified_gmt":"2023-04-04T14:13:30","slug":"cnn-chile-hoy-en-dia-hablamos-de-un-paradigma-circular-nos-importan-otros-valores-nos-importa-el-ser-nos-importan-los-vinculos","status":"publish","type":"post","link":"https:\/\/www.filantropiacortessolari.cl\/en\/cnn-chile-hoy-en-dia-hablamos-de-un-paradigma-circular-nos-importan-otros-valores-nos-importa-el-ser-nos-importan-los-vinculos\/","title":{"rendered":"[CNN CHILE] \u201cHoy en d\u00eda hablamos de un paradigma circular. Nos importan otros valores, nos importa el ser, nos importan los v\u00ednculos&#8221;."},"content":{"rendered":"<style type=\"text\/css\"><\/style><div>\n<p>En una nueva edici\u00f3n del programa\u00a0<a href=\"https:\/\/www.cnnchile.com\/tag\/ups\/\" target=\"_blank\" rel=\"noopener\" data-saferedirecturl=\"https:\/\/www.google.com\/url?q=https:\/\/www.cnnchile.com\/tag\/ups\/&amp;source=gmail&amp;ust=1680640229403000&amp;usg=AOvVaw3q2UP3S4z4-mU3CN4X45g0\"><b><i>UPS<\/i><\/b><\/a>, la presidenta ejecutiva de Filantrop\u00eda Cort\u00e9s Solari,\u00a0<a href=\"https:\/\/www.filantropiacortessolari.cl\/profile\/francisca-cortes-solari\/\" target=\"_blank\" rel=\"noopener\"><b>Francisca Cort\u00e9s<\/b>\u00a0Solari<\/a> ahond\u00f3 sobre el bienestar colectivo y el cambio de paradigma en la filantrop\u00eda empresarial.<\/p>\n<p>\u201cUno decide, o quiere tambi\u00e9n de alguna forma, aportar a tu pa\u00eds. Y creo que de alguna forma la conservaci\u00f3n en alg\u00fan momento, u hoy en d\u00eda, es una de las cosas que necesitamos hacer. Y<b>\u00a0no es f\u00e1cil tampoco encontrar personas que hagan conservaci\u00f3n<\/b>\u201d dijo.<\/p>\n<p>Agreg\u00f3 que \u201c<b>hoy en d\u00eda hablamos de un paradigma circular<\/b>. Nos importan otros valores, nos importa el ser, nos importan los v\u00ednculos, nos importa la persona. Hablamos de una interconexi\u00f3n, hablamos de un paradigma circular\u201d.<\/p>\n<p>En este sentido, la conservacionista indic\u00f3 que hoy en d\u00eda cuando\u00a0<b>una empresa est\u00e1 mitigando el carbono tambi\u00e9n tiene una ganancia<\/b>\u00a0\u201cen cuanto al valor, a la moral, a lo que corresponde hoy en d\u00eda\u201d.<\/p>\n<p>\u201cCuando t\u00fa le das bienestar a tus trabajadores, t\u00fa est\u00e1s haciendo un bien para tu pa\u00eds tambi\u00e9n\u201d, explic\u00f3.<\/p>\n<\/div>\n<div><\/div>\n","protected":false},"excerpt":{"rendered":"<p>En una nueva edici\u00f3n del programa\u00a0UPS, la presidenta ejecutiva de Filantrop\u00eda Cort\u00e9s Solari,\u00a0Francisca Cort\u00e9s\u00a0Solari ahond\u00f3 sobre el bienestar colectivo y el cambio de paradigma en la filantrop\u00eda empresarial. \u201cUno decide, o quiere tambi\u00e9n de alguna forma, aportar a tu pa\u00eds. Y creo que de alguna forma la conservaci\u00f3n en alg\u00fan momento, u hoy en d\u00eda,&#8230;<\/p>\n","protected":false},"author":1,"featured_media":11374,"comment_status":"open","ping_status":"open","sticky":false,"template":"","format":"video","meta":{"footnotes":""},"categories":[33,9,31],"tags":[],"class_list":["post-11372","post","type-post","status-publish","format-video","has-post-thumbnail","hentry","category-fcs","category-entrevistas","category-noticias","post_format-post-format-video"],"translation":{"provider":"WPGlobus","version":"3.0.2","language":"en","enabled_languages":["es","en"],"languages":{"es":{"title":true,"content":true,"excerpt":false},"en":{"title":false,"content":false,"excerpt":false}}},"yoast_head":"<!-- This site is optimized with the Yoast SEO plugin v27.4 - https:\/\/yoast.com\/product\/yoast-seo-wordpress\/ -->\n<title>[CNN CHILE] \u201cHoy en d\u00eda hablamos de un paradigma circular. Nos importan otros valores, nos importa el ser, nos importan los v\u00ednculos&quot;.<\/title>\n<meta name=\"robots\" content=\"index, follow, max-snippet:-1, max-image-preview:large, max-video-preview:-1\" \/>\n<link rel=\"canonical\" href=\"https:\/\/www.filantropiacortessolari.cl\/cnn-chile-hoy-en-dia-hablamos-de-un-paradigma-circular-nos-importan-otros-valores-nos-importa-el-ser-nos-importan-los-vinculos\/\" \/>\n<meta property=\"og:locale\" content=\"en_US\" \/>\n<meta property=\"og:type\" content=\"article\" \/>\n<meta property=\"og:title\" content=\"[CNN CHILE] \u201cHoy en d\u00eda hablamos de un paradigma circular. Nos importan otros valores, nos importa el ser, nos importan los v\u00ednculos&quot;.\" \/>\n<meta property=\"og:url\" content=\"https:\/\/www.filantropiacortessolari.cl\/cnn-chile-hoy-en-dia-hablamos-de-un-paradigma-circular-nos-importan-otros-valores-nos-importa-el-ser-nos-importan-los-vinculos\/\" \/>\n<meta property=\"og:site_name\" content=\"Filantrop\u00eda Cort\u00e9s Solari\" \/>\n<meta property=\"article:published_time\" content=\"2023-04-04T14:06:23+00:00\" \/>\n<meta property=\"article:modified_time\" content=\"2023-04-04T14:13:30+00:00\" \/>\n<meta property=\"og:image\" content=\"https:\/\/www.filantropiacortessolari.cl\/wp-content\/uploads\/2023\/04\/entrevista.jpg\" \/>\n\t<meta property=\"og:image:width\" content=\"1604\" \/>\n\t<meta property=\"og:image:height\" content=\"898\" \/>\n\t<meta property=\"og:image:type\" content=\"image\/jpeg\" \/>\n<meta name=\"author\" content=\"Filantrop\u00eda Cort\u00e9s Solari\" \/>\n<meta name=\"twitter:card\" content=\"summary_large_image\" \/>\n<meta name=\"twitter:label1\" content=\"Written by\" \/>\n\t<meta name=\"twitter:data1\" content=\"Filantrop\u00eda Cort\u00e9s Solari\" \/>\n\t<meta name=\"twitter:label2\" content=\"Est. reading time\" \/>\n\t<meta name=\"twitter:data2\" content=\"1 minute\" \/>\n<script type=\"application\/ld+json\" class=\"yoast-schema-graph\">{\"@context\":\"https:\\\/\\\/schema.org\",\"@graph\":[{\"@type\":\"Article\",\"@id\":\"https:\\\/\\\/www.filantropiacortessolari.cl\\\/cnn-chile-hoy-en-dia-hablamos-de-un-paradigma-circular-nos-importan-otros-valores-nos-importa-el-ser-nos-importan-los-vinculos\\\/#article\",\"isPartOf\":{\"@id\":\"https:\\\/\\\/www.filantropiacortessolari.cl\\\/cnn-chile-hoy-en-dia-hablamos-de-un-paradigma-circular-nos-importan-otros-valores-nos-importa-el-ser-nos-importan-los-vinculos\\\/\"},\"author\":{\"name\":\"Filantrop\u00eda Cort\u00e9s Solari\",\"@id\":\"https:\\\/\\\/www.filantropiacortessolari.cl\\\/#\\\/schema\\\/person\\\/e099cf1046922f4f5892172332dc86c0\"},\"headline\":\"[CNN CHILE] \u201cHoy en d\u00eda hablamos de un paradigma circular. Nos importan otros valores, nos importa el ser, nos importan los v\u00ednculos&#8221;.\",\"datePublished\":\"2023-04-04T14:06:23+00:00\",\"dateModified\":\"2023-04-04T14:13:30+00:00\",\"mainEntityOfPage\":{\"@id\":\"https:\\\/\\\/www.filantropiacortessolari.cl\\\/cnn-chile-hoy-en-dia-hablamos-de-un-paradigma-circular-nos-importan-otros-valores-nos-importa-el-ser-nos-importan-los-vinculos\\\/\"},\"wordCount\":210,\"commentCount\":0,\"image\":{\"@id\":\"https:\\\/\\\/www.filantropiacortessolari.cl\\\/cnn-chile-hoy-en-dia-hablamos-de-un-paradigma-circular-nos-importan-otros-valores-nos-importa-el-ser-nos-importan-los-vinculos\\\/#primaryimage\"},\"thumbnailUrl\":\"https:\\\/\\\/www.filantropiacortessolari.cl\\\/wp-content\\\/uploads\\\/2023\\\/04\\\/entrevista.jpg\",\"articleSection\":[\"Entrevista FCS\",\"Entrevistas\",\"Noticias\"],\"inLanguage\":\"en-US\",\"potentialAction\":[{\"@type\":\"CommentAction\",\"name\":\"Comment\",\"target\":[\"https:\\\/\\\/www.filantropiacortessolari.cl\\\/cnn-chile-hoy-en-dia-hablamos-de-un-paradigma-circular-nos-importan-otros-valores-nos-importa-el-ser-nos-importan-los-vinculos\\\/#respond\"]}]},{\"@type\":\"WebPage\",\"@id\":\"https:\\\/\\\/www.filantropiacortessolari.cl\\\/cnn-chile-hoy-en-dia-hablamos-de-un-paradigma-circular-nos-importan-otros-valores-nos-importa-el-ser-nos-importan-los-vinculos\\\/\",\"url\":\"https:\\\/\\\/www.filantropiacortessolari.cl\\\/cnn-chile-hoy-en-dia-hablamos-de-un-paradigma-circular-nos-importan-otros-valores-nos-importa-el-ser-nos-importan-los-vinculos\\\/\",\"name\":\"[CNN CHILE] \u201cHoy en d\u00eda hablamos de un paradigma circular. Nos importan otros valores, nos importa el ser, nos importan los v\u00ednculos\\\".\",\"isPartOf\":{\"@id\":\"https:\\\/\\\/www.filantropiacortessolari.cl\\\/#website\"},\"primaryImageOfPage\":{\"@id\":\"https:\\\/\\\/www.filantropiacortessolari.cl\\\/cnn-chile-hoy-en-dia-hablamos-de-un-paradigma-circular-nos-importan-otros-valores-nos-importa-el-ser-nos-importan-los-vinculos\\\/#primaryimage\"},\"image\":{\"@id\":\"https:\\\/\\\/www.filantropiacortessolari.cl\\\/cnn-chile-hoy-en-dia-hablamos-de-un-paradigma-circular-nos-importan-otros-valores-nos-importa-el-ser-nos-importan-los-vinculos\\\/#primaryimage\"},\"thumbnailUrl\":\"https:\\\/\\\/www.filantropiacortessolari.cl\\\/wp-content\\\/uploads\\\/2023\\\/04\\\/entrevista.jpg\",\"datePublished\":\"2023-04-04T14:06:23+00:00\",\"dateModified\":\"2023-04-04T14:13:30+00:00\",\"author\":{\"@id\":\"https:\\\/\\\/www.filantropiacortessolari.cl\\\/#\\\/schema\\\/person\\\/e099cf1046922f4f5892172332dc86c0\"},\"breadcrumb\":{\"@id\":\"https:\\\/\\\/www.filantropiacortessolari.cl\\\/cnn-chile-hoy-en-dia-hablamos-de-un-paradigma-circular-nos-importan-otros-valores-nos-importa-el-ser-nos-importan-los-vinculos\\\/#breadcrumb\"},\"inLanguage\":\"en-US\",\"potentialAction\":[{\"@type\":\"ReadAction\",\"target\":[\"https:\\\/\\\/www.filantropiacortessolari.cl\\\/cnn-chile-hoy-en-dia-hablamos-de-un-paradigma-circular-nos-importan-otros-valores-nos-importa-el-ser-nos-importan-los-vinculos\\\/\"]}]},{\"@type\":\"ImageObject\",\"inLanguage\":\"en-US\",\"@id\":\"https:\\\/\\\/www.filantropiacortessolari.cl\\\/cnn-chile-hoy-en-dia-hablamos-de-un-paradigma-circular-nos-importan-otros-valores-nos-importa-el-ser-nos-importan-los-vinculos\\\/#primaryimage\",\"url\":\"https:\\\/\\\/www.filantropiacortessolari.cl\\\/wp-content\\\/uploads\\\/2023\\\/04\\\/entrevista.jpg\",\"contentUrl\":\"https:\\\/\\\/www.filantropiacortessolari.cl\\\/wp-content\\\/uploads\\\/2023\\\/04\\\/entrevista.jpg\",\"width\":1604,\"height\":898},{\"@type\":\"BreadcrumbList\",\"@id\":\"https:\\\/\\\/www.filantropiacortessolari.cl\\\/cnn-chile-hoy-en-dia-hablamos-de-un-paradigma-circular-nos-importan-otros-valores-nos-importa-el-ser-nos-importan-los-vinculos\\\/#breadcrumb\",\"itemListElement\":[{\"@type\":\"ListItem\",\"position\":1,\"name\":\"Portada\",\"item\":\"https:\\\/\\\/www.filantropiacortessolari.cl\\\/\"},{\"@type\":\"ListItem\",\"position\":2,\"name\":\"[CNN CHILE] \u201cHoy en d\u00eda hablamos de un paradigma circular. Nos importan otros valores, nos importa el ser, nos importan los v\u00ednculos&#8221;.\"}]},{\"@type\":\"WebSite\",\"@id\":\"https:\\\/\\\/www.filantropiacortessolari.cl\\\/#website\",\"url\":\"https:\\\/\\\/www.filantropiacortessolari.cl\\\/\",\"name\":\"Filantrop\u00eda Cort\u00e9s Solari\",\"description\":\"Sitio web Filantrop\u00eda Cort\u00e9s Solari\",\"potentialAction\":[{\"@type\":\"SearchAction\",\"target\":{\"@type\":\"EntryPoint\",\"urlTemplate\":\"https:\\\/\\\/www.filantropiacortessolari.cl\\\/?s={search_term_string}\"},\"query-input\":{\"@type\":\"PropertyValueSpecification\",\"valueRequired\":true,\"valueName\":\"search_term_string\"}}],\"inLanguage\":\"en-US\"},{\"@type\":\"Person\",\"@id\":\"https:\\\/\\\/www.filantropiacortessolari.cl\\\/#\\\/schema\\\/person\\\/e099cf1046922f4f5892172332dc86c0\",\"name\":\"Filantrop\u00eda Cort\u00e9s Solari\",\"image\":{\"@type\":\"ImageObject\",\"inLanguage\":\"en-US\",\"@id\":\"https:\\\/\\\/secure.gravatar.com\\\/avatar\\\/9d17bfe24074ed7576e70cbeb8e010cdd7d01fae9f2047bd96cccbe629ec3c11?s=96&d=mm&r=g\",\"url\":\"https:\\\/\\\/secure.gravatar.com\\\/avatar\\\/9d17bfe24074ed7576e70cbeb8e010cdd7d01fae9f2047bd96cccbe629ec3c11?s=96&d=mm&r=g\",\"contentUrl\":\"https:\\\/\\\/secure.gravatar.com\\\/avatar\\\/9d17bfe24074ed7576e70cbeb8e010cdd7d01fae9f2047bd96cccbe629ec3c11?s=96&d=mm&r=g\",\"caption\":\"Filantrop\u00eda Cort\u00e9s Solari\"},\"url\":\"https:\\\/\\\/www.filantropiacortessolari.cl\\\/en\\\/author\\\/filantropia-cortes-solari\\\/\"}]}<\/script>\n<!-- \/ Yoast SEO plugin. -->","yoast_head_json":{"title":"[CNN CHILE] \u201cHoy en d\u00eda hablamos de un paradigma circular. Nos importan otros valores, nos importa el ser, nos importan los v\u00ednculos\".","robots":{"index":"index","follow":"follow","max-snippet":"max-snippet:-1","max-image-preview":"max-image-preview:large","max-video-preview":"max-video-preview:-1"},"canonical":"https:\/\/www.filantropiacortessolari.cl\/cnn-chile-hoy-en-dia-hablamos-de-un-paradigma-circular-nos-importan-otros-valores-nos-importa-el-ser-nos-importan-los-vinculos\/","og_locale":"en_US","og_type":"article","og_title":"[CNN CHILE] \u201cHoy en d\u00eda hablamos de un paradigma circular. Nos importan otros valores, nos importa el ser, nos importan los v\u00ednculos\".","og_url":"https:\/\/www.filantropiacortessolari.cl\/cnn-chile-hoy-en-dia-hablamos-de-un-paradigma-circular-nos-importan-otros-valores-nos-importa-el-ser-nos-importan-los-vinculos\/","og_site_name":"Filantrop\u00eda Cort\u00e9s Solari","article_published_time":"2023-04-04T14:06:23+00:00","article_modified_time":"2023-04-04T14:13:30+00:00","og_image":[{"width":1604,"height":898,"url":"https:\/\/www.filantropiacortessolari.cl\/wp-content\/uploads\/2023\/04\/entrevista.jpg","type":"image\/jpeg"}],"author":"Filantrop\u00eda Cort\u00e9s Solari","twitter_card":"summary_large_image","twitter_misc":{"Written by":"Filantrop\u00eda Cort\u00e9s Solari","Est. reading time":"1 minute"},"schema":{"@context":"https:\/\/schema.org","@graph":[{"@type":"Article","@id":"https:\/\/www.filantropiacortessolari.cl\/cnn-chile-hoy-en-dia-hablamos-de-un-paradigma-circular-nos-importan-otros-valores-nos-importa-el-ser-nos-importan-los-vinculos\/#article","isPartOf":{"@id":"https:\/\/www.filantropiacortessolari.cl\/cnn-chile-hoy-en-dia-hablamos-de-un-paradigma-circular-nos-importan-otros-valores-nos-importa-el-ser-nos-importan-los-vinculos\/"},"author":{"name":"Filantrop\u00eda Cort\u00e9s Solari","@id":"https:\/\/www.filantropiacortessolari.cl\/#\/schema\/person\/e099cf1046922f4f5892172332dc86c0"},"headline":"[CNN CHILE] \u201cHoy en d\u00eda hablamos de un paradigma circular. Nos importan otros valores, nos importa el ser, nos importan los v\u00ednculos&#8221;.","datePublished":"2023-04-04T14:06:23+00:00","dateModified":"2023-04-04T14:13:30+00:00","mainEntityOfPage":{"@id":"https:\/\/www.filantropiacortessolari.cl\/cnn-chile-hoy-en-dia-hablamos-de-un-paradigma-circular-nos-importan-otros-valores-nos-importa-el-ser-nos-importan-los-vinculos\/"},"wordCount":210,"commentCount":0,"image":{"@id":"https:\/\/www.filantropiacortessolari.cl\/cnn-chile-hoy-en-dia-hablamos-de-un-paradigma-circular-nos-importan-otros-valores-nos-importa-el-ser-nos-importan-los-vinculos\/#primaryimage"},"thumbnailUrl":"https:\/\/www.filantropiacortessolari.cl\/wp-content\/uploads\/2023\/04\/entrevista.jpg","articleSection":["Entrevista FCS","Entrevistas","Noticias"],"inLanguage":"en-US","potentialAction":[{"@type":"CommentAction","name":"Comment","target":["https:\/\/www.filantropiacortessolari.cl\/cnn-chile-hoy-en-dia-hablamos-de-un-paradigma-circular-nos-importan-otros-valores-nos-importa-el-ser-nos-importan-los-vinculos\/#respond"]}]},{"@type":"WebPage","@id":"https:\/\/www.filantropiacortessolari.cl\/cnn-chile-hoy-en-dia-hablamos-de-un-paradigma-circular-nos-importan-otros-valores-nos-importa-el-ser-nos-importan-los-vinculos\/","url":"https:\/\/www.filantropiacortessolari.cl\/cnn-chile-hoy-en-dia-hablamos-de-un-paradigma-circular-nos-importan-otros-valores-nos-importa-el-ser-nos-importan-los-vinculos\/","name":"[CNN CHILE] \u201cHoy en d\u00eda hablamos de un paradigma circular. Nos importan otros valores, nos importa el ser, nos importan los v\u00ednculos\".","isPartOf":{"@id":"https:\/\/www.filantropiacortessolari.cl\/#website"},"primaryImageOfPage":{"@id":"https:\/\/www.filantropiacortessolari.cl\/cnn-chile-hoy-en-dia-hablamos-de-un-paradigma-circular-nos-importan-otros-valores-nos-importa-el-ser-nos-importan-los-vinculos\/#primaryimage"},"image":{"@id":"https:\/\/www.filantropiacortessolari.cl\/cnn-chile-hoy-en-dia-hablamos-de-un-paradigma-circular-nos-importan-otros-valores-nos-importa-el-ser-nos-importan-los-vinculos\/#primaryimage"},"thumbnailUrl":"https:\/\/www.filantropiacortessolari.cl\/wp-content\/uploads\/2023\/04\/entrevista.jpg","datePublished":"2023-04-04T14:06:23+00:00","dateModified":"2023-04-04T14:13:30+00:00","author":{"@id":"https:\/\/www.filantropiacortessolari.cl\/#\/schema\/person\/e099cf1046922f4f5892172332dc86c0"},"breadcrumb":{"@id":"https:\/\/www.filantropiacortessolari.cl\/cnn-chile-hoy-en-dia-hablamos-de-un-paradigma-circular-nos-importan-otros-valores-nos-importa-el-ser-nos-importan-los-vinculos\/#breadcrumb"},"inLanguage":"en-US","potentialAction":[{"@type":"ReadAction","target":["https:\/\/www.filantropiacortessolari.cl\/cnn-chile-hoy-en-dia-hablamos-de-un-paradigma-circular-nos-importan-otros-valores-nos-importa-el-ser-nos-importan-los-vinculos\/"]}]},{"@type":"ImageObject","inLanguage":"en-US","@id":"https:\/\/www.filantropiacortessolari.cl\/cnn-chile-hoy-en-dia-hablamos-de-un-paradigma-circular-nos-importan-otros-valores-nos-importa-el-ser-nos-importan-los-vinculos\/#primaryimage","url":"https:\/\/www.filantropiacortessolari.cl\/wp-content\/uploads\/2023\/04\/entrevista.jpg","contentUrl":"https:\/\/www.filantropiacortessolari.cl\/wp-content\/uploads\/2023\/04\/entrevista.jpg","width":1604,"height":898},{"@type":"BreadcrumbList","@id":"https:\/\/www.filantropiacortessolari.cl\/cnn-chile-hoy-en-dia-hablamos-de-un-paradigma-circular-nos-importan-otros-valores-nos-importa-el-ser-nos-importan-los-vinculos\/#breadcrumb","itemListElement":[{"@type":"ListItem","position":1,"name":"Portada","item":"https:\/\/www.filantropiacortessolari.cl\/"},{"@type":"ListItem","position":2,"name":"[CNN CHILE] \u201cHoy en d\u00eda hablamos de un paradigma circular. Nos importan otros valores, nos importa el ser, nos importan los v\u00ednculos&#8221;."}]},{"@type":"WebSite","@id":"https:\/\/www.filantropiacortessolari.cl\/#website","url":"https:\/\/www.filantropiacortessolari.cl\/","name":"Filantrop\u00eda Cort\u00e9s Solari","description":"Sitio web Filantrop\u00eda Cort\u00e9s Solari","potentialAction":[{"@type":"SearchAction","target":{"@type":"EntryPoint","urlTemplate":"https:\/\/www.filantropiacortessolari.cl\/?s={search_term_string}"},"query-input":{"@type":"PropertyValueSpecification","valueRequired":true,"valueName":"search_term_string"}}],"inLanguage":"en-US"},{"@type":"Person","@id":"https:\/\/www.filantropiacortessolari.cl\/#\/schema\/person\/e099cf1046922f4f5892172332dc86c0","name":"Filantrop\u00eda Cort\u00e9s Solari","image":{"@type":"ImageObject","inLanguage":"en-US","@id":"https:\/\/secure.gravatar.com\/avatar\/9d17bfe24074ed7576e70cbeb8e010cdd7d01fae9f2047bd96cccbe629ec3c11?s=96&d=mm&r=g","url":"https:\/\/secure.gravatar.com\/avatar\/9d17bfe24074ed7576e70cbeb8e010cdd7d01fae9f2047bd96cccbe629ec3c11?s=96&d=mm&r=g","contentUrl":"https:\/\/secure.gravatar.com\/avatar\/9d17bfe24074ed7576e70cbeb8e010cdd7d01fae9f2047bd96cccbe629ec3c11?s=96&d=mm&r=g","caption":"Filantrop\u00eda Cort\u00e9s Solari"},"url":"https:\/\/www.filantropiacortessolari.cl\/en\/author\/filantropia-cortes-solari\/"}]}},"_links":{"self":[{"href":"https:\/\/www.filantropiacortessolari.cl\/en\/wp-json\/wp\/v2\/posts\/11372","targetHints":{"allow":["GET"]}}],"collection":[{"href":"https:\/\/www.filantropiacortessolari.cl\/en\/wp-json\/wp\/v2\/posts"}],"about":[{"href":"https:\/\/www.filantropiacortessolari.cl\/en\/wp-json\/wp\/v2\/types\/post"}],"author":[{"embeddable":true,"href":"https:\/\/www.filantropiacortessolari.cl\/en\/wp-json\/wp\/v2\/users\/1"}],"replies":[{"embeddable":true,"href":"https:\/\/www.filantropiacortessolari.cl\/en\/wp-json\/wp\/v2\/comments?post=11372"}],"version-history":[{"count":1,"href":"https:\/\/www.filantropiacortessolari.cl\/en\/wp-json\/wp\/v2\/posts\/11372\/revisions"}],"predecessor-version":[{"id":11373,"href":"https:\/\/www.filantropiacortessolari.cl\/en\/wp-json\/wp\/v2\/posts\/11372\/revisions\/11373"}],"wp:featuredmedia":[{"embeddable":true,"href":"https:\/\/www.filantropiacortessolari.cl\/en\/wp-json\/wp\/v2\/media\/11374"}],"wp:attachment":[{"href":"https:\/\/www.filantropiacortessolari.cl\/en\/wp-json\/wp\/v2\/media?parent=11372"}],"wp:term":[{"taxonomy":"category","embeddable":true,"href":"https:\/\/www.filantropiacortessolari.cl\/en\/wp-json\/wp\/v2\/categories?post=11372"},{"taxonomy":"post_tag","embeddable":true,"href":"https:\/\/www.filantropiacortessolari.cl\/en\/wp-json\/wp\/v2\/tags?post=11372"}],"curies":[{"name":"wp","href":"https:\/\/api.w.org\/{rel}","templated":true}]}}