{"id":11378,"date":"2023-04-14T13:05:18","date_gmt":"2023-04-14T16:05:18","guid":{"rendered":"https:\/\/www.filantropiacortessolari.cl\/?p=11378"},"modified":"2023-04-14T13:05:44","modified_gmt":"2023-04-14T16:05:44","slug":"participacion-en-seminario-gestion-de-la-calidad-en-la-educacion-de-fundacion-la-semilla","status":"publish","type":"post","link":"https:\/\/www.filantropiacortessolari.cl\/en\/participacion-en-seminario-gestion-de-la-calidad-en-la-educacion-de-fundacion-la-semilla\/","title":{"rendered":"Participaci\u00f3n en Seminario &#8220;Gesti\u00f3n de la Calidad en la Educaci\u00f3n&#8221; de Fundaci\u00f3n La Semilla"},"content":{"rendered":"<style type=\"text\/css\"><\/style><p>El mi\u00e9rcoles 12 de abril la <a href=\"https:\/\/www.fundacionlasemilla.cl\/\">Fundaci\u00f3n la Semilla<\/a> nos invit\u00f3 a participar en el Seminario Gesti\u00f3n de la Calidad en la Educaci\u00f3n en el <a href=\"https:\/\/www.colegiovalledelaconcagua.com\/\">Colegio Valle de Aconcagua<\/a> de Quillota. En el encuentro expusimos junto a otras cuatro organizaciones &#8211;<a href=\"https:\/\/www.instagram.com\/rukadelmar\/\">Ruka del Mar<\/a>, <a href=\"https:\/\/caballomaestro.cl\/\">Caballo Maestro<\/a>, <a href=\"https:\/\/altascapacidades.cl\/\">Fundaci\u00f3n Altas Capacidades<\/a>&#8211; sobre diferentes metodolog\u00edas y acercamientos para el dilema de la educaci\u00f3n.<\/p>\n<p>Desafiar la estructura curricular y educacional es una necesidad para poder tener una educaci\u00f3n que responda a los tiempos actuales, por lo que tenemos que poner el foco en la multidimensi\u00f3n de estudiantes, docentes y toda la comunidad educativa es fundamental.<\/p>\n<p>\u201cUn profesor, para poder escuchar, necesita ser escuchado. Los profesores necesitan recordar que son seres multidimensionales, que no son solo personas tipo robot que llenan un libro de clases, que ponen nota y entregan resultados. Son personas que quieren crear procesos significativos, que pueden sembrar una semilla para el futuro en nuestros estudiantes\u201d, sostuvo nuestra Directora Ejecutiva, Carolina Albornoz.<\/p>\n<p>La actividad fue un encuentro de diferentes perspectivas para cambiar el paradigma educativo donde prim\u00f3 el di\u00e1logo y la cooperaci\u00f3n sobre c\u00f3mo llegar a un objetivo com\u00fan; que es la nueva educaci\u00f3n que necesitamos para el siglo XXI, donde se comprenda al ser humano desde una manera multidimensional y su abordaje sea multisectorial.<\/p>\n","protected":false},"excerpt":{"rendered":"<p>El mi\u00e9rcoles 12 de abril la Fundaci\u00f3n la Semilla nos invit\u00f3 a participar en el Seminario Gesti\u00f3n de la Calidad en la Educaci\u00f3n en el Colegio Valle de Aconcagua de Quillota. En el encuentro expusimos junto a otras cuatro organizaciones &#8211;Ruka del Mar, Caballo Maestro, Fundaci\u00f3n Altas Capacidades&#8211; sobre diferentes metodolog\u00edas y acercamientos para el&#8230;<\/p>\n","protected":false},"author":1,"featured_media":11380,"comment_status":"open","ping_status":"open","sticky":false,"template":"","format":"standard","meta":{"footnotes":""},"categories":[31],"tags":[],"class_list":["post-11378","post","type-post","status-publish","format-standard","has-post-thumbnail","hentry","category-noticias"],"translation":{"provider":"WPGlobus","version":"3.0.2","language":"en","enabled_languages":["es","en"],"languages":{"es":{"title":true,"content":true,"excerpt":false},"en":{"title":false,"content":false,"excerpt":false}}},"yoast_head":"<!-- This site is optimized with the Yoast SEO plugin v27.4 - https:\/\/yoast.com\/product\/yoast-seo-wordpress\/ -->\n<title>Participaci\u00f3n en Seminario &quot;Gesti\u00f3n de la Calidad en la Educaci\u00f3n&quot; de Fundaci\u00f3n La Semilla<\/title>\n<meta name=\"robots\" content=\"index, follow, max-snippet:-1, max-image-preview:large, max-video-preview:-1\" \/>\n<link rel=\"canonical\" href=\"https:\/\/www.filantropiacortessolari.cl\/participacion-en-seminario-gestion-de-la-calidad-en-la-educacion-de-fundacion-la-semilla\/\" \/>\n<meta property=\"og:locale\" content=\"en_US\" \/>\n<meta property=\"og:type\" content=\"article\" \/>\n<meta property=\"og:title\" content=\"Participaci\u00f3n en Seminario &quot;Gesti\u00f3n de la Calidad en la Educaci\u00f3n&quot; de Fundaci\u00f3n La Semilla\" \/>\n<meta property=\"og:url\" content=\"https:\/\/www.filantropiacortessolari.cl\/participacion-en-seminario-gestion-de-la-calidad-en-la-educacion-de-fundacion-la-semilla\/\" \/>\n<meta property=\"og:site_name\" content=\"Filantrop\u00eda Cort\u00e9s Solari\" \/>\n<meta property=\"article:published_time\" content=\"2023-04-14T16:05:18+00:00\" \/>\n<meta property=\"article:modified_time\" content=\"2023-04-14T16:05:44+00:00\" \/>\n<meta property=\"og:image\" content=\"https:\/\/www.filantropiacortessolari.cl\/wp-content\/uploads\/2023\/04\/casertanota.jpg\" \/>\n\t<meta property=\"og:image:width\" content=\"1280\" \/>\n\t<meta property=\"og:image:height\" content=\"853\" \/>\n\t<meta property=\"og:image:type\" content=\"image\/jpeg\" \/>\n<meta name=\"author\" content=\"Filantrop\u00eda Cort\u00e9s Solari\" \/>\n<meta name=\"twitter:card\" content=\"summary_large_image\" \/>\n<meta name=\"twitter:label1\" content=\"Written by\" \/>\n\t<meta name=\"twitter:data1\" content=\"Filantrop\u00eda Cort\u00e9s Solari\" \/>\n\t<meta name=\"twitter:label2\" content=\"Est. reading time\" \/>\n\t<meta name=\"twitter:data2\" content=\"1 minute\" \/>\n<script type=\"application\/ld+json\" class=\"yoast-schema-graph\">{\"@context\":\"https:\\\/\\\/schema.org\",\"@graph\":[{\"@type\":\"Article\",\"@id\":\"https:\\\/\\\/www.filantropiacortessolari.cl\\\/participacion-en-seminario-gestion-de-la-calidad-en-la-educacion-de-fundacion-la-semilla\\\/#article\",\"isPartOf\":{\"@id\":\"https:\\\/\\\/www.filantropiacortessolari.cl\\\/participacion-en-seminario-gestion-de-la-calidad-en-la-educacion-de-fundacion-la-semilla\\\/\"},\"author\":{\"name\":\"Filantrop\u00eda Cort\u00e9s Solari\",\"@id\":\"https:\\\/\\\/www.filantropiacortessolari.cl\\\/#\\\/schema\\\/person\\\/e099cf1046922f4f5892172332dc86c0\"},\"headline\":\"Participaci\u00f3n en Seminario &#8220;Gesti\u00f3n de la Calidad en la Educaci\u00f3n&#8221; de Fundaci\u00f3n La Semilla\",\"datePublished\":\"2023-04-14T16:05:18+00:00\",\"dateModified\":\"2023-04-14T16:05:44+00:00\",\"mainEntityOfPage\":{\"@id\":\"https:\\\/\\\/www.filantropiacortessolari.cl\\\/participacion-en-seminario-gestion-de-la-calidad-en-la-educacion-de-fundacion-la-semilla\\\/\"},\"wordCount\":243,\"commentCount\":0,\"image\":{\"@id\":\"https:\\\/\\\/www.filantropiacortessolari.cl\\\/participacion-en-seminario-gestion-de-la-calidad-en-la-educacion-de-fundacion-la-semilla\\\/#primaryimage\"},\"thumbnailUrl\":\"https:\\\/\\\/www.filantropiacortessolari.cl\\\/wp-content\\\/uploads\\\/2023\\\/04\\\/casertanota.jpg\",\"articleSection\":[\"Noticias\"],\"inLanguage\":\"en-US\",\"potentialAction\":[{\"@type\":\"CommentAction\",\"name\":\"Comment\",\"target\":[\"https:\\\/\\\/www.filantropiacortessolari.cl\\\/participacion-en-seminario-gestion-de-la-calidad-en-la-educacion-de-fundacion-la-semilla\\\/#respond\"]}]},{\"@type\":\"WebPage\",\"@id\":\"https:\\\/\\\/www.filantropiacortessolari.cl\\\/participacion-en-seminario-gestion-de-la-calidad-en-la-educacion-de-fundacion-la-semilla\\\/\",\"url\":\"https:\\\/\\\/www.filantropiacortessolari.cl\\\/participacion-en-seminario-gestion-de-la-calidad-en-la-educacion-de-fundacion-la-semilla\\\/\",\"name\":\"Participaci\u00f3n en Seminario \\\"Gesti\u00f3n de la Calidad en la Educaci\u00f3n\\\" de Fundaci\u00f3n La Semilla\",\"isPartOf\":{\"@id\":\"https:\\\/\\\/www.filantropiacortessolari.cl\\\/#website\"},\"primaryImageOfPage\":{\"@id\":\"https:\\\/\\\/www.filantropiacortessolari.cl\\\/participacion-en-seminario-gestion-de-la-calidad-en-la-educacion-de-fundacion-la-semilla\\\/#primaryimage\"},\"image\":{\"@id\":\"https:\\\/\\\/www.filantropiacortessolari.cl\\\/participacion-en-seminario-gestion-de-la-calidad-en-la-educacion-de-fundacion-la-semilla\\\/#primaryimage\"},\"thumbnailUrl\":\"https:\\\/\\\/www.filantropiacortessolari.cl\\\/wp-content\\\/uploads\\\/2023\\\/04\\\/casertanota.jpg\",\"datePublished\":\"2023-04-14T16:05:18+00:00\",\"dateModified\":\"2023-04-14T16:05:44+00:00\",\"author\":{\"@id\":\"https:\\\/\\\/www.filantropiacortessolari.cl\\\/#\\\/schema\\\/person\\\/e099cf1046922f4f5892172332dc86c0\"},\"breadcrumb\":{\"@id\":\"https:\\\/\\\/www.filantropiacortessolari.cl\\\/participacion-en-seminario-gestion-de-la-calidad-en-la-educacion-de-fundacion-la-semilla\\\/#breadcrumb\"},\"inLanguage\":\"en-US\",\"potentialAction\":[{\"@type\":\"ReadAction\",\"target\":[\"https:\\\/\\\/www.filantropiacortessolari.cl\\\/participacion-en-seminario-gestion-de-la-calidad-en-la-educacion-de-fundacion-la-semilla\\\/\"]}]},{\"@type\":\"ImageObject\",\"inLanguage\":\"en-US\",\"@id\":\"https:\\\/\\\/www.filantropiacortessolari.cl\\\/participacion-en-seminario-gestion-de-la-calidad-en-la-educacion-de-fundacion-la-semilla\\\/#primaryimage\",\"url\":\"https:\\\/\\\/www.filantropiacortessolari.cl\\\/wp-content\\\/uploads\\\/2023\\\/04\\\/casertanota.jpg\",\"contentUrl\":\"https:\\\/\\\/www.filantropiacortessolari.cl\\\/wp-content\\\/uploads\\\/2023\\\/04\\\/casertanota.jpg\",\"width\":1280,\"height\":853},{\"@type\":\"BreadcrumbList\",\"@id\":\"https:\\\/\\\/www.filantropiacortessolari.cl\\\/participacion-en-seminario-gestion-de-la-calidad-en-la-educacion-de-fundacion-la-semilla\\\/#breadcrumb\",\"itemListElement\":[{\"@type\":\"ListItem\",\"position\":1,\"name\":\"Portada\",\"item\":\"https:\\\/\\\/www.filantropiacortessolari.cl\\\/\"},{\"@type\":\"ListItem\",\"position\":2,\"name\":\"Participaci\u00f3n en Seminario &#8220;Gesti\u00f3n de la Calidad en la Educaci\u00f3n&#8221; de Fundaci\u00f3n La Semilla\"}]},{\"@type\":\"WebSite\",\"@id\":\"https:\\\/\\\/www.filantropiacortessolari.cl\\\/#website\",\"url\":\"https:\\\/\\\/www.filantropiacortessolari.cl\\\/\",\"name\":\"Filantrop\u00eda Cort\u00e9s Solari\",\"description\":\"Sitio web Filantrop\u00eda Cort\u00e9s Solari\",\"potentialAction\":[{\"@type\":\"SearchAction\",\"target\":{\"@type\":\"EntryPoint\",\"urlTemplate\":\"https:\\\/\\\/www.filantropiacortessolari.cl\\\/?s={search_term_string}\"},\"query-input\":{\"@type\":\"PropertyValueSpecification\",\"valueRequired\":true,\"valueName\":\"search_term_string\"}}],\"inLanguage\":\"en-US\"},{\"@type\":\"Person\",\"@id\":\"https:\\\/\\\/www.filantropiacortessolari.cl\\\/#\\\/schema\\\/person\\\/e099cf1046922f4f5892172332dc86c0\",\"name\":\"Filantrop\u00eda Cort\u00e9s Solari\",\"image\":{\"@type\":\"ImageObject\",\"inLanguage\":\"en-US\",\"@id\":\"https:\\\/\\\/secure.gravatar.com\\\/avatar\\\/9d17bfe24074ed7576e70cbeb8e010cdd7d01fae9f2047bd96cccbe629ec3c11?s=96&d=mm&r=g\",\"url\":\"https:\\\/\\\/secure.gravatar.com\\\/avatar\\\/9d17bfe24074ed7576e70cbeb8e010cdd7d01fae9f2047bd96cccbe629ec3c11?s=96&d=mm&r=g\",\"contentUrl\":\"https:\\\/\\\/secure.gravatar.com\\\/avatar\\\/9d17bfe24074ed7576e70cbeb8e010cdd7d01fae9f2047bd96cccbe629ec3c11?s=96&d=mm&r=g\",\"caption\":\"Filantrop\u00eda Cort\u00e9s Solari\"},\"url\":\"https:\\\/\\\/www.filantropiacortessolari.cl\\\/en\\\/author\\\/filantropia-cortes-solari\\\/\"}]}<\/script>\n<!-- \/ Yoast SEO plugin. -->","yoast_head_json":{"title":"Participaci\u00f3n en Seminario \"Gesti\u00f3n de la Calidad en la Educaci\u00f3n\" de Fundaci\u00f3n La Semilla","robots":{"index":"index","follow":"follow","max-snippet":"max-snippet:-1","max-image-preview":"max-image-preview:large","max-video-preview":"max-video-preview:-1"},"canonical":"https:\/\/www.filantropiacortessolari.cl\/participacion-en-seminario-gestion-de-la-calidad-en-la-educacion-de-fundacion-la-semilla\/","og_locale":"en_US","og_type":"article","og_title":"Participaci\u00f3n en Seminario \"Gesti\u00f3n de la Calidad en la Educaci\u00f3n\" de Fundaci\u00f3n La Semilla","og_url":"https:\/\/www.filantropiacortessolari.cl\/participacion-en-seminario-gestion-de-la-calidad-en-la-educacion-de-fundacion-la-semilla\/","og_site_name":"Filantrop\u00eda Cort\u00e9s Solari","article_published_time":"2023-04-14T16:05:18+00:00","article_modified_time":"2023-04-14T16:05:44+00:00","og_image":[{"width":1280,"height":853,"url":"https:\/\/www.filantropiacortessolari.cl\/wp-content\/uploads\/2023\/04\/casertanota.jpg","type":"image\/jpeg"}],"author":"Filantrop\u00eda Cort\u00e9s Solari","twitter_card":"summary_large_image","twitter_misc":{"Written by":"Filantrop\u00eda Cort\u00e9s Solari","Est. reading time":"1 minute"},"schema":{"@context":"https:\/\/schema.org","@graph":[{"@type":"Article","@id":"https:\/\/www.filantropiacortessolari.cl\/participacion-en-seminario-gestion-de-la-calidad-en-la-educacion-de-fundacion-la-semilla\/#article","isPartOf":{"@id":"https:\/\/www.filantropiacortessolari.cl\/participacion-en-seminario-gestion-de-la-calidad-en-la-educacion-de-fundacion-la-semilla\/"},"author":{"name":"Filantrop\u00eda Cort\u00e9s Solari","@id":"https:\/\/www.filantropiacortessolari.cl\/#\/schema\/person\/e099cf1046922f4f5892172332dc86c0"},"headline":"Participaci\u00f3n en Seminario &#8220;Gesti\u00f3n de la Calidad en la Educaci\u00f3n&#8221; de Fundaci\u00f3n La Semilla","datePublished":"2023-04-14T16:05:18+00:00","dateModified":"2023-04-14T16:05:44+00:00","mainEntityOfPage":{"@id":"https:\/\/www.filantropiacortessolari.cl\/participacion-en-seminario-gestion-de-la-calidad-en-la-educacion-de-fundacion-la-semilla\/"},"wordCount":243,"commentCount":0,"image":{"@id":"https:\/\/www.filantropiacortessolari.cl\/participacion-en-seminario-gestion-de-la-calidad-en-la-educacion-de-fundacion-la-semilla\/#primaryimage"},"thumbnailUrl":"https:\/\/www.filantropiacortessolari.cl\/wp-content\/uploads\/2023\/04\/casertanota.jpg","articleSection":["Noticias"],"inLanguage":"en-US","potentialAction":[{"@type":"CommentAction","name":"Comment","target":["https:\/\/www.filantropiacortessolari.cl\/participacion-en-seminario-gestion-de-la-calidad-en-la-educacion-de-fundacion-la-semilla\/#respond"]}]},{"@type":"WebPage","@id":"https:\/\/www.filantropiacortessolari.cl\/participacion-en-seminario-gestion-de-la-calidad-en-la-educacion-de-fundacion-la-semilla\/","url":"https:\/\/www.filantropiacortessolari.cl\/participacion-en-seminario-gestion-de-la-calidad-en-la-educacion-de-fundacion-la-semilla\/","name":"Participaci\u00f3n en Seminario \"Gesti\u00f3n de la Calidad en la Educaci\u00f3n\" de Fundaci\u00f3n La Semilla","isPartOf":{"@id":"https:\/\/www.filantropiacortessolari.cl\/#website"},"primaryImageOfPage":{"@id":"https:\/\/www.filantropiacortessolari.cl\/participacion-en-seminario-gestion-de-la-calidad-en-la-educacion-de-fundacion-la-semilla\/#primaryimage"},"image":{"@id":"https:\/\/www.filantropiacortessolari.cl\/participacion-en-seminario-gestion-de-la-calidad-en-la-educacion-de-fundacion-la-semilla\/#primaryimage"},"thumbnailUrl":"https:\/\/www.filantropiacortessolari.cl\/wp-content\/uploads\/2023\/04\/casertanota.jpg","datePublished":"2023-04-14T16:05:18+00:00","dateModified":"2023-04-14T16:05:44+00:00","author":{"@id":"https:\/\/www.filantropiacortessolari.cl\/#\/schema\/person\/e099cf1046922f4f5892172332dc86c0"},"breadcrumb":{"@id":"https:\/\/www.filantropiacortessolari.cl\/participacion-en-seminario-gestion-de-la-calidad-en-la-educacion-de-fundacion-la-semilla\/#breadcrumb"},"inLanguage":"en-US","potentialAction":[{"@type":"ReadAction","target":["https:\/\/www.filantropiacortessolari.cl\/participacion-en-seminario-gestion-de-la-calidad-en-la-educacion-de-fundacion-la-semilla\/"]}]},{"@type":"ImageObject","inLanguage":"en-US","@id":"https:\/\/www.filantropiacortessolari.cl\/participacion-en-seminario-gestion-de-la-calidad-en-la-educacion-de-fundacion-la-semilla\/#primaryimage","url":"https:\/\/www.filantropiacortessolari.cl\/wp-content\/uploads\/2023\/04\/casertanota.jpg","contentUrl":"https:\/\/www.filantropiacortessolari.cl\/wp-content\/uploads\/2023\/04\/casertanota.jpg","width":1280,"height":853},{"@type":"BreadcrumbList","@id":"https:\/\/www.filantropiacortessolari.cl\/participacion-en-seminario-gestion-de-la-calidad-en-la-educacion-de-fundacion-la-semilla\/#breadcrumb","itemListElement":[{"@type":"ListItem","position":1,"name":"Portada","item":"https:\/\/www.filantropiacortessolari.cl\/"},{"@type":"ListItem","position":2,"name":"Participaci\u00f3n en Seminario &#8220;Gesti\u00f3n de la Calidad en la Educaci\u00f3n&#8221; de Fundaci\u00f3n La Semilla"}]},{"@type":"WebSite","@id":"https:\/\/www.filantropiacortessolari.cl\/#website","url":"https:\/\/www.filantropiacortessolari.cl\/","name":"Filantrop\u00eda Cort\u00e9s Solari","description":"Sitio web Filantrop\u00eda Cort\u00e9s Solari","potentialAction":[{"@type":"SearchAction","target":{"@type":"EntryPoint","urlTemplate":"https:\/\/www.filantropiacortessolari.cl\/?s={search_term_string}"},"query-input":{"@type":"PropertyValueSpecification","valueRequired":true,"valueName":"search_term_string"}}],"inLanguage":"en-US"},{"@type":"Person","@id":"https:\/\/www.filantropiacortessolari.cl\/#\/schema\/person\/e099cf1046922f4f5892172332dc86c0","name":"Filantrop\u00eda Cort\u00e9s Solari","image":{"@type":"ImageObject","inLanguage":"en-US","@id":"https:\/\/secure.gravatar.com\/avatar\/9d17bfe24074ed7576e70cbeb8e010cdd7d01fae9f2047bd96cccbe629ec3c11?s=96&d=mm&r=g","url":"https:\/\/secure.gravatar.com\/avatar\/9d17bfe24074ed7576e70cbeb8e010cdd7d01fae9f2047bd96cccbe629ec3c11?s=96&d=mm&r=g","contentUrl":"https:\/\/secure.gravatar.com\/avatar\/9d17bfe24074ed7576e70cbeb8e010cdd7d01fae9f2047bd96cccbe629ec3c11?s=96&d=mm&r=g","caption":"Filantrop\u00eda Cort\u00e9s Solari"},"url":"https:\/\/www.filantropiacortessolari.cl\/en\/author\/filantropia-cortes-solari\/"}]}},"_links":{"self":[{"href":"https:\/\/www.filantropiacortessolari.cl\/en\/wp-json\/wp\/v2\/posts\/11378","targetHints":{"allow":["GET"]}}],"collection":[{"href":"https:\/\/www.filantropiacortessolari.cl\/en\/wp-json\/wp\/v2\/posts"}],"about":[{"href":"https:\/\/www.filantropiacortessolari.cl\/en\/wp-json\/wp\/v2\/types\/post"}],"author":[{"embeddable":true,"href":"https:\/\/www.filantropiacortessolari.cl\/en\/wp-json\/wp\/v2\/users\/1"}],"replies":[{"embeddable":true,"href":"https:\/\/www.filantropiacortessolari.cl\/en\/wp-json\/wp\/v2\/comments?post=11378"}],"version-history":[{"count":1,"href":"https:\/\/www.filantropiacortessolari.cl\/en\/wp-json\/wp\/v2\/posts\/11378\/revisions"}],"predecessor-version":[{"id":11379,"href":"https:\/\/www.filantropiacortessolari.cl\/en\/wp-json\/wp\/v2\/posts\/11378\/revisions\/11379"}],"wp:featuredmedia":[{"embeddable":true,"href":"https:\/\/www.filantropiacortessolari.cl\/en\/wp-json\/wp\/v2\/media\/11380"}],"wp:attachment":[{"href":"https:\/\/www.filantropiacortessolari.cl\/en\/wp-json\/wp\/v2\/media?parent=11378"}],"wp:term":[{"taxonomy":"category","embeddable":true,"href":"https:\/\/www.filantropiacortessolari.cl\/en\/wp-json\/wp\/v2\/categories?post=11378"},{"taxonomy":"post_tag","embeddable":true,"href":"https:\/\/www.filantropiacortessolari.cl\/en\/wp-json\/wp\/v2\/tags?post=11378"}],"curies":[{"name":"wp","href":"https:\/\/api.w.org\/{rel}","templated":true}]}}