{"id":11381,"date":"2023-04-18T11:46:44","date_gmt":"2023-04-18T14:46:44","guid":{"rendered":"https:\/\/www.filantropiacortessolari.cl\/?p=11381"},"modified":"2023-04-18T16:45:33","modified_gmt":"2023-04-18T19:45:33","slug":"presencial-seminario-educacion-integral-para-el-desarrollo-sostenible","status":"publish","type":"post","link":"https:\/\/www.filantropiacortessolari.cl\/en\/presencial-seminario-educacion-integral-para-el-desarrollo-sostenible\/","title":{"rendered":"[PRESENCIAL] Seminario &#8220;Educaci\u00f3n Integral para el Desarrollo Sostenible&#8221;"},"content":{"rendered":"<style type=\"text\/css\"><\/style><p>\u00a1NUEVA FECHA!<\/p>\n<p>Por motivos de fuerza mayor, el Seminario ha sido pospuesto para el mi\u00e9rcoles 7 de junio y te queremos invitar a participar presencialmente en esta nueva fecha para la actividad desarrollada por la Universidad Metropolitana de Ciencias de la Educaci\u00f3n (UMCE) y Fundaci\u00f3n Caserta.<\/p>\n<p>Para abordar los desaf\u00edos y oportunidades de la crisis educativa actual en Am\u00e9rica Latina, expertos profundizar\u00e1n en los resultados del Observatorio Regional de Educaci\u00f3n recopilados en el libro \u201cEducaci\u00f3n para el siglo XXI: Gu\u00eda para tomadores de decisiones\u201d.<\/p>\n<p>La presentaci\u00f3n contar\u00e1 con las exposiciones de Carolina Albornoz, Directora Ejecutiva de Fundaci\u00f3n Caserta; Cristian Villagra Gil, Doctor en Ecolog\u00eda y Biolog\u00eda Evolutiva, coordinador del proyecto Jard\u00edn Bot\u00e1nico, UMCE y Nicol\u00e1s Fern\u00e1ndez, Director del Centro de Estudios para el Desarrollo Sostenible (CEDS) de Filantrop\u00eda Cort\u00e9s Solari. <\/p>\n<p>La actividad se llevar\u00e1 a cabo en el Sal\u00f3n de Honor, Universidad Metropolitana de Ciencias de la Educaci\u00f3n (Av. Jos\u00e9 Pedro Alessandri 774, \u00d1u\u00f1oa, RM) el mi\u00e9rcoles 7 de junio, entre las 11:00 y las 13:00 horas.<\/p>\n<p>Mi\u00e9rcoles 7 de junio entre las 11:00 y 13:00 horas.<\/p>\n<p>Para dudas, consultar en <a href=\"mailto:info@caserta.cl\" rel=\"noopener\" target=\"_blank\">info@caserta.cl<\/a><\/p>\n<p><a href=\"https:\/\/docs.google.com\/forms\/d\/e\/1FAIpQLSdeDzXGoG-8kfGQoeW5L3lFgSo3lBYcwqVdqdSJbOobipW6cg\/viewform\" rel=\"noopener\" target=\"_blank\">Inscr\u00edbete aqu\u00ed<\/a><\/p>\n","protected":false},"excerpt":{"rendered":"<p>\u00a1NUEVA FECHA! Por motivos de fuerza mayor, el Seminario ha sido pospuesto para el mi\u00e9rcoles 7 de junio y te queremos invitar a participar presencialmente en esta nueva fecha para la actividad desarrollada por la Universidad Metropolitana de Ciencias de la Educaci\u00f3n (UMCE) y Fundaci\u00f3n Caserta. Para abordar los desaf\u00edos y oportunidades de la crisis&#8230;<\/p>\n","protected":false},"author":1,"featured_media":11383,"comment_status":"open","ping_status":"open","sticky":false,"template":"","format":"standard","meta":{"footnotes":""},"categories":[62,31,5,38],"tags":[],"class_list":["post-11381","post","type-post","status-publish","format-standard","has-post-thumbnail","hentry","category-educacion","category-noticias","category-prensa-escrita","category-seminarios"],"translation":{"provider":"WPGlobus","version":"3.0.2","language":"en","enabled_languages":["es","en"],"languages":{"es":{"title":true,"content":true,"excerpt":false},"en":{"title":false,"content":false,"excerpt":false}}},"yoast_head":"<!-- This site is optimized with the Yoast SEO plugin v27.4 - https:\/\/yoast.com\/product\/yoast-seo-wordpress\/ -->\n<title>[PRESENCIAL] Seminario &quot;Educaci\u00f3n Integral para el Desarrollo Sostenible&quot;<\/title>\n<meta name=\"robots\" content=\"index, follow, max-snippet:-1, max-image-preview:large, max-video-preview:-1\" \/>\n<link rel=\"canonical\" href=\"https:\/\/www.filantropiacortessolari.cl\/presencial-seminario-educacion-integral-para-el-desarrollo-sostenible\/\" \/>\n<meta property=\"og:locale\" content=\"en_US\" \/>\n<meta property=\"og:type\" content=\"article\" \/>\n<meta property=\"og:title\" content=\"[PRESENCIAL] Seminario &quot;Educaci\u00f3n Integral para el Desarrollo Sostenible&quot;\" \/>\n<meta property=\"og:url\" content=\"https:\/\/www.filantropiacortessolari.cl\/presencial-seminario-educacion-integral-para-el-desarrollo-sostenible\/\" \/>\n<meta property=\"og:site_name\" content=\"Filantrop\u00eda Cort\u00e9s Solari\" \/>\n<meta property=\"article:published_time\" content=\"2023-04-18T14:46:44+00:00\" \/>\n<meta property=\"article:modified_time\" content=\"2023-04-18T19:45:33+00:00\" \/>\n<meta property=\"og:image\" content=\"https:\/\/www.filantropiacortessolari.cl\/wp-content\/uploads\/2023\/04\/noticia.jpg\" \/>\n\t<meta property=\"og:image:width\" content=\"1280\" \/>\n\t<meta property=\"og:image:height\" content=\"853\" \/>\n\t<meta property=\"og:image:type\" content=\"image\/jpeg\" \/>\n<meta name=\"author\" content=\"Filantrop\u00eda Cort\u00e9s Solari\" \/>\n<meta name=\"twitter:card\" content=\"summary_large_image\" \/>\n<meta name=\"twitter:label1\" content=\"Written by\" \/>\n\t<meta name=\"twitter:data1\" content=\"Filantrop\u00eda Cort\u00e9s Solari\" \/>\n\t<meta name=\"twitter:label2\" content=\"Est. reading time\" \/>\n\t<meta name=\"twitter:data2\" content=\"1 minute\" \/>\n<script type=\"application\/ld+json\" class=\"yoast-schema-graph\">{\"@context\":\"https:\\\/\\\/schema.org\",\"@graph\":[{\"@type\":\"Article\",\"@id\":\"https:\\\/\\\/www.filantropiacortessolari.cl\\\/presencial-seminario-educacion-integral-para-el-desarrollo-sostenible\\\/#article\",\"isPartOf\":{\"@id\":\"https:\\\/\\\/www.filantropiacortessolari.cl\\\/presencial-seminario-educacion-integral-para-el-desarrollo-sostenible\\\/\"},\"author\":{\"name\":\"Filantrop\u00eda Cort\u00e9s Solari\",\"@id\":\"https:\\\/\\\/www.filantropiacortessolari.cl\\\/#\\\/schema\\\/person\\\/e099cf1046922f4f5892172332dc86c0\"},\"headline\":\"[PRESENCIAL] Seminario &#8220;Educaci\u00f3n Integral para el Desarrollo Sostenible&#8221;\",\"datePublished\":\"2023-04-18T14:46:44+00:00\",\"dateModified\":\"2023-04-18T19:45:33+00:00\",\"mainEntityOfPage\":{\"@id\":\"https:\\\/\\\/www.filantropiacortessolari.cl\\\/presencial-seminario-educacion-integral-para-el-desarrollo-sostenible\\\/\"},\"wordCount\":212,\"commentCount\":0,\"image\":{\"@id\":\"https:\\\/\\\/www.filantropiacortessolari.cl\\\/presencial-seminario-educacion-integral-para-el-desarrollo-sostenible\\\/#primaryimage\"},\"thumbnailUrl\":\"https:\\\/\\\/www.filantropiacortessolari.cl\\\/wp-content\\\/uploads\\\/2023\\\/04\\\/noticia.jpg\",\"articleSection\":[\"Educaci\u00f3n\",\"Noticias\",\"Prensa Escrita\",\"Seminarios\"],\"inLanguage\":\"en-US\",\"potentialAction\":[{\"@type\":\"CommentAction\",\"name\":\"Comment\",\"target\":[\"https:\\\/\\\/www.filantropiacortessolari.cl\\\/presencial-seminario-educacion-integral-para-el-desarrollo-sostenible\\\/#respond\"]}]},{\"@type\":\"WebPage\",\"@id\":\"https:\\\/\\\/www.filantropiacortessolari.cl\\\/presencial-seminario-educacion-integral-para-el-desarrollo-sostenible\\\/\",\"url\":\"https:\\\/\\\/www.filantropiacortessolari.cl\\\/presencial-seminario-educacion-integral-para-el-desarrollo-sostenible\\\/\",\"name\":\"[PRESENCIAL] Seminario \\\"Educaci\u00f3n Integral para el Desarrollo Sostenible\\\"\",\"isPartOf\":{\"@id\":\"https:\\\/\\\/www.filantropiacortessolari.cl\\\/#website\"},\"primaryImageOfPage\":{\"@id\":\"https:\\\/\\\/www.filantropiacortessolari.cl\\\/presencial-seminario-educacion-integral-para-el-desarrollo-sostenible\\\/#primaryimage\"},\"image\":{\"@id\":\"https:\\\/\\\/www.filantropiacortessolari.cl\\\/presencial-seminario-educacion-integral-para-el-desarrollo-sostenible\\\/#primaryimage\"},\"thumbnailUrl\":\"https:\\\/\\\/www.filantropiacortessolari.cl\\\/wp-content\\\/uploads\\\/2023\\\/04\\\/noticia.jpg\",\"datePublished\":\"2023-04-18T14:46:44+00:00\",\"dateModified\":\"2023-04-18T19:45:33+00:00\",\"author\":{\"@id\":\"https:\\\/\\\/www.filantropiacortessolari.cl\\\/#\\\/schema\\\/person\\\/e099cf1046922f4f5892172332dc86c0\"},\"breadcrumb\":{\"@id\":\"https:\\\/\\\/www.filantropiacortessolari.cl\\\/presencial-seminario-educacion-integral-para-el-desarrollo-sostenible\\\/#breadcrumb\"},\"inLanguage\":\"en-US\",\"potentialAction\":[{\"@type\":\"ReadAction\",\"target\":[\"https:\\\/\\\/www.filantropiacortessolari.cl\\\/presencial-seminario-educacion-integral-para-el-desarrollo-sostenible\\\/\"]}]},{\"@type\":\"ImageObject\",\"inLanguage\":\"en-US\",\"@id\":\"https:\\\/\\\/www.filantropiacortessolari.cl\\\/presencial-seminario-educacion-integral-para-el-desarrollo-sostenible\\\/#primaryimage\",\"url\":\"https:\\\/\\\/www.filantropiacortessolari.cl\\\/wp-content\\\/uploads\\\/2023\\\/04\\\/noticia.jpg\",\"contentUrl\":\"https:\\\/\\\/www.filantropiacortessolari.cl\\\/wp-content\\\/uploads\\\/2023\\\/04\\\/noticia.jpg\",\"width\":1280,\"height\":853},{\"@type\":\"BreadcrumbList\",\"@id\":\"https:\\\/\\\/www.filantropiacortessolari.cl\\\/presencial-seminario-educacion-integral-para-el-desarrollo-sostenible\\\/#breadcrumb\",\"itemListElement\":[{\"@type\":\"ListItem\",\"position\":1,\"name\":\"Portada\",\"item\":\"https:\\\/\\\/www.filantropiacortessolari.cl\\\/\"},{\"@type\":\"ListItem\",\"position\":2,\"name\":\"[PRESENCIAL] Seminario &#8220;Educaci\u00f3n Integral para el Desarrollo Sostenible&#8221;\"}]},{\"@type\":\"WebSite\",\"@id\":\"https:\\\/\\\/www.filantropiacortessolari.cl\\\/#website\",\"url\":\"https:\\\/\\\/www.filantropiacortessolari.cl\\\/\",\"name\":\"Filantrop\u00eda Cort\u00e9s Solari\",\"description\":\"Sitio web Filantrop\u00eda Cort\u00e9s Solari\",\"potentialAction\":[{\"@type\":\"SearchAction\",\"target\":{\"@type\":\"EntryPoint\",\"urlTemplate\":\"https:\\\/\\\/www.filantropiacortessolari.cl\\\/?s={search_term_string}\"},\"query-input\":{\"@type\":\"PropertyValueSpecification\",\"valueRequired\":true,\"valueName\":\"search_term_string\"}}],\"inLanguage\":\"en-US\"},{\"@type\":\"Person\",\"@id\":\"https:\\\/\\\/www.filantropiacortessolari.cl\\\/#\\\/schema\\\/person\\\/e099cf1046922f4f5892172332dc86c0\",\"name\":\"Filantrop\u00eda Cort\u00e9s Solari\",\"image\":{\"@type\":\"ImageObject\",\"inLanguage\":\"en-US\",\"@id\":\"https:\\\/\\\/secure.gravatar.com\\\/avatar\\\/9d17bfe24074ed7576e70cbeb8e010cdd7d01fae9f2047bd96cccbe629ec3c11?s=96&d=mm&r=g\",\"url\":\"https:\\\/\\\/secure.gravatar.com\\\/avatar\\\/9d17bfe24074ed7576e70cbeb8e010cdd7d01fae9f2047bd96cccbe629ec3c11?s=96&d=mm&r=g\",\"contentUrl\":\"https:\\\/\\\/secure.gravatar.com\\\/avatar\\\/9d17bfe24074ed7576e70cbeb8e010cdd7d01fae9f2047bd96cccbe629ec3c11?s=96&d=mm&r=g\",\"caption\":\"Filantrop\u00eda Cort\u00e9s Solari\"},\"url\":\"https:\\\/\\\/www.filantropiacortessolari.cl\\\/en\\\/author\\\/filantropia-cortes-solari\\\/\"}]}<\/script>\n<!-- \/ Yoast SEO plugin. -->","yoast_head_json":{"title":"[PRESENCIAL] Seminario \"Educaci\u00f3n Integral para el Desarrollo Sostenible\"","robots":{"index":"index","follow":"follow","max-snippet":"max-snippet:-1","max-image-preview":"max-image-preview:large","max-video-preview":"max-video-preview:-1"},"canonical":"https:\/\/www.filantropiacortessolari.cl\/presencial-seminario-educacion-integral-para-el-desarrollo-sostenible\/","og_locale":"en_US","og_type":"article","og_title":"[PRESENCIAL] Seminario \"Educaci\u00f3n Integral para el Desarrollo Sostenible\"","og_url":"https:\/\/www.filantropiacortessolari.cl\/presencial-seminario-educacion-integral-para-el-desarrollo-sostenible\/","og_site_name":"Filantrop\u00eda Cort\u00e9s Solari","article_published_time":"2023-04-18T14:46:44+00:00","article_modified_time":"2023-04-18T19:45:33+00:00","og_image":[{"width":1280,"height":853,"url":"https:\/\/www.filantropiacortessolari.cl\/wp-content\/uploads\/2023\/04\/noticia.jpg","type":"image\/jpeg"}],"author":"Filantrop\u00eda Cort\u00e9s Solari","twitter_card":"summary_large_image","twitter_misc":{"Written by":"Filantrop\u00eda Cort\u00e9s Solari","Est. reading time":"1 minute"},"schema":{"@context":"https:\/\/schema.org","@graph":[{"@type":"Article","@id":"https:\/\/www.filantropiacortessolari.cl\/presencial-seminario-educacion-integral-para-el-desarrollo-sostenible\/#article","isPartOf":{"@id":"https:\/\/www.filantropiacortessolari.cl\/presencial-seminario-educacion-integral-para-el-desarrollo-sostenible\/"},"author":{"name":"Filantrop\u00eda Cort\u00e9s Solari","@id":"https:\/\/www.filantropiacortessolari.cl\/#\/schema\/person\/e099cf1046922f4f5892172332dc86c0"},"headline":"[PRESENCIAL] Seminario &#8220;Educaci\u00f3n Integral para el Desarrollo Sostenible&#8221;","datePublished":"2023-04-18T14:46:44+00:00","dateModified":"2023-04-18T19:45:33+00:00","mainEntityOfPage":{"@id":"https:\/\/www.filantropiacortessolari.cl\/presencial-seminario-educacion-integral-para-el-desarrollo-sostenible\/"},"wordCount":212,"commentCount":0,"image":{"@id":"https:\/\/www.filantropiacortessolari.cl\/presencial-seminario-educacion-integral-para-el-desarrollo-sostenible\/#primaryimage"},"thumbnailUrl":"https:\/\/www.filantropiacortessolari.cl\/wp-content\/uploads\/2023\/04\/noticia.jpg","articleSection":["Educaci\u00f3n","Noticias","Prensa Escrita","Seminarios"],"inLanguage":"en-US","potentialAction":[{"@type":"CommentAction","name":"Comment","target":["https:\/\/www.filantropiacortessolari.cl\/presencial-seminario-educacion-integral-para-el-desarrollo-sostenible\/#respond"]}]},{"@type":"WebPage","@id":"https:\/\/www.filantropiacortessolari.cl\/presencial-seminario-educacion-integral-para-el-desarrollo-sostenible\/","url":"https:\/\/www.filantropiacortessolari.cl\/presencial-seminario-educacion-integral-para-el-desarrollo-sostenible\/","name":"[PRESENCIAL] Seminario \"Educaci\u00f3n Integral para el Desarrollo Sostenible\"","isPartOf":{"@id":"https:\/\/www.filantropiacortessolari.cl\/#website"},"primaryImageOfPage":{"@id":"https:\/\/www.filantropiacortessolari.cl\/presencial-seminario-educacion-integral-para-el-desarrollo-sostenible\/#primaryimage"},"image":{"@id":"https:\/\/www.filantropiacortessolari.cl\/presencial-seminario-educacion-integral-para-el-desarrollo-sostenible\/#primaryimage"},"thumbnailUrl":"https:\/\/www.filantropiacortessolari.cl\/wp-content\/uploads\/2023\/04\/noticia.jpg","datePublished":"2023-04-18T14:46:44+00:00","dateModified":"2023-04-18T19:45:33+00:00","author":{"@id":"https:\/\/www.filantropiacortessolari.cl\/#\/schema\/person\/e099cf1046922f4f5892172332dc86c0"},"breadcrumb":{"@id":"https:\/\/www.filantropiacortessolari.cl\/presencial-seminario-educacion-integral-para-el-desarrollo-sostenible\/#breadcrumb"},"inLanguage":"en-US","potentialAction":[{"@type":"ReadAction","target":["https:\/\/www.filantropiacortessolari.cl\/presencial-seminario-educacion-integral-para-el-desarrollo-sostenible\/"]}]},{"@type":"ImageObject","inLanguage":"en-US","@id":"https:\/\/www.filantropiacortessolari.cl\/presencial-seminario-educacion-integral-para-el-desarrollo-sostenible\/#primaryimage","url":"https:\/\/www.filantropiacortessolari.cl\/wp-content\/uploads\/2023\/04\/noticia.jpg","contentUrl":"https:\/\/www.filantropiacortessolari.cl\/wp-content\/uploads\/2023\/04\/noticia.jpg","width":1280,"height":853},{"@type":"BreadcrumbList","@id":"https:\/\/www.filantropiacortessolari.cl\/presencial-seminario-educacion-integral-para-el-desarrollo-sostenible\/#breadcrumb","itemListElement":[{"@type":"ListItem","position":1,"name":"Portada","item":"https:\/\/www.filantropiacortessolari.cl\/"},{"@type":"ListItem","position":2,"name":"[PRESENCIAL] Seminario &#8220;Educaci\u00f3n Integral para el Desarrollo Sostenible&#8221;"}]},{"@type":"WebSite","@id":"https:\/\/www.filantropiacortessolari.cl\/#website","url":"https:\/\/www.filantropiacortessolari.cl\/","name":"Filantrop\u00eda Cort\u00e9s Solari","description":"Sitio web Filantrop\u00eda Cort\u00e9s Solari","potentialAction":[{"@type":"SearchAction","target":{"@type":"EntryPoint","urlTemplate":"https:\/\/www.filantropiacortessolari.cl\/?s={search_term_string}"},"query-input":{"@type":"PropertyValueSpecification","valueRequired":true,"valueName":"search_term_string"}}],"inLanguage":"en-US"},{"@type":"Person","@id":"https:\/\/www.filantropiacortessolari.cl\/#\/schema\/person\/e099cf1046922f4f5892172332dc86c0","name":"Filantrop\u00eda Cort\u00e9s Solari","image":{"@type":"ImageObject","inLanguage":"en-US","@id":"https:\/\/secure.gravatar.com\/avatar\/9d17bfe24074ed7576e70cbeb8e010cdd7d01fae9f2047bd96cccbe629ec3c11?s=96&d=mm&r=g","url":"https:\/\/secure.gravatar.com\/avatar\/9d17bfe24074ed7576e70cbeb8e010cdd7d01fae9f2047bd96cccbe629ec3c11?s=96&d=mm&r=g","contentUrl":"https:\/\/secure.gravatar.com\/avatar\/9d17bfe24074ed7576e70cbeb8e010cdd7d01fae9f2047bd96cccbe629ec3c11?s=96&d=mm&r=g","caption":"Filantrop\u00eda Cort\u00e9s Solari"},"url":"https:\/\/www.filantropiacortessolari.cl\/en\/author\/filantropia-cortes-solari\/"}]}},"_links":{"self":[{"href":"https:\/\/www.filantropiacortessolari.cl\/en\/wp-json\/wp\/v2\/posts\/11381","targetHints":{"allow":["GET"]}}],"collection":[{"href":"https:\/\/www.filantropiacortessolari.cl\/en\/wp-json\/wp\/v2\/posts"}],"about":[{"href":"https:\/\/www.filantropiacortessolari.cl\/en\/wp-json\/wp\/v2\/types\/post"}],"author":[{"embeddable":true,"href":"https:\/\/www.filantropiacortessolari.cl\/en\/wp-json\/wp\/v2\/users\/1"}],"replies":[{"embeddable":true,"href":"https:\/\/www.filantropiacortessolari.cl\/en\/wp-json\/wp\/v2\/comments?post=11381"}],"version-history":[{"count":2,"href":"https:\/\/www.filantropiacortessolari.cl\/en\/wp-json\/wp\/v2\/posts\/11381\/revisions"}],"predecessor-version":[{"id":11384,"href":"https:\/\/www.filantropiacortessolari.cl\/en\/wp-json\/wp\/v2\/posts\/11381\/revisions\/11384"}],"wp:featuredmedia":[{"embeddable":true,"href":"https:\/\/www.filantropiacortessolari.cl\/en\/wp-json\/wp\/v2\/media\/11383"}],"wp:attachment":[{"href":"https:\/\/www.filantropiacortessolari.cl\/en\/wp-json\/wp\/v2\/media?parent=11381"}],"wp:term":[{"taxonomy":"category","embeddable":true,"href":"https:\/\/www.filantropiacortessolari.cl\/en\/wp-json\/wp\/v2\/categories?post=11381"},{"taxonomy":"post_tag","embeddable":true,"href":"https:\/\/www.filantropiacortessolari.cl\/en\/wp-json\/wp\/v2\/tags?post=11381"}],"curies":[{"name":"wp","href":"https:\/\/api.w.org\/{rel}","templated":true}]}}