{"id":11455,"date":"2023-07-11T19:08:40","date_gmt":"2023-07-11T22:08:40","guid":{"rendered":"https:\/\/www.filantropiacortessolari.cl\/?p=11455"},"modified":"2023-07-11T19:09:09","modified_gmt":"2023-07-11T22:09:09","slug":"columna-contencion-a-la-docencia-ante-violencia-en-escuelas","status":"publish","type":"post","link":"https:\/\/www.filantropiacortessolari.cl\/en\/columna-contencion-a-la-docencia-ante-violencia-en-escuelas\/","title":{"rendered":"[Columna] Contenci\u00f3n a la docencia ante violencia en escuelas"},"content":{"rendered":"<style type=\"text\/css\"><\/style><figure id=\"attachment_1748\" aria-describedby=\"caption-attachment-1748\" style=\"width: 250px\" class=\"wp-caption alignleft\"><img loading=\"lazy\" decoding=\"async\" class=\" wp-image-1748\" src=\"https:\/\/fcs.tv\/wp-content\/uploads\/2021\/06\/caro-300x300.jpeg\" alt=\"Carolina Albornoz\" width=\"250\" height=\"250\" \/><figcaption id=\"caption-attachment-1748\" class=\"wp-caption-text\">Carolina Albornoz<\/figcaption><\/figure>\n<p><strong>Carolina Albornoz<br \/>\nDirectora ejecutiva Fundaci\u00f3n Caserta<\/strong><\/p>\n<p>Ocho de cada diez profesores declaran no haber recibido contenci\u00f3n ni capacitaci\u00f3n ante el clima de violencia que se vive en las escuelas, seg\u00fan una encuesta de Profes en Red, realizada por la Fundaci\u00f3n Caserta, de Filantrop\u00eda Cort\u00e9s Solari.<\/p>\n<p>A pesar de este escenario, el sondeo tambi\u00e9n indica que el 69,4% de los participantes se siente resiliente, es decir, es capaz de adaptarse y sacar lecciones sobre lo sucedido.<\/p>\n<p>Resulta fundamental que la docencia cuente con el respaldo de una comunidad escolar, especialmente del equipo directivo del establecimiento, y tener acceso a espacios de contenci\u00f3n y bienestar, si lo requiere. El trabajo de los profesionales de la educaci\u00f3n puede ser, muchas veces, solitario, por lo que es crucial que se sientan acompa\u00f1ados, escuchados y apoyados en medio de ambientes de alta tensi\u00f3n como los vividos en los \u00faltimos meses.<\/p>\n<p>Fuente: <a href=\"https:\/\/www.ladiscusion.cl\/contencion-a-la-docencia-ante-violencia-en-escuelas\/\" target=\"_blank\" rel=\"noopener\">La discusi\u00f3n<\/a><\/p>\n","protected":false},"excerpt":{"rendered":"<p>Carolina Albornoz Directora ejecutiva Fundaci\u00f3n Caserta Ocho de cada diez profesores declaran no haber recibido contenci\u00f3n ni capacitaci\u00f3n ante el clima de violencia que se vive en las escuelas, seg\u00fan una encuesta de Profes en Red, realizada por la Fundaci\u00f3n Caserta, de Filantrop\u00eda Cort\u00e9s Solari. A pesar de este escenario, el sondeo tambi\u00e9n indica que&#8230;<\/p>\n","protected":false},"author":1,"featured_media":11456,"comment_status":"open","ping_status":"open","sticky":false,"template":"","format":"standard","meta":{"footnotes":""},"categories":[31,10,26],"tags":[],"class_list":["post-11455","post","type-post","status-publish","format-standard","has-post-thumbnail","hentry","category-noticias","category-articulos","category-opinion-caserta"],"translation":{"provider":"WPGlobus","version":"3.0.2","language":"en","enabled_languages":["es","en"],"languages":{"es":{"title":true,"content":true,"excerpt":false},"en":{"title":false,"content":false,"excerpt":false}}},"yoast_head":"<!-- This site is optimized with the Yoast SEO plugin v27.4 - https:\/\/yoast.com\/product\/yoast-seo-wordpress\/ -->\n<title>[Columna] Contenci\u00f3n a la docencia ante violencia en escuelas<\/title>\n<meta name=\"robots\" content=\"index, follow, max-snippet:-1, max-image-preview:large, max-video-preview:-1\" \/>\n<link rel=\"canonical\" href=\"https:\/\/www.filantropiacortessolari.cl\/columna-contencion-a-la-docencia-ante-violencia-en-escuelas\/\" \/>\n<meta property=\"og:locale\" content=\"en_US\" \/>\n<meta property=\"og:type\" content=\"article\" \/>\n<meta property=\"og:title\" content=\"[Columna] Contenci\u00f3n a la docencia ante violencia en escuelas\" \/>\n<meta property=\"og:url\" content=\"https:\/\/www.filantropiacortessolari.cl\/columna-contencion-a-la-docencia-ante-violencia-en-escuelas\/\" \/>\n<meta property=\"og:site_name\" content=\"Filantrop\u00eda Cort\u00e9s Solari\" \/>\n<meta property=\"article:published_time\" content=\"2023-07-11T22:08:40+00:00\" \/>\n<meta property=\"article:modified_time\" content=\"2023-07-11T22:09:09+00:00\" \/>\n<meta property=\"og:image\" content=\"https:\/\/www.filantropiacortessolari.cl\/wp-content\/uploads\/2023\/07\/FotoCAs-3.jpg\" \/>\n\t<meta property=\"og:image:width\" content=\"1280\" \/>\n\t<meta property=\"og:image:height\" content=\"853\" \/>\n\t<meta property=\"og:image:type\" content=\"image\/jpeg\" \/>\n<meta name=\"author\" content=\"Filantrop\u00eda Cort\u00e9s Solari\" \/>\n<meta name=\"twitter:card\" content=\"summary_large_image\" \/>\n<meta name=\"twitter:label1\" content=\"Written by\" \/>\n\t<meta name=\"twitter:data1\" content=\"Filantrop\u00eda Cort\u00e9s Solari\" \/>\n\t<meta name=\"twitter:label2\" content=\"Est. reading time\" \/>\n\t<meta name=\"twitter:data2\" content=\"1 minute\" \/>\n<script type=\"application\/ld+json\" class=\"yoast-schema-graph\">{\"@context\":\"https:\\\/\\\/schema.org\",\"@graph\":[{\"@type\":\"Article\",\"@id\":\"https:\\\/\\\/www.filantropiacortessolari.cl\\\/columna-contencion-a-la-docencia-ante-violencia-en-escuelas\\\/#article\",\"isPartOf\":{\"@id\":\"https:\\\/\\\/www.filantropiacortessolari.cl\\\/columna-contencion-a-la-docencia-ante-violencia-en-escuelas\\\/\"},\"author\":{\"name\":\"Filantrop\u00eda Cort\u00e9s Solari\",\"@id\":\"https:\\\/\\\/www.filantropiacortessolari.cl\\\/#\\\/schema\\\/person\\\/e099cf1046922f4f5892172332dc86c0\"},\"headline\":\"[Columna] Contenci\u00f3n a la docencia ante violencia en escuelas\",\"datePublished\":\"2023-07-11T22:08:40+00:00\",\"dateModified\":\"2023-07-11T22:09:09+00:00\",\"mainEntityOfPage\":{\"@id\":\"https:\\\/\\\/www.filantropiacortessolari.cl\\\/columna-contencion-a-la-docencia-ante-violencia-en-escuelas\\\/\"},\"wordCount\":179,\"commentCount\":0,\"image\":{\"@id\":\"https:\\\/\\\/www.filantropiacortessolari.cl\\\/columna-contencion-a-la-docencia-ante-violencia-en-escuelas\\\/#primaryimage\"},\"thumbnailUrl\":\"https:\\\/\\\/www.filantropiacortessolari.cl\\\/wp-content\\\/uploads\\\/2023\\\/07\\\/FotoCAs-3.jpg\",\"articleSection\":[\"Noticias\",\"Opini\u00f3n\",\"Opini\u00f3n Caserta\"],\"inLanguage\":\"en-US\",\"potentialAction\":[{\"@type\":\"CommentAction\",\"name\":\"Comment\",\"target\":[\"https:\\\/\\\/www.filantropiacortessolari.cl\\\/columna-contencion-a-la-docencia-ante-violencia-en-escuelas\\\/#respond\"]}]},{\"@type\":\"WebPage\",\"@id\":\"https:\\\/\\\/www.filantropiacortessolari.cl\\\/columna-contencion-a-la-docencia-ante-violencia-en-escuelas\\\/\",\"url\":\"https:\\\/\\\/www.filantropiacortessolari.cl\\\/columna-contencion-a-la-docencia-ante-violencia-en-escuelas\\\/\",\"name\":\"[Columna] Contenci\u00f3n a la docencia ante violencia en escuelas\",\"isPartOf\":{\"@id\":\"https:\\\/\\\/www.filantropiacortessolari.cl\\\/#website\"},\"primaryImageOfPage\":{\"@id\":\"https:\\\/\\\/www.filantropiacortessolari.cl\\\/columna-contencion-a-la-docencia-ante-violencia-en-escuelas\\\/#primaryimage\"},\"image\":{\"@id\":\"https:\\\/\\\/www.filantropiacortessolari.cl\\\/columna-contencion-a-la-docencia-ante-violencia-en-escuelas\\\/#primaryimage\"},\"thumbnailUrl\":\"https:\\\/\\\/www.filantropiacortessolari.cl\\\/wp-content\\\/uploads\\\/2023\\\/07\\\/FotoCAs-3.jpg\",\"datePublished\":\"2023-07-11T22:08:40+00:00\",\"dateModified\":\"2023-07-11T22:09:09+00:00\",\"author\":{\"@id\":\"https:\\\/\\\/www.filantropiacortessolari.cl\\\/#\\\/schema\\\/person\\\/e099cf1046922f4f5892172332dc86c0\"},\"breadcrumb\":{\"@id\":\"https:\\\/\\\/www.filantropiacortessolari.cl\\\/columna-contencion-a-la-docencia-ante-violencia-en-escuelas\\\/#breadcrumb\"},\"inLanguage\":\"en-US\",\"potentialAction\":[{\"@type\":\"ReadAction\",\"target\":[\"https:\\\/\\\/www.filantropiacortessolari.cl\\\/columna-contencion-a-la-docencia-ante-violencia-en-escuelas\\\/\"]}]},{\"@type\":\"ImageObject\",\"inLanguage\":\"en-US\",\"@id\":\"https:\\\/\\\/www.filantropiacortessolari.cl\\\/columna-contencion-a-la-docencia-ante-violencia-en-escuelas\\\/#primaryimage\",\"url\":\"https:\\\/\\\/www.filantropiacortessolari.cl\\\/wp-content\\\/uploads\\\/2023\\\/07\\\/FotoCAs-3.jpg\",\"contentUrl\":\"https:\\\/\\\/www.filantropiacortessolari.cl\\\/wp-content\\\/uploads\\\/2023\\\/07\\\/FotoCAs-3.jpg\",\"width\":1280,\"height\":853},{\"@type\":\"BreadcrumbList\",\"@id\":\"https:\\\/\\\/www.filantropiacortessolari.cl\\\/columna-contencion-a-la-docencia-ante-violencia-en-escuelas\\\/#breadcrumb\",\"itemListElement\":[{\"@type\":\"ListItem\",\"position\":1,\"name\":\"Portada\",\"item\":\"https:\\\/\\\/www.filantropiacortessolari.cl\\\/\"},{\"@type\":\"ListItem\",\"position\":2,\"name\":\"[Columna] Contenci\u00f3n a la docencia ante violencia en escuelas\"}]},{\"@type\":\"WebSite\",\"@id\":\"https:\\\/\\\/www.filantropiacortessolari.cl\\\/#website\",\"url\":\"https:\\\/\\\/www.filantropiacortessolari.cl\\\/\",\"name\":\"Filantrop\u00eda Cort\u00e9s Solari\",\"description\":\"Sitio web Filantrop\u00eda Cort\u00e9s Solari\",\"potentialAction\":[{\"@type\":\"SearchAction\",\"target\":{\"@type\":\"EntryPoint\",\"urlTemplate\":\"https:\\\/\\\/www.filantropiacortessolari.cl\\\/?s={search_term_string}\"},\"query-input\":{\"@type\":\"PropertyValueSpecification\",\"valueRequired\":true,\"valueName\":\"search_term_string\"}}],\"inLanguage\":\"en-US\"},{\"@type\":\"Person\",\"@id\":\"https:\\\/\\\/www.filantropiacortessolari.cl\\\/#\\\/schema\\\/person\\\/e099cf1046922f4f5892172332dc86c0\",\"name\":\"Filantrop\u00eda Cort\u00e9s Solari\",\"image\":{\"@type\":\"ImageObject\",\"inLanguage\":\"en-US\",\"@id\":\"https:\\\/\\\/secure.gravatar.com\\\/avatar\\\/9d17bfe24074ed7576e70cbeb8e010cdd7d01fae9f2047bd96cccbe629ec3c11?s=96&d=mm&r=g\",\"url\":\"https:\\\/\\\/secure.gravatar.com\\\/avatar\\\/9d17bfe24074ed7576e70cbeb8e010cdd7d01fae9f2047bd96cccbe629ec3c11?s=96&d=mm&r=g\",\"contentUrl\":\"https:\\\/\\\/secure.gravatar.com\\\/avatar\\\/9d17bfe24074ed7576e70cbeb8e010cdd7d01fae9f2047bd96cccbe629ec3c11?s=96&d=mm&r=g\",\"caption\":\"Filantrop\u00eda Cort\u00e9s Solari\"},\"url\":\"https:\\\/\\\/www.filantropiacortessolari.cl\\\/en\\\/author\\\/filantropia-cortes-solari\\\/\"}]}<\/script>\n<!-- \/ Yoast SEO plugin. -->","yoast_head_json":{"title":"[Columna] Contenci\u00f3n a la docencia ante violencia en escuelas","robots":{"index":"index","follow":"follow","max-snippet":"max-snippet:-1","max-image-preview":"max-image-preview:large","max-video-preview":"max-video-preview:-1"},"canonical":"https:\/\/www.filantropiacortessolari.cl\/columna-contencion-a-la-docencia-ante-violencia-en-escuelas\/","og_locale":"en_US","og_type":"article","og_title":"[Columna] Contenci\u00f3n a la docencia ante violencia en escuelas","og_url":"https:\/\/www.filantropiacortessolari.cl\/columna-contencion-a-la-docencia-ante-violencia-en-escuelas\/","og_site_name":"Filantrop\u00eda Cort\u00e9s Solari","article_published_time":"2023-07-11T22:08:40+00:00","article_modified_time":"2023-07-11T22:09:09+00:00","og_image":[{"width":1280,"height":853,"url":"https:\/\/www.filantropiacortessolari.cl\/wp-content\/uploads\/2023\/07\/FotoCAs-3.jpg","type":"image\/jpeg"}],"author":"Filantrop\u00eda Cort\u00e9s Solari","twitter_card":"summary_large_image","twitter_misc":{"Written by":"Filantrop\u00eda Cort\u00e9s Solari","Est. reading time":"1 minute"},"schema":{"@context":"https:\/\/schema.org","@graph":[{"@type":"Article","@id":"https:\/\/www.filantropiacortessolari.cl\/columna-contencion-a-la-docencia-ante-violencia-en-escuelas\/#article","isPartOf":{"@id":"https:\/\/www.filantropiacortessolari.cl\/columna-contencion-a-la-docencia-ante-violencia-en-escuelas\/"},"author":{"name":"Filantrop\u00eda Cort\u00e9s Solari","@id":"https:\/\/www.filantropiacortessolari.cl\/#\/schema\/person\/e099cf1046922f4f5892172332dc86c0"},"headline":"[Columna] Contenci\u00f3n a la docencia ante violencia en escuelas","datePublished":"2023-07-11T22:08:40+00:00","dateModified":"2023-07-11T22:09:09+00:00","mainEntityOfPage":{"@id":"https:\/\/www.filantropiacortessolari.cl\/columna-contencion-a-la-docencia-ante-violencia-en-escuelas\/"},"wordCount":179,"commentCount":0,"image":{"@id":"https:\/\/www.filantropiacortessolari.cl\/columna-contencion-a-la-docencia-ante-violencia-en-escuelas\/#primaryimage"},"thumbnailUrl":"https:\/\/www.filantropiacortessolari.cl\/wp-content\/uploads\/2023\/07\/FotoCAs-3.jpg","articleSection":["Noticias","Opini\u00f3n","Opini\u00f3n Caserta"],"inLanguage":"en-US","potentialAction":[{"@type":"CommentAction","name":"Comment","target":["https:\/\/www.filantropiacortessolari.cl\/columna-contencion-a-la-docencia-ante-violencia-en-escuelas\/#respond"]}]},{"@type":"WebPage","@id":"https:\/\/www.filantropiacortessolari.cl\/columna-contencion-a-la-docencia-ante-violencia-en-escuelas\/","url":"https:\/\/www.filantropiacortessolari.cl\/columna-contencion-a-la-docencia-ante-violencia-en-escuelas\/","name":"[Columna] Contenci\u00f3n a la docencia ante violencia en escuelas","isPartOf":{"@id":"https:\/\/www.filantropiacortessolari.cl\/#website"},"primaryImageOfPage":{"@id":"https:\/\/www.filantropiacortessolari.cl\/columna-contencion-a-la-docencia-ante-violencia-en-escuelas\/#primaryimage"},"image":{"@id":"https:\/\/www.filantropiacortessolari.cl\/columna-contencion-a-la-docencia-ante-violencia-en-escuelas\/#primaryimage"},"thumbnailUrl":"https:\/\/www.filantropiacortessolari.cl\/wp-content\/uploads\/2023\/07\/FotoCAs-3.jpg","datePublished":"2023-07-11T22:08:40+00:00","dateModified":"2023-07-11T22:09:09+00:00","author":{"@id":"https:\/\/www.filantropiacortessolari.cl\/#\/schema\/person\/e099cf1046922f4f5892172332dc86c0"},"breadcrumb":{"@id":"https:\/\/www.filantropiacortessolari.cl\/columna-contencion-a-la-docencia-ante-violencia-en-escuelas\/#breadcrumb"},"inLanguage":"en-US","potentialAction":[{"@type":"ReadAction","target":["https:\/\/www.filantropiacortessolari.cl\/columna-contencion-a-la-docencia-ante-violencia-en-escuelas\/"]}]},{"@type":"ImageObject","inLanguage":"en-US","@id":"https:\/\/www.filantropiacortessolari.cl\/columna-contencion-a-la-docencia-ante-violencia-en-escuelas\/#primaryimage","url":"https:\/\/www.filantropiacortessolari.cl\/wp-content\/uploads\/2023\/07\/FotoCAs-3.jpg","contentUrl":"https:\/\/www.filantropiacortessolari.cl\/wp-content\/uploads\/2023\/07\/FotoCAs-3.jpg","width":1280,"height":853},{"@type":"BreadcrumbList","@id":"https:\/\/www.filantropiacortessolari.cl\/columna-contencion-a-la-docencia-ante-violencia-en-escuelas\/#breadcrumb","itemListElement":[{"@type":"ListItem","position":1,"name":"Portada","item":"https:\/\/www.filantropiacortessolari.cl\/"},{"@type":"ListItem","position":2,"name":"[Columna] Contenci\u00f3n a la docencia ante violencia en escuelas"}]},{"@type":"WebSite","@id":"https:\/\/www.filantropiacortessolari.cl\/#website","url":"https:\/\/www.filantropiacortessolari.cl\/","name":"Filantrop\u00eda Cort\u00e9s Solari","description":"Sitio web Filantrop\u00eda Cort\u00e9s Solari","potentialAction":[{"@type":"SearchAction","target":{"@type":"EntryPoint","urlTemplate":"https:\/\/www.filantropiacortessolari.cl\/?s={search_term_string}"},"query-input":{"@type":"PropertyValueSpecification","valueRequired":true,"valueName":"search_term_string"}}],"inLanguage":"en-US"},{"@type":"Person","@id":"https:\/\/www.filantropiacortessolari.cl\/#\/schema\/person\/e099cf1046922f4f5892172332dc86c0","name":"Filantrop\u00eda Cort\u00e9s Solari","image":{"@type":"ImageObject","inLanguage":"en-US","@id":"https:\/\/secure.gravatar.com\/avatar\/9d17bfe24074ed7576e70cbeb8e010cdd7d01fae9f2047bd96cccbe629ec3c11?s=96&d=mm&r=g","url":"https:\/\/secure.gravatar.com\/avatar\/9d17bfe24074ed7576e70cbeb8e010cdd7d01fae9f2047bd96cccbe629ec3c11?s=96&d=mm&r=g","contentUrl":"https:\/\/secure.gravatar.com\/avatar\/9d17bfe24074ed7576e70cbeb8e010cdd7d01fae9f2047bd96cccbe629ec3c11?s=96&d=mm&r=g","caption":"Filantrop\u00eda Cort\u00e9s Solari"},"url":"https:\/\/www.filantropiacortessolari.cl\/en\/author\/filantropia-cortes-solari\/"}]}},"_links":{"self":[{"href":"https:\/\/www.filantropiacortessolari.cl\/en\/wp-json\/wp\/v2\/posts\/11455","targetHints":{"allow":["GET"]}}],"collection":[{"href":"https:\/\/www.filantropiacortessolari.cl\/en\/wp-json\/wp\/v2\/posts"}],"about":[{"href":"https:\/\/www.filantropiacortessolari.cl\/en\/wp-json\/wp\/v2\/types\/post"}],"author":[{"embeddable":true,"href":"https:\/\/www.filantropiacortessolari.cl\/en\/wp-json\/wp\/v2\/users\/1"}],"replies":[{"embeddable":true,"href":"https:\/\/www.filantropiacortessolari.cl\/en\/wp-json\/wp\/v2\/comments?post=11455"}],"version-history":[{"count":2,"href":"https:\/\/www.filantropiacortessolari.cl\/en\/wp-json\/wp\/v2\/posts\/11455\/revisions"}],"predecessor-version":[{"id":11458,"href":"https:\/\/www.filantropiacortessolari.cl\/en\/wp-json\/wp\/v2\/posts\/11455\/revisions\/11458"}],"wp:featuredmedia":[{"embeddable":true,"href":"https:\/\/www.filantropiacortessolari.cl\/en\/wp-json\/wp\/v2\/media\/11456"}],"wp:attachment":[{"href":"https:\/\/www.filantropiacortessolari.cl\/en\/wp-json\/wp\/v2\/media?parent=11455"}],"wp:term":[{"taxonomy":"category","embeddable":true,"href":"https:\/\/www.filantropiacortessolari.cl\/en\/wp-json\/wp\/v2\/categories?post=11455"},{"taxonomy":"post_tag","embeddable":true,"href":"https:\/\/www.filantropiacortessolari.cl\/en\/wp-json\/wp\/v2\/tags?post=11455"}],"curies":[{"name":"wp","href":"https:\/\/api.w.org\/{rel}","templated":true}]}}