{"id":11469,"date":"2023-07-17T23:39:46","date_gmt":"2023-07-18T02:39:46","guid":{"rendered":"https:\/\/www.filantropiacortessolari.cl\/?p=11469"},"modified":"2023-07-21T13:36:33","modified_gmt":"2023-07-21T16:36:33","slug":"df-francisca-cortes-solari-necesitamos-que-la-empresa-haga-una-conversion-deje-de-emitir-y-busque-soluciones-mas-limpias","status":"publish","type":"post","link":"https:\/\/www.filantropiacortessolari.cl\/en\/df-francisca-cortes-solari-necesitamos-que-la-empresa-haga-una-conversion-deje-de-emitir-y-busque-soluciones-mas-limpias\/","title":{"rendered":"[DF] Francisca Cort\u00e9s Solari: \u201cNecesitamos que la empresa haga una conversi\u00f3n, deje de emitir y busque soluciones m\u00e1s limpias\u201d"},"content":{"rendered":"<style type=\"text\/css\"><\/style><div class=\"box-social\"><span class=\"autor-fecha\">Por: Azucena Gonz\u00e1lez\u00a0<\/span><\/div>\n<div><\/div>\n<div class=\"CUERPO\">\n<p class=\"p1\">La empresaria y fil\u00e1ntropa Francisca Cort\u00e9s Solari (56 a\u00f1os) estuvo esta semana en Bogot\u00e1. Es que la organizaci\u00f3n que ella cre\u00f3 hace poco m\u00e1s de una d\u00e9cada, Fundaci\u00f3n Meri, fue protagonista y coorganizadora de un evento en Colombia, la V Conferencia Regional sobre el Cambio Clim\u00e1tico, NovoPangea Latam: Unidos por la Acci\u00f3n Clim\u00e1tica.<\/p>\n<p class=\"p3\"><strong>Por Zoom desde la capital de ese pa\u00eds, Cort\u00e9s Solari explica que esta es una instancia previa a la COP -evento que este a\u00f1o ser\u00e1 en Dubai- para tratar de alcanzar \u201cm\u00ednimos comunes\u201d en la regi\u00f3n, que no ha logrado obtener acuerdos.<\/strong><\/p>\n<p class=\"p3\">Se refiere a un tema que le apasiona, la acci\u00f3n clim\u00e1tica y la conservaci\u00f3n, de oc\u00e9anos y tambi\u00e9n terrestre. Tanto se apasiona, que salta de un tema a otro, del rol de los empresarios, su prop\u00f3sito en la vida, ella misma pone en la conversaci\u00f3n el tema de las fundaciones -ahora en el ojo del hurac\u00e1n-, y no esconde su \u201crabia\u201d frente a este tema, y remarca que hay que separar y no meterlos a todos dentro de un saco. Y, por cierto, habla de sus planes en filantrop\u00eda, que apuntan a concretar la internacionalizaci\u00f3n de las actividades.<\/p>\n<h3 class=\"p5\"><a name=\"vtxt_cuerpo_T0\"><\/a><span class=\"subtit\">La conservaci\u00f3n y las fundaciones<\/span><\/h3>\n<p class=\"p3\"><strong>Vamos por parte. Nieta de Alberto Solari y Eliana Falabella, e hija de Teresa Solari -y por tanto, integrante de una de las ramas accionistas de Falabella-, Francisca Cort\u00e9s Solari ya cumpli\u00f3 dos d\u00e9cadas desde que dio el puntapi\u00e9 inicial de un camino que la llev\u00f3 a abocarse a la filantrop\u00eda y al conservacionismo.<\/strong>\u00a0Hoy todas estas actividades est\u00e1n agrupadas al alero de Filantrop\u00eda Cort\u00e9s Solari (FCS).<\/p>\n<p class=\"p3\">Fue en 2003 cuando se constituy\u00f3 oficialmente la primera fundaci\u00f3n, Caserta, dedicada a educaci\u00f3n. Y luego, en 2012, surgi\u00f3 Fundaci\u00f3n Meri, dedicada a la conservaci\u00f3n y mitigaci\u00f3n del cambio clim\u00e1tico.\u00a0<strong>Con tres territorios al alero de este grupo, la reserva Melimoyu (Patagonia Norte, con 16 mil hect\u00e1reas); Puribeter (en San Pedro de Atacama, con 47 hect\u00e1reas) y Likandes (en San Jos\u00e9 de Maipo, 180 hect\u00e1reas), Francisca Cort\u00e9s Solari oficia de presidenta ejecutiva de FCS, pero apoyada por un equipo bastante transversal.<\/strong>\u00a0Por ejemplo, en Fundaci\u00f3n Meri, junto al abogado Michael Grasty como director, tambi\u00e9n participa en esa instancia Marcelo Mena, ex ministro de Medio Ambiente.<\/p>\n<p class=\"p3\">La actividad en Colombia de esta semana fue organizada por Fundaci\u00f3n Meri, en conjunto con el Ministerio de Medio Ambiente de ese pa\u00eds y el patrocinio del Grupo Intergubernamental de Expertos sobre el Cambio Clim\u00e1tico (IPCC por sus siglas en ingl\u00e9s), con el que tienen una alianza desde hace cinco a\u00f1os.<\/p>\n<p class=\"p3\">\u201cHemos logrado apoyarlos para que ellos puedan insistir m\u00e1s con la ciencia en el mundo\u201d, remarca, relaci\u00f3n que parti\u00f3 en 2019, cuando la COP iba a ser en Chile, pero luego por el estallido social termin\u00f3 cambi\u00e1ndose la sede del evento a Espa\u00f1a.<\/p>\n<p class=\"p3\">Fruto de este trabajo naci\u00f3 NovoPangea. \u201cNo podemos esperar un a\u00f1o para juntarnos con todos los tomadores de decisiones para seguir d\u00e1ndonos vuelta en las mismas tem\u00e1ticas\u201d, dice Cort\u00e9s, quien aterriza dos temas clave en estas mesas de trabajo: conservaci\u00f3n terrestre y protecci\u00f3n de oc\u00e9anos.<\/p>\n<p class=\"p3\">Con 51 participantes de ocho pa\u00edses en esta oportunidad, el trabajo al que apunta Francisca Cort\u00e9s es, en relaci\u00f3n con \u00e1reas marinas y terrestres, ir acotando y cerrando acuerdos, de cara a la COP. \u201cLo que est\u00e1 faltando es llegar a acuerdos\u201d, recalca una y otra vez.<\/p>\n<p class=\"p3\"><span class=\"negro-destacado\"><b>-\u00bfFaltan m\u00e1s \u00e1reas protegidas en los oc\u00e9anos en Chile?<\/b><\/span><\/p>\n<p class=\"p3\">-En todas partes del mundo. En todas. En Chile estamos posicionados en un ranking alto, pero el tema es c\u00f3mo vamos fiscalizando.\u00a0<strong>No hay mucha fiscalizaci\u00f3n todav\u00eda. Ah\u00ed entramos a temas pol\u00edticos, donde la agenda tiene que ir a eso.<\/strong>\u00a0Con un \u00e1rea marina protegida, lo que haces es resguardar el semillero del ecosistema. Imag\u00ednate el largo de Chile, la variedad de ecosistemas que tiene Chile. Entonces, debiera tener un \u00e1rea protegida en cada una de las latitudes. Chile est\u00e1 en primera categor\u00eda, pero es insuficiente porque es insuficiente en el mundo.\u00a0<span class=\"Apple-converted-space\">\u00a0 \u00a0<\/span><\/p>\n<p class=\"p3\">Con su propia experiencia con la reserva que manejan en el sur y los estudios que han hecho en el fondo marino a\u00f1o a a\u00f1o, plantea que ha ido permaneciendo ese ecosistema, \u201cporque no hay tr\u00e1fico marino, est\u00e1 resguardado. Todo lo que tenga que ver con tr\u00e1fico es lo que destruye el sistema. El tr\u00e1fico marino es una amenaza terrible, porque se cortan los corredores biol\u00f3gicos\u201d.<\/p>\n<p class=\"p3\"><span class=\"negro-destacado\"><b>-\u00bfC\u00f3mo se hace eso compatible con el desarrollo y crecimiento econ\u00f3mico? Imagino es impensable decir que no haya m\u00e1s tr\u00e1fico, no m\u00e1s portacontenedores.<\/b><\/span><\/p>\n<p class=\"p3\">-Yo reconozco que lo que est\u00e1 pasando en el mundo es algo nuevo. T<strong>odav\u00eda no dimensionamos la realidad de la problem\u00e1tica que estamos viviendo.<\/strong>\u00a0El cambio clim\u00e1tico se ve, y es un efecto irreversible que tiene la tierra. Como el tema es muy nuevo estamos tratando de buscar soluciones para lo privado. Y se est\u00e1n haciendo cosas.<\/p>\n<p class=\"p3\"><span class=\"negro-destacado\"><b>-Pero supongo que la soluci\u00f3n no puede ser paralizar el crecimiento, \u00bfo ve que es necesario crecer menos en pos de mantener los equilibrios ecosist\u00e9micos?<\/b><\/span><\/p>\n<p class=\"p3\">-Se est\u00e1n haciendo cosas. Certificaciones. Cada d\u00eda hay m\u00e1s fondos verdes, y hay mucho m\u00e1s inter\u00e9s de las personas de buscar inversiones de innovaci\u00f3n.\u00a0<strong>Hoy d\u00eda la innovaci\u00f3n juega un tremendo rol. Y es responsabilidad de los empresarios tambi\u00e9n, hay que innovar, cambiar h\u00e1bitos. Es un cambio de todos.<span class=\"Apple-converted-space\">\u00a0 \u00a0 \u00a0<\/span><\/strong><\/p>\n<p class=\"p3\"><span class=\"negro-destacado\"><b>-\u00bfC\u00f3mo ve a los empresarios chilenos en esta capacidad de innovar y de subirse a este carro m\u00e1s conservacionista?<\/b><\/span><\/p>\n<p class=\"p3\">-Veo que s\u00ed. Tenemos varios proyectos familiares de conservaci\u00f3n. Lo que pasa es que a la gente no le gusta hablar mucho. Veo que el inter\u00e9s que hay en Chile es m\u00e1s profundo del que podemos encontrar en otros pa\u00edses.\u00a0<strong>Lo que pasa es que Chile es muy peque\u00f1o, somos muy pocas personas. Pero s\u00ed hay un movimiento de conservaci\u00f3n, siendo que en Chile no es f\u00e1cil hacer conservaci\u00f3n<\/strong>.<\/p>\n<p class=\"p3\"><span class=\"negro-destacado\"><b>-\u00bfPor qu\u00e9?<\/b><\/span><\/p>\n<p class=\"p3\"><strong>-Lo mismo que est\u00e1 pasando hoy d\u00eda con el tema de las fundaciones. Escucho estas noticias de las fundaciones y me genera una espina, rabia, de todo. Yo llevo 21 a\u00f1os trabajando en fundaciones, en educaci\u00f3n, tengo tres reservas, nos tomamos en serio lo que hacemos y trabajamos en base a un fondo privado.<\/strong>\u00a0No lo saqu\u00e9 de la empresa ni nadie me vino a regalar nada. Al rev\u00e9s. En Chile no hay pol\u00edticas que ayuden a los fil\u00e1ntropos a hacer conservaci\u00f3n. En otros pa\u00edses hay m\u00e1s leyes para filantrop\u00eda y fundaci\u00f3n.<\/p>\n<p class=\"p3\"><span class=\"negro-destacado\"><b>-\u00bfPor el tema de las fundaciones se da\u00f1\u00f3 a\u00fan m\u00e1s la confianza?<\/b><\/span><\/p>\n<p class=\"p3\"><strong>-Yo creo que s\u00ed. Imagino que s\u00ed. Porque cuando hablamos de fundaci\u00f3n, en el saco entran todas las fundaciones. No tengo m\u00e1s antecedentes, pero eso duele.<\/strong>\u00a0Porque esto no es un juego para nosotros. Las fundaciones que est\u00e1n hoy en d\u00eda igual tienen un prestigio. Hay una desconfianza generalizada. Yo nunca he sentido mala onda. Hay buena regulaci\u00f3n, est\u00e1 (Comunidad) Organizaciones Solidarias, lo que pasa es que no puedes comparar una fundaci\u00f3n que tiene 21 a\u00f1os con estas fundaciones que se crearon en tres meses. Son 21 a\u00f1os de trabajo.<\/p>\n<p class=\"p3\"><span class=\"negro-destacado\">&#8211;<b>\u00bfQu\u00e9 mensaje le entregar\u00eda a los empresarios? Es evidente que hay una tensi\u00f3n entre el desarrollo de proyectos, lo vemos todos los d\u00edas con las evaluaciones ambientales vs la conservaci\u00f3n.<\/b><\/span><\/p>\n<p class=\"p3\">-Yo creo que se le da mucha responsabilidad al empresariado, pero yo le tirar\u00eda la responsabilidad a los pa\u00edses y a sus pol\u00edticas p\u00fablicas, que no hacen nada. Respecto del empresariado, siempre lo he dicho.<strong>\u00a0La filantrop\u00eda se puede hacer de muchas maneras. Lo que yo eleg\u00ed es hacer acciones concretas y estar involucrada. Hay otras personas que pueden hacer donaciones. Y creo que es importante en las empresas cuidar a sus trabajadores, eso tambi\u00e9n es una manera. Necesitamos que la empresa haga una conversi\u00f3n, que deje de emitir, y que busque soluciones para mejorar sus ejecuciones y que sean m\u00e1s limpias.<\/strong>\u00a0S\u00ed lo est\u00e1n haciendo, hay muchas empresas que lo est\u00e1n haciendo. Porque tambi\u00e9n hay personas que est\u00e1n valor\u00e1ndolo. A los empresarios les dir\u00eda que uno tiene que partir por casa. Es muy importante tener bien a sus trabajadores. Y que cada vez vayan aplicando estudios para mitigar sus impactos. El mundo est\u00e1 pidiendo eso, y las empresas no se pueden quedar atr\u00e1s. Van a tener que ponerse al d\u00eda tarde o temprano. Ahora, si esto lo apoy\u00e1ramos con algunas pol\u00edticas p\u00fablicas ser\u00eda distinto.<\/p>\n<h3 class=\"p6\"><a name=\"vtxt_cuerpo_T1\"><\/a><span class=\"subtit\">Internacionalizaci\u00f3n, Ginebra y Madrid<\/span><\/h3>\n<p class=\"p3\">Como gestora de FCS, Francisca Cort\u00e9s Solari se mueve en altas ligas en el mundo de la filantrop\u00eda. Recientemente estuvo como invitada en un encuentro en M\u00f3naco, el V Encuentro de Fil\u00e1ntropos para los Oc\u00e9anos, una red que busca llegar con una agenda com\u00fan a la COP 28.<\/p>\n<p class=\"p3\">\u201cHay una muy buena relaci\u00f3n con el Centro Cient\u00edfico de M\u00f3naco, tenemos firmado un acuerdo con ellos y nos empezamos a acercar a lo que est\u00e1 haciendo la Fundaci\u00f3n Pr\u00edncipe Alberto de M\u00f3naco. Hay algunas cosas que van a pasar\u201d, anticipa.<\/p>\n<p class=\"p3\">La gerenta general de FCS, Patricia Morales, especifica que por primera vez ellos, la Fundaci\u00f3n Pr\u00edncipe Alberto de M\u00f3naco, les hicieron una propuesta de trabajo que va a salir a fines de este a\u00f1o.<\/p>\n<p class=\"p3\">Con la fundaci\u00f3n est\u00e1n, a su vez, concretando los planes internacionales. Con una sede en Madrid, el proyecto en marcha es de aqu\u00ed a fin de a\u00f1o que Patricia Morales se vaya a vivir all\u00e1, \u201ca poner la bandera\u201d, dice Francisca Cort\u00e9s, y por un per\u00edodo de tres a\u00f1os.\u00a0<strong>El objetivo es profundizar el trabajo con el IPCC, y con organizaciones que est\u00e1n en Europa, para abarcar un trabajo m\u00e1s a nivel global. Esto no significa que la sede deje de estar en Chile, explica, porque ac\u00e1 se queda Francisca Cort\u00e9s Solari.<\/strong><\/p>\n<p class=\"p3\">Este trabajo m\u00e1s global ya tiene otro aterrizaje pr\u00e1ctico, que es expandir el modelo de la fundaci\u00f3n, sin gestionar ellos mismos m\u00e1s reservas, sino a trav\u00e9s de asesor\u00edas. Algo que ya se los est\u00e1n pidiendo. \u201cHay una posibilidad de hacer una asesor\u00eda por el lado de Ginebra, replicar el modelo de conservaci\u00f3n. Es un pedido de una empresa internacional que nos est\u00e1 pidiendo hacer un trabajo, replicar el proyecto de conservaci\u00f3n, un parque\u201d, revela Cort\u00e9s Solari. \u201cNunca pens\u00e9 que \u00edbamos a llegar a Europa\u201d, a\u00f1ade.<\/p>\n<p class=\"p3\">As\u00ed, sin acumular territorio, siguen desarrollando el modelo. \u201cEstamos buscando replicar lo que nosotros aprendimos. Ya recorrimos el camino, sabemos trabajar en el mundo cient\u00edfico, con las comunidades y con programas\u201d, detalla.<\/p>\n<h3 class=\"p6\"><span class=\"s1 subtit\">Nueva generaci\u00f3n<\/span><\/h3>\n<p class=\"p3\">Con tres hijos, Fernanda (29), Javiera (27) y Nicol\u00e1s (19), Francisca Cort\u00e9s Solari, comenz\u00f3 a involucrar a esta nueva generaci\u00f3n.<\/p>\n<p class=\"p3\"><strong>\u201cJusto hace un mes tuvimos la primera reuni\u00f3n, pero son chicos todav\u00eda. No s\u00f3lo en el tema de las fundaciones, sino que tienen que aprender de todo. Es una responsabilidad. Porque uno dice \u2018cuando mis hijos hereden que sean buenas personas\u2019. Y eso requiere de un entrenamiento. Esa es la motivaci\u00f3n. Que aprendan desde abajo a trabajar<\/strong>\u00a0(\u2026) Me tengo que preocupar del patrimonio, de c\u00f3mo voy a entregar. Eso me importa, que mis hijos sean buenas personas. Ellos tienen que ser mejores personas que yo. Si no, ser\u00eda una fracasada como madre. Y sin meterles tantas expectativas y exigencias. Reci\u00e9n estamos partiendo\u201d, reflexiona.<\/p>\n<p class=\"p3\">Mientras sus dos hijas est\u00e1n ya en fase de estudios superiores -Fernanda termin\u00f3 dos carreras; marketing y publicidad, y producci\u00f3n, y Javiera es alumna de ingenier\u00eda comercial-, el menor, Nicol\u00e1s, desde los 14 que vive en Estados Unidos, Illinois, y compite en motocross en alto rendimiento. \u201cEs muy bueno, le va muy bien\u201d, opina con orgullo su madre.<\/p>\n<p class=\"p3\">\u201cDonde se metan mis hijos va a servir. Porque esto tambi\u00e9n tiene un modelo econ\u00f3mico, para sostener la filantrop\u00eda\u201d.<\/p>\n<p class=\"p3\">Esta reflexi\u00f3n lleva a Francisca Cort\u00e9s Solari a hablar de no dejar de lado el tema econ\u00f3mico. \u201cNo hay un modelo de sostenibilidad para hacer conservaci\u00f3n. Hoy d\u00eda no creo que sea factible, no s\u00e9 si en alguna parte del mundo. Al final la conservaci\u00f3n es un gasto (\u2026) Nunca dir\u00eda todo lo que ha puesto mi familia en esto, porque es un tema personal\u201d.<\/p>\n<p class=\"p3\"><span class=\"negro-destacado\"><b>-Usted viene de un mundo textil, Falabella, que a nivel mundial ha estado en el ojo del hurac\u00e1n en materia de conservaci\u00f3n. \u00bfC\u00f3mo se instala frente a esa problem\u00e1tica?<\/b><\/span><\/p>\n<p class=\"p3\">-Es una mega respuesta. Yo apelo al reciclaje de ropa. Buscar buenas pr\u00e1cticas.<span class=\"Apple-converted-space\">\u00a0 \u00a0<\/span><\/p>\n<p class=\"p3\">La gerenta general de FCS, Patricia Morales, a\u00f1ade que los \u00edndices de sostenibilidad de Falabella destacan en la industria de Am\u00e9rica Latina, como la empresa de mayor sostenibilidad.<span class=\"Apple-converted-space\">\u00a0 \u00a0<\/span><\/p>\n<\/div>\n","protected":false},"excerpt":{"rendered":"<p>Por: Azucena Gonz\u00e1lez\u00a0 La empresaria y fil\u00e1ntropa Francisca Cort\u00e9s Solari (56 a\u00f1os) estuvo esta semana en Bogot\u00e1. Es que la organizaci\u00f3n que ella cre\u00f3 hace poco m\u00e1s de una d\u00e9cada, Fundaci\u00f3n Meri, fue protagonista y coorganizadora de un evento en Colombia, la V Conferencia Regional sobre el Cambio Clim\u00e1tico, NovoPangea Latam: Unidos por la Acci\u00f3n&#8230;<\/p>\n","protected":false},"author":1,"featured_media":11491,"comment_status":"open","ping_status":"open","sticky":false,"template":"","format":"standard","meta":{"footnotes":""},"categories":[9,31,5,6],"tags":[],"class_list":["post-11469","post","type-post","status-publish","format-standard","has-post-thumbnail","hentry","category-entrevistas","category-noticias","category-prensa-escrita","category-fundacion-meri"],"translation":{"provider":"WPGlobus","version":"3.0.2","language":"en","enabled_languages":["es","en"],"languages":{"es":{"title":true,"content":true,"excerpt":false},"en":{"title":false,"content":false,"excerpt":false}}},"yoast_head":"<!-- This site is optimized with the Yoast SEO plugin v27.4 - https:\/\/yoast.com\/product\/yoast-seo-wordpress\/ -->\n<title>[DF] Francisca Cort\u00e9s Solari: \u201cNecesitamos que la empresa haga una conversi\u00f3n, deje de emitir y busque soluciones m\u00e1s limpias\u201d<\/title>\n<meta name=\"robots\" content=\"index, follow, max-snippet:-1, max-image-preview:large, max-video-preview:-1\" \/>\n<link rel=\"canonical\" href=\"https:\/\/www.filantropiacortessolari.cl\/df-francisca-cortes-solari-necesitamos-que-la-empresa-haga-una-conversion-deje-de-emitir-y-busque-soluciones-mas-limpias\/\" \/>\n<meta property=\"og:locale\" content=\"en_US\" \/>\n<meta property=\"og:type\" content=\"article\" \/>\n<meta property=\"og:title\" content=\"[DF] Francisca Cort\u00e9s Solari: \u201cNecesitamos que la empresa haga una conversi\u00f3n, deje de emitir y busque soluciones m\u00e1s limpias\u201d\" \/>\n<meta property=\"og:url\" content=\"https:\/\/www.filantropiacortessolari.cl\/df-francisca-cortes-solari-necesitamos-que-la-empresa-haga-una-conversion-deje-de-emitir-y-busque-soluciones-mas-limpias\/\" \/>\n<meta property=\"og:site_name\" content=\"Filantrop\u00eda Cort\u00e9s Solari\" \/>\n<meta property=\"article:published_time\" content=\"2023-07-18T02:39:46+00:00\" \/>\n<meta property=\"article:modified_time\" content=\"2023-07-21T16:36:33+00:00\" \/>\n<meta property=\"og:image\" content=\"https:\/\/www.filantropiacortessolari.cl\/wp-content\/uploads\/2023\/07\/frn.jpg\" \/>\n\t<meta property=\"og:image:width\" content=\"1280\" \/>\n\t<meta property=\"og:image:height\" content=\"853\" \/>\n\t<meta property=\"og:image:type\" content=\"image\/jpeg\" \/>\n<meta name=\"author\" content=\"Filantrop\u00eda Cort\u00e9s Solari\" \/>\n<meta name=\"twitter:card\" content=\"summary_large_image\" \/>\n<meta name=\"twitter:label1\" content=\"Written by\" \/>\n\t<meta name=\"twitter:data1\" content=\"Filantrop\u00eda Cort\u00e9s Solari\" \/>\n\t<meta name=\"twitter:label2\" content=\"Est. reading time\" \/>\n\t<meta name=\"twitter:data2\" content=\"10 minutes\" \/>\n<script type=\"application\/ld+json\" class=\"yoast-schema-graph\">{\"@context\":\"https:\\\/\\\/schema.org\",\"@graph\":[{\"@type\":\"Article\",\"@id\":\"https:\\\/\\\/www.filantropiacortessolari.cl\\\/df-francisca-cortes-solari-necesitamos-que-la-empresa-haga-una-conversion-deje-de-emitir-y-busque-soluciones-mas-limpias\\\/#article\",\"isPartOf\":{\"@id\":\"https:\\\/\\\/www.filantropiacortessolari.cl\\\/df-francisca-cortes-solari-necesitamos-que-la-empresa-haga-una-conversion-deje-de-emitir-y-busque-soluciones-mas-limpias\\\/\"},\"author\":{\"name\":\"Filantrop\u00eda Cort\u00e9s Solari\",\"@id\":\"https:\\\/\\\/www.filantropiacortessolari.cl\\\/#\\\/schema\\\/person\\\/e099cf1046922f4f5892172332dc86c0\"},\"headline\":\"[DF] Francisca Cort\u00e9s Solari: \u201cNecesitamos que la empresa haga una conversi\u00f3n, deje de emitir y busque soluciones m\u00e1s limpias\u201d\",\"datePublished\":\"2023-07-18T02:39:46+00:00\",\"dateModified\":\"2023-07-21T16:36:33+00:00\",\"mainEntityOfPage\":{\"@id\":\"https:\\\/\\\/www.filantropiacortessolari.cl\\\/df-francisca-cortes-solari-necesitamos-que-la-empresa-haga-una-conversion-deje-de-emitir-y-busque-soluciones-mas-limpias\\\/\"},\"wordCount\":2288,\"commentCount\":0,\"image\":{\"@id\":\"https:\\\/\\\/www.filantropiacortessolari.cl\\\/df-francisca-cortes-solari-necesitamos-que-la-empresa-haga-una-conversion-deje-de-emitir-y-busque-soluciones-mas-limpias\\\/#primaryimage\"},\"thumbnailUrl\":\"https:\\\/\\\/www.filantropiacortessolari.cl\\\/wp-content\\\/uploads\\\/2023\\\/07\\\/frn.jpg\",\"articleSection\":[\"Entrevistas\",\"Noticias\",\"Prensa Escrita\",\"Prensa MERI\"],\"inLanguage\":\"en-US\",\"potentialAction\":[{\"@type\":\"CommentAction\",\"name\":\"Comment\",\"target\":[\"https:\\\/\\\/www.filantropiacortessolari.cl\\\/df-francisca-cortes-solari-necesitamos-que-la-empresa-haga-una-conversion-deje-de-emitir-y-busque-soluciones-mas-limpias\\\/#respond\"]}]},{\"@type\":\"WebPage\",\"@id\":\"https:\\\/\\\/www.filantropiacortessolari.cl\\\/df-francisca-cortes-solari-necesitamos-que-la-empresa-haga-una-conversion-deje-de-emitir-y-busque-soluciones-mas-limpias\\\/\",\"url\":\"https:\\\/\\\/www.filantropiacortessolari.cl\\\/df-francisca-cortes-solari-necesitamos-que-la-empresa-haga-una-conversion-deje-de-emitir-y-busque-soluciones-mas-limpias\\\/\",\"name\":\"[DF] Francisca Cort\u00e9s Solari: \u201cNecesitamos que la empresa haga una conversi\u00f3n, deje de emitir y busque soluciones m\u00e1s limpias\u201d\",\"isPartOf\":{\"@id\":\"https:\\\/\\\/www.filantropiacortessolari.cl\\\/#website\"},\"primaryImageOfPage\":{\"@id\":\"https:\\\/\\\/www.filantropiacortessolari.cl\\\/df-francisca-cortes-solari-necesitamos-que-la-empresa-haga-una-conversion-deje-de-emitir-y-busque-soluciones-mas-limpias\\\/#primaryimage\"},\"image\":{\"@id\":\"https:\\\/\\\/www.filantropiacortessolari.cl\\\/df-francisca-cortes-solari-necesitamos-que-la-empresa-haga-una-conversion-deje-de-emitir-y-busque-soluciones-mas-limpias\\\/#primaryimage\"},\"thumbnailUrl\":\"https:\\\/\\\/www.filantropiacortessolari.cl\\\/wp-content\\\/uploads\\\/2023\\\/07\\\/frn.jpg\",\"datePublished\":\"2023-07-18T02:39:46+00:00\",\"dateModified\":\"2023-07-21T16:36:33+00:00\",\"author\":{\"@id\":\"https:\\\/\\\/www.filantropiacortessolari.cl\\\/#\\\/schema\\\/person\\\/e099cf1046922f4f5892172332dc86c0\"},\"breadcrumb\":{\"@id\":\"https:\\\/\\\/www.filantropiacortessolari.cl\\\/df-francisca-cortes-solari-necesitamos-que-la-empresa-haga-una-conversion-deje-de-emitir-y-busque-soluciones-mas-limpias\\\/#breadcrumb\"},\"inLanguage\":\"en-US\",\"potentialAction\":[{\"@type\":\"ReadAction\",\"target\":[\"https:\\\/\\\/www.filantropiacortessolari.cl\\\/df-francisca-cortes-solari-necesitamos-que-la-empresa-haga-una-conversion-deje-de-emitir-y-busque-soluciones-mas-limpias\\\/\"]}]},{\"@type\":\"ImageObject\",\"inLanguage\":\"en-US\",\"@id\":\"https:\\\/\\\/www.filantropiacortessolari.cl\\\/df-francisca-cortes-solari-necesitamos-que-la-empresa-haga-una-conversion-deje-de-emitir-y-busque-soluciones-mas-limpias\\\/#primaryimage\",\"url\":\"https:\\\/\\\/www.filantropiacortessolari.cl\\\/wp-content\\\/uploads\\\/2023\\\/07\\\/frn.jpg\",\"contentUrl\":\"https:\\\/\\\/www.filantropiacortessolari.cl\\\/wp-content\\\/uploads\\\/2023\\\/07\\\/frn.jpg\",\"width\":1280,\"height\":853},{\"@type\":\"BreadcrumbList\",\"@id\":\"https:\\\/\\\/www.filantropiacortessolari.cl\\\/df-francisca-cortes-solari-necesitamos-que-la-empresa-haga-una-conversion-deje-de-emitir-y-busque-soluciones-mas-limpias\\\/#breadcrumb\",\"itemListElement\":[{\"@type\":\"ListItem\",\"position\":1,\"name\":\"Portada\",\"item\":\"https:\\\/\\\/www.filantropiacortessolari.cl\\\/\"},{\"@type\":\"ListItem\",\"position\":2,\"name\":\"[DF] Francisca Cort\u00e9s Solari: \u201cNecesitamos que la empresa haga una conversi\u00f3n, deje de emitir y busque soluciones m\u00e1s limpias\u201d\"}]},{\"@type\":\"WebSite\",\"@id\":\"https:\\\/\\\/www.filantropiacortessolari.cl\\\/#website\",\"url\":\"https:\\\/\\\/www.filantropiacortessolari.cl\\\/\",\"name\":\"Filantrop\u00eda Cort\u00e9s Solari\",\"description\":\"Sitio web Filantrop\u00eda Cort\u00e9s Solari\",\"potentialAction\":[{\"@type\":\"SearchAction\",\"target\":{\"@type\":\"EntryPoint\",\"urlTemplate\":\"https:\\\/\\\/www.filantropiacortessolari.cl\\\/?s={search_term_string}\"},\"query-input\":{\"@type\":\"PropertyValueSpecification\",\"valueRequired\":true,\"valueName\":\"search_term_string\"}}],\"inLanguage\":\"en-US\"},{\"@type\":\"Person\",\"@id\":\"https:\\\/\\\/www.filantropiacortessolari.cl\\\/#\\\/schema\\\/person\\\/e099cf1046922f4f5892172332dc86c0\",\"name\":\"Filantrop\u00eda Cort\u00e9s Solari\",\"image\":{\"@type\":\"ImageObject\",\"inLanguage\":\"en-US\",\"@id\":\"https:\\\/\\\/secure.gravatar.com\\\/avatar\\\/9d17bfe24074ed7576e70cbeb8e010cdd7d01fae9f2047bd96cccbe629ec3c11?s=96&d=mm&r=g\",\"url\":\"https:\\\/\\\/secure.gravatar.com\\\/avatar\\\/9d17bfe24074ed7576e70cbeb8e010cdd7d01fae9f2047bd96cccbe629ec3c11?s=96&d=mm&r=g\",\"contentUrl\":\"https:\\\/\\\/secure.gravatar.com\\\/avatar\\\/9d17bfe24074ed7576e70cbeb8e010cdd7d01fae9f2047bd96cccbe629ec3c11?s=96&d=mm&r=g\",\"caption\":\"Filantrop\u00eda Cort\u00e9s Solari\"},\"url\":\"https:\\\/\\\/www.filantropiacortessolari.cl\\\/en\\\/author\\\/filantropia-cortes-solari\\\/\"}]}<\/script>\n<!-- \/ Yoast SEO plugin. -->","yoast_head_json":{"title":"[DF] Francisca Cort\u00e9s Solari: \u201cNecesitamos que la empresa haga una conversi\u00f3n, deje de emitir y busque soluciones m\u00e1s limpias\u201d","robots":{"index":"index","follow":"follow","max-snippet":"max-snippet:-1","max-image-preview":"max-image-preview:large","max-video-preview":"max-video-preview:-1"},"canonical":"https:\/\/www.filantropiacortessolari.cl\/df-francisca-cortes-solari-necesitamos-que-la-empresa-haga-una-conversion-deje-de-emitir-y-busque-soluciones-mas-limpias\/","og_locale":"en_US","og_type":"article","og_title":"[DF] Francisca Cort\u00e9s Solari: \u201cNecesitamos que la empresa haga una conversi\u00f3n, deje de emitir y busque soluciones m\u00e1s limpias\u201d","og_url":"https:\/\/www.filantropiacortessolari.cl\/df-francisca-cortes-solari-necesitamos-que-la-empresa-haga-una-conversion-deje-de-emitir-y-busque-soluciones-mas-limpias\/","og_site_name":"Filantrop\u00eda Cort\u00e9s Solari","article_published_time":"2023-07-18T02:39:46+00:00","article_modified_time":"2023-07-21T16:36:33+00:00","og_image":[{"width":1280,"height":853,"url":"https:\/\/www.filantropiacortessolari.cl\/wp-content\/uploads\/2023\/07\/frn.jpg","type":"image\/jpeg"}],"author":"Filantrop\u00eda Cort\u00e9s Solari","twitter_card":"summary_large_image","twitter_misc":{"Written by":"Filantrop\u00eda Cort\u00e9s Solari","Est. reading time":"10 minutes"},"schema":{"@context":"https:\/\/schema.org","@graph":[{"@type":"Article","@id":"https:\/\/www.filantropiacortessolari.cl\/df-francisca-cortes-solari-necesitamos-que-la-empresa-haga-una-conversion-deje-de-emitir-y-busque-soluciones-mas-limpias\/#article","isPartOf":{"@id":"https:\/\/www.filantropiacortessolari.cl\/df-francisca-cortes-solari-necesitamos-que-la-empresa-haga-una-conversion-deje-de-emitir-y-busque-soluciones-mas-limpias\/"},"author":{"name":"Filantrop\u00eda Cort\u00e9s Solari","@id":"https:\/\/www.filantropiacortessolari.cl\/#\/schema\/person\/e099cf1046922f4f5892172332dc86c0"},"headline":"[DF] Francisca Cort\u00e9s Solari: \u201cNecesitamos que la empresa haga una conversi\u00f3n, deje de emitir y busque soluciones m\u00e1s limpias\u201d","datePublished":"2023-07-18T02:39:46+00:00","dateModified":"2023-07-21T16:36:33+00:00","mainEntityOfPage":{"@id":"https:\/\/www.filantropiacortessolari.cl\/df-francisca-cortes-solari-necesitamos-que-la-empresa-haga-una-conversion-deje-de-emitir-y-busque-soluciones-mas-limpias\/"},"wordCount":2288,"commentCount":0,"image":{"@id":"https:\/\/www.filantropiacortessolari.cl\/df-francisca-cortes-solari-necesitamos-que-la-empresa-haga-una-conversion-deje-de-emitir-y-busque-soluciones-mas-limpias\/#primaryimage"},"thumbnailUrl":"https:\/\/www.filantropiacortessolari.cl\/wp-content\/uploads\/2023\/07\/frn.jpg","articleSection":["Entrevistas","Noticias","Prensa Escrita","Prensa MERI"],"inLanguage":"en-US","potentialAction":[{"@type":"CommentAction","name":"Comment","target":["https:\/\/www.filantropiacortessolari.cl\/df-francisca-cortes-solari-necesitamos-que-la-empresa-haga-una-conversion-deje-de-emitir-y-busque-soluciones-mas-limpias\/#respond"]}]},{"@type":"WebPage","@id":"https:\/\/www.filantropiacortessolari.cl\/df-francisca-cortes-solari-necesitamos-que-la-empresa-haga-una-conversion-deje-de-emitir-y-busque-soluciones-mas-limpias\/","url":"https:\/\/www.filantropiacortessolari.cl\/df-francisca-cortes-solari-necesitamos-que-la-empresa-haga-una-conversion-deje-de-emitir-y-busque-soluciones-mas-limpias\/","name":"[DF] Francisca Cort\u00e9s Solari: \u201cNecesitamos que la empresa haga una conversi\u00f3n, deje de emitir y busque soluciones m\u00e1s limpias\u201d","isPartOf":{"@id":"https:\/\/www.filantropiacortessolari.cl\/#website"},"primaryImageOfPage":{"@id":"https:\/\/www.filantropiacortessolari.cl\/df-francisca-cortes-solari-necesitamos-que-la-empresa-haga-una-conversion-deje-de-emitir-y-busque-soluciones-mas-limpias\/#primaryimage"},"image":{"@id":"https:\/\/www.filantropiacortessolari.cl\/df-francisca-cortes-solari-necesitamos-que-la-empresa-haga-una-conversion-deje-de-emitir-y-busque-soluciones-mas-limpias\/#primaryimage"},"thumbnailUrl":"https:\/\/www.filantropiacortessolari.cl\/wp-content\/uploads\/2023\/07\/frn.jpg","datePublished":"2023-07-18T02:39:46+00:00","dateModified":"2023-07-21T16:36:33+00:00","author":{"@id":"https:\/\/www.filantropiacortessolari.cl\/#\/schema\/person\/e099cf1046922f4f5892172332dc86c0"},"breadcrumb":{"@id":"https:\/\/www.filantropiacortessolari.cl\/df-francisca-cortes-solari-necesitamos-que-la-empresa-haga-una-conversion-deje-de-emitir-y-busque-soluciones-mas-limpias\/#breadcrumb"},"inLanguage":"en-US","potentialAction":[{"@type":"ReadAction","target":["https:\/\/www.filantropiacortessolari.cl\/df-francisca-cortes-solari-necesitamos-que-la-empresa-haga-una-conversion-deje-de-emitir-y-busque-soluciones-mas-limpias\/"]}]},{"@type":"ImageObject","inLanguage":"en-US","@id":"https:\/\/www.filantropiacortessolari.cl\/df-francisca-cortes-solari-necesitamos-que-la-empresa-haga-una-conversion-deje-de-emitir-y-busque-soluciones-mas-limpias\/#primaryimage","url":"https:\/\/www.filantropiacortessolari.cl\/wp-content\/uploads\/2023\/07\/frn.jpg","contentUrl":"https:\/\/www.filantropiacortessolari.cl\/wp-content\/uploads\/2023\/07\/frn.jpg","width":1280,"height":853},{"@type":"BreadcrumbList","@id":"https:\/\/www.filantropiacortessolari.cl\/df-francisca-cortes-solari-necesitamos-que-la-empresa-haga-una-conversion-deje-de-emitir-y-busque-soluciones-mas-limpias\/#breadcrumb","itemListElement":[{"@type":"ListItem","position":1,"name":"Portada","item":"https:\/\/www.filantropiacortessolari.cl\/"},{"@type":"ListItem","position":2,"name":"[DF] Francisca Cort\u00e9s Solari: \u201cNecesitamos que la empresa haga una conversi\u00f3n, deje de emitir y busque soluciones m\u00e1s limpias\u201d"}]},{"@type":"WebSite","@id":"https:\/\/www.filantropiacortessolari.cl\/#website","url":"https:\/\/www.filantropiacortessolari.cl\/","name":"Filantrop\u00eda Cort\u00e9s Solari","description":"Sitio web Filantrop\u00eda Cort\u00e9s Solari","potentialAction":[{"@type":"SearchAction","target":{"@type":"EntryPoint","urlTemplate":"https:\/\/www.filantropiacortessolari.cl\/?s={search_term_string}"},"query-input":{"@type":"PropertyValueSpecification","valueRequired":true,"valueName":"search_term_string"}}],"inLanguage":"en-US"},{"@type":"Person","@id":"https:\/\/www.filantropiacortessolari.cl\/#\/schema\/person\/e099cf1046922f4f5892172332dc86c0","name":"Filantrop\u00eda Cort\u00e9s Solari","image":{"@type":"ImageObject","inLanguage":"en-US","@id":"https:\/\/secure.gravatar.com\/avatar\/9d17bfe24074ed7576e70cbeb8e010cdd7d01fae9f2047bd96cccbe629ec3c11?s=96&d=mm&r=g","url":"https:\/\/secure.gravatar.com\/avatar\/9d17bfe24074ed7576e70cbeb8e010cdd7d01fae9f2047bd96cccbe629ec3c11?s=96&d=mm&r=g","contentUrl":"https:\/\/secure.gravatar.com\/avatar\/9d17bfe24074ed7576e70cbeb8e010cdd7d01fae9f2047bd96cccbe629ec3c11?s=96&d=mm&r=g","caption":"Filantrop\u00eda Cort\u00e9s Solari"},"url":"https:\/\/www.filantropiacortessolari.cl\/en\/author\/filantropia-cortes-solari\/"}]}},"_links":{"self":[{"href":"https:\/\/www.filantropiacortessolari.cl\/en\/wp-json\/wp\/v2\/posts\/11469","targetHints":{"allow":["GET"]}}],"collection":[{"href":"https:\/\/www.filantropiacortessolari.cl\/en\/wp-json\/wp\/v2\/posts"}],"about":[{"href":"https:\/\/www.filantropiacortessolari.cl\/en\/wp-json\/wp\/v2\/types\/post"}],"author":[{"embeddable":true,"href":"https:\/\/www.filantropiacortessolari.cl\/en\/wp-json\/wp\/v2\/users\/1"}],"replies":[{"embeddable":true,"href":"https:\/\/www.filantropiacortessolari.cl\/en\/wp-json\/wp\/v2\/comments?post=11469"}],"version-history":[{"count":1,"href":"https:\/\/www.filantropiacortessolari.cl\/en\/wp-json\/wp\/v2\/posts\/11469\/revisions"}],"predecessor-version":[{"id":11470,"href":"https:\/\/www.filantropiacortessolari.cl\/en\/wp-json\/wp\/v2\/posts\/11469\/revisions\/11470"}],"wp:featuredmedia":[{"embeddable":true,"href":"https:\/\/www.filantropiacortessolari.cl\/en\/wp-json\/wp\/v2\/media\/11491"}],"wp:attachment":[{"href":"https:\/\/www.filantropiacortessolari.cl\/en\/wp-json\/wp\/v2\/media?parent=11469"}],"wp:term":[{"taxonomy":"category","embeddable":true,"href":"https:\/\/www.filantropiacortessolari.cl\/en\/wp-json\/wp\/v2\/categories?post=11469"},{"taxonomy":"post_tag","embeddable":true,"href":"https:\/\/www.filantropiacortessolari.cl\/en\/wp-json\/wp\/v2\/tags?post=11469"}],"curies":[{"name":"wp","href":"https:\/\/api.w.org\/{rel}","templated":true}]}}