{"id":11471,"date":"2023-07-11T12:06:10","date_gmt":"2023-07-11T15:06:10","guid":{"rendered":"https:\/\/www.filantropiacortessolari.cl\/?p=11471"},"modified":"2023-07-19T12:10:42","modified_gmt":"2023-07-19T15:10:42","slug":"ladera-sur-conferencia-novopangea-latam-unidos-por-la-accion-climatica-se-llevara-a-cabo-esta-semana-en-colombia","status":"publish","type":"post","link":"https:\/\/www.filantropiacortessolari.cl\/en\/ladera-sur-conferencia-novopangea-latam-unidos-por-la-accion-climatica-se-llevara-a-cabo-esta-semana-en-colombia\/","title":{"rendered":"[Ladera Sur] Conferencia \u00abNovoPangea Latam: Unidos por la Acci\u00f3n Clim\u00e1tica\u00bb, se llevar\u00e1 a cabo esta semana en Colombia"},"content":{"rendered":"<style type=\"text\/css\"><\/style><p>La instancia, organizada por Fundaci\u00f3n MERI -de Filantrop\u00eda Cort\u00e9s Solari- y el Ministerio de Medio Ambiente y Desarrollo Sostenible de Colombia, reunir\u00e1 en Bogot\u00e1 a representantes de ocho pa\u00edses de la regi\u00f3n con el objetivo de impulsar acuerdos relativos a la protecci\u00f3n de ecosistemas marinos y terrestres para la mitigaci\u00f3n del cambio clim\u00e1tico y protecci\u00f3n de la biodiversidad.<\/p>\n<p>Fundaci\u00f3n MERI, instituci\u00f3n chilena perteneciente a Filantrop\u00eda Cort\u00e9s Solari, organizar\u00e1 en conjunto con el Ministerio de Medio Ambiente y Desarrollo Sostenible de Colombia y el patrocinio del Grupo Intergubernamental de Expertos sobre el Cambio Clim\u00e1tico (IPCC por sus siglas en ingl\u00e9s), la\u00a0<strong>V Conferencia Regional sobre los reportes del IPCC y el Cambio Clim\u00e1tico, NovoPangea Latam: Unidos por la Acci\u00f3n Clim\u00e1tica.<\/strong><\/p>\n<p>El evento, que tendr\u00e1 lugar los d\u00edas 12, 13 y 14 de julio en Bogot\u00e1, Colombia, tiene como objetivo <strong>impulsar acuerdos relativos a la protecci\u00f3n de ecosistemas marinos y terrestres para la mitigaci\u00f3n del cambio clim\u00e1tico y la protecci\u00f3n de la biodiversidad entre los pa\u00edses de Am\u00e9rica Latina<\/strong>, para as\u00ed <strong>avanzar en una agenda regional consensuada, de m\u00ednimos comunes, con miras a la futura COP30.<\/strong><\/p>\n<p>\u201cEl 2025 marcar\u00e1 un punto de inflexi\u00f3n en la protecci\u00f3n de los oc\u00e9anos, ya que quedar\u00e1n tan s\u00f3lo cinco a\u00f1os para alcanzar el cumplimiento de las metas 2030. Este hito tendr\u00e1 lugar durante la COP 30, la cual se desarrollar\u00e1 en la regi\u00f3n de Am\u00e9rica Latina y el Caribe, por lo que se espera que se evaluar\u00e1 a\u00fan con m\u00e1s precisi\u00f3n los avances llevados a cabo por los pa\u00edses miembros en esta materia\u201d, explica la gerente general de FCS, Patricia Morales.<\/p>\n<figure class=\"wp-block-image size-full\"><a href=\"https:\/\/i0.wp.com\/laderasur.com\/wp-content\/uploads\/2023\/07\/deepocean-1-1.jpg?ssl=1\" data-lbwps-width=\"2400\" data-lbwps-height=\"1350\" data-lbwps-srcsmall=\"https:\/\/laderasur.com\/wp-content\/uploads\/2023\/07\/deepocean-1-1.jpg\"><img loading=\"lazy\" decoding=\"async\" class=\"wp-image-99716\" src=\"https:\/\/i0.wp.com\/laderasur.com\/wp-content\/uploads\/2023\/07\/deepocean-1-1.jpg?resize=2400%2C1350&amp;ssl=1\" alt=\"Conferencia oceanos\" width=\"2400\" height=\"1350\" data-recalc-dims=\"1\" \/><\/a><figcaption class=\"wp-element-caption\">Conferencia oceanos<\/figcaption><\/figure>\n<p>Agrega que, si bien la regi\u00f3n negocia de manera conjunta en gran parte de las reuniones internacionales bajo el alero del Grupo Am\u00e9rica Latina y el Caribe (Grulac), lo cierto es que gran parte de las negociaciones de cambio clim\u00e1tico se encuentran fragmentadas entre grupos de pa\u00edses.<\/p>\n<p>\u201cEsta estructura, en donde pa\u00edses se agrupan seg\u00fan geograf\u00edas e inter\u00e9s, ha permitido que las negociaciones clim\u00e1ticas avancen, aunque tambi\u00e9n le ha quitado a la regi\u00f3n el poder de pronunciarse como un bloque entero, de cara a las otras regiones del mundo\u201d, afirma.<\/p>\n<p><strong>El primer d\u00eda, 12 de julio<\/strong>, el foco de NovoPangea estar\u00e1 puesto en abordar los resultados de los informes cient\u00edficos entregados por el IPCC para Am\u00e9rica Latina y el Caribe, a trav\u00e9s de exposiciones de sus autoras y autores en un panel de discusi\u00f3n de cierre de las actividades del d\u00eda.<\/p>\n<p><strong>El jueves 13<\/strong>\u00a0se llevar\u00e1 a cabo la\u00a0<strong>primera sesi\u00f3n de las mesas de trabajo intergubernamentales para la acci\u00f3n clim\u00e1tica a nivel regional,\u00a0<\/strong>con el objetivo de lograr m\u00ednimos comunes para la protecci\u00f3n de ecosistemas marinos y terrestres entre los pa\u00edses de Am\u00e9rica Latina y el Caribe. Esto se realizar\u00e1 incluyendo la visi\u00f3n del sector p\u00fablico, privado y sociedad civil, que podr\u00e1 plasmarse en los foros multilaterales en los cuales participa la regi\u00f3n.<\/p>\n<p>Las primeras conclusiones de las mesas de trabajo se dar\u00e1n a conocer mediante una conferencia de prensa, a realizarse ese mismo d\u00eda, en la cual se detallar\u00e1n los desaf\u00edos y acuerdos regionales m\u00ednimos y comunes hacia los cuales deber\u00eda avanzar la regi\u00f3n en materia de ecosistemas marinos y terrestres, en v\u00edspera de la COP 30.<\/p>\n<p>La conferencia y en particular las <strong>mesas de trabajo contar\u00e1n con la presencia de altos representantes de los gobiernos de Colombia, Chile, Argentina, Costa Rica, Ecuador, M\u00e9xico, Panam\u00e1 y Per\u00fa.\u00a0<\/strong><\/p>\n<p><strong>Entre los participantes del 13 de julio,\u00a0<\/strong>destacan\u00a0<strong>Susana Muhamad<\/strong>, ministra de Ambiente y Desarrollo Sostenible de Colombia;\u00a0<strong>Thelma Krug<\/strong>, vicepresidenta del IPCC;\u00a0<strong>Francisca Cort\u00e9s Solari<\/strong>, presidenta ejecutiva de Filantrop\u00eda Cort\u00e9s Solari y Fundaci\u00f3n MERI;\u00a0\u00a0<strong>Cecilia Nicolini<\/strong>, secretaria de Cambio Clim\u00e1tico, Desarrollo Sostenible e Innovaci\u00f3n de Argentina;\u00a0<strong>Razan Al Mubarak<\/strong>, presidenta de la Uni\u00f3n Internacional para la Conservaci\u00f3n de la Naturaleza-IUCN y Champion de la COP 28; y\u00a0<strong>Gabriel Quijandr\u00eda<\/strong>, director regional para Sudam\u00e9rica de la Uni\u00f3n Internacional para la Conservaci\u00f3n de la Naturaleza-IUCN y exministro de Medio Ambiente de Per\u00fa.<\/p>\n<p><strong>El 14 de julio<\/strong>, se pondr\u00e1 de relieve a las organizaciones de la sociedad civil, que expondr\u00e1n acerca de las diferentes iniciativas del sector para la acci\u00f3n clim\u00e1tica efectiva.<\/p>\n<p>Fuente: <a href=\"https:\/\/laderasur.com\/articulo\/conferencia-novopangea-latam-unidos-por-la-accion-climatica-se-llevara-a-cabo-esta-semana-en-colombia\/\" target=\"_blank\" rel=\"noopener\">Ladera Sur<\/a><\/p>\n","protected":false},"excerpt":{"rendered":"<p>La instancia, organizada por Fundaci\u00f3n MERI -de Filantrop\u00eda Cort\u00e9s Solari- y el Ministerio de Medio Ambiente y Desarrollo Sostenible de Colombia, reunir\u00e1 en Bogot\u00e1 a representantes de ocho pa\u00edses de la regi\u00f3n con el objetivo de impulsar acuerdos relativos a la protecci\u00f3n de ecosistemas marinos y terrestres para la mitigaci\u00f3n del cambio clim\u00e1tico y protecci\u00f3n&#8230;<\/p>\n","protected":false},"author":1,"featured_media":11472,"comment_status":"open","ping_status":"open","sticky":false,"template":"","format":"standard","meta":{"footnotes":""},"categories":[60,31,5,6],"tags":[],"class_list":["post-11471","post","type-post","status-publish","format-standard","has-post-thumbnail","hentry","category-cambio-climatico","category-noticias","category-prensa-escrita","category-fundacion-meri"],"translation":{"provider":"WPGlobus","version":"3.0.2","language":"en","enabled_languages":["es","en"],"languages":{"es":{"title":true,"content":true,"excerpt":false},"en":{"title":false,"content":false,"excerpt":false}}},"yoast_head":"<!-- This site is optimized with the Yoast SEO plugin v27.4 - https:\/\/yoast.com\/product\/yoast-seo-wordpress\/ -->\n<title>[Ladera Sur] Conferencia \u00abNovoPangea Latam: Unidos por la Acci\u00f3n Clim\u00e1tica\u00bb, se llevar\u00e1 a cabo esta semana en Colombia<\/title>\n<meta name=\"robots\" content=\"index, follow, max-snippet:-1, max-image-preview:large, max-video-preview:-1\" \/>\n<link rel=\"canonical\" href=\"https:\/\/www.filantropiacortessolari.cl\/ladera-sur-conferencia-novopangea-latam-unidos-por-la-accion-climatica-se-llevara-a-cabo-esta-semana-en-colombia\/\" \/>\n<meta property=\"og:locale\" content=\"en_US\" \/>\n<meta property=\"og:type\" content=\"article\" \/>\n<meta property=\"og:title\" content=\"[Ladera Sur] Conferencia \u00abNovoPangea Latam: Unidos por la Acci\u00f3n Clim\u00e1tica\u00bb, se llevar\u00e1 a cabo esta semana en Colombia\" \/>\n<meta property=\"og:url\" content=\"https:\/\/www.filantropiacortessolari.cl\/ladera-sur-conferencia-novopangea-latam-unidos-por-la-accion-climatica-se-llevara-a-cabo-esta-semana-en-colombia\/\" \/>\n<meta property=\"og:site_name\" content=\"Filantrop\u00eda Cort\u00e9s Solari\" \/>\n<meta property=\"article:published_time\" content=\"2023-07-11T15:06:10+00:00\" \/>\n<meta property=\"article:modified_time\" content=\"2023-07-19T15:10:42+00:00\" \/>\n<meta property=\"og:image\" content=\"https:\/\/www.filantropiacortessolari.cl\/wp-content\/uploads\/2023\/07\/01.jpg\" \/>\n\t<meta property=\"og:image:width\" content=\"1280\" \/>\n\t<meta property=\"og:image:height\" content=\"853\" \/>\n\t<meta property=\"og:image:type\" content=\"image\/jpeg\" \/>\n<meta name=\"author\" content=\"Filantrop\u00eda Cort\u00e9s Solari\" \/>\n<meta name=\"twitter:card\" content=\"summary_large_image\" \/>\n<meta name=\"twitter:label1\" content=\"Written by\" \/>\n\t<meta name=\"twitter:data1\" content=\"Filantrop\u00eda Cort\u00e9s Solari\" \/>\n\t<meta name=\"twitter:label2\" content=\"Est. reading time\" \/>\n\t<meta name=\"twitter:data2\" content=\"4 minutes\" \/>\n<script type=\"application\/ld+json\" class=\"yoast-schema-graph\">{\"@context\":\"https:\\\/\\\/schema.org\",\"@graph\":[{\"@type\":\"Article\",\"@id\":\"https:\\\/\\\/www.filantropiacortessolari.cl\\\/ladera-sur-conferencia-novopangea-latam-unidos-por-la-accion-climatica-se-llevara-a-cabo-esta-semana-en-colombia\\\/#article\",\"isPartOf\":{\"@id\":\"https:\\\/\\\/www.filantropiacortessolari.cl\\\/ladera-sur-conferencia-novopangea-latam-unidos-por-la-accion-climatica-se-llevara-a-cabo-esta-semana-en-colombia\\\/\"},\"author\":{\"name\":\"Filantrop\u00eda Cort\u00e9s Solari\",\"@id\":\"https:\\\/\\\/www.filantropiacortessolari.cl\\\/#\\\/schema\\\/person\\\/e099cf1046922f4f5892172332dc86c0\"},\"headline\":\"[Ladera Sur] Conferencia \u00abNovoPangea Latam: Unidos por la Acci\u00f3n Clim\u00e1tica\u00bb, se llevar\u00e1 a cabo esta semana en Colombia\",\"datePublished\":\"2023-07-11T15:06:10+00:00\",\"dateModified\":\"2023-07-19T15:10:42+00:00\",\"mainEntityOfPage\":{\"@id\":\"https:\\\/\\\/www.filantropiacortessolari.cl\\\/ladera-sur-conferencia-novopangea-latam-unidos-por-la-accion-climatica-se-llevara-a-cabo-esta-semana-en-colombia\\\/\"},\"wordCount\":787,\"commentCount\":0,\"image\":{\"@id\":\"https:\\\/\\\/www.filantropiacortessolari.cl\\\/ladera-sur-conferencia-novopangea-latam-unidos-por-la-accion-climatica-se-llevara-a-cabo-esta-semana-en-colombia\\\/#primaryimage\"},\"thumbnailUrl\":\"https:\\\/\\\/www.filantropiacortessolari.cl\\\/wp-content\\\/uploads\\\/2023\\\/07\\\/01.jpg\",\"articleSection\":[\"Cambio Clim\u00e1tico\",\"Noticias\",\"Prensa Escrita\",\"Prensa MERI\"],\"inLanguage\":\"en-US\",\"potentialAction\":[{\"@type\":\"CommentAction\",\"name\":\"Comment\",\"target\":[\"https:\\\/\\\/www.filantropiacortessolari.cl\\\/ladera-sur-conferencia-novopangea-latam-unidos-por-la-accion-climatica-se-llevara-a-cabo-esta-semana-en-colombia\\\/#respond\"]}]},{\"@type\":\"WebPage\",\"@id\":\"https:\\\/\\\/www.filantropiacortessolari.cl\\\/ladera-sur-conferencia-novopangea-latam-unidos-por-la-accion-climatica-se-llevara-a-cabo-esta-semana-en-colombia\\\/\",\"url\":\"https:\\\/\\\/www.filantropiacortessolari.cl\\\/ladera-sur-conferencia-novopangea-latam-unidos-por-la-accion-climatica-se-llevara-a-cabo-esta-semana-en-colombia\\\/\",\"name\":\"[Ladera Sur] Conferencia \u00abNovoPangea Latam: Unidos por la Acci\u00f3n Clim\u00e1tica\u00bb, se llevar\u00e1 a cabo esta semana en Colombia\",\"isPartOf\":{\"@id\":\"https:\\\/\\\/www.filantropiacortessolari.cl\\\/#website\"},\"primaryImageOfPage\":{\"@id\":\"https:\\\/\\\/www.filantropiacortessolari.cl\\\/ladera-sur-conferencia-novopangea-latam-unidos-por-la-accion-climatica-se-llevara-a-cabo-esta-semana-en-colombia\\\/#primaryimage\"},\"image\":{\"@id\":\"https:\\\/\\\/www.filantropiacortessolari.cl\\\/ladera-sur-conferencia-novopangea-latam-unidos-por-la-accion-climatica-se-llevara-a-cabo-esta-semana-en-colombia\\\/#primaryimage\"},\"thumbnailUrl\":\"https:\\\/\\\/www.filantropiacortessolari.cl\\\/wp-content\\\/uploads\\\/2023\\\/07\\\/01.jpg\",\"datePublished\":\"2023-07-11T15:06:10+00:00\",\"dateModified\":\"2023-07-19T15:10:42+00:00\",\"author\":{\"@id\":\"https:\\\/\\\/www.filantropiacortessolari.cl\\\/#\\\/schema\\\/person\\\/e099cf1046922f4f5892172332dc86c0\"},\"breadcrumb\":{\"@id\":\"https:\\\/\\\/www.filantropiacortessolari.cl\\\/ladera-sur-conferencia-novopangea-latam-unidos-por-la-accion-climatica-se-llevara-a-cabo-esta-semana-en-colombia\\\/#breadcrumb\"},\"inLanguage\":\"en-US\",\"potentialAction\":[{\"@type\":\"ReadAction\",\"target\":[\"https:\\\/\\\/www.filantropiacortessolari.cl\\\/ladera-sur-conferencia-novopangea-latam-unidos-por-la-accion-climatica-se-llevara-a-cabo-esta-semana-en-colombia\\\/\"]}]},{\"@type\":\"ImageObject\",\"inLanguage\":\"en-US\",\"@id\":\"https:\\\/\\\/www.filantropiacortessolari.cl\\\/ladera-sur-conferencia-novopangea-latam-unidos-por-la-accion-climatica-se-llevara-a-cabo-esta-semana-en-colombia\\\/#primaryimage\",\"url\":\"https:\\\/\\\/www.filantropiacortessolari.cl\\\/wp-content\\\/uploads\\\/2023\\\/07\\\/01.jpg\",\"contentUrl\":\"https:\\\/\\\/www.filantropiacortessolari.cl\\\/wp-content\\\/uploads\\\/2023\\\/07\\\/01.jpg\",\"width\":1280,\"height\":853},{\"@type\":\"BreadcrumbList\",\"@id\":\"https:\\\/\\\/www.filantropiacortessolari.cl\\\/ladera-sur-conferencia-novopangea-latam-unidos-por-la-accion-climatica-se-llevara-a-cabo-esta-semana-en-colombia\\\/#breadcrumb\",\"itemListElement\":[{\"@type\":\"ListItem\",\"position\":1,\"name\":\"Portada\",\"item\":\"https:\\\/\\\/www.filantropiacortessolari.cl\\\/\"},{\"@type\":\"ListItem\",\"position\":2,\"name\":\"[Ladera Sur] Conferencia \u00abNovoPangea Latam: Unidos por la Acci\u00f3n Clim\u00e1tica\u00bb, se llevar\u00e1 a cabo esta semana en Colombia\"}]},{\"@type\":\"WebSite\",\"@id\":\"https:\\\/\\\/www.filantropiacortessolari.cl\\\/#website\",\"url\":\"https:\\\/\\\/www.filantropiacortessolari.cl\\\/\",\"name\":\"Filantrop\u00eda Cort\u00e9s Solari\",\"description\":\"Sitio web Filantrop\u00eda Cort\u00e9s Solari\",\"potentialAction\":[{\"@type\":\"SearchAction\",\"target\":{\"@type\":\"EntryPoint\",\"urlTemplate\":\"https:\\\/\\\/www.filantropiacortessolari.cl\\\/?s={search_term_string}\"},\"query-input\":{\"@type\":\"PropertyValueSpecification\",\"valueRequired\":true,\"valueName\":\"search_term_string\"}}],\"inLanguage\":\"en-US\"},{\"@type\":\"Person\",\"@id\":\"https:\\\/\\\/www.filantropiacortessolari.cl\\\/#\\\/schema\\\/person\\\/e099cf1046922f4f5892172332dc86c0\",\"name\":\"Filantrop\u00eda Cort\u00e9s Solari\",\"image\":{\"@type\":\"ImageObject\",\"inLanguage\":\"en-US\",\"@id\":\"https:\\\/\\\/secure.gravatar.com\\\/avatar\\\/9d17bfe24074ed7576e70cbeb8e010cdd7d01fae9f2047bd96cccbe629ec3c11?s=96&d=mm&r=g\",\"url\":\"https:\\\/\\\/secure.gravatar.com\\\/avatar\\\/9d17bfe24074ed7576e70cbeb8e010cdd7d01fae9f2047bd96cccbe629ec3c11?s=96&d=mm&r=g\",\"contentUrl\":\"https:\\\/\\\/secure.gravatar.com\\\/avatar\\\/9d17bfe24074ed7576e70cbeb8e010cdd7d01fae9f2047bd96cccbe629ec3c11?s=96&d=mm&r=g\",\"caption\":\"Filantrop\u00eda Cort\u00e9s Solari\"},\"url\":\"https:\\\/\\\/www.filantropiacortessolari.cl\\\/en\\\/author\\\/filantropia-cortes-solari\\\/\"}]}<\/script>\n<!-- \/ Yoast SEO plugin. -->","yoast_head_json":{"title":"[Ladera Sur] Conferencia \u00abNovoPangea Latam: Unidos por la Acci\u00f3n Clim\u00e1tica\u00bb, se llevar\u00e1 a cabo esta semana en Colombia","robots":{"index":"index","follow":"follow","max-snippet":"max-snippet:-1","max-image-preview":"max-image-preview:large","max-video-preview":"max-video-preview:-1"},"canonical":"https:\/\/www.filantropiacortessolari.cl\/ladera-sur-conferencia-novopangea-latam-unidos-por-la-accion-climatica-se-llevara-a-cabo-esta-semana-en-colombia\/","og_locale":"en_US","og_type":"article","og_title":"[Ladera Sur] Conferencia \u00abNovoPangea Latam: Unidos por la Acci\u00f3n Clim\u00e1tica\u00bb, se llevar\u00e1 a cabo esta semana en Colombia","og_url":"https:\/\/www.filantropiacortessolari.cl\/ladera-sur-conferencia-novopangea-latam-unidos-por-la-accion-climatica-se-llevara-a-cabo-esta-semana-en-colombia\/","og_site_name":"Filantrop\u00eda Cort\u00e9s Solari","article_published_time":"2023-07-11T15:06:10+00:00","article_modified_time":"2023-07-19T15:10:42+00:00","og_image":[{"width":1280,"height":853,"url":"https:\/\/www.filantropiacortessolari.cl\/wp-content\/uploads\/2023\/07\/01.jpg","type":"image\/jpeg"}],"author":"Filantrop\u00eda Cort\u00e9s Solari","twitter_card":"summary_large_image","twitter_misc":{"Written by":"Filantrop\u00eda Cort\u00e9s Solari","Est. reading time":"4 minutes"},"schema":{"@context":"https:\/\/schema.org","@graph":[{"@type":"Article","@id":"https:\/\/www.filantropiacortessolari.cl\/ladera-sur-conferencia-novopangea-latam-unidos-por-la-accion-climatica-se-llevara-a-cabo-esta-semana-en-colombia\/#article","isPartOf":{"@id":"https:\/\/www.filantropiacortessolari.cl\/ladera-sur-conferencia-novopangea-latam-unidos-por-la-accion-climatica-se-llevara-a-cabo-esta-semana-en-colombia\/"},"author":{"name":"Filantrop\u00eda Cort\u00e9s Solari","@id":"https:\/\/www.filantropiacortessolari.cl\/#\/schema\/person\/e099cf1046922f4f5892172332dc86c0"},"headline":"[Ladera Sur] Conferencia \u00abNovoPangea Latam: Unidos por la Acci\u00f3n Clim\u00e1tica\u00bb, se llevar\u00e1 a cabo esta semana en Colombia","datePublished":"2023-07-11T15:06:10+00:00","dateModified":"2023-07-19T15:10:42+00:00","mainEntityOfPage":{"@id":"https:\/\/www.filantropiacortessolari.cl\/ladera-sur-conferencia-novopangea-latam-unidos-por-la-accion-climatica-se-llevara-a-cabo-esta-semana-en-colombia\/"},"wordCount":787,"commentCount":0,"image":{"@id":"https:\/\/www.filantropiacortessolari.cl\/ladera-sur-conferencia-novopangea-latam-unidos-por-la-accion-climatica-se-llevara-a-cabo-esta-semana-en-colombia\/#primaryimage"},"thumbnailUrl":"https:\/\/www.filantropiacortessolari.cl\/wp-content\/uploads\/2023\/07\/01.jpg","articleSection":["Cambio Clim\u00e1tico","Noticias","Prensa Escrita","Prensa MERI"],"inLanguage":"en-US","potentialAction":[{"@type":"CommentAction","name":"Comment","target":["https:\/\/www.filantropiacortessolari.cl\/ladera-sur-conferencia-novopangea-latam-unidos-por-la-accion-climatica-se-llevara-a-cabo-esta-semana-en-colombia\/#respond"]}]},{"@type":"WebPage","@id":"https:\/\/www.filantropiacortessolari.cl\/ladera-sur-conferencia-novopangea-latam-unidos-por-la-accion-climatica-se-llevara-a-cabo-esta-semana-en-colombia\/","url":"https:\/\/www.filantropiacortessolari.cl\/ladera-sur-conferencia-novopangea-latam-unidos-por-la-accion-climatica-se-llevara-a-cabo-esta-semana-en-colombia\/","name":"[Ladera Sur] Conferencia \u00abNovoPangea Latam: Unidos por la Acci\u00f3n Clim\u00e1tica\u00bb, se llevar\u00e1 a cabo esta semana en Colombia","isPartOf":{"@id":"https:\/\/www.filantropiacortessolari.cl\/#website"},"primaryImageOfPage":{"@id":"https:\/\/www.filantropiacortessolari.cl\/ladera-sur-conferencia-novopangea-latam-unidos-por-la-accion-climatica-se-llevara-a-cabo-esta-semana-en-colombia\/#primaryimage"},"image":{"@id":"https:\/\/www.filantropiacortessolari.cl\/ladera-sur-conferencia-novopangea-latam-unidos-por-la-accion-climatica-se-llevara-a-cabo-esta-semana-en-colombia\/#primaryimage"},"thumbnailUrl":"https:\/\/www.filantropiacortessolari.cl\/wp-content\/uploads\/2023\/07\/01.jpg","datePublished":"2023-07-11T15:06:10+00:00","dateModified":"2023-07-19T15:10:42+00:00","author":{"@id":"https:\/\/www.filantropiacortessolari.cl\/#\/schema\/person\/e099cf1046922f4f5892172332dc86c0"},"breadcrumb":{"@id":"https:\/\/www.filantropiacortessolari.cl\/ladera-sur-conferencia-novopangea-latam-unidos-por-la-accion-climatica-se-llevara-a-cabo-esta-semana-en-colombia\/#breadcrumb"},"inLanguage":"en-US","potentialAction":[{"@type":"ReadAction","target":["https:\/\/www.filantropiacortessolari.cl\/ladera-sur-conferencia-novopangea-latam-unidos-por-la-accion-climatica-se-llevara-a-cabo-esta-semana-en-colombia\/"]}]},{"@type":"ImageObject","inLanguage":"en-US","@id":"https:\/\/www.filantropiacortessolari.cl\/ladera-sur-conferencia-novopangea-latam-unidos-por-la-accion-climatica-se-llevara-a-cabo-esta-semana-en-colombia\/#primaryimage","url":"https:\/\/www.filantropiacortessolari.cl\/wp-content\/uploads\/2023\/07\/01.jpg","contentUrl":"https:\/\/www.filantropiacortessolari.cl\/wp-content\/uploads\/2023\/07\/01.jpg","width":1280,"height":853},{"@type":"BreadcrumbList","@id":"https:\/\/www.filantropiacortessolari.cl\/ladera-sur-conferencia-novopangea-latam-unidos-por-la-accion-climatica-se-llevara-a-cabo-esta-semana-en-colombia\/#breadcrumb","itemListElement":[{"@type":"ListItem","position":1,"name":"Portada","item":"https:\/\/www.filantropiacortessolari.cl\/"},{"@type":"ListItem","position":2,"name":"[Ladera Sur] Conferencia \u00abNovoPangea Latam: Unidos por la Acci\u00f3n Clim\u00e1tica\u00bb, se llevar\u00e1 a cabo esta semana en Colombia"}]},{"@type":"WebSite","@id":"https:\/\/www.filantropiacortessolari.cl\/#website","url":"https:\/\/www.filantropiacortessolari.cl\/","name":"Filantrop\u00eda Cort\u00e9s Solari","description":"Sitio web Filantrop\u00eda Cort\u00e9s Solari","potentialAction":[{"@type":"SearchAction","target":{"@type":"EntryPoint","urlTemplate":"https:\/\/www.filantropiacortessolari.cl\/?s={search_term_string}"},"query-input":{"@type":"PropertyValueSpecification","valueRequired":true,"valueName":"search_term_string"}}],"inLanguage":"en-US"},{"@type":"Person","@id":"https:\/\/www.filantropiacortessolari.cl\/#\/schema\/person\/e099cf1046922f4f5892172332dc86c0","name":"Filantrop\u00eda Cort\u00e9s Solari","image":{"@type":"ImageObject","inLanguage":"en-US","@id":"https:\/\/secure.gravatar.com\/avatar\/9d17bfe24074ed7576e70cbeb8e010cdd7d01fae9f2047bd96cccbe629ec3c11?s=96&d=mm&r=g","url":"https:\/\/secure.gravatar.com\/avatar\/9d17bfe24074ed7576e70cbeb8e010cdd7d01fae9f2047bd96cccbe629ec3c11?s=96&d=mm&r=g","contentUrl":"https:\/\/secure.gravatar.com\/avatar\/9d17bfe24074ed7576e70cbeb8e010cdd7d01fae9f2047bd96cccbe629ec3c11?s=96&d=mm&r=g","caption":"Filantrop\u00eda Cort\u00e9s Solari"},"url":"https:\/\/www.filantropiacortessolari.cl\/en\/author\/filantropia-cortes-solari\/"}]}},"_links":{"self":[{"href":"https:\/\/www.filantropiacortessolari.cl\/en\/wp-json\/wp\/v2\/posts\/11471","targetHints":{"allow":["GET"]}}],"collection":[{"href":"https:\/\/www.filantropiacortessolari.cl\/en\/wp-json\/wp\/v2\/posts"}],"about":[{"href":"https:\/\/www.filantropiacortessolari.cl\/en\/wp-json\/wp\/v2\/types\/post"}],"author":[{"embeddable":true,"href":"https:\/\/www.filantropiacortessolari.cl\/en\/wp-json\/wp\/v2\/users\/1"}],"replies":[{"embeddable":true,"href":"https:\/\/www.filantropiacortessolari.cl\/en\/wp-json\/wp\/v2\/comments?post=11471"}],"version-history":[{"count":1,"href":"https:\/\/www.filantropiacortessolari.cl\/en\/wp-json\/wp\/v2\/posts\/11471\/revisions"}],"predecessor-version":[{"id":11473,"href":"https:\/\/www.filantropiacortessolari.cl\/en\/wp-json\/wp\/v2\/posts\/11471\/revisions\/11473"}],"wp:featuredmedia":[{"embeddable":true,"href":"https:\/\/www.filantropiacortessolari.cl\/en\/wp-json\/wp\/v2\/media\/11472"}],"wp:attachment":[{"href":"https:\/\/www.filantropiacortessolari.cl\/en\/wp-json\/wp\/v2\/media?parent=11471"}],"wp:term":[{"taxonomy":"category","embeddable":true,"href":"https:\/\/www.filantropiacortessolari.cl\/en\/wp-json\/wp\/v2\/categories?post=11471"},{"taxonomy":"post_tag","embeddable":true,"href":"https:\/\/www.filantropiacortessolari.cl\/en\/wp-json\/wp\/v2\/tags?post=11471"}],"curies":[{"name":"wp","href":"https:\/\/api.w.org\/{rel}","templated":true}]}}