{"id":11475,"date":"2023-07-12T12:25:48","date_gmt":"2023-07-12T15:25:48","guid":{"rendered":"https:\/\/www.filantropiacortessolari.cl\/?p=11475"},"modified":"2023-07-19T13:15:12","modified_gmt":"2023-07-19T16:15:12","slug":"blu-radio-cuales-son-los-efectos-del-calentamiento-en-colombia-segun-la-ipcc","status":"publish","type":"post","link":"https:\/\/www.filantropiacortessolari.cl\/en\/blu-radio-cuales-son-los-efectos-del-calentamiento-en-colombia-segun-la-ipcc\/","title":{"rendered":"[Blu Radio] Cu\u00e1les son los efectos del calentamiento en Colombia, seg\u00fan la IPCC"},"content":{"rendered":"<style type=\"text\/css\"><\/style><p>En el informe presentado por el panel del Grupo Intergubernamental de Expertos sobre el Cambio Clim\u00e1tico (IPCC), se dieron a conocer los escenarios que Am\u00e9rica Latina podr\u00eda enfrentar como consecuencia de los efectos del cambio clim\u00e1tico, incluyendo tambi\u00e9n a Colombia, debido al fen\u00f3meno del efecto invernadero.<\/p>\n<p>El grupo de expertos asegur\u00f3 que el aumento de la temperatura multiplica las amenazas y los riesgos, lo que resulta en mayores p\u00e9rdidas y da\u00f1os, como la disminuci\u00f3n del agua y la producci\u00f3n agr\u00edcola, entre otros efectos.<\/p>\n<p>Por ejemplo<b>, cuando las temperaturas aumentan y las condiciones se vuelven m\u00e1s h\u00famedas, los mosquitos que transmiten enfermedades como el dengue y la malaria pueden tener ciclos de vida m\u00e1s eficientes,\u00a0<\/b>lo que aumenta la propagaci\u00f3n y los contagios de estas enfermedades. Esto es algo que ha sido analizado desde la evidencia cient\u00edfica, incluso en Colombia, donde durante fen\u00f3menos como El Ni\u00f1o, los casos de este tipo de enfermedades aumentan.<\/p>\n<p>Se sabe, adem\u00e1s, que<b>\u00a0la salud se ve afectada por altas temperaturas, especialmente en \u00e1reas donde hay poca ventilaci\u00f3n o falta de agua potable.\u00a0<\/b>Los efectos negativos se observan principalmente en adultos mayores, mujeres embarazadas y en la salud de la gestaci\u00f3n, lo cual tiene impactos negativos en los beb\u00e9s. Asimismo, se menciona que la salud mental tambi\u00e9n se ve afectada por el cambio clim\u00e1tico.<\/p>\n<p><b>Los ecosistemas marinos tambi\u00e9n pueden verse afectados debido al aumento del nivel del agua en los mares,<\/b>\u00a0entre otros factores. Por lo tanto, se hace un llamado a los colombianos y a todo el planeta para realizar transiciones energ\u00e9ticas hacia fuentes limpias, pero sin afectar la econom\u00eda.<\/p>\n<p>La<b>\u00a0investigadora colombiana para el IPCC, Paola Arias, destac\u00f3 que no se puede pedir la misma transici\u00f3n energ\u00e9tica para todos los pa\u00edses:<\/b>\u00a0&#8220;No es lo mismo pedir la transici\u00f3n energ\u00e9tica de un pa\u00eds como Colombia, por ejemplo, a pedirla en un pa\u00eds como Estados Unidos. Esos tiempos de transici\u00f3n, de hecho, lo que dice el reporte del IPCC es que hay econom\u00edas que necesitan una reducci\u00f3n abrupta en este momento\u201d.<\/p>\n<p>Durante la presentaci\u00f3n del informe,<b>\u00a0la ministra de Ambiente, Susana Muhamad, advirti\u00f3 sobre la falta de informaci\u00f3n disponible sobre el clima en Am\u00e9rica Latina.\u00a0<\/b>Por esta raz\u00f3n, propuso la idea de llevar a cabo un proyecto latinoamericano de monitoreo del clima en la reuni\u00f3n de ministros de medio ambiente de la regi\u00f3n que se celebrar\u00e1 en Brasil en octubre.<\/p>\n<p>Adem\u00e1s,<b>\u00a0resalt\u00f3 la importancia de la transici\u00f3n energ\u00e9tica en el pa\u00eds, pese a la dependencia de combustibles f\u00f3siles.\u00a0<\/b>\u201cUn pa\u00eds como Colombia, dependiente de la exportaci\u00f3n de carb\u00f3n y de petr\u00f3leo, tiene que hacer la transici\u00f3n energ\u00e9tica en l\u00f3gica de cambiar el balance comercial y su dependencia econ\u00f3mica del carb\u00f3n y el petr\u00f3leo. No solo es una responsabilidad de la emisi\u00f3n, sino un problema econ\u00f3mico para nosotros y yo creo que es clave\u201d, mencion\u00f3 Muhamad.<\/p>\n<p>Fuente: <a href=\"https:\/\/www.bluradio.com\/medio-ambiente\/cuales-son-los-efectos-del-calentamiento-en-colombia-segun-la-ipcc-rg10\" target=\"_blank\" rel=\"noopener\">Blu Radio<\/a><\/p>\n","protected":false},"excerpt":{"rendered":"<p>En el informe presentado por el panel del Grupo Intergubernamental de Expertos sobre el Cambio Clim\u00e1tico (IPCC), se dieron a conocer los escenarios que Am\u00e9rica Latina podr\u00eda enfrentar como consecuencia de los efectos del cambio clim\u00e1tico, incluyendo tambi\u00e9n a Colombia, debido al fen\u00f3meno del efecto invernadero. El grupo de expertos asegur\u00f3 que el aumento de&#8230;<\/p>\n","protected":false},"author":1,"featured_media":11476,"comment_status":"open","ping_status":"open","sticky":false,"template":"","format":"standard","meta":{"footnotes":""},"categories":[31,5,6],"tags":[],"class_list":["post-11475","post","type-post","status-publish","format-standard","has-post-thumbnail","hentry","category-noticias","category-prensa-escrita","category-fundacion-meri"],"translation":{"provider":"WPGlobus","version":"3.0.2","language":"en","enabled_languages":["es","en"],"languages":{"es":{"title":true,"content":true,"excerpt":false},"en":{"title":false,"content":false,"excerpt":false}}},"yoast_head":"<!-- This site is optimized with the Yoast SEO plugin v27.4 - https:\/\/yoast.com\/product\/yoast-seo-wordpress\/ -->\n<title>[Blu Radio] Cu\u00e1les son los efectos del calentamiento en Colombia, seg\u00fan la IPCC<\/title>\n<meta name=\"robots\" content=\"index, follow, max-snippet:-1, max-image-preview:large, max-video-preview:-1\" \/>\n<link rel=\"canonical\" href=\"https:\/\/www.filantropiacortessolari.cl\/blu-radio-cuales-son-los-efectos-del-calentamiento-en-colombia-segun-la-ipcc\/\" \/>\n<meta property=\"og:locale\" content=\"en_US\" \/>\n<meta property=\"og:type\" content=\"article\" \/>\n<meta property=\"og:title\" content=\"[Blu Radio] Cu\u00e1les son los efectos del calentamiento en Colombia, seg\u00fan la IPCC\" \/>\n<meta property=\"og:url\" content=\"https:\/\/www.filantropiacortessolari.cl\/blu-radio-cuales-son-los-efectos-del-calentamiento-en-colombia-segun-la-ipcc\/\" \/>\n<meta property=\"og:site_name\" content=\"Filantrop\u00eda Cort\u00e9s Solari\" \/>\n<meta property=\"article:published_time\" content=\"2023-07-12T15:25:48+00:00\" \/>\n<meta property=\"article:modified_time\" content=\"2023-07-19T16:15:12+00:00\" \/>\n<meta property=\"og:image\" content=\"https:\/\/www.filantropiacortessolari.cl\/wp-content\/uploads\/2023\/07\/04.jpg\" \/>\n\t<meta property=\"og:image:width\" content=\"1280\" \/>\n\t<meta property=\"og:image:height\" content=\"853\" \/>\n\t<meta property=\"og:image:type\" content=\"image\/jpeg\" \/>\n<meta name=\"author\" content=\"Filantrop\u00eda Cort\u00e9s Solari\" \/>\n<meta name=\"twitter:card\" content=\"summary_large_image\" \/>\n<meta name=\"twitter:label1\" content=\"Written by\" \/>\n\t<meta name=\"twitter:data1\" content=\"Filantrop\u00eda Cort\u00e9s Solari\" \/>\n\t<meta name=\"twitter:label2\" content=\"Est. reading time\" \/>\n\t<meta name=\"twitter:data2\" content=\"3 minutes\" \/>\n<script type=\"application\/ld+json\" class=\"yoast-schema-graph\">{\"@context\":\"https:\\\/\\\/schema.org\",\"@graph\":[{\"@type\":\"Article\",\"@id\":\"https:\\\/\\\/www.filantropiacortessolari.cl\\\/blu-radio-cuales-son-los-efectos-del-calentamiento-en-colombia-segun-la-ipcc\\\/#article\",\"isPartOf\":{\"@id\":\"https:\\\/\\\/www.filantropiacortessolari.cl\\\/blu-radio-cuales-son-los-efectos-del-calentamiento-en-colombia-segun-la-ipcc\\\/\"},\"author\":{\"name\":\"Filantrop\u00eda Cort\u00e9s Solari\",\"@id\":\"https:\\\/\\\/www.filantropiacortessolari.cl\\\/#\\\/schema\\\/person\\\/e099cf1046922f4f5892172332dc86c0\"},\"headline\":\"[Blu Radio] Cu\u00e1les son los efectos del calentamiento en Colombia, seg\u00fan la IPCC\",\"datePublished\":\"2023-07-12T15:25:48+00:00\",\"dateModified\":\"2023-07-19T16:15:12+00:00\",\"mainEntityOfPage\":{\"@id\":\"https:\\\/\\\/www.filantropiacortessolari.cl\\\/blu-radio-cuales-son-los-efectos-del-calentamiento-en-colombia-segun-la-ipcc\\\/\"},\"wordCount\":547,\"commentCount\":0,\"image\":{\"@id\":\"https:\\\/\\\/www.filantropiacortessolari.cl\\\/blu-radio-cuales-son-los-efectos-del-calentamiento-en-colombia-segun-la-ipcc\\\/#primaryimage\"},\"thumbnailUrl\":\"https:\\\/\\\/www.filantropiacortessolari.cl\\\/wp-content\\\/uploads\\\/2023\\\/07\\\/04.jpg\",\"articleSection\":[\"Noticias\",\"Prensa Escrita\",\"Prensa MERI\"],\"inLanguage\":\"en-US\",\"potentialAction\":[{\"@type\":\"CommentAction\",\"name\":\"Comment\",\"target\":[\"https:\\\/\\\/www.filantropiacortessolari.cl\\\/blu-radio-cuales-son-los-efectos-del-calentamiento-en-colombia-segun-la-ipcc\\\/#respond\"]}]},{\"@type\":\"WebPage\",\"@id\":\"https:\\\/\\\/www.filantropiacortessolari.cl\\\/blu-radio-cuales-son-los-efectos-del-calentamiento-en-colombia-segun-la-ipcc\\\/\",\"url\":\"https:\\\/\\\/www.filantropiacortessolari.cl\\\/blu-radio-cuales-son-los-efectos-del-calentamiento-en-colombia-segun-la-ipcc\\\/\",\"name\":\"[Blu Radio] Cu\u00e1les son los efectos del calentamiento en Colombia, seg\u00fan la IPCC\",\"isPartOf\":{\"@id\":\"https:\\\/\\\/www.filantropiacortessolari.cl\\\/#website\"},\"primaryImageOfPage\":{\"@id\":\"https:\\\/\\\/www.filantropiacortessolari.cl\\\/blu-radio-cuales-son-los-efectos-del-calentamiento-en-colombia-segun-la-ipcc\\\/#primaryimage\"},\"image\":{\"@id\":\"https:\\\/\\\/www.filantropiacortessolari.cl\\\/blu-radio-cuales-son-los-efectos-del-calentamiento-en-colombia-segun-la-ipcc\\\/#primaryimage\"},\"thumbnailUrl\":\"https:\\\/\\\/www.filantropiacortessolari.cl\\\/wp-content\\\/uploads\\\/2023\\\/07\\\/04.jpg\",\"datePublished\":\"2023-07-12T15:25:48+00:00\",\"dateModified\":\"2023-07-19T16:15:12+00:00\",\"author\":{\"@id\":\"https:\\\/\\\/www.filantropiacortessolari.cl\\\/#\\\/schema\\\/person\\\/e099cf1046922f4f5892172332dc86c0\"},\"breadcrumb\":{\"@id\":\"https:\\\/\\\/www.filantropiacortessolari.cl\\\/blu-radio-cuales-son-los-efectos-del-calentamiento-en-colombia-segun-la-ipcc\\\/#breadcrumb\"},\"inLanguage\":\"en-US\",\"potentialAction\":[{\"@type\":\"ReadAction\",\"target\":[\"https:\\\/\\\/www.filantropiacortessolari.cl\\\/blu-radio-cuales-son-los-efectos-del-calentamiento-en-colombia-segun-la-ipcc\\\/\"]}]},{\"@type\":\"ImageObject\",\"inLanguage\":\"en-US\",\"@id\":\"https:\\\/\\\/www.filantropiacortessolari.cl\\\/blu-radio-cuales-son-los-efectos-del-calentamiento-en-colombia-segun-la-ipcc\\\/#primaryimage\",\"url\":\"https:\\\/\\\/www.filantropiacortessolari.cl\\\/wp-content\\\/uploads\\\/2023\\\/07\\\/04.jpg\",\"contentUrl\":\"https:\\\/\\\/www.filantropiacortessolari.cl\\\/wp-content\\\/uploads\\\/2023\\\/07\\\/04.jpg\",\"width\":1280,\"height\":853},{\"@type\":\"BreadcrumbList\",\"@id\":\"https:\\\/\\\/www.filantropiacortessolari.cl\\\/blu-radio-cuales-son-los-efectos-del-calentamiento-en-colombia-segun-la-ipcc\\\/#breadcrumb\",\"itemListElement\":[{\"@type\":\"ListItem\",\"position\":1,\"name\":\"Portada\",\"item\":\"https:\\\/\\\/www.filantropiacortessolari.cl\\\/\"},{\"@type\":\"ListItem\",\"position\":2,\"name\":\"[Blu Radio] Cu\u00e1les son los efectos del calentamiento en Colombia, seg\u00fan la IPCC\"}]},{\"@type\":\"WebSite\",\"@id\":\"https:\\\/\\\/www.filantropiacortessolari.cl\\\/#website\",\"url\":\"https:\\\/\\\/www.filantropiacortessolari.cl\\\/\",\"name\":\"Filantrop\u00eda Cort\u00e9s Solari\",\"description\":\"Sitio web Filantrop\u00eda Cort\u00e9s Solari\",\"potentialAction\":[{\"@type\":\"SearchAction\",\"target\":{\"@type\":\"EntryPoint\",\"urlTemplate\":\"https:\\\/\\\/www.filantropiacortessolari.cl\\\/?s={search_term_string}\"},\"query-input\":{\"@type\":\"PropertyValueSpecification\",\"valueRequired\":true,\"valueName\":\"search_term_string\"}}],\"inLanguage\":\"en-US\"},{\"@type\":\"Person\",\"@id\":\"https:\\\/\\\/www.filantropiacortessolari.cl\\\/#\\\/schema\\\/person\\\/e099cf1046922f4f5892172332dc86c0\",\"name\":\"Filantrop\u00eda Cort\u00e9s Solari\",\"image\":{\"@type\":\"ImageObject\",\"inLanguage\":\"en-US\",\"@id\":\"https:\\\/\\\/secure.gravatar.com\\\/avatar\\\/9d17bfe24074ed7576e70cbeb8e010cdd7d01fae9f2047bd96cccbe629ec3c11?s=96&d=mm&r=g\",\"url\":\"https:\\\/\\\/secure.gravatar.com\\\/avatar\\\/9d17bfe24074ed7576e70cbeb8e010cdd7d01fae9f2047bd96cccbe629ec3c11?s=96&d=mm&r=g\",\"contentUrl\":\"https:\\\/\\\/secure.gravatar.com\\\/avatar\\\/9d17bfe24074ed7576e70cbeb8e010cdd7d01fae9f2047bd96cccbe629ec3c11?s=96&d=mm&r=g\",\"caption\":\"Filantrop\u00eda Cort\u00e9s Solari\"},\"url\":\"https:\\\/\\\/www.filantropiacortessolari.cl\\\/en\\\/author\\\/filantropia-cortes-solari\\\/\"}]}<\/script>\n<!-- \/ Yoast SEO plugin. -->","yoast_head_json":{"title":"[Blu Radio] Cu\u00e1les son los efectos del calentamiento en Colombia, seg\u00fan la IPCC","robots":{"index":"index","follow":"follow","max-snippet":"max-snippet:-1","max-image-preview":"max-image-preview:large","max-video-preview":"max-video-preview:-1"},"canonical":"https:\/\/www.filantropiacortessolari.cl\/blu-radio-cuales-son-los-efectos-del-calentamiento-en-colombia-segun-la-ipcc\/","og_locale":"en_US","og_type":"article","og_title":"[Blu Radio] Cu\u00e1les son los efectos del calentamiento en Colombia, seg\u00fan la IPCC","og_url":"https:\/\/www.filantropiacortessolari.cl\/blu-radio-cuales-son-los-efectos-del-calentamiento-en-colombia-segun-la-ipcc\/","og_site_name":"Filantrop\u00eda Cort\u00e9s Solari","article_published_time":"2023-07-12T15:25:48+00:00","article_modified_time":"2023-07-19T16:15:12+00:00","og_image":[{"width":1280,"height":853,"url":"https:\/\/www.filantropiacortessolari.cl\/wp-content\/uploads\/2023\/07\/04.jpg","type":"image\/jpeg"}],"author":"Filantrop\u00eda Cort\u00e9s Solari","twitter_card":"summary_large_image","twitter_misc":{"Written by":"Filantrop\u00eda Cort\u00e9s Solari","Est. reading time":"3 minutes"},"schema":{"@context":"https:\/\/schema.org","@graph":[{"@type":"Article","@id":"https:\/\/www.filantropiacortessolari.cl\/blu-radio-cuales-son-los-efectos-del-calentamiento-en-colombia-segun-la-ipcc\/#article","isPartOf":{"@id":"https:\/\/www.filantropiacortessolari.cl\/blu-radio-cuales-son-los-efectos-del-calentamiento-en-colombia-segun-la-ipcc\/"},"author":{"name":"Filantrop\u00eda Cort\u00e9s Solari","@id":"https:\/\/www.filantropiacortessolari.cl\/#\/schema\/person\/e099cf1046922f4f5892172332dc86c0"},"headline":"[Blu Radio] Cu\u00e1les son los efectos del calentamiento en Colombia, seg\u00fan la IPCC","datePublished":"2023-07-12T15:25:48+00:00","dateModified":"2023-07-19T16:15:12+00:00","mainEntityOfPage":{"@id":"https:\/\/www.filantropiacortessolari.cl\/blu-radio-cuales-son-los-efectos-del-calentamiento-en-colombia-segun-la-ipcc\/"},"wordCount":547,"commentCount":0,"image":{"@id":"https:\/\/www.filantropiacortessolari.cl\/blu-radio-cuales-son-los-efectos-del-calentamiento-en-colombia-segun-la-ipcc\/#primaryimage"},"thumbnailUrl":"https:\/\/www.filantropiacortessolari.cl\/wp-content\/uploads\/2023\/07\/04.jpg","articleSection":["Noticias","Prensa Escrita","Prensa MERI"],"inLanguage":"en-US","potentialAction":[{"@type":"CommentAction","name":"Comment","target":["https:\/\/www.filantropiacortessolari.cl\/blu-radio-cuales-son-los-efectos-del-calentamiento-en-colombia-segun-la-ipcc\/#respond"]}]},{"@type":"WebPage","@id":"https:\/\/www.filantropiacortessolari.cl\/blu-radio-cuales-son-los-efectos-del-calentamiento-en-colombia-segun-la-ipcc\/","url":"https:\/\/www.filantropiacortessolari.cl\/blu-radio-cuales-son-los-efectos-del-calentamiento-en-colombia-segun-la-ipcc\/","name":"[Blu Radio] Cu\u00e1les son los efectos del calentamiento en Colombia, seg\u00fan la IPCC","isPartOf":{"@id":"https:\/\/www.filantropiacortessolari.cl\/#website"},"primaryImageOfPage":{"@id":"https:\/\/www.filantropiacortessolari.cl\/blu-radio-cuales-son-los-efectos-del-calentamiento-en-colombia-segun-la-ipcc\/#primaryimage"},"image":{"@id":"https:\/\/www.filantropiacortessolari.cl\/blu-radio-cuales-son-los-efectos-del-calentamiento-en-colombia-segun-la-ipcc\/#primaryimage"},"thumbnailUrl":"https:\/\/www.filantropiacortessolari.cl\/wp-content\/uploads\/2023\/07\/04.jpg","datePublished":"2023-07-12T15:25:48+00:00","dateModified":"2023-07-19T16:15:12+00:00","author":{"@id":"https:\/\/www.filantropiacortessolari.cl\/#\/schema\/person\/e099cf1046922f4f5892172332dc86c0"},"breadcrumb":{"@id":"https:\/\/www.filantropiacortessolari.cl\/blu-radio-cuales-son-los-efectos-del-calentamiento-en-colombia-segun-la-ipcc\/#breadcrumb"},"inLanguage":"en-US","potentialAction":[{"@type":"ReadAction","target":["https:\/\/www.filantropiacortessolari.cl\/blu-radio-cuales-son-los-efectos-del-calentamiento-en-colombia-segun-la-ipcc\/"]}]},{"@type":"ImageObject","inLanguage":"en-US","@id":"https:\/\/www.filantropiacortessolari.cl\/blu-radio-cuales-son-los-efectos-del-calentamiento-en-colombia-segun-la-ipcc\/#primaryimage","url":"https:\/\/www.filantropiacortessolari.cl\/wp-content\/uploads\/2023\/07\/04.jpg","contentUrl":"https:\/\/www.filantropiacortessolari.cl\/wp-content\/uploads\/2023\/07\/04.jpg","width":1280,"height":853},{"@type":"BreadcrumbList","@id":"https:\/\/www.filantropiacortessolari.cl\/blu-radio-cuales-son-los-efectos-del-calentamiento-en-colombia-segun-la-ipcc\/#breadcrumb","itemListElement":[{"@type":"ListItem","position":1,"name":"Portada","item":"https:\/\/www.filantropiacortessolari.cl\/"},{"@type":"ListItem","position":2,"name":"[Blu Radio] Cu\u00e1les son los efectos del calentamiento en Colombia, seg\u00fan la IPCC"}]},{"@type":"WebSite","@id":"https:\/\/www.filantropiacortessolari.cl\/#website","url":"https:\/\/www.filantropiacortessolari.cl\/","name":"Filantrop\u00eda Cort\u00e9s Solari","description":"Sitio web Filantrop\u00eda Cort\u00e9s Solari","potentialAction":[{"@type":"SearchAction","target":{"@type":"EntryPoint","urlTemplate":"https:\/\/www.filantropiacortessolari.cl\/?s={search_term_string}"},"query-input":{"@type":"PropertyValueSpecification","valueRequired":true,"valueName":"search_term_string"}}],"inLanguage":"en-US"},{"@type":"Person","@id":"https:\/\/www.filantropiacortessolari.cl\/#\/schema\/person\/e099cf1046922f4f5892172332dc86c0","name":"Filantrop\u00eda Cort\u00e9s Solari","image":{"@type":"ImageObject","inLanguage":"en-US","@id":"https:\/\/secure.gravatar.com\/avatar\/9d17bfe24074ed7576e70cbeb8e010cdd7d01fae9f2047bd96cccbe629ec3c11?s=96&d=mm&r=g","url":"https:\/\/secure.gravatar.com\/avatar\/9d17bfe24074ed7576e70cbeb8e010cdd7d01fae9f2047bd96cccbe629ec3c11?s=96&d=mm&r=g","contentUrl":"https:\/\/secure.gravatar.com\/avatar\/9d17bfe24074ed7576e70cbeb8e010cdd7d01fae9f2047bd96cccbe629ec3c11?s=96&d=mm&r=g","caption":"Filantrop\u00eda Cort\u00e9s Solari"},"url":"https:\/\/www.filantropiacortessolari.cl\/en\/author\/filantropia-cortes-solari\/"}]}},"_links":{"self":[{"href":"https:\/\/www.filantropiacortessolari.cl\/en\/wp-json\/wp\/v2\/posts\/11475","targetHints":{"allow":["GET"]}}],"collection":[{"href":"https:\/\/www.filantropiacortessolari.cl\/en\/wp-json\/wp\/v2\/posts"}],"about":[{"href":"https:\/\/www.filantropiacortessolari.cl\/en\/wp-json\/wp\/v2\/types\/post"}],"author":[{"embeddable":true,"href":"https:\/\/www.filantropiacortessolari.cl\/en\/wp-json\/wp\/v2\/users\/1"}],"replies":[{"embeddable":true,"href":"https:\/\/www.filantropiacortessolari.cl\/en\/wp-json\/wp\/v2\/comments?post=11475"}],"version-history":[{"count":1,"href":"https:\/\/www.filantropiacortessolari.cl\/en\/wp-json\/wp\/v2\/posts\/11475\/revisions"}],"predecessor-version":[{"id":11477,"href":"https:\/\/www.filantropiacortessolari.cl\/en\/wp-json\/wp\/v2\/posts\/11475\/revisions\/11477"}],"wp:featuredmedia":[{"embeddable":true,"href":"https:\/\/www.filantropiacortessolari.cl\/en\/wp-json\/wp\/v2\/media\/11476"}],"wp:attachment":[{"href":"https:\/\/www.filantropiacortessolari.cl\/en\/wp-json\/wp\/v2\/media?parent=11475"}],"wp:term":[{"taxonomy":"category","embeddable":true,"href":"https:\/\/www.filantropiacortessolari.cl\/en\/wp-json\/wp\/v2\/categories?post=11475"},{"taxonomy":"post_tag","embeddable":true,"href":"https:\/\/www.filantropiacortessolari.cl\/en\/wp-json\/wp\/v2\/tags?post=11475"}],"curies":[{"name":"wp","href":"https:\/\/api.w.org\/{rel}","templated":true}]}}