{"id":11478,"date":"2023-07-15T12:45:17","date_gmt":"2023-07-15T15:45:17","guid":{"rendered":"https:\/\/www.filantropiacortessolari.cl\/?p=11478"},"modified":"2023-07-19T13:13:16","modified_gmt":"2023-07-19T16:13:16","slug":"alerta-tolima-investigadora-del-ipcc-dice-que-colombia-tiene-tiempo-para-una-transicion-energetica-justa-y-sin-riesgos","status":"publish","type":"post","link":"https:\/\/www.filantropiacortessolari.cl\/en\/alerta-tolima-investigadora-del-ipcc-dice-que-colombia-tiene-tiempo-para-una-transicion-energetica-justa-y-sin-riesgos\/","title":{"rendered":"[Alerta Tolima] Investigadora del IPCC dice que Colombia tiene tiempo para una transici\u00f3n energ\u00e9tica justa y sin riesgos"},"content":{"rendered":"<style type=\"text\/css\"><\/style><p>En el panel del Grupo Intergubernamental de Expertos sobre el Cambio Clim\u00e1tico (IPCC), se dieron a conocer los escenarios que podr\u00eda enfrentar Am\u00e9rica Latina derivados de los efectos del cambio clim\u00e1tico, durante la V Conferencia Regional que se realiza en Bogot\u00e1 hasta el 14 de julio.<\/p>\n<p>En su reporte, los cient\u00edficos advierten que cada incremento de temperatura multiplica las amenazas y los riesgos en los territorios, incrementando exponencialmente las p\u00e9rdidas y da\u00f1os derivados del cambio clim\u00e1tico. En ese sentido, aclaran que la regi\u00f3n tiene serias deficiencias en los procesos de adaptaci\u00f3n.<\/p>\n<p>Frente al escenario que enfrenta Colombia, el pa\u00eds est\u00e1 en una la zona roja donde podr\u00eda sufrir un calentamiento extremo por su posici\u00f3n geogr\u00e1fica y alta biodiversidad que lo hacen un pa\u00eds con alto impacto por el cambio clim\u00e1tico.<\/p>\n<p>El informe del IPCC tambi\u00e9n destaca que las diferentes econom\u00edas necesitan transiciones energ\u00e9ticas a ritmos distintos. Las econom\u00edas altamente carbonizadas requieren reducciones abruptas, mientras que pa\u00edses dependientes de recursos naturales y combustibles f\u00f3siles pueden hacer transiciones m\u00e1s lentas debido a la justicia y circunstancias espec\u00edficas. Aunque se deben reducir los combustibles f\u00f3siles, algunas actividades a\u00fan los necesitar\u00e1n.<\/p>\n<p>&#8220;No es lo mismo pedir la transici\u00f3n energ\u00e9tica de un pa\u00eds como Colombia, por ejemplo, a pedirla en un pa\u00eds como Estados Unidos. Esos tiempos de transici\u00f3n, de hecho, lo que dice el reporte del IPCC es que hay econom\u00edas que necesitan una reducci\u00f3n abrupta en este momento, como esas econom\u00edas, digamos, tan carbonizadas y que han generado parte de todo esto y que pa\u00edses como los nuestros que tienen econom\u00edas que son muy dependientes de los recursos que llamamos naturales y tambi\u00e9n de los combustibles f\u00f3siles puedan tener transiciones m\u00e1s lentas&#8221;, afirm\u00f3 Paola Arias, investigadora del IPCC, quien hizo referencia a las dr\u00e1sticas y r\u00e1pidas decisiones que estar\u00eda tomando el Gobierno Nacional frente al cambio clim\u00e1tico.<\/p>\n<p>La investigadora agreg\u00f3 que, &#8220;yo creo que eso es muy importante porque a veces en los discursos se empiezan a imponer como esas miradas absolutas y desconocemos que existe una posibilidad de transici\u00f3n en donde esos combustibles f\u00f3siles que se est\u00e1n empleando y que se van a necesitar igual as\u00ed se reduzcan a alg\u00fan punto. De todas maneras, hay actividades que necesitan combustibles f\u00f3siles&#8221;.<\/p>\n<p>Por otra parte, los expertos hicieron un llamado a centrar su atenci\u00f3n en los ecosistemas marinos y terrestres, especialmente porque se prev\u00e9 que los arrecifes de coral pierdan su h\u00e1bitat, cambien su \u00e1rea de distribuci\u00f3n y sufran m\u00e1s episodios de blanqueamiento por cuenta del calentamiento de los oc\u00e9anos. De igual manera, afirman que en los ecosistemas terrestres hasta el 85% de las especies vegetales y animales, h\u00e1bitats y comunidades, se ver\u00e1n afectadas negativamente por el cambio clim\u00e1tico.<\/p>\n<p>Con respecto a la Amazon\u00eda, uno de los mayores dep\u00f3sitos de biodiversidad y carbono del mundo, se espera que se presenten altas vulnerabilidades derivadas de la sequ\u00eda.<\/p>\n<p>Fuente: <a href=\"https:\/\/www.alertatolima.com\/noticias\/tendencias\/investigadora-del-ipcc-dice-que-colombia-tiene-tiempo-para-una-transicion\" target=\"_blank\" rel=\"noopener\">Alerta Tolima<\/a><\/p>\n","protected":false},"excerpt":{"rendered":"<p>En el panel del Grupo Intergubernamental de Expertos sobre el Cambio Clim\u00e1tico (IPCC), se dieron a conocer los escenarios que podr\u00eda enfrentar Am\u00e9rica Latina derivados de los efectos del cambio clim\u00e1tico, durante la V Conferencia Regional que se realiza en Bogot\u00e1 hasta el 14 de julio. En su reporte, los cient\u00edficos advierten que cada incremento&#8230;<\/p>\n","protected":false},"author":1,"featured_media":11479,"comment_status":"open","ping_status":"open","sticky":false,"template":"","format":"standard","meta":{"footnotes":""},"categories":[31,5,6],"tags":[],"class_list":["post-11478","post","type-post","status-publish","format-standard","has-post-thumbnail","hentry","category-noticias","category-prensa-escrita","category-fundacion-meri"],"translation":{"provider":"WPGlobus","version":"3.0.2","language":"en","enabled_languages":["es","en"],"languages":{"es":{"title":true,"content":true,"excerpt":false},"en":{"title":false,"content":false,"excerpt":false}}},"yoast_head":"<!-- This site is optimized with the Yoast SEO plugin v27.4 - https:\/\/yoast.com\/product\/yoast-seo-wordpress\/ -->\n<title>[Alerta Tolima] Investigadora del IPCC dice que Colombia tiene tiempo para una transici\u00f3n energ\u00e9tica justa y sin riesgos<\/title>\n<meta name=\"robots\" content=\"index, follow, max-snippet:-1, max-image-preview:large, max-video-preview:-1\" \/>\n<link rel=\"canonical\" href=\"https:\/\/www.filantropiacortessolari.cl\/alerta-tolima-investigadora-del-ipcc-dice-que-colombia-tiene-tiempo-para-una-transicion-energetica-justa-y-sin-riesgos\/\" \/>\n<meta property=\"og:locale\" content=\"en_US\" \/>\n<meta property=\"og:type\" content=\"article\" \/>\n<meta property=\"og:title\" content=\"[Alerta Tolima] Investigadora del IPCC dice que Colombia tiene tiempo para una transici\u00f3n energ\u00e9tica justa y sin riesgos\" \/>\n<meta property=\"og:url\" content=\"https:\/\/www.filantropiacortessolari.cl\/alerta-tolima-investigadora-del-ipcc-dice-que-colombia-tiene-tiempo-para-una-transicion-energetica-justa-y-sin-riesgos\/\" \/>\n<meta property=\"og:site_name\" content=\"Filantrop\u00eda Cort\u00e9s Solari\" \/>\n<meta property=\"article:published_time\" content=\"2023-07-15T15:45:17+00:00\" \/>\n<meta property=\"article:modified_time\" content=\"2023-07-19T16:13:16+00:00\" \/>\n<meta property=\"og:image\" content=\"https:\/\/www.filantropiacortessolari.cl\/wp-content\/uploads\/2023\/07\/02.jpg\" \/>\n\t<meta property=\"og:image:width\" content=\"1280\" \/>\n\t<meta property=\"og:image:height\" content=\"853\" \/>\n\t<meta property=\"og:image:type\" content=\"image\/jpeg\" \/>\n<meta name=\"author\" content=\"Filantrop\u00eda Cort\u00e9s Solari\" \/>\n<meta name=\"twitter:card\" content=\"summary_large_image\" \/>\n<meta name=\"twitter:label1\" content=\"Written by\" \/>\n\t<meta name=\"twitter:data1\" content=\"Filantrop\u00eda Cort\u00e9s Solari\" \/>\n\t<meta name=\"twitter:label2\" content=\"Est. reading time\" \/>\n\t<meta name=\"twitter:data2\" content=\"3 minutes\" \/>\n<script type=\"application\/ld+json\" class=\"yoast-schema-graph\">{\"@context\":\"https:\\\/\\\/schema.org\",\"@graph\":[{\"@type\":\"Article\",\"@id\":\"https:\\\/\\\/www.filantropiacortessolari.cl\\\/alerta-tolima-investigadora-del-ipcc-dice-que-colombia-tiene-tiempo-para-una-transicion-energetica-justa-y-sin-riesgos\\\/#article\",\"isPartOf\":{\"@id\":\"https:\\\/\\\/www.filantropiacortessolari.cl\\\/alerta-tolima-investigadora-del-ipcc-dice-que-colombia-tiene-tiempo-para-una-transicion-energetica-justa-y-sin-riesgos\\\/\"},\"author\":{\"name\":\"Filantrop\u00eda Cort\u00e9s Solari\",\"@id\":\"https:\\\/\\\/www.filantropiacortessolari.cl\\\/#\\\/schema\\\/person\\\/e099cf1046922f4f5892172332dc86c0\"},\"headline\":\"[Alerta Tolima] Investigadora del IPCC dice que Colombia tiene tiempo para una transici\u00f3n energ\u00e9tica justa y sin riesgos\",\"datePublished\":\"2023-07-15T15:45:17+00:00\",\"dateModified\":\"2023-07-19T16:13:16+00:00\",\"mainEntityOfPage\":{\"@id\":\"https:\\\/\\\/www.filantropiacortessolari.cl\\\/alerta-tolima-investigadora-del-ipcc-dice-que-colombia-tiene-tiempo-para-una-transicion-energetica-justa-y-sin-riesgos\\\/\"},\"wordCount\":553,\"commentCount\":0,\"image\":{\"@id\":\"https:\\\/\\\/www.filantropiacortessolari.cl\\\/alerta-tolima-investigadora-del-ipcc-dice-que-colombia-tiene-tiempo-para-una-transicion-energetica-justa-y-sin-riesgos\\\/#primaryimage\"},\"thumbnailUrl\":\"https:\\\/\\\/www.filantropiacortessolari.cl\\\/wp-content\\\/uploads\\\/2023\\\/07\\\/02.jpg\",\"articleSection\":[\"Noticias\",\"Prensa Escrita\",\"Prensa MERI\"],\"inLanguage\":\"en-US\",\"potentialAction\":[{\"@type\":\"CommentAction\",\"name\":\"Comment\",\"target\":[\"https:\\\/\\\/www.filantropiacortessolari.cl\\\/alerta-tolima-investigadora-del-ipcc-dice-que-colombia-tiene-tiempo-para-una-transicion-energetica-justa-y-sin-riesgos\\\/#respond\"]}]},{\"@type\":\"WebPage\",\"@id\":\"https:\\\/\\\/www.filantropiacortessolari.cl\\\/alerta-tolima-investigadora-del-ipcc-dice-que-colombia-tiene-tiempo-para-una-transicion-energetica-justa-y-sin-riesgos\\\/\",\"url\":\"https:\\\/\\\/www.filantropiacortessolari.cl\\\/alerta-tolima-investigadora-del-ipcc-dice-que-colombia-tiene-tiempo-para-una-transicion-energetica-justa-y-sin-riesgos\\\/\",\"name\":\"[Alerta Tolima] Investigadora del IPCC dice que Colombia tiene tiempo para una transici\u00f3n energ\u00e9tica justa y sin riesgos\",\"isPartOf\":{\"@id\":\"https:\\\/\\\/www.filantropiacortessolari.cl\\\/#website\"},\"primaryImageOfPage\":{\"@id\":\"https:\\\/\\\/www.filantropiacortessolari.cl\\\/alerta-tolima-investigadora-del-ipcc-dice-que-colombia-tiene-tiempo-para-una-transicion-energetica-justa-y-sin-riesgos\\\/#primaryimage\"},\"image\":{\"@id\":\"https:\\\/\\\/www.filantropiacortessolari.cl\\\/alerta-tolima-investigadora-del-ipcc-dice-que-colombia-tiene-tiempo-para-una-transicion-energetica-justa-y-sin-riesgos\\\/#primaryimage\"},\"thumbnailUrl\":\"https:\\\/\\\/www.filantropiacortessolari.cl\\\/wp-content\\\/uploads\\\/2023\\\/07\\\/02.jpg\",\"datePublished\":\"2023-07-15T15:45:17+00:00\",\"dateModified\":\"2023-07-19T16:13:16+00:00\",\"author\":{\"@id\":\"https:\\\/\\\/www.filantropiacortessolari.cl\\\/#\\\/schema\\\/person\\\/e099cf1046922f4f5892172332dc86c0\"},\"breadcrumb\":{\"@id\":\"https:\\\/\\\/www.filantropiacortessolari.cl\\\/alerta-tolima-investigadora-del-ipcc-dice-que-colombia-tiene-tiempo-para-una-transicion-energetica-justa-y-sin-riesgos\\\/#breadcrumb\"},\"inLanguage\":\"en-US\",\"potentialAction\":[{\"@type\":\"ReadAction\",\"target\":[\"https:\\\/\\\/www.filantropiacortessolari.cl\\\/alerta-tolima-investigadora-del-ipcc-dice-que-colombia-tiene-tiempo-para-una-transicion-energetica-justa-y-sin-riesgos\\\/\"]}]},{\"@type\":\"ImageObject\",\"inLanguage\":\"en-US\",\"@id\":\"https:\\\/\\\/www.filantropiacortessolari.cl\\\/alerta-tolima-investigadora-del-ipcc-dice-que-colombia-tiene-tiempo-para-una-transicion-energetica-justa-y-sin-riesgos\\\/#primaryimage\",\"url\":\"https:\\\/\\\/www.filantropiacortessolari.cl\\\/wp-content\\\/uploads\\\/2023\\\/07\\\/02.jpg\",\"contentUrl\":\"https:\\\/\\\/www.filantropiacortessolari.cl\\\/wp-content\\\/uploads\\\/2023\\\/07\\\/02.jpg\",\"width\":1280,\"height\":853},{\"@type\":\"BreadcrumbList\",\"@id\":\"https:\\\/\\\/www.filantropiacortessolari.cl\\\/alerta-tolima-investigadora-del-ipcc-dice-que-colombia-tiene-tiempo-para-una-transicion-energetica-justa-y-sin-riesgos\\\/#breadcrumb\",\"itemListElement\":[{\"@type\":\"ListItem\",\"position\":1,\"name\":\"Portada\",\"item\":\"https:\\\/\\\/www.filantropiacortessolari.cl\\\/\"},{\"@type\":\"ListItem\",\"position\":2,\"name\":\"[Alerta Tolima] Investigadora del IPCC dice que Colombia tiene tiempo para una transici\u00f3n energ\u00e9tica justa y sin riesgos\"}]},{\"@type\":\"WebSite\",\"@id\":\"https:\\\/\\\/www.filantropiacortessolari.cl\\\/#website\",\"url\":\"https:\\\/\\\/www.filantropiacortessolari.cl\\\/\",\"name\":\"Filantrop\u00eda Cort\u00e9s Solari\",\"description\":\"Sitio web Filantrop\u00eda Cort\u00e9s Solari\",\"potentialAction\":[{\"@type\":\"SearchAction\",\"target\":{\"@type\":\"EntryPoint\",\"urlTemplate\":\"https:\\\/\\\/www.filantropiacortessolari.cl\\\/?s={search_term_string}\"},\"query-input\":{\"@type\":\"PropertyValueSpecification\",\"valueRequired\":true,\"valueName\":\"search_term_string\"}}],\"inLanguage\":\"en-US\"},{\"@type\":\"Person\",\"@id\":\"https:\\\/\\\/www.filantropiacortessolari.cl\\\/#\\\/schema\\\/person\\\/e099cf1046922f4f5892172332dc86c0\",\"name\":\"Filantrop\u00eda Cort\u00e9s Solari\",\"image\":{\"@type\":\"ImageObject\",\"inLanguage\":\"en-US\",\"@id\":\"https:\\\/\\\/secure.gravatar.com\\\/avatar\\\/9d17bfe24074ed7576e70cbeb8e010cdd7d01fae9f2047bd96cccbe629ec3c11?s=96&d=mm&r=g\",\"url\":\"https:\\\/\\\/secure.gravatar.com\\\/avatar\\\/9d17bfe24074ed7576e70cbeb8e010cdd7d01fae9f2047bd96cccbe629ec3c11?s=96&d=mm&r=g\",\"contentUrl\":\"https:\\\/\\\/secure.gravatar.com\\\/avatar\\\/9d17bfe24074ed7576e70cbeb8e010cdd7d01fae9f2047bd96cccbe629ec3c11?s=96&d=mm&r=g\",\"caption\":\"Filantrop\u00eda Cort\u00e9s Solari\"},\"url\":\"https:\\\/\\\/www.filantropiacortessolari.cl\\\/en\\\/author\\\/filantropia-cortes-solari\\\/\"}]}<\/script>\n<!-- \/ Yoast SEO plugin. -->","yoast_head_json":{"title":"[Alerta Tolima] Investigadora del IPCC dice que Colombia tiene tiempo para una transici\u00f3n energ\u00e9tica justa y sin riesgos","robots":{"index":"index","follow":"follow","max-snippet":"max-snippet:-1","max-image-preview":"max-image-preview:large","max-video-preview":"max-video-preview:-1"},"canonical":"https:\/\/www.filantropiacortessolari.cl\/alerta-tolima-investigadora-del-ipcc-dice-que-colombia-tiene-tiempo-para-una-transicion-energetica-justa-y-sin-riesgos\/","og_locale":"en_US","og_type":"article","og_title":"[Alerta Tolima] Investigadora del IPCC dice que Colombia tiene tiempo para una transici\u00f3n energ\u00e9tica justa y sin riesgos","og_url":"https:\/\/www.filantropiacortessolari.cl\/alerta-tolima-investigadora-del-ipcc-dice-que-colombia-tiene-tiempo-para-una-transicion-energetica-justa-y-sin-riesgos\/","og_site_name":"Filantrop\u00eda Cort\u00e9s Solari","article_published_time":"2023-07-15T15:45:17+00:00","article_modified_time":"2023-07-19T16:13:16+00:00","og_image":[{"width":1280,"height":853,"url":"https:\/\/www.filantropiacortessolari.cl\/wp-content\/uploads\/2023\/07\/02.jpg","type":"image\/jpeg"}],"author":"Filantrop\u00eda Cort\u00e9s Solari","twitter_card":"summary_large_image","twitter_misc":{"Written by":"Filantrop\u00eda Cort\u00e9s Solari","Est. reading time":"3 minutes"},"schema":{"@context":"https:\/\/schema.org","@graph":[{"@type":"Article","@id":"https:\/\/www.filantropiacortessolari.cl\/alerta-tolima-investigadora-del-ipcc-dice-que-colombia-tiene-tiempo-para-una-transicion-energetica-justa-y-sin-riesgos\/#article","isPartOf":{"@id":"https:\/\/www.filantropiacortessolari.cl\/alerta-tolima-investigadora-del-ipcc-dice-que-colombia-tiene-tiempo-para-una-transicion-energetica-justa-y-sin-riesgos\/"},"author":{"name":"Filantrop\u00eda Cort\u00e9s Solari","@id":"https:\/\/www.filantropiacortessolari.cl\/#\/schema\/person\/e099cf1046922f4f5892172332dc86c0"},"headline":"[Alerta Tolima] Investigadora del IPCC dice que Colombia tiene tiempo para una transici\u00f3n energ\u00e9tica justa y sin riesgos","datePublished":"2023-07-15T15:45:17+00:00","dateModified":"2023-07-19T16:13:16+00:00","mainEntityOfPage":{"@id":"https:\/\/www.filantropiacortessolari.cl\/alerta-tolima-investigadora-del-ipcc-dice-que-colombia-tiene-tiempo-para-una-transicion-energetica-justa-y-sin-riesgos\/"},"wordCount":553,"commentCount":0,"image":{"@id":"https:\/\/www.filantropiacortessolari.cl\/alerta-tolima-investigadora-del-ipcc-dice-que-colombia-tiene-tiempo-para-una-transicion-energetica-justa-y-sin-riesgos\/#primaryimage"},"thumbnailUrl":"https:\/\/www.filantropiacortessolari.cl\/wp-content\/uploads\/2023\/07\/02.jpg","articleSection":["Noticias","Prensa Escrita","Prensa MERI"],"inLanguage":"en-US","potentialAction":[{"@type":"CommentAction","name":"Comment","target":["https:\/\/www.filantropiacortessolari.cl\/alerta-tolima-investigadora-del-ipcc-dice-que-colombia-tiene-tiempo-para-una-transicion-energetica-justa-y-sin-riesgos\/#respond"]}]},{"@type":"WebPage","@id":"https:\/\/www.filantropiacortessolari.cl\/alerta-tolima-investigadora-del-ipcc-dice-que-colombia-tiene-tiempo-para-una-transicion-energetica-justa-y-sin-riesgos\/","url":"https:\/\/www.filantropiacortessolari.cl\/alerta-tolima-investigadora-del-ipcc-dice-que-colombia-tiene-tiempo-para-una-transicion-energetica-justa-y-sin-riesgos\/","name":"[Alerta Tolima] Investigadora del IPCC dice que Colombia tiene tiempo para una transici\u00f3n energ\u00e9tica justa y sin riesgos","isPartOf":{"@id":"https:\/\/www.filantropiacortessolari.cl\/#website"},"primaryImageOfPage":{"@id":"https:\/\/www.filantropiacortessolari.cl\/alerta-tolima-investigadora-del-ipcc-dice-que-colombia-tiene-tiempo-para-una-transicion-energetica-justa-y-sin-riesgos\/#primaryimage"},"image":{"@id":"https:\/\/www.filantropiacortessolari.cl\/alerta-tolima-investigadora-del-ipcc-dice-que-colombia-tiene-tiempo-para-una-transicion-energetica-justa-y-sin-riesgos\/#primaryimage"},"thumbnailUrl":"https:\/\/www.filantropiacortessolari.cl\/wp-content\/uploads\/2023\/07\/02.jpg","datePublished":"2023-07-15T15:45:17+00:00","dateModified":"2023-07-19T16:13:16+00:00","author":{"@id":"https:\/\/www.filantropiacortessolari.cl\/#\/schema\/person\/e099cf1046922f4f5892172332dc86c0"},"breadcrumb":{"@id":"https:\/\/www.filantropiacortessolari.cl\/alerta-tolima-investigadora-del-ipcc-dice-que-colombia-tiene-tiempo-para-una-transicion-energetica-justa-y-sin-riesgos\/#breadcrumb"},"inLanguage":"en-US","potentialAction":[{"@type":"ReadAction","target":["https:\/\/www.filantropiacortessolari.cl\/alerta-tolima-investigadora-del-ipcc-dice-que-colombia-tiene-tiempo-para-una-transicion-energetica-justa-y-sin-riesgos\/"]}]},{"@type":"ImageObject","inLanguage":"en-US","@id":"https:\/\/www.filantropiacortessolari.cl\/alerta-tolima-investigadora-del-ipcc-dice-que-colombia-tiene-tiempo-para-una-transicion-energetica-justa-y-sin-riesgos\/#primaryimage","url":"https:\/\/www.filantropiacortessolari.cl\/wp-content\/uploads\/2023\/07\/02.jpg","contentUrl":"https:\/\/www.filantropiacortessolari.cl\/wp-content\/uploads\/2023\/07\/02.jpg","width":1280,"height":853},{"@type":"BreadcrumbList","@id":"https:\/\/www.filantropiacortessolari.cl\/alerta-tolima-investigadora-del-ipcc-dice-que-colombia-tiene-tiempo-para-una-transicion-energetica-justa-y-sin-riesgos\/#breadcrumb","itemListElement":[{"@type":"ListItem","position":1,"name":"Portada","item":"https:\/\/www.filantropiacortessolari.cl\/"},{"@type":"ListItem","position":2,"name":"[Alerta Tolima] Investigadora del IPCC dice que Colombia tiene tiempo para una transici\u00f3n energ\u00e9tica justa y sin riesgos"}]},{"@type":"WebSite","@id":"https:\/\/www.filantropiacortessolari.cl\/#website","url":"https:\/\/www.filantropiacortessolari.cl\/","name":"Filantrop\u00eda Cort\u00e9s Solari","description":"Sitio web Filantrop\u00eda Cort\u00e9s Solari","potentialAction":[{"@type":"SearchAction","target":{"@type":"EntryPoint","urlTemplate":"https:\/\/www.filantropiacortessolari.cl\/?s={search_term_string}"},"query-input":{"@type":"PropertyValueSpecification","valueRequired":true,"valueName":"search_term_string"}}],"inLanguage":"en-US"},{"@type":"Person","@id":"https:\/\/www.filantropiacortessolari.cl\/#\/schema\/person\/e099cf1046922f4f5892172332dc86c0","name":"Filantrop\u00eda Cort\u00e9s Solari","image":{"@type":"ImageObject","inLanguage":"en-US","@id":"https:\/\/secure.gravatar.com\/avatar\/9d17bfe24074ed7576e70cbeb8e010cdd7d01fae9f2047bd96cccbe629ec3c11?s=96&d=mm&r=g","url":"https:\/\/secure.gravatar.com\/avatar\/9d17bfe24074ed7576e70cbeb8e010cdd7d01fae9f2047bd96cccbe629ec3c11?s=96&d=mm&r=g","contentUrl":"https:\/\/secure.gravatar.com\/avatar\/9d17bfe24074ed7576e70cbeb8e010cdd7d01fae9f2047bd96cccbe629ec3c11?s=96&d=mm&r=g","caption":"Filantrop\u00eda Cort\u00e9s Solari"},"url":"https:\/\/www.filantropiacortessolari.cl\/en\/author\/filantropia-cortes-solari\/"}]}},"_links":{"self":[{"href":"https:\/\/www.filantropiacortessolari.cl\/en\/wp-json\/wp\/v2\/posts\/11478","targetHints":{"allow":["GET"]}}],"collection":[{"href":"https:\/\/www.filantropiacortessolari.cl\/en\/wp-json\/wp\/v2\/posts"}],"about":[{"href":"https:\/\/www.filantropiacortessolari.cl\/en\/wp-json\/wp\/v2\/types\/post"}],"author":[{"embeddable":true,"href":"https:\/\/www.filantropiacortessolari.cl\/en\/wp-json\/wp\/v2\/users\/1"}],"replies":[{"embeddable":true,"href":"https:\/\/www.filantropiacortessolari.cl\/en\/wp-json\/wp\/v2\/comments?post=11478"}],"version-history":[{"count":1,"href":"https:\/\/www.filantropiacortessolari.cl\/en\/wp-json\/wp\/v2\/posts\/11478\/revisions"}],"predecessor-version":[{"id":11480,"href":"https:\/\/www.filantropiacortessolari.cl\/en\/wp-json\/wp\/v2\/posts\/11478\/revisions\/11480"}],"wp:featuredmedia":[{"embeddable":true,"href":"https:\/\/www.filantropiacortessolari.cl\/en\/wp-json\/wp\/v2\/media\/11479"}],"wp:attachment":[{"href":"https:\/\/www.filantropiacortessolari.cl\/en\/wp-json\/wp\/v2\/media?parent=11478"}],"wp:term":[{"taxonomy":"category","embeddable":true,"href":"https:\/\/www.filantropiacortessolari.cl\/en\/wp-json\/wp\/v2\/categories?post=11478"},{"taxonomy":"post_tag","embeddable":true,"href":"https:\/\/www.filantropiacortessolari.cl\/en\/wp-json\/wp\/v2\/tags?post=11478"}],"curies":[{"name":"wp","href":"https:\/\/api.w.org\/{rel}","templated":true}]}}