{"id":11486,"date":"2023-07-14T14:15:40","date_gmt":"2023-07-14T17:15:40","guid":{"rendered":"https:\/\/www.filantropiacortessolari.cl\/?p=11486"},"modified":"2023-07-19T14:16:41","modified_gmt":"2023-07-19T17:16:41","slug":"territorios-sostenibles-la-region-va-muy-lento-en-la-adaptacion-al-cambio-climatico-ipcc","status":"publish","type":"post","link":"https:\/\/www.filantropiacortessolari.cl\/en\/territorios-sostenibles-la-region-va-muy-lento-en-la-adaptacion-al-cambio-climatico-ipcc\/","title":{"rendered":"[Territorios Sostenibles] La regi\u00f3n va muy lento en la adaptaci\u00f3n al cambio clim\u00e1tico: IPCC"},"content":{"rendered":"<style type=\"text\/css\"><\/style><p>Mensajes contundentes sobre lo que se viene haciendo en la adaptaci\u00f3n al cambio clim\u00e1tico se entregaron con los resultados del informe del sexto ciclo de reportes durante la V Conferencia Regional del Grupo Intergubernamental de Cambio Clim\u00e1tico del IPCC, que se realiz\u00f3 entre el 12 y el 14 de julio en Bogot\u00e1.<\/p>\n<p>Por: Rafael Gonz\u00e1lez Toro.<\/p>\n<p>Am\u00e9rica Latina y el Caribe es una regi\u00f3n muy vulnerable y muy expuesta a los impactos del cambio clim\u00e1tico y merece tener muchos m\u00e1s datos de investigaci\u00f3n que puedan aportar en la construcci\u00f3n de pol\u00edticas p\u00fablicas.<\/p>\n<p>As\u00ed lo expres\u00f3 Thelma Krug, vicepresidenta del IPCC, tras la presentaci\u00f3n de los resultados del informe del sexto ciclo de reportes durante la V Conferencia Regional del Grupo Intergubernamental de Cambio Clim\u00e1tico del IPCC, que se realiz\u00f3 entre el 12 y el 14 de julio en Bogot\u00e1.<\/p>\n<p>En este reporte, al que asistieron los investigadores del IPCC, la ministra de Medio Ambiente, Susana Muhamad, organizaciones de base y diferentes entidades dedicadas a la preservaci\u00f3n del medio ambiente, present\u00f3 mensajes contundentes en cuanto lo que se viene haciendo, especialmente en la adaptaci\u00f3n al cambio clim\u00e1tico.<\/p>\n<p>\u201cEl cambio clim\u00e1tico actual no es un cambio natural, es un cambio debido a la actividad humana y cuando decimos actividad humana nos referimos a emisiones antr\u00f3picas por quema de combustibles f\u00f3siles y cambios de usos de suelo\u201d, dijo Paola Arias, una de las tres investigadoras colombianas que elaboraron el reporte.<\/p>\n<p>El reporte muestra que en ning\u00fan lugar del planeta est\u00e1 exento de sufrir las consecuencias del cambio clim\u00e1tico. Todas las regiones est\u00e1n siendo afectadas de forma diferencial. Y, en particular para Centro y Sudam\u00e9rica, los investigadores observan que hay regiones en las que, por ejemplo, est\u00e1n aumentando los eventos de precipitaci\u00f3n extrema.<\/p>\n<p>Arias sostuvo que particularmente la regi\u00f3n que m\u00e1s ha sufrido estas alteraciones es la que comprende pa\u00edses como Argentina y Uruguay. Adem\u00e1s, hacia el noroeste, en Colombia, se proyecta que habr\u00e1 aumentos en esos eventos extremos.<\/p>\n<p>Tambi\u00e9n se dej\u00f3 en claro que el ciclo hidrol\u00f3gico est\u00e1 cambiando en formas diversas, ya que hay otras regiones que se est\u00e1n haciendo m\u00e1s secas. Por ejemplo, el nordeste de Brasil. Y en lugares como Chile el nivel del mar est\u00e1 aumentando a una tasa mayor que en regiones como el Caribe,<\/p>\n<p>\u201cEso representa claramente una amenaza para poblaciones y ecosistemas de regiones costeras, para naciones insulares, territorios insulares. En el caso particular de Colombia, en las islas de San Andr\u00e9s, Providencia y Santa Catalina sabemos tambi\u00e9n del retroceso, de la disminuci\u00f3n de las regiones de glaciar\u201d, agreg\u00f3 Arias.<\/p>\n<p>Otro de los datos importantes que dej\u00f3 este informe es que la regi\u00f3n es muy vulnerable. Por su biodiversidad, hace entonces que cuando hay afectaciones en ecosistemas se den unos impactos directos. Adem\u00e1s, con lugares de mucha inequidad, de mucha pobreza, de desarticulaci\u00f3n institucional, y eso hace que sea muy vulnerable al cambio clim\u00e1tico,<\/p>\n<p>\u201cQuisiera tambi\u00e9n resaltar otro dato que me impacta del informe y es que esta regi\u00f3n se clasifica en este estudio como un punto caliente, o sea, uno de los puntos claves de alta vulnerabilidad humana en el planeta. \u00bfEsto qu\u00e9 quiere decir? Que somos una de las regiones del mundo donde los impactos del cambio clim\u00e1tico van a tener m\u00e1s afectaciones a la gente\u201d, expres\u00f3 la ministra Muhamad.<\/p>\n<p>Para la Ministra, la ciencia est\u00e1 alertando y los gobiernos, con esas alertas, deben prevenir. \u201cLo que hicimos al declarar la emergencia en La Guajira es interpretar la realidad de lo que nos dice la ciencia para una de las regiones m\u00e1s vulnerables. Vulnerabilidad significa donde los grupos humanos est\u00e1n m\u00e1s expuestos. Evidentemente La Guajira, donde est\u00e1 el pueblo guay\u00fa, disperso, es uno de los puntos m\u00e1s expuestos, m\u00e1s vulnerables. Y antes de sentir el peor efecto de El Ni\u00f1o, tocaba declarar la emergencia para tomar las<\/p>\n<p>medidas inmediatas. No podemos seguir pensando en la emergencia como la reacci\u00f3n a un evento cuando ya no podemos hacer nada para mitigar la vulnerabilidad de la gente\u201d, agreg\u00f3 Muhamad.<\/p>\n<p>El reporte muestra tambi\u00e9n c\u00f3mo una gesti\u00f3n integrada y m\u00e1s que una gesti\u00f3n, un cambio tal vez de paradigma en la relaci\u00f3n con la naturaleza se hace fundamental. Tambi\u00e9n consigna que la regi\u00f3n est\u00e1 lenta en temas de adaptaci\u00f3n.<\/p>\n<p>\u201cLa adaptaci\u00f3n est\u00e1 ocurriendo en algunas regiones con mayor velocidad, pero nuestra regi\u00f3n en particular tiene una tasa muy lenta en t\u00e9rminos de, por ejemplo, financiaci\u00f3n para la adaptaci\u00f3n. Ah\u00ed hay una brecha, hay una limitaci\u00f3n importante en cuanto a la adaptaci\u00f3n porque no hay recursos o hay pocos recursos y tenemos ah\u00ed, digamos, un elemento, parte de los mayores retos que tiene una regi\u00f3n como la nuestra es la adaptaci\u00f3n al cambio clim\u00e1tico\u201d, coment\u00f3 Arias.<\/p>\n<p>Adem\u00e1s, Arias fue contundente en afirmar que se requieren reducciones r\u00e1pidas, sostenidas, generalizadas de gases de efecto invernadero, no solo di\u00f3xido de carbono, tambi\u00e9n metano, tambi\u00e9n ozono, tambi\u00e9n otro tipo de gases.<\/p>\n<p>Pero no todo fue un panorama desesperanzador en este reporte del IPCC y qued\u00f3 el mensaje de que hay mucho por hacer. Tambi\u00e9n se mostraron casos exitosos en donde hay estrategias que combinan adaptaci\u00f3n y mitigaci\u00f3n de una forma sin\u00e9rgica. Adem\u00e1s, se dej\u00f3 el mensaje de que tenemos una oportunidad importante, pero que tenemos el reloj contando en este momento. Y por eso es fundamental acelerar la acci\u00f3n clim\u00e1tica.<\/p>\n<p>Fuente: <a href=\"https:\/\/territoriossostenibles.com\/cambio-climatico\/la-region-va-muy-lento-en-la-adaptacion-al-cambio-climatico-ipcc\/\" target=\"_blank\" rel=\"noopener\">Territorios Sostenibles<\/a><\/p>\n","protected":false},"excerpt":{"rendered":"<p>Mensajes contundentes sobre lo que se viene haciendo en la adaptaci\u00f3n al cambio clim\u00e1tico se entregaron con los resultados del informe del sexto ciclo de reportes durante la V Conferencia Regional del Grupo Intergubernamental de Cambio Clim\u00e1tico del IPCC, que se realiz\u00f3 entre el 12 y el 14 de julio en Bogot\u00e1. Por: Rafael Gonz\u00e1lez&#8230;<\/p>\n","protected":false},"author":1,"featured_media":11487,"comment_status":"open","ping_status":"open","sticky":false,"template":"","format":"standard","meta":{"footnotes":""},"categories":[5,6],"tags":[],"class_list":["post-11486","post","type-post","status-publish","format-standard","has-post-thumbnail","hentry","category-prensa-escrita","category-fundacion-meri"],"translation":{"provider":"WPGlobus","version":"3.0.2","language":"en","enabled_languages":["es","en"],"languages":{"es":{"title":true,"content":true,"excerpt":false},"en":{"title":false,"content":false,"excerpt":false}}},"yoast_head":"<!-- This site is optimized with the Yoast SEO plugin v27.4 - https:\/\/yoast.com\/product\/yoast-seo-wordpress\/ -->\n<title>[Territorios Sostenibles] La regi\u00f3n va muy lento en la adaptaci\u00f3n al cambio clim\u00e1tico: IPCC<\/title>\n<meta name=\"robots\" content=\"index, follow, max-snippet:-1, max-image-preview:large, max-video-preview:-1\" \/>\n<link rel=\"canonical\" href=\"https:\/\/www.filantropiacortessolari.cl\/territorios-sostenibles-la-region-va-muy-lento-en-la-adaptacion-al-cambio-climatico-ipcc\/\" \/>\n<meta property=\"og:locale\" content=\"en_US\" \/>\n<meta property=\"og:type\" content=\"article\" \/>\n<meta property=\"og:title\" content=\"[Territorios Sostenibles] La regi\u00f3n va muy lento en la adaptaci\u00f3n al cambio clim\u00e1tico: IPCC\" \/>\n<meta property=\"og:url\" content=\"https:\/\/www.filantropiacortessolari.cl\/territorios-sostenibles-la-region-va-muy-lento-en-la-adaptacion-al-cambio-climatico-ipcc\/\" \/>\n<meta property=\"og:site_name\" content=\"Filantrop\u00eda Cort\u00e9s Solari\" \/>\n<meta property=\"article:published_time\" content=\"2023-07-14T17:15:40+00:00\" \/>\n<meta property=\"article:modified_time\" content=\"2023-07-19T17:16:41+00:00\" \/>\n<meta property=\"og:image\" content=\"https:\/\/www.filantropiacortessolari.cl\/wp-content\/uploads\/2023\/07\/08.jpg\" \/>\n\t<meta property=\"og:image:width\" content=\"1280\" \/>\n\t<meta property=\"og:image:height\" content=\"853\" \/>\n\t<meta property=\"og:image:type\" content=\"image\/jpeg\" \/>\n<meta name=\"author\" content=\"Filantrop\u00eda Cort\u00e9s Solari\" \/>\n<meta name=\"twitter:card\" content=\"summary_large_image\" \/>\n<meta name=\"twitter:label1\" content=\"Written by\" \/>\n\t<meta name=\"twitter:data1\" content=\"Filantrop\u00eda Cort\u00e9s Solari\" \/>\n<script type=\"application\/ld+json\" class=\"yoast-schema-graph\">{\"@context\":\"https:\\\/\\\/schema.org\",\"@graph\":[{\"@type\":\"Article\",\"@id\":\"https:\\\/\\\/www.filantropiacortessolari.cl\\\/territorios-sostenibles-la-region-va-muy-lento-en-la-adaptacion-al-cambio-climatico-ipcc\\\/#article\",\"isPartOf\":{\"@id\":\"https:\\\/\\\/www.filantropiacortessolari.cl\\\/territorios-sostenibles-la-region-va-muy-lento-en-la-adaptacion-al-cambio-climatico-ipcc\\\/\"},\"author\":{\"name\":\"Filantrop\u00eda Cort\u00e9s Solari\",\"@id\":\"https:\\\/\\\/www.filantropiacortessolari.cl\\\/#\\\/schema\\\/person\\\/e099cf1046922f4f5892172332dc86c0\"},\"headline\":\"[Territorios Sostenibles] La regi\u00f3n va muy lento en la adaptaci\u00f3n al cambio clim\u00e1tico: IPCC\",\"datePublished\":\"2023-07-14T17:15:40+00:00\",\"dateModified\":\"2023-07-19T17:16:41+00:00\",\"mainEntityOfPage\":{\"@id\":\"https:\\\/\\\/www.filantropiacortessolari.cl\\\/territorios-sostenibles-la-region-va-muy-lento-en-la-adaptacion-al-cambio-climatico-ipcc\\\/\"},\"wordCount\":979,\"commentCount\":0,\"image\":{\"@id\":\"https:\\\/\\\/www.filantropiacortessolari.cl\\\/territorios-sostenibles-la-region-va-muy-lento-en-la-adaptacion-al-cambio-climatico-ipcc\\\/#primaryimage\"},\"thumbnailUrl\":\"https:\\\/\\\/www.filantropiacortessolari.cl\\\/wp-content\\\/uploads\\\/2023\\\/07\\\/08.jpg\",\"articleSection\":[\"Prensa Escrita\",\"Prensa MERI\"],\"inLanguage\":\"en-US\",\"potentialAction\":[{\"@type\":\"CommentAction\",\"name\":\"Comment\",\"target\":[\"https:\\\/\\\/www.filantropiacortessolari.cl\\\/territorios-sostenibles-la-region-va-muy-lento-en-la-adaptacion-al-cambio-climatico-ipcc\\\/#respond\"]}]},{\"@type\":\"WebPage\",\"@id\":\"https:\\\/\\\/www.filantropiacortessolari.cl\\\/territorios-sostenibles-la-region-va-muy-lento-en-la-adaptacion-al-cambio-climatico-ipcc\\\/\",\"url\":\"https:\\\/\\\/www.filantropiacortessolari.cl\\\/territorios-sostenibles-la-region-va-muy-lento-en-la-adaptacion-al-cambio-climatico-ipcc\\\/\",\"name\":\"[Territorios Sostenibles] La regi\u00f3n va muy lento en la adaptaci\u00f3n al cambio clim\u00e1tico: IPCC\",\"isPartOf\":{\"@id\":\"https:\\\/\\\/www.filantropiacortessolari.cl\\\/#website\"},\"primaryImageOfPage\":{\"@id\":\"https:\\\/\\\/www.filantropiacortessolari.cl\\\/territorios-sostenibles-la-region-va-muy-lento-en-la-adaptacion-al-cambio-climatico-ipcc\\\/#primaryimage\"},\"image\":{\"@id\":\"https:\\\/\\\/www.filantropiacortessolari.cl\\\/territorios-sostenibles-la-region-va-muy-lento-en-la-adaptacion-al-cambio-climatico-ipcc\\\/#primaryimage\"},\"thumbnailUrl\":\"https:\\\/\\\/www.filantropiacortessolari.cl\\\/wp-content\\\/uploads\\\/2023\\\/07\\\/08.jpg\",\"datePublished\":\"2023-07-14T17:15:40+00:00\",\"dateModified\":\"2023-07-19T17:16:41+00:00\",\"author\":{\"@id\":\"https:\\\/\\\/www.filantropiacortessolari.cl\\\/#\\\/schema\\\/person\\\/e099cf1046922f4f5892172332dc86c0\"},\"breadcrumb\":{\"@id\":\"https:\\\/\\\/www.filantropiacortessolari.cl\\\/territorios-sostenibles-la-region-va-muy-lento-en-la-adaptacion-al-cambio-climatico-ipcc\\\/#breadcrumb\"},\"inLanguage\":\"en-US\",\"potentialAction\":[{\"@type\":\"ReadAction\",\"target\":[\"https:\\\/\\\/www.filantropiacortessolari.cl\\\/territorios-sostenibles-la-region-va-muy-lento-en-la-adaptacion-al-cambio-climatico-ipcc\\\/\"]}]},{\"@type\":\"ImageObject\",\"inLanguage\":\"en-US\",\"@id\":\"https:\\\/\\\/www.filantropiacortessolari.cl\\\/territorios-sostenibles-la-region-va-muy-lento-en-la-adaptacion-al-cambio-climatico-ipcc\\\/#primaryimage\",\"url\":\"https:\\\/\\\/www.filantropiacortessolari.cl\\\/wp-content\\\/uploads\\\/2023\\\/07\\\/08.jpg\",\"contentUrl\":\"https:\\\/\\\/www.filantropiacortessolari.cl\\\/wp-content\\\/uploads\\\/2023\\\/07\\\/08.jpg\",\"width\":1280,\"height\":853},{\"@type\":\"BreadcrumbList\",\"@id\":\"https:\\\/\\\/www.filantropiacortessolari.cl\\\/territorios-sostenibles-la-region-va-muy-lento-en-la-adaptacion-al-cambio-climatico-ipcc\\\/#breadcrumb\",\"itemListElement\":[{\"@type\":\"ListItem\",\"position\":1,\"name\":\"Portada\",\"item\":\"https:\\\/\\\/www.filantropiacortessolari.cl\\\/\"},{\"@type\":\"ListItem\",\"position\":2,\"name\":\"[Territorios Sostenibles] La regi\u00f3n va muy lento en la adaptaci\u00f3n al cambio clim\u00e1tico: IPCC\"}]},{\"@type\":\"WebSite\",\"@id\":\"https:\\\/\\\/www.filantropiacortessolari.cl\\\/#website\",\"url\":\"https:\\\/\\\/www.filantropiacortessolari.cl\\\/\",\"name\":\"Filantrop\u00eda Cort\u00e9s Solari\",\"description\":\"Sitio web Filantrop\u00eda Cort\u00e9s Solari\",\"potentialAction\":[{\"@type\":\"SearchAction\",\"target\":{\"@type\":\"EntryPoint\",\"urlTemplate\":\"https:\\\/\\\/www.filantropiacortessolari.cl\\\/?s={search_term_string}\"},\"query-input\":{\"@type\":\"PropertyValueSpecification\",\"valueRequired\":true,\"valueName\":\"search_term_string\"}}],\"inLanguage\":\"en-US\"},{\"@type\":\"Person\",\"@id\":\"https:\\\/\\\/www.filantropiacortessolari.cl\\\/#\\\/schema\\\/person\\\/e099cf1046922f4f5892172332dc86c0\",\"name\":\"Filantrop\u00eda Cort\u00e9s Solari\",\"image\":{\"@type\":\"ImageObject\",\"inLanguage\":\"en-US\",\"@id\":\"https:\\\/\\\/secure.gravatar.com\\\/avatar\\\/9d17bfe24074ed7576e70cbeb8e010cdd7d01fae9f2047bd96cccbe629ec3c11?s=96&d=mm&r=g\",\"url\":\"https:\\\/\\\/secure.gravatar.com\\\/avatar\\\/9d17bfe24074ed7576e70cbeb8e010cdd7d01fae9f2047bd96cccbe629ec3c11?s=96&d=mm&r=g\",\"contentUrl\":\"https:\\\/\\\/secure.gravatar.com\\\/avatar\\\/9d17bfe24074ed7576e70cbeb8e010cdd7d01fae9f2047bd96cccbe629ec3c11?s=96&d=mm&r=g\",\"caption\":\"Filantrop\u00eda Cort\u00e9s Solari\"},\"url\":\"https:\\\/\\\/www.filantropiacortessolari.cl\\\/en\\\/author\\\/filantropia-cortes-solari\\\/\"}]}<\/script>\n<!-- \/ Yoast SEO plugin. -->","yoast_head_json":{"title":"[Territorios Sostenibles] La regi\u00f3n va muy lento en la adaptaci\u00f3n al cambio clim\u00e1tico: IPCC","robots":{"index":"index","follow":"follow","max-snippet":"max-snippet:-1","max-image-preview":"max-image-preview:large","max-video-preview":"max-video-preview:-1"},"canonical":"https:\/\/www.filantropiacortessolari.cl\/territorios-sostenibles-la-region-va-muy-lento-en-la-adaptacion-al-cambio-climatico-ipcc\/","og_locale":"en_US","og_type":"article","og_title":"[Territorios Sostenibles] La regi\u00f3n va muy lento en la adaptaci\u00f3n al cambio clim\u00e1tico: IPCC","og_url":"https:\/\/www.filantropiacortessolari.cl\/territorios-sostenibles-la-region-va-muy-lento-en-la-adaptacion-al-cambio-climatico-ipcc\/","og_site_name":"Filantrop\u00eda Cort\u00e9s Solari","article_published_time":"2023-07-14T17:15:40+00:00","article_modified_time":"2023-07-19T17:16:41+00:00","og_image":[{"width":1280,"height":853,"url":"https:\/\/www.filantropiacortessolari.cl\/wp-content\/uploads\/2023\/07\/08.jpg","type":"image\/jpeg"}],"author":"Filantrop\u00eda Cort\u00e9s Solari","twitter_card":"summary_large_image","twitter_misc":{"Written by":"Filantrop\u00eda Cort\u00e9s Solari"},"schema":{"@context":"https:\/\/schema.org","@graph":[{"@type":"Article","@id":"https:\/\/www.filantropiacortessolari.cl\/territorios-sostenibles-la-region-va-muy-lento-en-la-adaptacion-al-cambio-climatico-ipcc\/#article","isPartOf":{"@id":"https:\/\/www.filantropiacortessolari.cl\/territorios-sostenibles-la-region-va-muy-lento-en-la-adaptacion-al-cambio-climatico-ipcc\/"},"author":{"name":"Filantrop\u00eda Cort\u00e9s Solari","@id":"https:\/\/www.filantropiacortessolari.cl\/#\/schema\/person\/e099cf1046922f4f5892172332dc86c0"},"headline":"[Territorios Sostenibles] La regi\u00f3n va muy lento en la adaptaci\u00f3n al cambio clim\u00e1tico: IPCC","datePublished":"2023-07-14T17:15:40+00:00","dateModified":"2023-07-19T17:16:41+00:00","mainEntityOfPage":{"@id":"https:\/\/www.filantropiacortessolari.cl\/territorios-sostenibles-la-region-va-muy-lento-en-la-adaptacion-al-cambio-climatico-ipcc\/"},"wordCount":979,"commentCount":0,"image":{"@id":"https:\/\/www.filantropiacortessolari.cl\/territorios-sostenibles-la-region-va-muy-lento-en-la-adaptacion-al-cambio-climatico-ipcc\/#primaryimage"},"thumbnailUrl":"https:\/\/www.filantropiacortessolari.cl\/wp-content\/uploads\/2023\/07\/08.jpg","articleSection":["Prensa Escrita","Prensa MERI"],"inLanguage":"en-US","potentialAction":[{"@type":"CommentAction","name":"Comment","target":["https:\/\/www.filantropiacortessolari.cl\/territorios-sostenibles-la-region-va-muy-lento-en-la-adaptacion-al-cambio-climatico-ipcc\/#respond"]}]},{"@type":"WebPage","@id":"https:\/\/www.filantropiacortessolari.cl\/territorios-sostenibles-la-region-va-muy-lento-en-la-adaptacion-al-cambio-climatico-ipcc\/","url":"https:\/\/www.filantropiacortessolari.cl\/territorios-sostenibles-la-region-va-muy-lento-en-la-adaptacion-al-cambio-climatico-ipcc\/","name":"[Territorios Sostenibles] La regi\u00f3n va muy lento en la adaptaci\u00f3n al cambio clim\u00e1tico: IPCC","isPartOf":{"@id":"https:\/\/www.filantropiacortessolari.cl\/#website"},"primaryImageOfPage":{"@id":"https:\/\/www.filantropiacortessolari.cl\/territorios-sostenibles-la-region-va-muy-lento-en-la-adaptacion-al-cambio-climatico-ipcc\/#primaryimage"},"image":{"@id":"https:\/\/www.filantropiacortessolari.cl\/territorios-sostenibles-la-region-va-muy-lento-en-la-adaptacion-al-cambio-climatico-ipcc\/#primaryimage"},"thumbnailUrl":"https:\/\/www.filantropiacortessolari.cl\/wp-content\/uploads\/2023\/07\/08.jpg","datePublished":"2023-07-14T17:15:40+00:00","dateModified":"2023-07-19T17:16:41+00:00","author":{"@id":"https:\/\/www.filantropiacortessolari.cl\/#\/schema\/person\/e099cf1046922f4f5892172332dc86c0"},"breadcrumb":{"@id":"https:\/\/www.filantropiacortessolari.cl\/territorios-sostenibles-la-region-va-muy-lento-en-la-adaptacion-al-cambio-climatico-ipcc\/#breadcrumb"},"inLanguage":"en-US","potentialAction":[{"@type":"ReadAction","target":["https:\/\/www.filantropiacortessolari.cl\/territorios-sostenibles-la-region-va-muy-lento-en-la-adaptacion-al-cambio-climatico-ipcc\/"]}]},{"@type":"ImageObject","inLanguage":"en-US","@id":"https:\/\/www.filantropiacortessolari.cl\/territorios-sostenibles-la-region-va-muy-lento-en-la-adaptacion-al-cambio-climatico-ipcc\/#primaryimage","url":"https:\/\/www.filantropiacortessolari.cl\/wp-content\/uploads\/2023\/07\/08.jpg","contentUrl":"https:\/\/www.filantropiacortessolari.cl\/wp-content\/uploads\/2023\/07\/08.jpg","width":1280,"height":853},{"@type":"BreadcrumbList","@id":"https:\/\/www.filantropiacortessolari.cl\/territorios-sostenibles-la-region-va-muy-lento-en-la-adaptacion-al-cambio-climatico-ipcc\/#breadcrumb","itemListElement":[{"@type":"ListItem","position":1,"name":"Portada","item":"https:\/\/www.filantropiacortessolari.cl\/"},{"@type":"ListItem","position":2,"name":"[Territorios Sostenibles] La regi\u00f3n va muy lento en la adaptaci\u00f3n al cambio clim\u00e1tico: IPCC"}]},{"@type":"WebSite","@id":"https:\/\/www.filantropiacortessolari.cl\/#website","url":"https:\/\/www.filantropiacortessolari.cl\/","name":"Filantrop\u00eda Cort\u00e9s Solari","description":"Sitio web Filantrop\u00eda Cort\u00e9s Solari","potentialAction":[{"@type":"SearchAction","target":{"@type":"EntryPoint","urlTemplate":"https:\/\/www.filantropiacortessolari.cl\/?s={search_term_string}"},"query-input":{"@type":"PropertyValueSpecification","valueRequired":true,"valueName":"search_term_string"}}],"inLanguage":"en-US"},{"@type":"Person","@id":"https:\/\/www.filantropiacortessolari.cl\/#\/schema\/person\/e099cf1046922f4f5892172332dc86c0","name":"Filantrop\u00eda Cort\u00e9s Solari","image":{"@type":"ImageObject","inLanguage":"en-US","@id":"https:\/\/secure.gravatar.com\/avatar\/9d17bfe24074ed7576e70cbeb8e010cdd7d01fae9f2047bd96cccbe629ec3c11?s=96&d=mm&r=g","url":"https:\/\/secure.gravatar.com\/avatar\/9d17bfe24074ed7576e70cbeb8e010cdd7d01fae9f2047bd96cccbe629ec3c11?s=96&d=mm&r=g","contentUrl":"https:\/\/secure.gravatar.com\/avatar\/9d17bfe24074ed7576e70cbeb8e010cdd7d01fae9f2047bd96cccbe629ec3c11?s=96&d=mm&r=g","caption":"Filantrop\u00eda Cort\u00e9s Solari"},"url":"https:\/\/www.filantropiacortessolari.cl\/en\/author\/filantropia-cortes-solari\/"}]}},"_links":{"self":[{"href":"https:\/\/www.filantropiacortessolari.cl\/en\/wp-json\/wp\/v2\/posts\/11486","targetHints":{"allow":["GET"]}}],"collection":[{"href":"https:\/\/www.filantropiacortessolari.cl\/en\/wp-json\/wp\/v2\/posts"}],"about":[{"href":"https:\/\/www.filantropiacortessolari.cl\/en\/wp-json\/wp\/v2\/types\/post"}],"author":[{"embeddable":true,"href":"https:\/\/www.filantropiacortessolari.cl\/en\/wp-json\/wp\/v2\/users\/1"}],"replies":[{"embeddable":true,"href":"https:\/\/www.filantropiacortessolari.cl\/en\/wp-json\/wp\/v2\/comments?post=11486"}],"version-history":[{"count":1,"href":"https:\/\/www.filantropiacortessolari.cl\/en\/wp-json\/wp\/v2\/posts\/11486\/revisions"}],"predecessor-version":[{"id":11488,"href":"https:\/\/www.filantropiacortessolari.cl\/en\/wp-json\/wp\/v2\/posts\/11486\/revisions\/11488"}],"wp:featuredmedia":[{"embeddable":true,"href":"https:\/\/www.filantropiacortessolari.cl\/en\/wp-json\/wp\/v2\/media\/11487"}],"wp:attachment":[{"href":"https:\/\/www.filantropiacortessolari.cl\/en\/wp-json\/wp\/v2\/media?parent=11486"}],"wp:term":[{"taxonomy":"category","embeddable":true,"href":"https:\/\/www.filantropiacortessolari.cl\/en\/wp-json\/wp\/v2\/categories?post=11486"},{"taxonomy":"post_tag","embeddable":true,"href":"https:\/\/www.filantropiacortessolari.cl\/en\/wp-json\/wp\/v2\/tags?post=11486"}],"curies":[{"name":"wp","href":"https:\/\/api.w.org\/{rel}","templated":true}]}}