{"id":11499,"date":"2023-08-03T16:08:21","date_gmt":"2023-08-03T19:08:21","guid":{"rendered":"https:\/\/www.filantropiacortessolari.cl\/?p=11499"},"modified":"2023-08-03T16:09:13","modified_gmt":"2023-08-03T19:09:13","slug":"conversaciones-para-la-educacion-del-siglo-xxi-capitulo-6-sostenibilidad-y-tecnologia","status":"publish","type":"post","link":"https:\/\/www.filantropiacortessolari.cl\/en\/conversaciones-para-la-educacion-del-siglo-xxi-capitulo-6-sostenibilidad-y-tecnologia\/","title":{"rendered":"Conversaciones para la educaci\u00f3n del siglo XXI: Cap\u00edtulo 6 \u201cSostenibilidad y tecnolog\u00eda\u201d"},"content":{"rendered":"<style type=\"text\/css\"><\/style><p>Les invitamos a nuestra pr\u00f3xima \u201cConversaci\u00f3n para la educaci\u00f3n del Siglo XXI\u201d<br \/>\n<strong>Sostenibilidad y tecnolog\u00eda: Crecimiento sin l\u00edmites<\/strong> , especialmente para ustedes Profes en Red LATAM.<\/p>\n<p>Esta conversaci\u00f3n tiene por objetivo romper el paradigma actual hacia uno sostenible, donde los participantes reflexionan sobre c\u00f3mo interpretar el desarrollo sostenible desde su propia realidad territorial ( pertinencia) y adem\u00e1s plantear acciones concretas en educaci\u00f3n que permitan avanzar hacia el \u201c bienestar como cultura de sostenibilidad\u201d.<\/p>\n<p><strong>Nuestro Invitado: Mario Waissbluth<\/strong> :Consultor, asociado y participante de varias organizaciones y directorios dentro de estos se destaca el Centro de Sistemas P\u00fablicos de la Universidad de Chile.Es Ingeniero Qu\u00edmico de la Universidad de Chile , PhD en Ingenier\u00eda de la Universidad de Wisconsin (1974).Fue el Coordinador Nacional del movimiento ciudadano y Presidente de la Fundaci\u00f3n Educaci\u00f3n 2020 e integrante del Consejo de Alta Direcci\u00f3n P\u00fablica,fue Director de Desarrollo Tecnol\u00f3gico del Consejo Nacional de Ciencia y Tecnolog\u00eda de M\u00e9xico, y Director del Centro para la Innovaci\u00f3n Tecnol\u00f3gica de la Universidad Nacional de M\u00e9xico.Ha publicado m\u00e1s de 80 art\u00edculos o libros, centenares de columna.<\/p>\n","protected":false},"excerpt":{"rendered":"<p>Les invitamos a nuestra pr\u00f3xima \u201cConversaci\u00f3n para la educaci\u00f3n del Siglo XXI\u201d Sostenibilidad y tecnolog\u00eda: Crecimiento sin l\u00edmites , especialmente para ustedes Profes en Red LATAM. Esta conversaci\u00f3n tiene por objetivo romper el paradigma actual hacia uno sostenible, donde los participantes reflexionan sobre c\u00f3mo interpretar el desarrollo sostenible desde su propia realidad territorial ( pertinencia)&#8230;<\/p>\n","protected":false},"author":1,"featured_media":11500,"comment_status":"open","ping_status":"open","sticky":false,"template":"","format":"video","meta":{"footnotes":""},"categories":[31,7,5],"tags":[],"class_list":["post-11499","post","type-post","status-publish","format-video","has-post-thumbnail","hentry","category-noticias","category-fundacion-caserta","category-prensa-escrita","post_format-post-format-video"],"translation":{"provider":"WPGlobus","version":"3.0.2","language":"en","enabled_languages":["es","en"],"languages":{"es":{"title":true,"content":true,"excerpt":false},"en":{"title":false,"content":false,"excerpt":false}}},"yoast_head":"<!-- This site is optimized with the Yoast SEO plugin v27.4 - https:\/\/yoast.com\/product\/yoast-seo-wordpress\/ -->\n<title>Conversaciones para la educaci\u00f3n del siglo XXI: Cap\u00edtulo 6 \u201cSostenibilidad y tecnolog\u00eda\u201d<\/title>\n<meta name=\"robots\" content=\"index, follow, max-snippet:-1, max-image-preview:large, max-video-preview:-1\" \/>\n<link rel=\"canonical\" href=\"https:\/\/www.filantropiacortessolari.cl\/conversaciones-para-la-educacion-del-siglo-xxi-capitulo-6-sostenibilidad-y-tecnologia\/\" \/>\n<meta property=\"og:locale\" content=\"en_US\" \/>\n<meta property=\"og:type\" content=\"article\" \/>\n<meta property=\"og:title\" content=\"Conversaciones para la educaci\u00f3n del siglo XXI: Cap\u00edtulo 6 \u201cSostenibilidad y tecnolog\u00eda\u201d\" \/>\n<meta property=\"og:url\" content=\"https:\/\/www.filantropiacortessolari.cl\/conversaciones-para-la-educacion-del-siglo-xxi-capitulo-6-sostenibilidad-y-tecnologia\/\" \/>\n<meta property=\"og:site_name\" content=\"Filantrop\u00eda Cort\u00e9s Solari\" \/>\n<meta property=\"article:published_time\" content=\"2023-08-03T19:08:21+00:00\" \/>\n<meta property=\"article:modified_time\" content=\"2023-08-03T19:09:13+00:00\" \/>\n<meta property=\"og:image\" content=\"https:\/\/www.filantropiacortessolari.cl\/wp-content\/uploads\/2023\/08\/miniatura_mario-1.jpg\" \/>\n\t<meta property=\"og:image:width\" content=\"634\" \/>\n\t<meta property=\"og:image:height\" content=\"356\" \/>\n\t<meta property=\"og:image:type\" content=\"image\/jpeg\" \/>\n<meta name=\"author\" content=\"Filantrop\u00eda Cort\u00e9s Solari\" \/>\n<meta name=\"twitter:card\" content=\"summary_large_image\" \/>\n<meta name=\"twitter:label1\" content=\"Written by\" \/>\n\t<meta name=\"twitter:data1\" content=\"Filantrop\u00eda Cort\u00e9s Solari\" \/>\n\t<meta name=\"twitter:label2\" content=\"Est. reading time\" \/>\n\t<meta name=\"twitter:data2\" content=\"1 minute\" \/>\n<script type=\"application\/ld+json\" class=\"yoast-schema-graph\">{\"@context\":\"https:\\\/\\\/schema.org\",\"@graph\":[{\"@type\":\"Article\",\"@id\":\"https:\\\/\\\/www.filantropiacortessolari.cl\\\/conversaciones-para-la-educacion-del-siglo-xxi-capitulo-6-sostenibilidad-y-tecnologia\\\/#article\",\"isPartOf\":{\"@id\":\"https:\\\/\\\/www.filantropiacortessolari.cl\\\/conversaciones-para-la-educacion-del-siglo-xxi-capitulo-6-sostenibilidad-y-tecnologia\\\/\"},\"author\":{\"name\":\"Filantrop\u00eda Cort\u00e9s Solari\",\"@id\":\"https:\\\/\\\/www.filantropiacortessolari.cl\\\/#\\\/schema\\\/person\\\/e099cf1046922f4f5892172332dc86c0\"},\"headline\":\"Conversaciones para la educaci\u00f3n del siglo XXI: Cap\u00edtulo 6 \u201cSostenibilidad y tecnolog\u00eda\u201d\",\"datePublished\":\"2023-08-03T19:08:21+00:00\",\"dateModified\":\"2023-08-03T19:09:13+00:00\",\"mainEntityOfPage\":{\"@id\":\"https:\\\/\\\/www.filantropiacortessolari.cl\\\/conversaciones-para-la-educacion-del-siglo-xxi-capitulo-6-sostenibilidad-y-tecnologia\\\/\"},\"wordCount\":211,\"commentCount\":0,\"image\":{\"@id\":\"https:\\\/\\\/www.filantropiacortessolari.cl\\\/conversaciones-para-la-educacion-del-siglo-xxi-capitulo-6-sostenibilidad-y-tecnologia\\\/#primaryimage\"},\"thumbnailUrl\":\"https:\\\/\\\/www.filantropiacortessolari.cl\\\/wp-content\\\/uploads\\\/2023\\\/08\\\/miniatura_mario-1.jpg\",\"articleSection\":[\"Noticias\",\"Prensa Caserta\",\"Prensa Escrita\"],\"inLanguage\":\"en-US\",\"potentialAction\":[{\"@type\":\"CommentAction\",\"name\":\"Comment\",\"target\":[\"https:\\\/\\\/www.filantropiacortessolari.cl\\\/conversaciones-para-la-educacion-del-siglo-xxi-capitulo-6-sostenibilidad-y-tecnologia\\\/#respond\"]}]},{\"@type\":\"WebPage\",\"@id\":\"https:\\\/\\\/www.filantropiacortessolari.cl\\\/conversaciones-para-la-educacion-del-siglo-xxi-capitulo-6-sostenibilidad-y-tecnologia\\\/\",\"url\":\"https:\\\/\\\/www.filantropiacortessolari.cl\\\/conversaciones-para-la-educacion-del-siglo-xxi-capitulo-6-sostenibilidad-y-tecnologia\\\/\",\"name\":\"Conversaciones para la educaci\u00f3n del siglo XXI: Cap\u00edtulo 6 \u201cSostenibilidad y tecnolog\u00eda\u201d\",\"isPartOf\":{\"@id\":\"https:\\\/\\\/www.filantropiacortessolari.cl\\\/#website\"},\"primaryImageOfPage\":{\"@id\":\"https:\\\/\\\/www.filantropiacortessolari.cl\\\/conversaciones-para-la-educacion-del-siglo-xxi-capitulo-6-sostenibilidad-y-tecnologia\\\/#primaryimage\"},\"image\":{\"@id\":\"https:\\\/\\\/www.filantropiacortessolari.cl\\\/conversaciones-para-la-educacion-del-siglo-xxi-capitulo-6-sostenibilidad-y-tecnologia\\\/#primaryimage\"},\"thumbnailUrl\":\"https:\\\/\\\/www.filantropiacortessolari.cl\\\/wp-content\\\/uploads\\\/2023\\\/08\\\/miniatura_mario-1.jpg\",\"datePublished\":\"2023-08-03T19:08:21+00:00\",\"dateModified\":\"2023-08-03T19:09:13+00:00\",\"author\":{\"@id\":\"https:\\\/\\\/www.filantropiacortessolari.cl\\\/#\\\/schema\\\/person\\\/e099cf1046922f4f5892172332dc86c0\"},\"breadcrumb\":{\"@id\":\"https:\\\/\\\/www.filantropiacortessolari.cl\\\/conversaciones-para-la-educacion-del-siglo-xxi-capitulo-6-sostenibilidad-y-tecnologia\\\/#breadcrumb\"},\"inLanguage\":\"en-US\",\"potentialAction\":[{\"@type\":\"ReadAction\",\"target\":[\"https:\\\/\\\/www.filantropiacortessolari.cl\\\/conversaciones-para-la-educacion-del-siglo-xxi-capitulo-6-sostenibilidad-y-tecnologia\\\/\"]}]},{\"@type\":\"ImageObject\",\"inLanguage\":\"en-US\",\"@id\":\"https:\\\/\\\/www.filantropiacortessolari.cl\\\/conversaciones-para-la-educacion-del-siglo-xxi-capitulo-6-sostenibilidad-y-tecnologia\\\/#primaryimage\",\"url\":\"https:\\\/\\\/www.filantropiacortessolari.cl\\\/wp-content\\\/uploads\\\/2023\\\/08\\\/miniatura_mario-1.jpg\",\"contentUrl\":\"https:\\\/\\\/www.filantropiacortessolari.cl\\\/wp-content\\\/uploads\\\/2023\\\/08\\\/miniatura_mario-1.jpg\",\"width\":634,\"height\":356},{\"@type\":\"BreadcrumbList\",\"@id\":\"https:\\\/\\\/www.filantropiacortessolari.cl\\\/conversaciones-para-la-educacion-del-siglo-xxi-capitulo-6-sostenibilidad-y-tecnologia\\\/#breadcrumb\",\"itemListElement\":[{\"@type\":\"ListItem\",\"position\":1,\"name\":\"Portada\",\"item\":\"https:\\\/\\\/www.filantropiacortessolari.cl\\\/\"},{\"@type\":\"ListItem\",\"position\":2,\"name\":\"Conversaciones para la educaci\u00f3n del siglo XXI: Cap\u00edtulo 6 \u201cSostenibilidad y tecnolog\u00eda\u201d\"}]},{\"@type\":\"WebSite\",\"@id\":\"https:\\\/\\\/www.filantropiacortessolari.cl\\\/#website\",\"url\":\"https:\\\/\\\/www.filantropiacortessolari.cl\\\/\",\"name\":\"Filantrop\u00eda Cort\u00e9s Solari\",\"description\":\"Sitio web Filantrop\u00eda Cort\u00e9s Solari\",\"potentialAction\":[{\"@type\":\"SearchAction\",\"target\":{\"@type\":\"EntryPoint\",\"urlTemplate\":\"https:\\\/\\\/www.filantropiacortessolari.cl\\\/?s={search_term_string}\"},\"query-input\":{\"@type\":\"PropertyValueSpecification\",\"valueRequired\":true,\"valueName\":\"search_term_string\"}}],\"inLanguage\":\"en-US\"},{\"@type\":\"Person\",\"@id\":\"https:\\\/\\\/www.filantropiacortessolari.cl\\\/#\\\/schema\\\/person\\\/e099cf1046922f4f5892172332dc86c0\",\"name\":\"Filantrop\u00eda Cort\u00e9s Solari\",\"image\":{\"@type\":\"ImageObject\",\"inLanguage\":\"en-US\",\"@id\":\"https:\\\/\\\/secure.gravatar.com\\\/avatar\\\/9d17bfe24074ed7576e70cbeb8e010cdd7d01fae9f2047bd96cccbe629ec3c11?s=96&d=mm&r=g\",\"url\":\"https:\\\/\\\/secure.gravatar.com\\\/avatar\\\/9d17bfe24074ed7576e70cbeb8e010cdd7d01fae9f2047bd96cccbe629ec3c11?s=96&d=mm&r=g\",\"contentUrl\":\"https:\\\/\\\/secure.gravatar.com\\\/avatar\\\/9d17bfe24074ed7576e70cbeb8e010cdd7d01fae9f2047bd96cccbe629ec3c11?s=96&d=mm&r=g\",\"caption\":\"Filantrop\u00eda Cort\u00e9s Solari\"},\"url\":\"https:\\\/\\\/www.filantropiacortessolari.cl\\\/en\\\/author\\\/filantropia-cortes-solari\\\/\"}]}<\/script>\n<!-- \/ Yoast SEO plugin. -->","yoast_head_json":{"title":"Conversaciones para la educaci\u00f3n del siglo XXI: Cap\u00edtulo 6 \u201cSostenibilidad y tecnolog\u00eda\u201d","robots":{"index":"index","follow":"follow","max-snippet":"max-snippet:-1","max-image-preview":"max-image-preview:large","max-video-preview":"max-video-preview:-1"},"canonical":"https:\/\/www.filantropiacortessolari.cl\/conversaciones-para-la-educacion-del-siglo-xxi-capitulo-6-sostenibilidad-y-tecnologia\/","og_locale":"en_US","og_type":"article","og_title":"Conversaciones para la educaci\u00f3n del siglo XXI: Cap\u00edtulo 6 \u201cSostenibilidad y tecnolog\u00eda\u201d","og_url":"https:\/\/www.filantropiacortessolari.cl\/conversaciones-para-la-educacion-del-siglo-xxi-capitulo-6-sostenibilidad-y-tecnologia\/","og_site_name":"Filantrop\u00eda Cort\u00e9s Solari","article_published_time":"2023-08-03T19:08:21+00:00","article_modified_time":"2023-08-03T19:09:13+00:00","og_image":[{"width":634,"height":356,"url":"https:\/\/www.filantropiacortessolari.cl\/wp-content\/uploads\/2023\/08\/miniatura_mario-1.jpg","type":"image\/jpeg"}],"author":"Filantrop\u00eda Cort\u00e9s Solari","twitter_card":"summary_large_image","twitter_misc":{"Written by":"Filantrop\u00eda Cort\u00e9s Solari","Est. reading time":"1 minute"},"schema":{"@context":"https:\/\/schema.org","@graph":[{"@type":"Article","@id":"https:\/\/www.filantropiacortessolari.cl\/conversaciones-para-la-educacion-del-siglo-xxi-capitulo-6-sostenibilidad-y-tecnologia\/#article","isPartOf":{"@id":"https:\/\/www.filantropiacortessolari.cl\/conversaciones-para-la-educacion-del-siglo-xxi-capitulo-6-sostenibilidad-y-tecnologia\/"},"author":{"name":"Filantrop\u00eda Cort\u00e9s Solari","@id":"https:\/\/www.filantropiacortessolari.cl\/#\/schema\/person\/e099cf1046922f4f5892172332dc86c0"},"headline":"Conversaciones para la educaci\u00f3n del siglo XXI: Cap\u00edtulo 6 \u201cSostenibilidad y tecnolog\u00eda\u201d","datePublished":"2023-08-03T19:08:21+00:00","dateModified":"2023-08-03T19:09:13+00:00","mainEntityOfPage":{"@id":"https:\/\/www.filantropiacortessolari.cl\/conversaciones-para-la-educacion-del-siglo-xxi-capitulo-6-sostenibilidad-y-tecnologia\/"},"wordCount":211,"commentCount":0,"image":{"@id":"https:\/\/www.filantropiacortessolari.cl\/conversaciones-para-la-educacion-del-siglo-xxi-capitulo-6-sostenibilidad-y-tecnologia\/#primaryimage"},"thumbnailUrl":"https:\/\/www.filantropiacortessolari.cl\/wp-content\/uploads\/2023\/08\/miniatura_mario-1.jpg","articleSection":["Noticias","Prensa Caserta","Prensa Escrita"],"inLanguage":"en-US","potentialAction":[{"@type":"CommentAction","name":"Comment","target":["https:\/\/www.filantropiacortessolari.cl\/conversaciones-para-la-educacion-del-siglo-xxi-capitulo-6-sostenibilidad-y-tecnologia\/#respond"]}]},{"@type":"WebPage","@id":"https:\/\/www.filantropiacortessolari.cl\/conversaciones-para-la-educacion-del-siglo-xxi-capitulo-6-sostenibilidad-y-tecnologia\/","url":"https:\/\/www.filantropiacortessolari.cl\/conversaciones-para-la-educacion-del-siglo-xxi-capitulo-6-sostenibilidad-y-tecnologia\/","name":"Conversaciones para la educaci\u00f3n del siglo XXI: Cap\u00edtulo 6 \u201cSostenibilidad y tecnolog\u00eda\u201d","isPartOf":{"@id":"https:\/\/www.filantropiacortessolari.cl\/#website"},"primaryImageOfPage":{"@id":"https:\/\/www.filantropiacortessolari.cl\/conversaciones-para-la-educacion-del-siglo-xxi-capitulo-6-sostenibilidad-y-tecnologia\/#primaryimage"},"image":{"@id":"https:\/\/www.filantropiacortessolari.cl\/conversaciones-para-la-educacion-del-siglo-xxi-capitulo-6-sostenibilidad-y-tecnologia\/#primaryimage"},"thumbnailUrl":"https:\/\/www.filantropiacortessolari.cl\/wp-content\/uploads\/2023\/08\/miniatura_mario-1.jpg","datePublished":"2023-08-03T19:08:21+00:00","dateModified":"2023-08-03T19:09:13+00:00","author":{"@id":"https:\/\/www.filantropiacortessolari.cl\/#\/schema\/person\/e099cf1046922f4f5892172332dc86c0"},"breadcrumb":{"@id":"https:\/\/www.filantropiacortessolari.cl\/conversaciones-para-la-educacion-del-siglo-xxi-capitulo-6-sostenibilidad-y-tecnologia\/#breadcrumb"},"inLanguage":"en-US","potentialAction":[{"@type":"ReadAction","target":["https:\/\/www.filantropiacortessolari.cl\/conversaciones-para-la-educacion-del-siglo-xxi-capitulo-6-sostenibilidad-y-tecnologia\/"]}]},{"@type":"ImageObject","inLanguage":"en-US","@id":"https:\/\/www.filantropiacortessolari.cl\/conversaciones-para-la-educacion-del-siglo-xxi-capitulo-6-sostenibilidad-y-tecnologia\/#primaryimage","url":"https:\/\/www.filantropiacortessolari.cl\/wp-content\/uploads\/2023\/08\/miniatura_mario-1.jpg","contentUrl":"https:\/\/www.filantropiacortessolari.cl\/wp-content\/uploads\/2023\/08\/miniatura_mario-1.jpg","width":634,"height":356},{"@type":"BreadcrumbList","@id":"https:\/\/www.filantropiacortessolari.cl\/conversaciones-para-la-educacion-del-siglo-xxi-capitulo-6-sostenibilidad-y-tecnologia\/#breadcrumb","itemListElement":[{"@type":"ListItem","position":1,"name":"Portada","item":"https:\/\/www.filantropiacortessolari.cl\/"},{"@type":"ListItem","position":2,"name":"Conversaciones para la educaci\u00f3n del siglo XXI: Cap\u00edtulo 6 \u201cSostenibilidad y tecnolog\u00eda\u201d"}]},{"@type":"WebSite","@id":"https:\/\/www.filantropiacortessolari.cl\/#website","url":"https:\/\/www.filantropiacortessolari.cl\/","name":"Filantrop\u00eda Cort\u00e9s Solari","description":"Sitio web Filantrop\u00eda Cort\u00e9s Solari","potentialAction":[{"@type":"SearchAction","target":{"@type":"EntryPoint","urlTemplate":"https:\/\/www.filantropiacortessolari.cl\/?s={search_term_string}"},"query-input":{"@type":"PropertyValueSpecification","valueRequired":true,"valueName":"search_term_string"}}],"inLanguage":"en-US"},{"@type":"Person","@id":"https:\/\/www.filantropiacortessolari.cl\/#\/schema\/person\/e099cf1046922f4f5892172332dc86c0","name":"Filantrop\u00eda Cort\u00e9s Solari","image":{"@type":"ImageObject","inLanguage":"en-US","@id":"https:\/\/secure.gravatar.com\/avatar\/9d17bfe24074ed7576e70cbeb8e010cdd7d01fae9f2047bd96cccbe629ec3c11?s=96&d=mm&r=g","url":"https:\/\/secure.gravatar.com\/avatar\/9d17bfe24074ed7576e70cbeb8e010cdd7d01fae9f2047bd96cccbe629ec3c11?s=96&d=mm&r=g","contentUrl":"https:\/\/secure.gravatar.com\/avatar\/9d17bfe24074ed7576e70cbeb8e010cdd7d01fae9f2047bd96cccbe629ec3c11?s=96&d=mm&r=g","caption":"Filantrop\u00eda Cort\u00e9s Solari"},"url":"https:\/\/www.filantropiacortessolari.cl\/en\/author\/filantropia-cortes-solari\/"}]}},"_links":{"self":[{"href":"https:\/\/www.filantropiacortessolari.cl\/en\/wp-json\/wp\/v2\/posts\/11499","targetHints":{"allow":["GET"]}}],"collection":[{"href":"https:\/\/www.filantropiacortessolari.cl\/en\/wp-json\/wp\/v2\/posts"}],"about":[{"href":"https:\/\/www.filantropiacortessolari.cl\/en\/wp-json\/wp\/v2\/types\/post"}],"author":[{"embeddable":true,"href":"https:\/\/www.filantropiacortessolari.cl\/en\/wp-json\/wp\/v2\/users\/1"}],"replies":[{"embeddable":true,"href":"https:\/\/www.filantropiacortessolari.cl\/en\/wp-json\/wp\/v2\/comments?post=11499"}],"version-history":[{"count":1,"href":"https:\/\/www.filantropiacortessolari.cl\/en\/wp-json\/wp\/v2\/posts\/11499\/revisions"}],"predecessor-version":[{"id":11501,"href":"https:\/\/www.filantropiacortessolari.cl\/en\/wp-json\/wp\/v2\/posts\/11499\/revisions\/11501"}],"wp:featuredmedia":[{"embeddable":true,"href":"https:\/\/www.filantropiacortessolari.cl\/en\/wp-json\/wp\/v2\/media\/11500"}],"wp:attachment":[{"href":"https:\/\/www.filantropiacortessolari.cl\/en\/wp-json\/wp\/v2\/media?parent=11499"}],"wp:term":[{"taxonomy":"category","embeddable":true,"href":"https:\/\/www.filantropiacortessolari.cl\/en\/wp-json\/wp\/v2\/categories?post=11499"},{"taxonomy":"post_tag","embeddable":true,"href":"https:\/\/www.filantropiacortessolari.cl\/en\/wp-json\/wp\/v2\/tags?post=11499"}],"curies":[{"name":"wp","href":"https:\/\/api.w.org\/{rel}","templated":true}]}}