{"id":11553,"date":"2023-09-25T15:30:56","date_gmt":"2023-09-25T18:30:56","guid":{"rendered":"https:\/\/www.filantropiacortessolari.cl\/?p=11553"},"modified":"2023-09-25T15:35:45","modified_gmt":"2023-09-25T18:35:45","slug":"fundacion-meri-es-destacada-como-lideres-sobre-lideres-en-materia-de-sostenibilidad-por-la-revista-lux-magazine","status":"publish","type":"post","link":"https:\/\/www.filantropiacortessolari.cl\/en\/fundacion-meri-es-destacada-como-lideres-sobre-lideres-en-materia-de-sostenibilidad-por-la-revista-lux-magazine\/","title":{"rendered":"Fundaci\u00f3n MERI es destacada como \u201cLideres sobre Lideres\u201d en materia de sostenibilidad, por la revista Lux Magazine"},"content":{"rendered":"<style type=\"text\/css\"><\/style><p><img loading=\"lazy\" decoding=\"async\" class=\"alignleft size-full wp-image-71178\" src=\"https:\/\/fundacionmeri.cl\/wp-content\/uploads\/2023\/09\/nat.png\" alt=\"\" width=\"121\" height=\"148\" \/><strong>Dr Nathalie Hilmi, Senior Researcher at the Scientific Centre of Monaco, nominates:<\/strong><\/p>\n<h3>Prince Albert II of Monaco Foundation<\/h3>\n<p>This international non-profit organisation is the only foundation in the world headed by a serving head of state. It was founded by His Serene Highness Prince Albert II in 2006 with the mission of protecting and advancing the health of our planet for future generations, with a focus on biodiversity, climate, renewable energy, oceans and water resources. In addition to funding hundreds of projects, the foundation has set up initiatives to be a driving force in these fields, operating in the Mediterranean Basin, the Polar regions and the least developed countries. It works with scientists, other NGOs and world leaders, and has branches in 11 countries. fpa2.org<\/p>\n<h3>MERI Foundation<\/h3>\n<p>I like the work this non-profit foundation is doing for the planet and our environment, promoting scientific research and environmental education on ecosystems in Chile and around the word. It has a vision of inspiring communities to consider a sense of belonging in their ecosystem environment, promoting a society in harmony with the planet. Its philanthropic engagements are stunning.<\/p>\n<p><a href=\"https:\/\/www.lux-mag.com\/\" rel=\"noopener\" target=\"_blank\">https:\/\/www.lux-mag.com\/<\/a><\/p>\n","protected":false},"excerpt":{"rendered":"<p>Dr Nathalie Hilmi, Senior Researcher at the Scientific Centre of Monaco, nominates: Prince Albert II of Monaco Foundation This international non-profit organisation is the only foundation in the world headed by a serving head of state. It was founded by His Serene Highness Prince Albert II in 2006 with the mission of protecting and advancing&#8230;<\/p>\n","protected":false},"author":1,"featured_media":11554,"comment_status":"open","ping_status":"open","sticky":false,"template":"","format":"standard","meta":{"footnotes":""},"categories":[31],"tags":[],"class_list":["post-11553","post","type-post","status-publish","format-standard","has-post-thumbnail","hentry","category-noticias"],"translation":{"provider":"WPGlobus","version":"3.0.2","language":"en","enabled_languages":["es","en"],"languages":{"es":{"title":true,"content":true,"excerpt":false},"en":{"title":false,"content":false,"excerpt":false}}},"yoast_head":"<!-- This site is optimized with the Yoast SEO plugin v27.4 - https:\/\/yoast.com\/product\/yoast-seo-wordpress\/ -->\n<title>Fundaci\u00f3n MERI es destacada como \u201cLideres sobre Lideres\u201d en materia de sostenibilidad, por la revista Lux Magazine<\/title>\n<meta name=\"robots\" content=\"index, follow, max-snippet:-1, max-image-preview:large, max-video-preview:-1\" \/>\n<link rel=\"canonical\" href=\"https:\/\/www.filantropiacortessolari.cl\/fundacion-meri-es-destacada-como-lideres-sobre-lideres-en-materia-de-sostenibilidad-por-la-revista-lux-magazine\/\" \/>\n<meta property=\"og:locale\" content=\"en_US\" \/>\n<meta property=\"og:type\" content=\"article\" \/>\n<meta property=\"og:title\" content=\"Fundaci\u00f3n MERI es destacada como \u201cLideres sobre Lideres\u201d en materia de sostenibilidad, por la revista Lux Magazine\" \/>\n<meta property=\"og:url\" content=\"https:\/\/www.filantropiacortessolari.cl\/fundacion-meri-es-destacada-como-lideres-sobre-lideres-en-materia-de-sostenibilidad-por-la-revista-lux-magazine\/\" \/>\n<meta property=\"og:site_name\" content=\"Filantrop\u00eda Cort\u00e9s Solari\" \/>\n<meta property=\"article:published_time\" content=\"2023-09-25T18:30:56+00:00\" \/>\n<meta property=\"article:modified_time\" content=\"2023-09-25T18:35:45+00:00\" \/>\n<meta property=\"og:image\" content=\"https:\/\/www.filantropiacortessolari.cl\/wp-content\/uploads\/2023\/09\/ballenas.jpg\" \/>\n\t<meta property=\"og:image:width\" content=\"1280\" \/>\n\t<meta property=\"og:image:height\" content=\"853\" \/>\n\t<meta property=\"og:image:type\" content=\"image\/jpeg\" \/>\n<meta name=\"author\" content=\"Filantrop\u00eda Cort\u00e9s Solari\" \/>\n<meta name=\"twitter:card\" content=\"summary_large_image\" \/>\n<meta name=\"twitter:label1\" content=\"Written by\" \/>\n\t<meta name=\"twitter:data1\" content=\"Filantrop\u00eda Cort\u00e9s Solari\" \/>\n\t<meta name=\"twitter:label2\" content=\"Est. reading time\" \/>\n\t<meta name=\"twitter:data2\" content=\"2 minutes\" \/>\n<script type=\"application\/ld+json\" class=\"yoast-schema-graph\">{\"@context\":\"https:\\\/\\\/schema.org\",\"@graph\":[{\"@type\":\"Article\",\"@id\":\"https:\\\/\\\/www.filantropiacortessolari.cl\\\/fundacion-meri-es-destacada-como-lideres-sobre-lideres-en-materia-de-sostenibilidad-por-la-revista-lux-magazine\\\/#article\",\"isPartOf\":{\"@id\":\"https:\\\/\\\/www.filantropiacortessolari.cl\\\/fundacion-meri-es-destacada-como-lideres-sobre-lideres-en-materia-de-sostenibilidad-por-la-revista-lux-magazine\\\/\"},\"author\":{\"name\":\"Filantrop\u00eda Cort\u00e9s Solari\",\"@id\":\"https:\\\/\\\/www.filantropiacortessolari.cl\\\/#\\\/schema\\\/person\\\/e099cf1046922f4f5892172332dc86c0\"},\"headline\":\"Fundaci\u00f3n MERI es destacada como \u201cLideres sobre Lideres\u201d en materia de sostenibilidad, por la revista Lux Magazine\",\"datePublished\":\"2023-09-25T18:30:56+00:00\",\"dateModified\":\"2023-09-25T18:35:45+00:00\",\"mainEntityOfPage\":{\"@id\":\"https:\\\/\\\/www.filantropiacortessolari.cl\\\/fundacion-meri-es-destacada-como-lideres-sobre-lideres-en-materia-de-sostenibilidad-por-la-revista-lux-magazine\\\/\"},\"wordCount\":207,\"commentCount\":0,\"image\":{\"@id\":\"https:\\\/\\\/www.filantropiacortessolari.cl\\\/fundacion-meri-es-destacada-como-lideres-sobre-lideres-en-materia-de-sostenibilidad-por-la-revista-lux-magazine\\\/#primaryimage\"},\"thumbnailUrl\":\"https:\\\/\\\/www.filantropiacortessolari.cl\\\/wp-content\\\/uploads\\\/2023\\\/09\\\/ballenas.jpg\",\"articleSection\":[\"Noticias\"],\"inLanguage\":\"en-US\",\"potentialAction\":[{\"@type\":\"CommentAction\",\"name\":\"Comment\",\"target\":[\"https:\\\/\\\/www.filantropiacortessolari.cl\\\/fundacion-meri-es-destacada-como-lideres-sobre-lideres-en-materia-de-sostenibilidad-por-la-revista-lux-magazine\\\/#respond\"]}]},{\"@type\":\"WebPage\",\"@id\":\"https:\\\/\\\/www.filantropiacortessolari.cl\\\/fundacion-meri-es-destacada-como-lideres-sobre-lideres-en-materia-de-sostenibilidad-por-la-revista-lux-magazine\\\/\",\"url\":\"https:\\\/\\\/www.filantropiacortessolari.cl\\\/fundacion-meri-es-destacada-como-lideres-sobre-lideres-en-materia-de-sostenibilidad-por-la-revista-lux-magazine\\\/\",\"name\":\"Fundaci\u00f3n MERI es destacada como \u201cLideres sobre Lideres\u201d en materia de sostenibilidad, por la revista Lux Magazine\",\"isPartOf\":{\"@id\":\"https:\\\/\\\/www.filantropiacortessolari.cl\\\/#website\"},\"primaryImageOfPage\":{\"@id\":\"https:\\\/\\\/www.filantropiacortessolari.cl\\\/fundacion-meri-es-destacada-como-lideres-sobre-lideres-en-materia-de-sostenibilidad-por-la-revista-lux-magazine\\\/#primaryimage\"},\"image\":{\"@id\":\"https:\\\/\\\/www.filantropiacortessolari.cl\\\/fundacion-meri-es-destacada-como-lideres-sobre-lideres-en-materia-de-sostenibilidad-por-la-revista-lux-magazine\\\/#primaryimage\"},\"thumbnailUrl\":\"https:\\\/\\\/www.filantropiacortessolari.cl\\\/wp-content\\\/uploads\\\/2023\\\/09\\\/ballenas.jpg\",\"datePublished\":\"2023-09-25T18:30:56+00:00\",\"dateModified\":\"2023-09-25T18:35:45+00:00\",\"author\":{\"@id\":\"https:\\\/\\\/www.filantropiacortessolari.cl\\\/#\\\/schema\\\/person\\\/e099cf1046922f4f5892172332dc86c0\"},\"breadcrumb\":{\"@id\":\"https:\\\/\\\/www.filantropiacortessolari.cl\\\/fundacion-meri-es-destacada-como-lideres-sobre-lideres-en-materia-de-sostenibilidad-por-la-revista-lux-magazine\\\/#breadcrumb\"},\"inLanguage\":\"en-US\",\"potentialAction\":[{\"@type\":\"ReadAction\",\"target\":[\"https:\\\/\\\/www.filantropiacortessolari.cl\\\/fundacion-meri-es-destacada-como-lideres-sobre-lideres-en-materia-de-sostenibilidad-por-la-revista-lux-magazine\\\/\"]}]},{\"@type\":\"ImageObject\",\"inLanguage\":\"en-US\",\"@id\":\"https:\\\/\\\/www.filantropiacortessolari.cl\\\/fundacion-meri-es-destacada-como-lideres-sobre-lideres-en-materia-de-sostenibilidad-por-la-revista-lux-magazine\\\/#primaryimage\",\"url\":\"https:\\\/\\\/www.filantropiacortessolari.cl\\\/wp-content\\\/uploads\\\/2023\\\/09\\\/ballenas.jpg\",\"contentUrl\":\"https:\\\/\\\/www.filantropiacortessolari.cl\\\/wp-content\\\/uploads\\\/2023\\\/09\\\/ballenas.jpg\",\"width\":1280,\"height\":853},{\"@type\":\"BreadcrumbList\",\"@id\":\"https:\\\/\\\/www.filantropiacortessolari.cl\\\/fundacion-meri-es-destacada-como-lideres-sobre-lideres-en-materia-de-sostenibilidad-por-la-revista-lux-magazine\\\/#breadcrumb\",\"itemListElement\":[{\"@type\":\"ListItem\",\"position\":1,\"name\":\"Portada\",\"item\":\"https:\\\/\\\/www.filantropiacortessolari.cl\\\/\"},{\"@type\":\"ListItem\",\"position\":2,\"name\":\"Fundaci\u00f3n MERI es destacada como \u201cLideres sobre Lideres\u201d en materia de sostenibilidad, por la revista Lux Magazine\"}]},{\"@type\":\"WebSite\",\"@id\":\"https:\\\/\\\/www.filantropiacortessolari.cl\\\/#website\",\"url\":\"https:\\\/\\\/www.filantropiacortessolari.cl\\\/\",\"name\":\"Filantrop\u00eda Cort\u00e9s Solari\",\"description\":\"Sitio web Filantrop\u00eda Cort\u00e9s Solari\",\"potentialAction\":[{\"@type\":\"SearchAction\",\"target\":{\"@type\":\"EntryPoint\",\"urlTemplate\":\"https:\\\/\\\/www.filantropiacortessolari.cl\\\/?s={search_term_string}\"},\"query-input\":{\"@type\":\"PropertyValueSpecification\",\"valueRequired\":true,\"valueName\":\"search_term_string\"}}],\"inLanguage\":\"en-US\"},{\"@type\":\"Person\",\"@id\":\"https:\\\/\\\/www.filantropiacortessolari.cl\\\/#\\\/schema\\\/person\\\/e099cf1046922f4f5892172332dc86c0\",\"name\":\"Filantrop\u00eda Cort\u00e9s Solari\",\"image\":{\"@type\":\"ImageObject\",\"inLanguage\":\"en-US\",\"@id\":\"https:\\\/\\\/secure.gravatar.com\\\/avatar\\\/9d17bfe24074ed7576e70cbeb8e010cdd7d01fae9f2047bd96cccbe629ec3c11?s=96&d=mm&r=g\",\"url\":\"https:\\\/\\\/secure.gravatar.com\\\/avatar\\\/9d17bfe24074ed7576e70cbeb8e010cdd7d01fae9f2047bd96cccbe629ec3c11?s=96&d=mm&r=g\",\"contentUrl\":\"https:\\\/\\\/secure.gravatar.com\\\/avatar\\\/9d17bfe24074ed7576e70cbeb8e010cdd7d01fae9f2047bd96cccbe629ec3c11?s=96&d=mm&r=g\",\"caption\":\"Filantrop\u00eda Cort\u00e9s Solari\"},\"url\":\"https:\\\/\\\/www.filantropiacortessolari.cl\\\/en\\\/author\\\/filantropia-cortes-solari\\\/\"}]}<\/script>\n<!-- \/ Yoast SEO plugin. -->","yoast_head_json":{"title":"Fundaci\u00f3n MERI es destacada como \u201cLideres sobre Lideres\u201d en materia de sostenibilidad, por la revista Lux Magazine","robots":{"index":"index","follow":"follow","max-snippet":"max-snippet:-1","max-image-preview":"max-image-preview:large","max-video-preview":"max-video-preview:-1"},"canonical":"https:\/\/www.filantropiacortessolari.cl\/fundacion-meri-es-destacada-como-lideres-sobre-lideres-en-materia-de-sostenibilidad-por-la-revista-lux-magazine\/","og_locale":"en_US","og_type":"article","og_title":"Fundaci\u00f3n MERI es destacada como \u201cLideres sobre Lideres\u201d en materia de sostenibilidad, por la revista Lux Magazine","og_url":"https:\/\/www.filantropiacortessolari.cl\/fundacion-meri-es-destacada-como-lideres-sobre-lideres-en-materia-de-sostenibilidad-por-la-revista-lux-magazine\/","og_site_name":"Filantrop\u00eda Cort\u00e9s Solari","article_published_time":"2023-09-25T18:30:56+00:00","article_modified_time":"2023-09-25T18:35:45+00:00","og_image":[{"width":1280,"height":853,"url":"https:\/\/www.filantropiacortessolari.cl\/wp-content\/uploads\/2023\/09\/ballenas.jpg","type":"image\/jpeg"}],"author":"Filantrop\u00eda Cort\u00e9s Solari","twitter_card":"summary_large_image","twitter_misc":{"Written by":"Filantrop\u00eda Cort\u00e9s Solari","Est. reading time":"2 minutes"},"schema":{"@context":"https:\/\/schema.org","@graph":[{"@type":"Article","@id":"https:\/\/www.filantropiacortessolari.cl\/fundacion-meri-es-destacada-como-lideres-sobre-lideres-en-materia-de-sostenibilidad-por-la-revista-lux-magazine\/#article","isPartOf":{"@id":"https:\/\/www.filantropiacortessolari.cl\/fundacion-meri-es-destacada-como-lideres-sobre-lideres-en-materia-de-sostenibilidad-por-la-revista-lux-magazine\/"},"author":{"name":"Filantrop\u00eda Cort\u00e9s Solari","@id":"https:\/\/www.filantropiacortessolari.cl\/#\/schema\/person\/e099cf1046922f4f5892172332dc86c0"},"headline":"Fundaci\u00f3n MERI es destacada como \u201cLideres sobre Lideres\u201d en materia de sostenibilidad, por la revista Lux Magazine","datePublished":"2023-09-25T18:30:56+00:00","dateModified":"2023-09-25T18:35:45+00:00","mainEntityOfPage":{"@id":"https:\/\/www.filantropiacortessolari.cl\/fundacion-meri-es-destacada-como-lideres-sobre-lideres-en-materia-de-sostenibilidad-por-la-revista-lux-magazine\/"},"wordCount":207,"commentCount":0,"image":{"@id":"https:\/\/www.filantropiacortessolari.cl\/fundacion-meri-es-destacada-como-lideres-sobre-lideres-en-materia-de-sostenibilidad-por-la-revista-lux-magazine\/#primaryimage"},"thumbnailUrl":"https:\/\/www.filantropiacortessolari.cl\/wp-content\/uploads\/2023\/09\/ballenas.jpg","articleSection":["Noticias"],"inLanguage":"en-US","potentialAction":[{"@type":"CommentAction","name":"Comment","target":["https:\/\/www.filantropiacortessolari.cl\/fundacion-meri-es-destacada-como-lideres-sobre-lideres-en-materia-de-sostenibilidad-por-la-revista-lux-magazine\/#respond"]}]},{"@type":"WebPage","@id":"https:\/\/www.filantropiacortessolari.cl\/fundacion-meri-es-destacada-como-lideres-sobre-lideres-en-materia-de-sostenibilidad-por-la-revista-lux-magazine\/","url":"https:\/\/www.filantropiacortessolari.cl\/fundacion-meri-es-destacada-como-lideres-sobre-lideres-en-materia-de-sostenibilidad-por-la-revista-lux-magazine\/","name":"Fundaci\u00f3n MERI es destacada como \u201cLideres sobre Lideres\u201d en materia de sostenibilidad, por la revista Lux Magazine","isPartOf":{"@id":"https:\/\/www.filantropiacortessolari.cl\/#website"},"primaryImageOfPage":{"@id":"https:\/\/www.filantropiacortessolari.cl\/fundacion-meri-es-destacada-como-lideres-sobre-lideres-en-materia-de-sostenibilidad-por-la-revista-lux-magazine\/#primaryimage"},"image":{"@id":"https:\/\/www.filantropiacortessolari.cl\/fundacion-meri-es-destacada-como-lideres-sobre-lideres-en-materia-de-sostenibilidad-por-la-revista-lux-magazine\/#primaryimage"},"thumbnailUrl":"https:\/\/www.filantropiacortessolari.cl\/wp-content\/uploads\/2023\/09\/ballenas.jpg","datePublished":"2023-09-25T18:30:56+00:00","dateModified":"2023-09-25T18:35:45+00:00","author":{"@id":"https:\/\/www.filantropiacortessolari.cl\/#\/schema\/person\/e099cf1046922f4f5892172332dc86c0"},"breadcrumb":{"@id":"https:\/\/www.filantropiacortessolari.cl\/fundacion-meri-es-destacada-como-lideres-sobre-lideres-en-materia-de-sostenibilidad-por-la-revista-lux-magazine\/#breadcrumb"},"inLanguage":"en-US","potentialAction":[{"@type":"ReadAction","target":["https:\/\/www.filantropiacortessolari.cl\/fundacion-meri-es-destacada-como-lideres-sobre-lideres-en-materia-de-sostenibilidad-por-la-revista-lux-magazine\/"]}]},{"@type":"ImageObject","inLanguage":"en-US","@id":"https:\/\/www.filantropiacortessolari.cl\/fundacion-meri-es-destacada-como-lideres-sobre-lideres-en-materia-de-sostenibilidad-por-la-revista-lux-magazine\/#primaryimage","url":"https:\/\/www.filantropiacortessolari.cl\/wp-content\/uploads\/2023\/09\/ballenas.jpg","contentUrl":"https:\/\/www.filantropiacortessolari.cl\/wp-content\/uploads\/2023\/09\/ballenas.jpg","width":1280,"height":853},{"@type":"BreadcrumbList","@id":"https:\/\/www.filantropiacortessolari.cl\/fundacion-meri-es-destacada-como-lideres-sobre-lideres-en-materia-de-sostenibilidad-por-la-revista-lux-magazine\/#breadcrumb","itemListElement":[{"@type":"ListItem","position":1,"name":"Portada","item":"https:\/\/www.filantropiacortessolari.cl\/"},{"@type":"ListItem","position":2,"name":"Fundaci\u00f3n MERI es destacada como \u201cLideres sobre Lideres\u201d en materia de sostenibilidad, por la revista Lux Magazine"}]},{"@type":"WebSite","@id":"https:\/\/www.filantropiacortessolari.cl\/#website","url":"https:\/\/www.filantropiacortessolari.cl\/","name":"Filantrop\u00eda Cort\u00e9s Solari","description":"Sitio web Filantrop\u00eda Cort\u00e9s Solari","potentialAction":[{"@type":"SearchAction","target":{"@type":"EntryPoint","urlTemplate":"https:\/\/www.filantropiacortessolari.cl\/?s={search_term_string}"},"query-input":{"@type":"PropertyValueSpecification","valueRequired":true,"valueName":"search_term_string"}}],"inLanguage":"en-US"},{"@type":"Person","@id":"https:\/\/www.filantropiacortessolari.cl\/#\/schema\/person\/e099cf1046922f4f5892172332dc86c0","name":"Filantrop\u00eda Cort\u00e9s Solari","image":{"@type":"ImageObject","inLanguage":"en-US","@id":"https:\/\/secure.gravatar.com\/avatar\/9d17bfe24074ed7576e70cbeb8e010cdd7d01fae9f2047bd96cccbe629ec3c11?s=96&d=mm&r=g","url":"https:\/\/secure.gravatar.com\/avatar\/9d17bfe24074ed7576e70cbeb8e010cdd7d01fae9f2047bd96cccbe629ec3c11?s=96&d=mm&r=g","contentUrl":"https:\/\/secure.gravatar.com\/avatar\/9d17bfe24074ed7576e70cbeb8e010cdd7d01fae9f2047bd96cccbe629ec3c11?s=96&d=mm&r=g","caption":"Filantrop\u00eda Cort\u00e9s Solari"},"url":"https:\/\/www.filantropiacortessolari.cl\/en\/author\/filantropia-cortes-solari\/"}]}},"_links":{"self":[{"href":"https:\/\/www.filantropiacortessolari.cl\/en\/wp-json\/wp\/v2\/posts\/11553","targetHints":{"allow":["GET"]}}],"collection":[{"href":"https:\/\/www.filantropiacortessolari.cl\/en\/wp-json\/wp\/v2\/posts"}],"about":[{"href":"https:\/\/www.filantropiacortessolari.cl\/en\/wp-json\/wp\/v2\/types\/post"}],"author":[{"embeddable":true,"href":"https:\/\/www.filantropiacortessolari.cl\/en\/wp-json\/wp\/v2\/users\/1"}],"replies":[{"embeddable":true,"href":"https:\/\/www.filantropiacortessolari.cl\/en\/wp-json\/wp\/v2\/comments?post=11553"}],"version-history":[{"count":4,"href":"https:\/\/www.filantropiacortessolari.cl\/en\/wp-json\/wp\/v2\/posts\/11553\/revisions"}],"predecessor-version":[{"id":11558,"href":"https:\/\/www.filantropiacortessolari.cl\/en\/wp-json\/wp\/v2\/posts\/11553\/revisions\/11558"}],"wp:featuredmedia":[{"embeddable":true,"href":"https:\/\/www.filantropiacortessolari.cl\/en\/wp-json\/wp\/v2\/media\/11554"}],"wp:attachment":[{"href":"https:\/\/www.filantropiacortessolari.cl\/en\/wp-json\/wp\/v2\/media?parent=11553"}],"wp:term":[{"taxonomy":"category","embeddable":true,"href":"https:\/\/www.filantropiacortessolari.cl\/en\/wp-json\/wp\/v2\/categories?post=11553"},{"taxonomy":"post_tag","embeddable":true,"href":"https:\/\/www.filantropiacortessolari.cl\/en\/wp-json\/wp\/v2\/tags?post=11553"}],"curies":[{"name":"wp","href":"https:\/\/api.w.org\/{rel}","templated":true}]}}