{"id":11596,"date":"2023-11-13T20:09:28","date_gmt":"2023-11-13T23:09:28","guid":{"rendered":"https:\/\/www.filantropiacortessolari.cl\/?p=11596"},"modified":"2023-11-13T21:59:30","modified_gmt":"2023-11-14T00:59:30","slug":"fundacion-meri-estuvo-en-festival-ladera-sur2023","status":"publish","type":"post","link":"https:\/\/www.filantropiacortessolari.cl\/en\/fundacion-meri-estuvo-en-festival-ladera-sur2023\/","title":{"rendered":"Fundaci\u00f3n Meri estuvo en Festival Ladera Sur 2023"},"content":{"rendered":"<style type=\"text\/css\"><\/style><p><img loading=\"lazy\" decoding=\"async\" class=\"alignleft size-medium wp-image-11611\" src=\"https:\/\/www.filantropiacortessolari.cl\/wp-content\/uploads\/2023\/11\/ladera-sur15-300x200.jpg\" alt=\"\" width=\"300\" height=\"200\" srcset=\"https:\/\/www.filantropiacortessolari.cl\/wp-content\/uploads\/2023\/11\/ladera-sur15-300x200.jpg 300w, https:\/\/www.filantropiacortessolari.cl\/wp-content\/uploads\/2023\/11\/ladera-sur15-1024x683.jpg 1024w, https:\/\/www.filantropiacortessolari.cl\/wp-content\/uploads\/2023\/11\/ladera-sur15-768x512.jpg 768w, https:\/\/www.filantropiacortessolari.cl\/wp-content\/uploads\/2023\/11\/ladera-sur15-1536x1024.jpg 1536w, https:\/\/www.filantropiacortessolari.cl\/wp-content\/uploads\/2023\/11\/ladera-sur15-2048x1365.jpg 2048w, https:\/\/www.filantropiacortessolari.cl\/wp-content\/uploads\/2023\/11\/ladera-sur15-580x387.jpg 580w, https:\/\/www.filantropiacortessolari.cl\/wp-content\/uploads\/2023\/11\/ladera-sur15-820x547.jpg 820w, https:\/\/www.filantropiacortessolari.cl\/wp-content\/uploads\/2023\/11\/ladera-sur15-1160x773.jpg 1160w\" sizes=\"auto, (max-width: 300px) 100vw, 300px\" \/>Con m\u00e1s de 15 mil asistentes, se desarroll\u00f3\u00a0entre el 10 y el 12 de noviembre, la segunda edici\u00f3n del Festival Ladera Sur, en el Parque Santa Rosa de Apoquindo.<\/p>\n<p>Filantrop\u00eda Cort\u00e9s Solari, a trav\u00e9s de <a href=\"https:\/\/fundacionmeri.cl\/\" target=\"_blank\" rel=\"noopener\">Fundaci\u00f3n Meri<\/a>, particip\u00f3 con un gran stand en la Casa Museo del parque, en que present\u00f3 el\u00a0<a href=\"https:\/\/fundacionmeri.cl\/flamenco\/\" target=\"_blank\" rel=\"noopener\" data-saferedirecturl=\"https:\/\/www.google.com\/url?q=https:\/\/fundacionmeri.cl\/flamenco\/&amp;source=gmail&amp;ust=1700000566647000&amp;usg=AOvVaw1-ZX53Vou7coiIrbpM9Mfs\">Proyecto SAFE &#8211; Protecci\u00f3n del Flamenco Altoandino<\/a> en que participa en conjunto con el programa SAFE (Saving Animals From Extinction);\u00a0el Zool\u00f3gico Nacional de Chile, y que es liderado por la Asociaci\u00f3n Americana de Zool\u00f3gicos y Acuarios (AZA) y por el ZCOG (Zoo Conservation Outreach Group), con el objetivo de asegurar poblaciones sustentables de flamencos andinos, chilenos y de la Puna (o de James) a lo largo de su rango geogr\u00e1fico en Am\u00e9rica del Sur.<\/p>\n<p>Adem\u00e1s, con el objetivo de informar y concientizar sobre la protecci\u00f3n de los oc\u00e9anos y, en espec\u00edfico sobre los cet\u00e1ceos que habitan en estos, en el stand se incluy\u00f3 una zona interactiva que ilustr\u00f3 la contaminaci\u00f3n ac\u00fastica y otras amenazas a la que se enfrentan estos animales marinos.<\/p>\n<p>Asimismo, la<a href=\"https:\/\/www.pueblokawesqar.com\/fundacion\" target=\"_blank\" rel=\"noopener\" data-saferedirecturl=\"https:\/\/www.google.com\/url?q=https:\/\/www.pueblokawesqar.com\/fundacion&amp;source=gmail&amp;ust=1700000566647000&amp;usg=AOvVaw0NLPba8aFsPXn4La5yKdPz\">\u00a0Fundaci\u00f3n Pueblo Kawesqar<\/a>\u00a0tambi\u00e9n estuvo presente en este espacio, con el objetivo de visibilizar el patrimonio vivo o inmaterial, y natural o material, de este pueblo originario del extremo sur de Chile.<\/p>\n<div id='gallery-1' class='gallery galleryid-11596 gallery-columns-3 gallery-size-thumbnail'><figure class='gallery-item'>\n\t\t\t<div class='gallery-icon landscape'>\n\t\t\t\t<a href='https:\/\/www.filantropiacortessolari.cl\/wp-content\/uploads\/2023\/11\/ladera-sur14-scaled.jpg'><img loading=\"lazy\" decoding=\"async\" width=\"150\" height=\"150\" src=\"https:\/\/www.filantropiacortessolari.cl\/wp-content\/uploads\/2023\/11\/ladera-sur14-150x150.jpg\" class=\"attachment-thumbnail size-thumbnail\" alt=\"\" srcset=\"https:\/\/www.filantropiacortessolari.cl\/wp-content\/uploads\/2023\/11\/ladera-sur14-150x150.jpg 150w, https:\/\/www.filantropiacortessolari.cl\/wp-content\/uploads\/2023\/11\/ladera-sur14-55x55.jpg 55w, https:\/\/www.filantropiacortessolari.cl\/wp-content\/uploads\/2023\/11\/ladera-sur14-250x250.jpg 250w\" sizes=\"auto, (max-width: 150px) 100vw, 150px\" \/><\/a>\n\t\t\t<\/div><\/figure><figure class='gallery-item'>\n\t\t\t<div class='gallery-icon landscape'>\n\t\t\t\t<a href='https:\/\/www.filantropiacortessolari.cl\/wp-content\/uploads\/2023\/11\/ladera-sur16-scaled.jpg'><img loading=\"lazy\" decoding=\"async\" width=\"150\" height=\"150\" src=\"https:\/\/www.filantropiacortessolari.cl\/wp-content\/uploads\/2023\/11\/ladera-sur16-150x150.jpg\" class=\"attachment-thumbnail size-thumbnail\" alt=\"\" srcset=\"https:\/\/www.filantropiacortessolari.cl\/wp-content\/uploads\/2023\/11\/ladera-sur16-150x150.jpg 150w, https:\/\/www.filantropiacortessolari.cl\/wp-content\/uploads\/2023\/11\/ladera-sur16-55x55.jpg 55w, https:\/\/www.filantropiacortessolari.cl\/wp-content\/uploads\/2023\/11\/ladera-sur16-250x250.jpg 250w\" sizes=\"auto, (max-width: 150px) 100vw, 150px\" \/><\/a>\n\t\t\t<\/div><\/figure><figure class='gallery-item'>\n\t\t\t<div class='gallery-icon landscape'>\n\t\t\t\t<a href='https:\/\/www.filantropiacortessolari.cl\/wp-content\/uploads\/2023\/11\/ladera-sur13-scaled.jpg'><img loading=\"lazy\" decoding=\"async\" width=\"150\" height=\"150\" src=\"https:\/\/www.filantropiacortessolari.cl\/wp-content\/uploads\/2023\/11\/ladera-sur13-150x150.jpg\" class=\"attachment-thumbnail size-thumbnail\" alt=\"\" srcset=\"https:\/\/www.filantropiacortessolari.cl\/wp-content\/uploads\/2023\/11\/ladera-sur13-150x150.jpg 150w, https:\/\/www.filantropiacortessolari.cl\/wp-content\/uploads\/2023\/11\/ladera-sur13-55x55.jpg 55w, https:\/\/www.filantropiacortessolari.cl\/wp-content\/uploads\/2023\/11\/ladera-sur13-250x250.jpg 250w\" sizes=\"auto, (max-width: 150px) 100vw, 150px\" \/><\/a>\n\t\t\t<\/div><\/figure><figure class='gallery-item'>\n\t\t\t<div class='gallery-icon landscape'>\n\t\t\t\t<a href='https:\/\/www.filantropiacortessolari.cl\/wp-content\/uploads\/2023\/11\/ladera-sur12-scaled.jpg'><img loading=\"lazy\" decoding=\"async\" width=\"150\" height=\"150\" src=\"https:\/\/www.filantropiacortessolari.cl\/wp-content\/uploads\/2023\/11\/ladera-sur12-150x150.jpg\" class=\"attachment-thumbnail size-thumbnail\" alt=\"\" srcset=\"https:\/\/www.filantropiacortessolari.cl\/wp-content\/uploads\/2023\/11\/ladera-sur12-150x150.jpg 150w, https:\/\/www.filantropiacortessolari.cl\/wp-content\/uploads\/2023\/11\/ladera-sur12-55x55.jpg 55w, https:\/\/www.filantropiacortessolari.cl\/wp-content\/uploads\/2023\/11\/ladera-sur12-250x250.jpg 250w\" sizes=\"auto, (max-width: 150px) 100vw, 150px\" \/><\/a>\n\t\t\t<\/div><\/figure><figure class='gallery-item'>\n\t\t\t<div class='gallery-icon landscape'>\n\t\t\t\t<a href='https:\/\/www.filantropiacortessolari.cl\/wp-content\/uploads\/2023\/11\/ladera-sur11-scaled.jpg'><img loading=\"lazy\" decoding=\"async\" width=\"150\" height=\"150\" src=\"https:\/\/www.filantropiacortessolari.cl\/wp-content\/uploads\/2023\/11\/ladera-sur11-150x150.jpg\" class=\"attachment-thumbnail size-thumbnail\" alt=\"\" srcset=\"https:\/\/www.filantropiacortessolari.cl\/wp-content\/uploads\/2023\/11\/ladera-sur11-150x150.jpg 150w, https:\/\/www.filantropiacortessolari.cl\/wp-content\/uploads\/2023\/11\/ladera-sur11-55x55.jpg 55w, https:\/\/www.filantropiacortessolari.cl\/wp-content\/uploads\/2023\/11\/ladera-sur11-250x250.jpg 250w\" sizes=\"auto, (max-width: 150px) 100vw, 150px\" \/><\/a>\n\t\t\t<\/div><\/figure><figure class='gallery-item'>\n\t\t\t<div class='gallery-icon landscape'>\n\t\t\t\t<a href='https:\/\/www.filantropiacortessolari.cl\/wp-content\/uploads\/2023\/11\/ladera-sur10-scaled.jpg'><img loading=\"lazy\" decoding=\"async\" width=\"150\" height=\"150\" src=\"https:\/\/www.filantropiacortessolari.cl\/wp-content\/uploads\/2023\/11\/ladera-sur10-150x150.jpg\" class=\"attachment-thumbnail size-thumbnail\" alt=\"\" srcset=\"https:\/\/www.filantropiacortessolari.cl\/wp-content\/uploads\/2023\/11\/ladera-sur10-150x150.jpg 150w, https:\/\/www.filantropiacortessolari.cl\/wp-content\/uploads\/2023\/11\/ladera-sur10-55x55.jpg 55w, https:\/\/www.filantropiacortessolari.cl\/wp-content\/uploads\/2023\/11\/ladera-sur10-250x250.jpg 250w\" sizes=\"auto, (max-width: 150px) 100vw, 150px\" \/><\/a>\n\t\t\t<\/div><\/figure><figure class='gallery-item'>\n\t\t\t<div class='gallery-icon landscape'>\n\t\t\t\t<a href='https:\/\/www.filantropiacortessolari.cl\/wp-content\/uploads\/2023\/11\/ladera-sur9-scaled.jpg'><img loading=\"lazy\" decoding=\"async\" width=\"150\" height=\"150\" src=\"https:\/\/www.filantropiacortessolari.cl\/wp-content\/uploads\/2023\/11\/ladera-sur9-150x150.jpg\" class=\"attachment-thumbnail size-thumbnail\" alt=\"\" srcset=\"https:\/\/www.filantropiacortessolari.cl\/wp-content\/uploads\/2023\/11\/ladera-sur9-150x150.jpg 150w, https:\/\/www.filantropiacortessolari.cl\/wp-content\/uploads\/2023\/11\/ladera-sur9-55x55.jpg 55w, https:\/\/www.filantropiacortessolari.cl\/wp-content\/uploads\/2023\/11\/ladera-sur9-250x250.jpg 250w\" sizes=\"auto, (max-width: 150px) 100vw, 150px\" \/><\/a>\n\t\t\t<\/div><\/figure><figure class='gallery-item'>\n\t\t\t<div class='gallery-icon landscape'>\n\t\t\t\t<a href='https:\/\/www.filantropiacortessolari.cl\/wp-content\/uploads\/2023\/11\/ladera-sur8-scaled.jpg'><img loading=\"lazy\" decoding=\"async\" width=\"150\" height=\"150\" src=\"https:\/\/www.filantropiacortessolari.cl\/wp-content\/uploads\/2023\/11\/ladera-sur8-150x150.jpg\" class=\"attachment-thumbnail size-thumbnail\" alt=\"\" srcset=\"https:\/\/www.filantropiacortessolari.cl\/wp-content\/uploads\/2023\/11\/ladera-sur8-150x150.jpg 150w, https:\/\/www.filantropiacortessolari.cl\/wp-content\/uploads\/2023\/11\/ladera-sur8-55x55.jpg 55w, https:\/\/www.filantropiacortessolari.cl\/wp-content\/uploads\/2023\/11\/ladera-sur8-250x250.jpg 250w\" sizes=\"auto, (max-width: 150px) 100vw, 150px\" \/><\/a>\n\t\t\t<\/div><\/figure><figure class='gallery-item'>\n\t\t\t<div class='gallery-icon landscape'>\n\t\t\t\t<a href='https:\/\/www.filantropiacortessolari.cl\/wp-content\/uploads\/2023\/11\/ladera-sur7-scaled.jpg'><img loading=\"lazy\" decoding=\"async\" width=\"150\" height=\"150\" src=\"https:\/\/www.filantropiacortessolari.cl\/wp-content\/uploads\/2023\/11\/ladera-sur7-150x150.jpg\" class=\"attachment-thumbnail size-thumbnail\" alt=\"\" srcset=\"https:\/\/www.filantropiacortessolari.cl\/wp-content\/uploads\/2023\/11\/ladera-sur7-150x150.jpg 150w, https:\/\/www.filantropiacortessolari.cl\/wp-content\/uploads\/2023\/11\/ladera-sur7-55x55.jpg 55w, https:\/\/www.filantropiacortessolari.cl\/wp-content\/uploads\/2023\/11\/ladera-sur7-250x250.jpg 250w\" sizes=\"auto, (max-width: 150px) 100vw, 150px\" \/><\/a>\n\t\t\t<\/div><\/figure><figure class='gallery-item'>\n\t\t\t<div class='gallery-icon landscape'>\n\t\t\t\t<a href='https:\/\/www.filantropiacortessolari.cl\/wp-content\/uploads\/2023\/11\/ladera-sur6-scaled.jpg'><img loading=\"lazy\" decoding=\"async\" width=\"150\" height=\"150\" src=\"https:\/\/www.filantropiacortessolari.cl\/wp-content\/uploads\/2023\/11\/ladera-sur6-150x150.jpg\" class=\"attachment-thumbnail size-thumbnail\" alt=\"\" srcset=\"https:\/\/www.filantropiacortessolari.cl\/wp-content\/uploads\/2023\/11\/ladera-sur6-150x150.jpg 150w, https:\/\/www.filantropiacortessolari.cl\/wp-content\/uploads\/2023\/11\/ladera-sur6-55x55.jpg 55w, https:\/\/www.filantropiacortessolari.cl\/wp-content\/uploads\/2023\/11\/ladera-sur6-250x250.jpg 250w\" sizes=\"auto, (max-width: 150px) 100vw, 150px\" \/><\/a>\n\t\t\t<\/div><\/figure><figure class='gallery-item'>\n\t\t\t<div class='gallery-icon landscape'>\n\t\t\t\t<a href='https:\/\/www.filantropiacortessolari.cl\/wp-content\/uploads\/2023\/11\/ladera-sur3-scaled.jpg'><img loading=\"lazy\" decoding=\"async\" width=\"150\" height=\"150\" src=\"https:\/\/www.filantropiacortessolari.cl\/wp-content\/uploads\/2023\/11\/ladera-sur3-150x150.jpg\" class=\"attachment-thumbnail size-thumbnail\" alt=\"\" srcset=\"https:\/\/www.filantropiacortessolari.cl\/wp-content\/uploads\/2023\/11\/ladera-sur3-150x150.jpg 150w, https:\/\/www.filantropiacortessolari.cl\/wp-content\/uploads\/2023\/11\/ladera-sur3-55x55.jpg 55w, https:\/\/www.filantropiacortessolari.cl\/wp-content\/uploads\/2023\/11\/ladera-sur3-250x250.jpg 250w\" sizes=\"auto, (max-width: 150px) 100vw, 150px\" \/><\/a>\n\t\t\t<\/div><\/figure>\n\t\t<\/div>\n\n","protected":false},"excerpt":{"rendered":"<p>Con m\u00e1s de 15 mil asistentes, se desarroll\u00f3\u00a0entre el 10 y el 12 de noviembre, la segunda edici\u00f3n del Festival Ladera Sur, en el Parque Santa Rosa de Apoquindo. Filantrop\u00eda Cort\u00e9s Solari, a trav\u00e9s de Fundaci\u00f3n Meri, particip\u00f3 con un gran stand en la Casa Museo del parque, en que present\u00f3 el\u00a0Proyecto SAFE &#8211; Protecci\u00f3n&#8230;<\/p>\n","protected":false},"author":1,"featured_media":11604,"comment_status":"open","ping_status":"open","sticky":false,"template":"","format":"standard","meta":{"footnotes":""},"categories":[31,5,6],"tags":[],"class_list":["post-11596","post","type-post","status-publish","format-standard","has-post-thumbnail","hentry","category-noticias","category-prensa-escrita","category-fundacion-meri"],"translation":{"provider":"WPGlobus","version":"3.0.2","language":"en","enabled_languages":["es","en"],"languages":{"es":{"title":true,"content":true,"excerpt":false},"en":{"title":false,"content":false,"excerpt":false}}},"yoast_head":"<!-- This site is optimized with the Yoast SEO plugin v27.4 - https:\/\/yoast.com\/product\/yoast-seo-wordpress\/ -->\n<title>Fundaci\u00f3n Meri estuvo en Festival Ladera Sur 2023<\/title>\n<meta name=\"robots\" content=\"index, follow, max-snippet:-1, max-image-preview:large, max-video-preview:-1\" \/>\n<link rel=\"canonical\" href=\"https:\/\/www.filantropiacortessolari.cl\/fundacion-meri-estuvo-en-festival-ladera-sur2023\/\" \/>\n<meta property=\"og:locale\" content=\"en_US\" \/>\n<meta property=\"og:type\" content=\"article\" \/>\n<meta property=\"og:title\" content=\"Fundaci\u00f3n Meri estuvo en Festival Ladera Sur 2023\" \/>\n<meta property=\"og:url\" content=\"https:\/\/www.filantropiacortessolari.cl\/fundacion-meri-estuvo-en-festival-ladera-sur2023\/\" \/>\n<meta property=\"og:site_name\" content=\"Filantrop\u00eda Cort\u00e9s Solari\" \/>\n<meta property=\"article:published_time\" content=\"2023-11-13T23:09:28+00:00\" \/>\n<meta property=\"article:modified_time\" content=\"2023-11-14T00:59:30+00:00\" \/>\n<meta property=\"og:image\" content=\"https:\/\/www.filantropiacortessolari.cl\/wp-content\/uploads\/2023\/11\/ladera-sur8-scaled.jpg\" \/>\n\t<meta property=\"og:image:width\" content=\"2560\" \/>\n\t<meta property=\"og:image:height\" content=\"1707\" \/>\n\t<meta property=\"og:image:type\" content=\"image\/jpeg\" \/>\n<meta name=\"author\" content=\"Filantrop\u00eda Cort\u00e9s Solari\" \/>\n<meta name=\"twitter:card\" content=\"summary_large_image\" \/>\n<meta name=\"twitter:label1\" content=\"Written by\" \/>\n\t<meta name=\"twitter:data1\" content=\"Filantrop\u00eda Cort\u00e9s Solari\" \/>\n\t<meta name=\"twitter:label2\" content=\"Est. reading time\" \/>\n\t<meta name=\"twitter:data2\" content=\"2 minutes\" \/>\n<script type=\"application\/ld+json\" class=\"yoast-schema-graph\">{\"@context\":\"https:\\\/\\\/schema.org\",\"@graph\":[{\"@type\":\"Article\",\"@id\":\"https:\\\/\\\/www.filantropiacortessolari.cl\\\/fundacion-meri-estuvo-en-festival-ladera-sur2023\\\/#article\",\"isPartOf\":{\"@id\":\"https:\\\/\\\/www.filantropiacortessolari.cl\\\/fundacion-meri-estuvo-en-festival-ladera-sur2023\\\/\"},\"author\":{\"name\":\"Filantrop\u00eda Cort\u00e9s Solari\",\"@id\":\"https:\\\/\\\/www.filantropiacortessolari.cl\\\/#\\\/schema\\\/person\\\/e099cf1046922f4f5892172332dc86c0\"},\"headline\":\"Fundaci\u00f3n Meri estuvo en Festival Ladera Sur 2023\",\"datePublished\":\"2023-11-13T23:09:28+00:00\",\"dateModified\":\"2023-11-14T00:59:30+00:00\",\"mainEntityOfPage\":{\"@id\":\"https:\\\/\\\/www.filantropiacortessolari.cl\\\/fundacion-meri-estuvo-en-festival-ladera-sur2023\\\/\"},\"wordCount\":240,\"commentCount\":0,\"image\":{\"@id\":\"https:\\\/\\\/www.filantropiacortessolari.cl\\\/fundacion-meri-estuvo-en-festival-ladera-sur2023\\\/#primaryimage\"},\"thumbnailUrl\":\"https:\\\/\\\/www.filantropiacortessolari.cl\\\/wp-content\\\/uploads\\\/2023\\\/11\\\/ladera-sur8-scaled.jpg\",\"articleSection\":[\"Noticias\",\"Prensa Escrita\",\"Prensa MERI\"],\"inLanguage\":\"en-US\",\"potentialAction\":[{\"@type\":\"CommentAction\",\"name\":\"Comment\",\"target\":[\"https:\\\/\\\/www.filantropiacortessolari.cl\\\/fundacion-meri-estuvo-en-festival-ladera-sur2023\\\/#respond\"]}]},{\"@type\":\"WebPage\",\"@id\":\"https:\\\/\\\/www.filantropiacortessolari.cl\\\/fundacion-meri-estuvo-en-festival-ladera-sur2023\\\/\",\"url\":\"https:\\\/\\\/www.filantropiacortessolari.cl\\\/fundacion-meri-estuvo-en-festival-ladera-sur2023\\\/\",\"name\":\"Fundaci\u00f3n Meri estuvo en Festival Ladera Sur 2023\",\"isPartOf\":{\"@id\":\"https:\\\/\\\/www.filantropiacortessolari.cl\\\/#website\"},\"primaryImageOfPage\":{\"@id\":\"https:\\\/\\\/www.filantropiacortessolari.cl\\\/fundacion-meri-estuvo-en-festival-ladera-sur2023\\\/#primaryimage\"},\"image\":{\"@id\":\"https:\\\/\\\/www.filantropiacortessolari.cl\\\/fundacion-meri-estuvo-en-festival-ladera-sur2023\\\/#primaryimage\"},\"thumbnailUrl\":\"https:\\\/\\\/www.filantropiacortessolari.cl\\\/wp-content\\\/uploads\\\/2023\\\/11\\\/ladera-sur8-scaled.jpg\",\"datePublished\":\"2023-11-13T23:09:28+00:00\",\"dateModified\":\"2023-11-14T00:59:30+00:00\",\"author\":{\"@id\":\"https:\\\/\\\/www.filantropiacortessolari.cl\\\/#\\\/schema\\\/person\\\/e099cf1046922f4f5892172332dc86c0\"},\"breadcrumb\":{\"@id\":\"https:\\\/\\\/www.filantropiacortessolari.cl\\\/fundacion-meri-estuvo-en-festival-ladera-sur2023\\\/#breadcrumb\"},\"inLanguage\":\"en-US\",\"potentialAction\":[{\"@type\":\"ReadAction\",\"target\":[\"https:\\\/\\\/www.filantropiacortessolari.cl\\\/fundacion-meri-estuvo-en-festival-ladera-sur2023\\\/\"]}]},{\"@type\":\"ImageObject\",\"inLanguage\":\"en-US\",\"@id\":\"https:\\\/\\\/www.filantropiacortessolari.cl\\\/fundacion-meri-estuvo-en-festival-ladera-sur2023\\\/#primaryimage\",\"url\":\"https:\\\/\\\/www.filantropiacortessolari.cl\\\/wp-content\\\/uploads\\\/2023\\\/11\\\/ladera-sur8-scaled.jpg\",\"contentUrl\":\"https:\\\/\\\/www.filantropiacortessolari.cl\\\/wp-content\\\/uploads\\\/2023\\\/11\\\/ladera-sur8-scaled.jpg\",\"width\":2560,\"height\":1707},{\"@type\":\"BreadcrumbList\",\"@id\":\"https:\\\/\\\/www.filantropiacortessolari.cl\\\/fundacion-meri-estuvo-en-festival-ladera-sur2023\\\/#breadcrumb\",\"itemListElement\":[{\"@type\":\"ListItem\",\"position\":1,\"name\":\"Portada\",\"item\":\"https:\\\/\\\/www.filantropiacortessolari.cl\\\/\"},{\"@type\":\"ListItem\",\"position\":2,\"name\":\"Fundaci\u00f3n Meri estuvo en Festival Ladera Sur 2023\"}]},{\"@type\":\"WebSite\",\"@id\":\"https:\\\/\\\/www.filantropiacortessolari.cl\\\/#website\",\"url\":\"https:\\\/\\\/www.filantropiacortessolari.cl\\\/\",\"name\":\"Filantrop\u00eda Cort\u00e9s Solari\",\"description\":\"Sitio web Filantrop\u00eda Cort\u00e9s Solari\",\"potentialAction\":[{\"@type\":\"SearchAction\",\"target\":{\"@type\":\"EntryPoint\",\"urlTemplate\":\"https:\\\/\\\/www.filantropiacortessolari.cl\\\/?s={search_term_string}\"},\"query-input\":{\"@type\":\"PropertyValueSpecification\",\"valueRequired\":true,\"valueName\":\"search_term_string\"}}],\"inLanguage\":\"en-US\"},{\"@type\":\"Person\",\"@id\":\"https:\\\/\\\/www.filantropiacortessolari.cl\\\/#\\\/schema\\\/person\\\/e099cf1046922f4f5892172332dc86c0\",\"name\":\"Filantrop\u00eda Cort\u00e9s Solari\",\"image\":{\"@type\":\"ImageObject\",\"inLanguage\":\"en-US\",\"@id\":\"https:\\\/\\\/secure.gravatar.com\\\/avatar\\\/9d17bfe24074ed7576e70cbeb8e010cdd7d01fae9f2047bd96cccbe629ec3c11?s=96&d=mm&r=g\",\"url\":\"https:\\\/\\\/secure.gravatar.com\\\/avatar\\\/9d17bfe24074ed7576e70cbeb8e010cdd7d01fae9f2047bd96cccbe629ec3c11?s=96&d=mm&r=g\",\"contentUrl\":\"https:\\\/\\\/secure.gravatar.com\\\/avatar\\\/9d17bfe24074ed7576e70cbeb8e010cdd7d01fae9f2047bd96cccbe629ec3c11?s=96&d=mm&r=g\",\"caption\":\"Filantrop\u00eda Cort\u00e9s Solari\"},\"url\":\"https:\\\/\\\/www.filantropiacortessolari.cl\\\/en\\\/author\\\/filantropia-cortes-solari\\\/\"}]}<\/script>\n<!-- \/ Yoast SEO plugin. -->","yoast_head_json":{"title":"Fundaci\u00f3n Meri estuvo en Festival Ladera Sur 2023","robots":{"index":"index","follow":"follow","max-snippet":"max-snippet:-1","max-image-preview":"max-image-preview:large","max-video-preview":"max-video-preview:-1"},"canonical":"https:\/\/www.filantropiacortessolari.cl\/fundacion-meri-estuvo-en-festival-ladera-sur2023\/","og_locale":"en_US","og_type":"article","og_title":"Fundaci\u00f3n Meri estuvo en Festival Ladera Sur 2023","og_url":"https:\/\/www.filantropiacortessolari.cl\/fundacion-meri-estuvo-en-festival-ladera-sur2023\/","og_site_name":"Filantrop\u00eda Cort\u00e9s Solari","article_published_time":"2023-11-13T23:09:28+00:00","article_modified_time":"2023-11-14T00:59:30+00:00","og_image":[{"width":2560,"height":1707,"url":"https:\/\/www.filantropiacortessolari.cl\/wp-content\/uploads\/2023\/11\/ladera-sur8-scaled.jpg","type":"image\/jpeg"}],"author":"Filantrop\u00eda Cort\u00e9s Solari","twitter_card":"summary_large_image","twitter_misc":{"Written by":"Filantrop\u00eda Cort\u00e9s Solari","Est. reading time":"2 minutes"},"schema":{"@context":"https:\/\/schema.org","@graph":[{"@type":"Article","@id":"https:\/\/www.filantropiacortessolari.cl\/fundacion-meri-estuvo-en-festival-ladera-sur2023\/#article","isPartOf":{"@id":"https:\/\/www.filantropiacortessolari.cl\/fundacion-meri-estuvo-en-festival-ladera-sur2023\/"},"author":{"name":"Filantrop\u00eda Cort\u00e9s Solari","@id":"https:\/\/www.filantropiacortessolari.cl\/#\/schema\/person\/e099cf1046922f4f5892172332dc86c0"},"headline":"Fundaci\u00f3n Meri estuvo en Festival Ladera Sur 2023","datePublished":"2023-11-13T23:09:28+00:00","dateModified":"2023-11-14T00:59:30+00:00","mainEntityOfPage":{"@id":"https:\/\/www.filantropiacortessolari.cl\/fundacion-meri-estuvo-en-festival-ladera-sur2023\/"},"wordCount":240,"commentCount":0,"image":{"@id":"https:\/\/www.filantropiacortessolari.cl\/fundacion-meri-estuvo-en-festival-ladera-sur2023\/#primaryimage"},"thumbnailUrl":"https:\/\/www.filantropiacortessolari.cl\/wp-content\/uploads\/2023\/11\/ladera-sur8-scaled.jpg","articleSection":["Noticias","Prensa Escrita","Prensa MERI"],"inLanguage":"en-US","potentialAction":[{"@type":"CommentAction","name":"Comment","target":["https:\/\/www.filantropiacortessolari.cl\/fundacion-meri-estuvo-en-festival-ladera-sur2023\/#respond"]}]},{"@type":"WebPage","@id":"https:\/\/www.filantropiacortessolari.cl\/fundacion-meri-estuvo-en-festival-ladera-sur2023\/","url":"https:\/\/www.filantropiacortessolari.cl\/fundacion-meri-estuvo-en-festival-ladera-sur2023\/","name":"Fundaci\u00f3n Meri estuvo en Festival Ladera Sur 2023","isPartOf":{"@id":"https:\/\/www.filantropiacortessolari.cl\/#website"},"primaryImageOfPage":{"@id":"https:\/\/www.filantropiacortessolari.cl\/fundacion-meri-estuvo-en-festival-ladera-sur2023\/#primaryimage"},"image":{"@id":"https:\/\/www.filantropiacortessolari.cl\/fundacion-meri-estuvo-en-festival-ladera-sur2023\/#primaryimage"},"thumbnailUrl":"https:\/\/www.filantropiacortessolari.cl\/wp-content\/uploads\/2023\/11\/ladera-sur8-scaled.jpg","datePublished":"2023-11-13T23:09:28+00:00","dateModified":"2023-11-14T00:59:30+00:00","author":{"@id":"https:\/\/www.filantropiacortessolari.cl\/#\/schema\/person\/e099cf1046922f4f5892172332dc86c0"},"breadcrumb":{"@id":"https:\/\/www.filantropiacortessolari.cl\/fundacion-meri-estuvo-en-festival-ladera-sur2023\/#breadcrumb"},"inLanguage":"en-US","potentialAction":[{"@type":"ReadAction","target":["https:\/\/www.filantropiacortessolari.cl\/fundacion-meri-estuvo-en-festival-ladera-sur2023\/"]}]},{"@type":"ImageObject","inLanguage":"en-US","@id":"https:\/\/www.filantropiacortessolari.cl\/fundacion-meri-estuvo-en-festival-ladera-sur2023\/#primaryimage","url":"https:\/\/www.filantropiacortessolari.cl\/wp-content\/uploads\/2023\/11\/ladera-sur8-scaled.jpg","contentUrl":"https:\/\/www.filantropiacortessolari.cl\/wp-content\/uploads\/2023\/11\/ladera-sur8-scaled.jpg","width":2560,"height":1707},{"@type":"BreadcrumbList","@id":"https:\/\/www.filantropiacortessolari.cl\/fundacion-meri-estuvo-en-festival-ladera-sur2023\/#breadcrumb","itemListElement":[{"@type":"ListItem","position":1,"name":"Portada","item":"https:\/\/www.filantropiacortessolari.cl\/"},{"@type":"ListItem","position":2,"name":"Fundaci\u00f3n Meri estuvo en Festival Ladera Sur 2023"}]},{"@type":"WebSite","@id":"https:\/\/www.filantropiacortessolari.cl\/#website","url":"https:\/\/www.filantropiacortessolari.cl\/","name":"Filantrop\u00eda Cort\u00e9s Solari","description":"Sitio web Filantrop\u00eda Cort\u00e9s Solari","potentialAction":[{"@type":"SearchAction","target":{"@type":"EntryPoint","urlTemplate":"https:\/\/www.filantropiacortessolari.cl\/?s={search_term_string}"},"query-input":{"@type":"PropertyValueSpecification","valueRequired":true,"valueName":"search_term_string"}}],"inLanguage":"en-US"},{"@type":"Person","@id":"https:\/\/www.filantropiacortessolari.cl\/#\/schema\/person\/e099cf1046922f4f5892172332dc86c0","name":"Filantrop\u00eda Cort\u00e9s Solari","image":{"@type":"ImageObject","inLanguage":"en-US","@id":"https:\/\/secure.gravatar.com\/avatar\/9d17bfe24074ed7576e70cbeb8e010cdd7d01fae9f2047bd96cccbe629ec3c11?s=96&d=mm&r=g","url":"https:\/\/secure.gravatar.com\/avatar\/9d17bfe24074ed7576e70cbeb8e010cdd7d01fae9f2047bd96cccbe629ec3c11?s=96&d=mm&r=g","contentUrl":"https:\/\/secure.gravatar.com\/avatar\/9d17bfe24074ed7576e70cbeb8e010cdd7d01fae9f2047bd96cccbe629ec3c11?s=96&d=mm&r=g","caption":"Filantrop\u00eda Cort\u00e9s Solari"},"url":"https:\/\/www.filantropiacortessolari.cl\/en\/author\/filantropia-cortes-solari\/"}]}},"_links":{"self":[{"href":"https:\/\/www.filantropiacortessolari.cl\/en\/wp-json\/wp\/v2\/posts\/11596","targetHints":{"allow":["GET"]}}],"collection":[{"href":"https:\/\/www.filantropiacortessolari.cl\/en\/wp-json\/wp\/v2\/posts"}],"about":[{"href":"https:\/\/www.filantropiacortessolari.cl\/en\/wp-json\/wp\/v2\/types\/post"}],"author":[{"embeddable":true,"href":"https:\/\/www.filantropiacortessolari.cl\/en\/wp-json\/wp\/v2\/users\/1"}],"replies":[{"embeddable":true,"href":"https:\/\/www.filantropiacortessolari.cl\/en\/wp-json\/wp\/v2\/comments?post=11596"}],"version-history":[{"count":4,"href":"https:\/\/www.filantropiacortessolari.cl\/en\/wp-json\/wp\/v2\/posts\/11596\/revisions"}],"predecessor-version":[{"id":11618,"href":"https:\/\/www.filantropiacortessolari.cl\/en\/wp-json\/wp\/v2\/posts\/11596\/revisions\/11618"}],"wp:featuredmedia":[{"embeddable":true,"href":"https:\/\/www.filantropiacortessolari.cl\/en\/wp-json\/wp\/v2\/media\/11604"}],"wp:attachment":[{"href":"https:\/\/www.filantropiacortessolari.cl\/en\/wp-json\/wp\/v2\/media?parent=11596"}],"wp:term":[{"taxonomy":"category","embeddable":true,"href":"https:\/\/www.filantropiacortessolari.cl\/en\/wp-json\/wp\/v2\/categories?post=11596"},{"taxonomy":"post_tag","embeddable":true,"href":"https:\/\/www.filantropiacortessolari.cl\/en\/wp-json\/wp\/v2\/tags?post=11596"}],"curies":[{"name":"wp","href":"https:\/\/api.w.org\/{rel}","templated":true}]}}