{"id":11704,"date":"2024-01-29T17:43:31","date_gmt":"2024-01-29T20:43:31","guid":{"rendered":"https:\/\/www.filantropiacortessolari.cl\/?p=11704"},"modified":"2024-01-29T17:55:24","modified_gmt":"2024-01-29T20:55:24","slug":"buscamos-coordinador-de-proyectos-para-fundacion-meri-en-espana","status":"publish","type":"post","link":"https:\/\/www.filantropiacortessolari.cl\/en\/buscamos-coordinador-de-proyectos-para-fundacion-meri-en-espana\/","title":{"rendered":"Buscamos Coordinador de Proyectos para Fundaci\u00f3n Meri (en Espa\u00f1a)"},"content":{"rendered":"<style type=\"text\/css\"><\/style><p>En Fundaci\u00f3n Meri estamos en b\u00fasqueda de un\/una profesional que asuma las funciones de coordinaci\u00f3n desde la oficina de Madrid. Si vives en Espa\u00f1a, tienes permiso para trabajar y est\u00e1s interesado\/a en temas cient\u00edficos, ambientales y de cambio clim\u00e1tico, revisa las bases y postula.<\/p>\n<p><a href=\"https:\/\/www.filantropiacortessolari.cl\/wp-content\/uploads\/2024\/01\/Perfil-Coordinadora-Proyecto-MERI-2024-Eng.pdf\" target=\"_blank\" rel=\"noopener\">Project Coordinator of MERI Foundation.<\/a><\/p>\n","protected":false},"excerpt":{"rendered":"<p>En Fundaci\u00f3n Meri estamos en b\u00fasqueda de un\/una profesional que asuma las funciones de coordinaci\u00f3n desde la oficina de Madrid. Si vives en Espa\u00f1a, tienes permiso para trabajar y est\u00e1s interesado\/a en temas cient\u00edficos, ambientales y de cambio clim\u00e1tico, revisa las bases y postula. Project Coordinator of MERI Foundation.<\/p>\n","protected":false},"author":1,"featured_media":11705,"comment_status":"open","ping_status":"open","sticky":false,"template":"","format":"standard","meta":{"footnotes":""},"categories":[31],"tags":[],"class_list":["post-11704","post","type-post","status-publish","format-standard","has-post-thumbnail","hentry","category-noticias"],"translation":{"provider":"WPGlobus","version":"3.0.2","language":"en","enabled_languages":["es","en"],"languages":{"es":{"title":true,"content":true,"excerpt":false},"en":{"title":false,"content":false,"excerpt":false}}},"yoast_head":"<!-- This site is optimized with the Yoast SEO plugin v27.4 - https:\/\/yoast.com\/product\/yoast-seo-wordpress\/ -->\n<title>Buscamos Coordinador de Proyectos para Fundaci\u00f3n Meri (en Espa\u00f1a)<\/title>\n<meta name=\"robots\" content=\"index, follow, max-snippet:-1, max-image-preview:large, max-video-preview:-1\" \/>\n<link rel=\"canonical\" href=\"https:\/\/www.filantropiacortessolari.cl\/buscamos-coordinador-de-proyectos-para-fundacion-meri-en-espana\/\" \/>\n<meta property=\"og:locale\" content=\"en_US\" \/>\n<meta property=\"og:type\" content=\"article\" \/>\n<meta property=\"og:title\" content=\"Buscamos Coordinador de Proyectos para Fundaci\u00f3n Meri (en Espa\u00f1a)\" \/>\n<meta property=\"og:url\" content=\"https:\/\/www.filantropiacortessolari.cl\/buscamos-coordinador-de-proyectos-para-fundacion-meri-en-espana\/\" \/>\n<meta property=\"og:site_name\" content=\"Filantrop\u00eda Cort\u00e9s Solari\" \/>\n<meta property=\"article:published_time\" content=\"2024-01-29T20:43:31+00:00\" \/>\n<meta property=\"article:modified_time\" content=\"2024-01-29T20:55:24+00:00\" \/>\n<meta property=\"og:image\" content=\"https:\/\/www.filantropiacortessolari.cl\/wp-content\/uploads\/2024\/01\/WhatsApp-Image-2024-01-29-at-16.40.17.jpeg\" \/>\n\t<meta property=\"og:image:width\" content=\"1600\" \/>\n\t<meta property=\"og:image:height\" content=\"710\" \/>\n\t<meta property=\"og:image:type\" content=\"image\/jpeg\" \/>\n<meta name=\"author\" content=\"Filantrop\u00eda Cort\u00e9s Solari\" \/>\n<meta name=\"twitter:card\" content=\"summary_large_image\" \/>\n<meta name=\"twitter:label1\" content=\"Written by\" \/>\n\t<meta name=\"twitter:data1\" content=\"Filantrop\u00eda Cort\u00e9s Solari\" \/>\n\t<meta name=\"twitter:label2\" content=\"Est. reading time\" \/>\n\t<meta name=\"twitter:data2\" content=\"1 minute\" \/>\n<script type=\"application\/ld+json\" class=\"yoast-schema-graph\">{\"@context\":\"https:\\\/\\\/schema.org\",\"@graph\":[{\"@type\":\"Article\",\"@id\":\"https:\\\/\\\/www.filantropiacortessolari.cl\\\/buscamos-coordinador-de-proyectos-para-fundacion-meri-en-espana\\\/#article\",\"isPartOf\":{\"@id\":\"https:\\\/\\\/www.filantropiacortessolari.cl\\\/buscamos-coordinador-de-proyectos-para-fundacion-meri-en-espana\\\/\"},\"author\":{\"name\":\"Filantrop\u00eda Cort\u00e9s Solari\",\"@id\":\"https:\\\/\\\/www.filantropiacortessolari.cl\\\/#\\\/schema\\\/person\\\/e099cf1046922f4f5892172332dc86c0\"},\"headline\":\"Buscamos Coordinador de Proyectos para Fundaci\u00f3n Meri (en Espa\u00f1a)\",\"datePublished\":\"2024-01-29T20:43:31+00:00\",\"dateModified\":\"2024-01-29T20:55:24+00:00\",\"mainEntityOfPage\":{\"@id\":\"https:\\\/\\\/www.filantropiacortessolari.cl\\\/buscamos-coordinador-de-proyectos-para-fundacion-meri-en-espana\\\/\"},\"wordCount\":69,\"commentCount\":0,\"image\":{\"@id\":\"https:\\\/\\\/www.filantropiacortessolari.cl\\\/buscamos-coordinador-de-proyectos-para-fundacion-meri-en-espana\\\/#primaryimage\"},\"thumbnailUrl\":\"https:\\\/\\\/www.filantropiacortessolari.cl\\\/wp-content\\\/uploads\\\/2024\\\/01\\\/WhatsApp-Image-2024-01-29-at-16.40.17.jpeg\",\"articleSection\":[\"Noticias\"],\"inLanguage\":\"en-US\",\"potentialAction\":[{\"@type\":\"CommentAction\",\"name\":\"Comment\",\"target\":[\"https:\\\/\\\/www.filantropiacortessolari.cl\\\/buscamos-coordinador-de-proyectos-para-fundacion-meri-en-espana\\\/#respond\"]}]},{\"@type\":\"WebPage\",\"@id\":\"https:\\\/\\\/www.filantropiacortessolari.cl\\\/buscamos-coordinador-de-proyectos-para-fundacion-meri-en-espana\\\/\",\"url\":\"https:\\\/\\\/www.filantropiacortessolari.cl\\\/buscamos-coordinador-de-proyectos-para-fundacion-meri-en-espana\\\/\",\"name\":\"Buscamos Coordinador de Proyectos para Fundaci\u00f3n Meri (en Espa\u00f1a)\",\"isPartOf\":{\"@id\":\"https:\\\/\\\/www.filantropiacortessolari.cl\\\/#website\"},\"primaryImageOfPage\":{\"@id\":\"https:\\\/\\\/www.filantropiacortessolari.cl\\\/buscamos-coordinador-de-proyectos-para-fundacion-meri-en-espana\\\/#primaryimage\"},\"image\":{\"@id\":\"https:\\\/\\\/www.filantropiacortessolari.cl\\\/buscamos-coordinador-de-proyectos-para-fundacion-meri-en-espana\\\/#primaryimage\"},\"thumbnailUrl\":\"https:\\\/\\\/www.filantropiacortessolari.cl\\\/wp-content\\\/uploads\\\/2024\\\/01\\\/WhatsApp-Image-2024-01-29-at-16.40.17.jpeg\",\"datePublished\":\"2024-01-29T20:43:31+00:00\",\"dateModified\":\"2024-01-29T20:55:24+00:00\",\"author\":{\"@id\":\"https:\\\/\\\/www.filantropiacortessolari.cl\\\/#\\\/schema\\\/person\\\/e099cf1046922f4f5892172332dc86c0\"},\"breadcrumb\":{\"@id\":\"https:\\\/\\\/www.filantropiacortessolari.cl\\\/buscamos-coordinador-de-proyectos-para-fundacion-meri-en-espana\\\/#breadcrumb\"},\"inLanguage\":\"en-US\",\"potentialAction\":[{\"@type\":\"ReadAction\",\"target\":[\"https:\\\/\\\/www.filantropiacortessolari.cl\\\/buscamos-coordinador-de-proyectos-para-fundacion-meri-en-espana\\\/\"]}]},{\"@type\":\"ImageObject\",\"inLanguage\":\"en-US\",\"@id\":\"https:\\\/\\\/www.filantropiacortessolari.cl\\\/buscamos-coordinador-de-proyectos-para-fundacion-meri-en-espana\\\/#primaryimage\",\"url\":\"https:\\\/\\\/www.filantropiacortessolari.cl\\\/wp-content\\\/uploads\\\/2024\\\/01\\\/WhatsApp-Image-2024-01-29-at-16.40.17.jpeg\",\"contentUrl\":\"https:\\\/\\\/www.filantropiacortessolari.cl\\\/wp-content\\\/uploads\\\/2024\\\/01\\\/WhatsApp-Image-2024-01-29-at-16.40.17.jpeg\",\"width\":1600,\"height\":710},{\"@type\":\"BreadcrumbList\",\"@id\":\"https:\\\/\\\/www.filantropiacortessolari.cl\\\/buscamos-coordinador-de-proyectos-para-fundacion-meri-en-espana\\\/#breadcrumb\",\"itemListElement\":[{\"@type\":\"ListItem\",\"position\":1,\"name\":\"Portada\",\"item\":\"https:\\\/\\\/www.filantropiacortessolari.cl\\\/\"},{\"@type\":\"ListItem\",\"position\":2,\"name\":\"Buscamos Coordinador de Proyectos para Fundaci\u00f3n Meri (en Espa\u00f1a)\"}]},{\"@type\":\"WebSite\",\"@id\":\"https:\\\/\\\/www.filantropiacortessolari.cl\\\/#website\",\"url\":\"https:\\\/\\\/www.filantropiacortessolari.cl\\\/\",\"name\":\"Filantrop\u00eda Cort\u00e9s Solari\",\"description\":\"Sitio web Filantrop\u00eda Cort\u00e9s Solari\",\"potentialAction\":[{\"@type\":\"SearchAction\",\"target\":{\"@type\":\"EntryPoint\",\"urlTemplate\":\"https:\\\/\\\/www.filantropiacortessolari.cl\\\/?s={search_term_string}\"},\"query-input\":{\"@type\":\"PropertyValueSpecification\",\"valueRequired\":true,\"valueName\":\"search_term_string\"}}],\"inLanguage\":\"en-US\"},{\"@type\":\"Person\",\"@id\":\"https:\\\/\\\/www.filantropiacortessolari.cl\\\/#\\\/schema\\\/person\\\/e099cf1046922f4f5892172332dc86c0\",\"name\":\"Filantrop\u00eda Cort\u00e9s Solari\",\"image\":{\"@type\":\"ImageObject\",\"inLanguage\":\"en-US\",\"@id\":\"https:\\\/\\\/secure.gravatar.com\\\/avatar\\\/9d17bfe24074ed7576e70cbeb8e010cdd7d01fae9f2047bd96cccbe629ec3c11?s=96&d=mm&r=g\",\"url\":\"https:\\\/\\\/secure.gravatar.com\\\/avatar\\\/9d17bfe24074ed7576e70cbeb8e010cdd7d01fae9f2047bd96cccbe629ec3c11?s=96&d=mm&r=g\",\"contentUrl\":\"https:\\\/\\\/secure.gravatar.com\\\/avatar\\\/9d17bfe24074ed7576e70cbeb8e010cdd7d01fae9f2047bd96cccbe629ec3c11?s=96&d=mm&r=g\",\"caption\":\"Filantrop\u00eda Cort\u00e9s Solari\"},\"url\":\"https:\\\/\\\/www.filantropiacortessolari.cl\\\/en\\\/author\\\/filantropia-cortes-solari\\\/\"}]}<\/script>\n<!-- \/ Yoast SEO plugin. -->","yoast_head_json":{"title":"Buscamos Coordinador de Proyectos para Fundaci\u00f3n Meri (en Espa\u00f1a)","robots":{"index":"index","follow":"follow","max-snippet":"max-snippet:-1","max-image-preview":"max-image-preview:large","max-video-preview":"max-video-preview:-1"},"canonical":"https:\/\/www.filantropiacortessolari.cl\/buscamos-coordinador-de-proyectos-para-fundacion-meri-en-espana\/","og_locale":"en_US","og_type":"article","og_title":"Buscamos Coordinador de Proyectos para Fundaci\u00f3n Meri (en Espa\u00f1a)","og_url":"https:\/\/www.filantropiacortessolari.cl\/buscamos-coordinador-de-proyectos-para-fundacion-meri-en-espana\/","og_site_name":"Filantrop\u00eda Cort\u00e9s Solari","article_published_time":"2024-01-29T20:43:31+00:00","article_modified_time":"2024-01-29T20:55:24+00:00","og_image":[{"width":1600,"height":710,"url":"https:\/\/www.filantropiacortessolari.cl\/wp-content\/uploads\/2024\/01\/WhatsApp-Image-2024-01-29-at-16.40.17.jpeg","type":"image\/jpeg"}],"author":"Filantrop\u00eda Cort\u00e9s Solari","twitter_card":"summary_large_image","twitter_misc":{"Written by":"Filantrop\u00eda Cort\u00e9s Solari","Est. reading time":"1 minute"},"schema":{"@context":"https:\/\/schema.org","@graph":[{"@type":"Article","@id":"https:\/\/www.filantropiacortessolari.cl\/buscamos-coordinador-de-proyectos-para-fundacion-meri-en-espana\/#article","isPartOf":{"@id":"https:\/\/www.filantropiacortessolari.cl\/buscamos-coordinador-de-proyectos-para-fundacion-meri-en-espana\/"},"author":{"name":"Filantrop\u00eda Cort\u00e9s Solari","@id":"https:\/\/www.filantropiacortessolari.cl\/#\/schema\/person\/e099cf1046922f4f5892172332dc86c0"},"headline":"Buscamos Coordinador de Proyectos para Fundaci\u00f3n Meri (en Espa\u00f1a)","datePublished":"2024-01-29T20:43:31+00:00","dateModified":"2024-01-29T20:55:24+00:00","mainEntityOfPage":{"@id":"https:\/\/www.filantropiacortessolari.cl\/buscamos-coordinador-de-proyectos-para-fundacion-meri-en-espana\/"},"wordCount":69,"commentCount":0,"image":{"@id":"https:\/\/www.filantropiacortessolari.cl\/buscamos-coordinador-de-proyectos-para-fundacion-meri-en-espana\/#primaryimage"},"thumbnailUrl":"https:\/\/www.filantropiacortessolari.cl\/wp-content\/uploads\/2024\/01\/WhatsApp-Image-2024-01-29-at-16.40.17.jpeg","articleSection":["Noticias"],"inLanguage":"en-US","potentialAction":[{"@type":"CommentAction","name":"Comment","target":["https:\/\/www.filantropiacortessolari.cl\/buscamos-coordinador-de-proyectos-para-fundacion-meri-en-espana\/#respond"]}]},{"@type":"WebPage","@id":"https:\/\/www.filantropiacortessolari.cl\/buscamos-coordinador-de-proyectos-para-fundacion-meri-en-espana\/","url":"https:\/\/www.filantropiacortessolari.cl\/buscamos-coordinador-de-proyectos-para-fundacion-meri-en-espana\/","name":"Buscamos Coordinador de Proyectos para Fundaci\u00f3n Meri (en Espa\u00f1a)","isPartOf":{"@id":"https:\/\/www.filantropiacortessolari.cl\/#website"},"primaryImageOfPage":{"@id":"https:\/\/www.filantropiacortessolari.cl\/buscamos-coordinador-de-proyectos-para-fundacion-meri-en-espana\/#primaryimage"},"image":{"@id":"https:\/\/www.filantropiacortessolari.cl\/buscamos-coordinador-de-proyectos-para-fundacion-meri-en-espana\/#primaryimage"},"thumbnailUrl":"https:\/\/www.filantropiacortessolari.cl\/wp-content\/uploads\/2024\/01\/WhatsApp-Image-2024-01-29-at-16.40.17.jpeg","datePublished":"2024-01-29T20:43:31+00:00","dateModified":"2024-01-29T20:55:24+00:00","author":{"@id":"https:\/\/www.filantropiacortessolari.cl\/#\/schema\/person\/e099cf1046922f4f5892172332dc86c0"},"breadcrumb":{"@id":"https:\/\/www.filantropiacortessolari.cl\/buscamos-coordinador-de-proyectos-para-fundacion-meri-en-espana\/#breadcrumb"},"inLanguage":"en-US","potentialAction":[{"@type":"ReadAction","target":["https:\/\/www.filantropiacortessolari.cl\/buscamos-coordinador-de-proyectos-para-fundacion-meri-en-espana\/"]}]},{"@type":"ImageObject","inLanguage":"en-US","@id":"https:\/\/www.filantropiacortessolari.cl\/buscamos-coordinador-de-proyectos-para-fundacion-meri-en-espana\/#primaryimage","url":"https:\/\/www.filantropiacortessolari.cl\/wp-content\/uploads\/2024\/01\/WhatsApp-Image-2024-01-29-at-16.40.17.jpeg","contentUrl":"https:\/\/www.filantropiacortessolari.cl\/wp-content\/uploads\/2024\/01\/WhatsApp-Image-2024-01-29-at-16.40.17.jpeg","width":1600,"height":710},{"@type":"BreadcrumbList","@id":"https:\/\/www.filantropiacortessolari.cl\/buscamos-coordinador-de-proyectos-para-fundacion-meri-en-espana\/#breadcrumb","itemListElement":[{"@type":"ListItem","position":1,"name":"Portada","item":"https:\/\/www.filantropiacortessolari.cl\/"},{"@type":"ListItem","position":2,"name":"Buscamos Coordinador de Proyectos para Fundaci\u00f3n Meri (en Espa\u00f1a)"}]},{"@type":"WebSite","@id":"https:\/\/www.filantropiacortessolari.cl\/#website","url":"https:\/\/www.filantropiacortessolari.cl\/","name":"Filantrop\u00eda Cort\u00e9s Solari","description":"Sitio web Filantrop\u00eda Cort\u00e9s Solari","potentialAction":[{"@type":"SearchAction","target":{"@type":"EntryPoint","urlTemplate":"https:\/\/www.filantropiacortessolari.cl\/?s={search_term_string}"},"query-input":{"@type":"PropertyValueSpecification","valueRequired":true,"valueName":"search_term_string"}}],"inLanguage":"en-US"},{"@type":"Person","@id":"https:\/\/www.filantropiacortessolari.cl\/#\/schema\/person\/e099cf1046922f4f5892172332dc86c0","name":"Filantrop\u00eda Cort\u00e9s Solari","image":{"@type":"ImageObject","inLanguage":"en-US","@id":"https:\/\/secure.gravatar.com\/avatar\/9d17bfe24074ed7576e70cbeb8e010cdd7d01fae9f2047bd96cccbe629ec3c11?s=96&d=mm&r=g","url":"https:\/\/secure.gravatar.com\/avatar\/9d17bfe24074ed7576e70cbeb8e010cdd7d01fae9f2047bd96cccbe629ec3c11?s=96&d=mm&r=g","contentUrl":"https:\/\/secure.gravatar.com\/avatar\/9d17bfe24074ed7576e70cbeb8e010cdd7d01fae9f2047bd96cccbe629ec3c11?s=96&d=mm&r=g","caption":"Filantrop\u00eda Cort\u00e9s Solari"},"url":"https:\/\/www.filantropiacortessolari.cl\/en\/author\/filantropia-cortes-solari\/"}]}},"_links":{"self":[{"href":"https:\/\/www.filantropiacortessolari.cl\/en\/wp-json\/wp\/v2\/posts\/11704","targetHints":{"allow":["GET"]}}],"collection":[{"href":"https:\/\/www.filantropiacortessolari.cl\/en\/wp-json\/wp\/v2\/posts"}],"about":[{"href":"https:\/\/www.filantropiacortessolari.cl\/en\/wp-json\/wp\/v2\/types\/post"}],"author":[{"embeddable":true,"href":"https:\/\/www.filantropiacortessolari.cl\/en\/wp-json\/wp\/v2\/users\/1"}],"replies":[{"embeddable":true,"href":"https:\/\/www.filantropiacortessolari.cl\/en\/wp-json\/wp\/v2\/comments?post=11704"}],"version-history":[{"count":2,"href":"https:\/\/www.filantropiacortessolari.cl\/en\/wp-json\/wp\/v2\/posts\/11704\/revisions"}],"predecessor-version":[{"id":11707,"href":"https:\/\/www.filantropiacortessolari.cl\/en\/wp-json\/wp\/v2\/posts\/11704\/revisions\/11707"}],"wp:featuredmedia":[{"embeddable":true,"href":"https:\/\/www.filantropiacortessolari.cl\/en\/wp-json\/wp\/v2\/media\/11705"}],"wp:attachment":[{"href":"https:\/\/www.filantropiacortessolari.cl\/en\/wp-json\/wp\/v2\/media?parent=11704"}],"wp:term":[{"taxonomy":"category","embeddable":true,"href":"https:\/\/www.filantropiacortessolari.cl\/en\/wp-json\/wp\/v2\/categories?post=11704"},{"taxonomy":"post_tag","embeddable":true,"href":"https:\/\/www.filantropiacortessolari.cl\/en\/wp-json\/wp\/v2\/tags?post=11704"}],"curies":[{"name":"wp","href":"https:\/\/api.w.org\/{rel}","templated":true}]}}