{"id":11758,"date":"2024-02-15T15:34:43","date_gmt":"2024-02-15T18:34:43","guid":{"rendered":"https:\/\/www.filantropiacortessolari.cl\/?p=11758"},"modified":"2024-02-15T16:10:08","modified_gmt":"2024-02-15T19:10:08","slug":"bagual-chicoco-cuyen-y-eclipse-liberan-a-cuatro-condores-en-el-parque-nacional-patagonia","status":"publish","type":"post","link":"https:\/\/www.filantropiacortessolari.cl\/en\/bagual-chicoco-cuyen-y-eclipse-liberan-a-cuatro-condores-en-el-parque-nacional-patagonia\/","title":{"rendered":"Bagual, Chicoco, Cuy\u00e9n y Eclipse: liberan a cuatro c\u00f3ndores en el Parque Nacional Patagonia"},"content":{"rendered":"<style type=\"text\/css\"><\/style><p><strong>Como parte de una iniciativa p\u00fablico-privada impulsada por el Proyecto Manku de la Uni\u00f3n de Ornit\u00f3logos de Chile junto a Filantrop\u00eda Cort\u00e9s Solari y Fundaci\u00f3n Rewilding Chile, entre otros, los ejemplares estuvieron durante dos meses en un recinto de preliberaci\u00f3n, en un proceso de aclimataci\u00f3n, con el objetivo de preparar su inserci\u00f3n al medio natural.<\/strong><\/p>\n<p class=\"paragraph \">Recientemente,\u00a0<b>cuatro c\u00f3ndores andinos fueron liberados en el\u00a0<\/b><a href=\"https:\/\/www.conaf.cl\/parques\/parque-nacional-patagonia\/\" target=\"_blank\" rel=\"noopener\"><b>Parque Nacional Patagonia<\/b><\/a><b>,\u00a0<\/b>en la Regi\u00f3n de Ays\u00e9n, como parte de una acci\u00f3n conjunta p\u00fablico-privada impulsada por el Proyecto Manku de la Uni\u00f3n de Ornit\u00f3logos de Chile junto a Filantrop\u00eda Cort\u00e9s Solari,\u00a0<a href=\"https:\/\/www.rewildingchile.org\/\" target=\"_blank\" rel=\"noopener\">Fundaci\u00f3n Rewilding Chile<\/a>, Centro de Rehabilitaci\u00f3n de Aves Rapaces (CRAR), SAG, Zool\u00f3gico Parquemet y CONAF.<\/p>\n<p class=\"paragraph \">Estas aves, que<a href=\"https:\/\/www.latercera.com\/que-pasa\/noticia\/ubicado-a-64-km-de-santiago-asi-es-la-vida-del-condor-andino-en-el-vertedero-mas-grande-del-pais\/KX36BSXEURHULPNN264VUAZ464\/\" target=\"_blank\" rel=\"noopener\">\u00a0son un s\u00edmbolo de la cultura andina,\u00a0<\/a>han sido parte de un proceso de manejo y recuperaci\u00f3n de varios a\u00f1os.\u00a0<b>Dos de los c\u00f3ndores, cuyos nombres so Bagual de dos a\u00f1os y Chicoco de tres a\u00f1os, fueron rescatados<\/b>\u00a0y, posteriormente, rehabilitados en el CRAR, mientras que Cuy\u00e9n y Eclipse, nacieron en cautiverio en el mismo recinto.<\/p>\n<p class=\"paragraph \">Tras ser sometidos a rigurosos ex\u00e1menes m\u00e9dicos, los cuatro ejemplares fueron trasladados a inicios de diciembre de 2023 desde el CRAR, ubicado en Talagante, hasta el Parque Nacional Patagonia. En el parque,<b>\u00a0los c\u00f3ndores estuvieron durante dos meses en un recinto de preliberaci\u00f3n,<\/b>\u00a0en un proceso de aclimataci\u00f3n, con el objetivo de preparar su inserci\u00f3n al medio natural.<\/p>\n<div class=\"header | hl\">\n<h2>Bagual, Chicoco, Cuy\u00e9n y Eclipse: liberan a cuatro c\u00f3ndores en el Parque Nacional Patagonia<\/h2>\n<\/div>\n<p class=\"paragraph \">En Chile, los dos n\u00facleos poblacionales de c\u00f3ndores m\u00e1s importantes est\u00e1n en la zona central del pa\u00eds y en la Patagonia,\u00a0<b>donde se concentra el 70% de su poblaci\u00f3n.<\/b><\/p>\n<p class=\"paragraph \">\u201cLiberar en el extremo sur, adem\u00e1s de ser muy favorable para nuestros c\u00f3ndores, ya que a\u00fan tienen abundantes fuentes de alimento, nos permite,\u00a0<b>a trav\u00e9s de su seguimiento satelital, estudiar su ecolog\u00eda en una de las zonas m\u00e1s pr\u00edstinas del planeta.\u00a0<\/b>Esta situaci\u00f3n contrasta con Chile central, una zona densamente poblada por humanos, y en donde tambi\u00e9n rehabilitamos, liberamos y seguimos c\u00f3ndores. Conocer su biolog\u00eda y las diferentes situaciones que enfrentan estos dos n\u00facleos, es fundamental para enfrentar los desaf\u00edos de su conservaci\u00f3n\u201d, se\u00f1ala Eduardo Pavez, director de Proyecto Manku de la\u00a0<a href=\"https:\/\/aveschile.cl\/\" target=\"_blank\" rel=\"noopener\">Uni\u00f3n de Ornit\u00f3logos de Chile.<\/a><\/p>\n<p>&nbsp;<\/p>\n<p><img loading=\"lazy\" decoding=\"async\" class=\"wp-image-11763 aligncenter\" src=\"https:\/\/www.filantropiacortessolari.cl\/wp-content\/uploads\/2024\/02\/condores-3-1.jpg\" alt=\"\" width=\"503\" height=\"336\" srcset=\"https:\/\/www.filantropiacortessolari.cl\/wp-content\/uploads\/2024\/02\/condores-3-1.jpg 768w, https:\/\/www.filantropiacortessolari.cl\/wp-content\/uploads\/2024\/02\/condores-3-1-300x200.jpg 300w, https:\/\/www.filantropiacortessolari.cl\/wp-content\/uploads\/2024\/02\/condores-3-1-580x387.jpg 580w\" sizes=\"auto, (max-width: 503px) 100vw, 503px\" \/><\/p>\n<p class=\"paragraph \">Desde Fundaci\u00f3n Rewilding Chile, el director de Vida Silvestre, Cristi\u00e1n Saucedo, destaca la importancia de la alianza p\u00fablico-privada para la conservaci\u00f3n de la especie: \u201ces sumamente relevante la amplia red de colaboraci\u00f3n que se ha establecido para culminar con la posibilidad de que estos c\u00f3ndores\u00a0<b>puedan vivir y desempe\u00f1ar su papel de carro\u00f1eros en la naturaleza.\u00a0<\/b>Hoy a trav\u00e9s de acciones concretas como \u00e9stas, somos agentes de cambio para reparar parte del da\u00f1o que le hemos causado a la naturaleza. Estos c\u00f3ndores en libertad representan un llamado a la reflexi\u00f3n de nuestra relaci\u00f3n con el entorno natural y un mensaje amplio de conservaci\u00f3n de los ecosistemas\u201d.<\/p>\n<p class=\"paragraph \">El administrador del sector Valle Chacabuco del Parque Nacional Patagonia, de la Corporaci\u00f3n Nacional Forestal, Pablo Olmedo, enfatiza que \u201cla reintroducci\u00f3n de especies nativas a su h\u00e1bitat natural\u00a0<b>constituye un ejercicio sumamente importante para las poblaciones silvestres que habitan tanto en parques nacionales como en todo su territorio.\u00a0<\/b>Es un impulso a su conservaci\u00f3n como tambi\u00e9n la hermosa oportunidad para los mismos individuos liberados, de volver a ser los grandioso animales que siempre han sido, pero de forma natural y poder cumplir su rol ecol\u00f3gico dentro de un hermoso ecosistema\u201d.<\/p>\n<div class=\"header | hl\">\n<div><b>Ave emblem\u00e1tica para Chile: liberan a cuatro c\u00f3ndores en el Parque Nacional Patagonia<\/b><\/div>\n<\/div>\n<p class=\"paragraph \">Francisca Cort\u00e9s Solari, presidenta ejecutiva de Filantrop\u00eda Cort\u00e9s Solari, explica que \u201cgracias a la poderosa alianza p\u00fablico-privada conformada hace cinco a\u00f1os por el Proyecto Manku, el CRAR y Fundaci\u00f3n Rewilding Chile, que es nuestro tri\u00e1ngulo virtuoso,\u00a0<b>se ha contribuido a los procesos de rehabilitaci\u00f3n y de liberaci\u00f3n\u00a0<\/b><a href=\"https:\/\/www.latercera.com\/que-pasa\/noticia\/el-milagroso-regreso-del-condor-a-santiago\/860778\/\" target=\"_blank\" rel=\"noopener\"><b>de esta ave que es emblem\u00e1tica para Chile<\/b><\/a><b>\u00a0y la Cordillera de los Andes.\u00a0<\/b>Para que estos proyectos sean exitosos, es muy importante la colaboraci\u00f3n\u201d.<\/p>\n<p><img loading=\"lazy\" decoding=\"async\" class=\" wp-image-11764 aligncenter\" src=\"https:\/\/www.filantropiacortessolari.cl\/wp-content\/uploads\/2024\/02\/condores-2.jpg\" alt=\"\" width=\"545\" height=\"363\" srcset=\"https:\/\/www.filantropiacortessolari.cl\/wp-content\/uploads\/2024\/02\/condores-2.jpg 768w, https:\/\/www.filantropiacortessolari.cl\/wp-content\/uploads\/2024\/02\/condores-2-300x200.jpg 300w, https:\/\/www.filantropiacortessolari.cl\/wp-content\/uploads\/2024\/02\/condores-2-580x387.jpg 580w\" sizes=\"auto, (max-width: 545px) 100vw, 545px\" \/><\/p>\n<p>El encargado de Salud Animal de Zool\u00f3gico Parquemet, Vicente Vergara-Wilson se\u00f1ala que \u201cuna de las labores que desarrollamos en conjunto con el CRAR, es prestar apoyo cl\u00ednico gracias a la experiencia que tenemos como zool\u00f3gico y como centro de rehabilitaci\u00f3n de fauna silvestre, como, por ejemplo, los ex\u00e1menes m\u00e9dicos preventivos previo a su traslado al parque\u201d.<\/p>\n<p>Por su parte, el director regional del Servicio Agr\u00edcola y Ganadero en Ays\u00e9n, Julio Cerda Cordero, destaca que \u201cla actual liberaci\u00f3n de cuatro ejemplares de c\u00f3ndor da continuidad a acciones similares realizadas anteriormente por el SAG como parte de su misi\u00f3n; sin embargo esta liberaci\u00f3n se ve realzada por la participaci\u00f3n sin\u00e9rgica junto a CONAF, Fundaci\u00f3n Rewilding Chile, Proyecto Manku, Filantrop\u00eda Cortes Solari y el Zool\u00f3gico Nacional, y la comunidad de Cochrane que potencia la acci\u00f3n, favorece su \u00e9xito y se proyecta con sentido educativo hacia las actuales y futuras generaciones\u201d.<\/p>\n<p><img loading=\"lazy\" decoding=\"async\" class=\" wp-image-11765 aligncenter\" src=\"https:\/\/www.filantropiacortessolari.cl\/wp-content\/uploads\/2024\/02\/condores-1.jpg\" alt=\"\" width=\"477\" height=\"318\" srcset=\"https:\/\/www.filantropiacortessolari.cl\/wp-content\/uploads\/2024\/02\/condores-1.jpg 768w, https:\/\/www.filantropiacortessolari.cl\/wp-content\/uploads\/2024\/02\/condores-1-300x200.jpg 300w, https:\/\/www.filantropiacortessolari.cl\/wp-content\/uploads\/2024\/02\/condores-1-580x387.jpg 580w\" sizes=\"auto, (max-width: 477px) 100vw, 477px\" \/><\/p>\n<h2>15 c\u00f3ndores en 10 a\u00f1os: liberan a cuatro c\u00f3ndores andinos en el Parque Nacional Patagonia<\/h2>\n<p class=\"paragraph \">Cada c\u00f3ndor liberado porta en sus alas transmisores satelitales y de radio, los cuales cumplen un rol fundamental para recopilar informaci\u00f3n ecol\u00f3gica de la especie. De esta manera, los individuos ser\u00e1n monitoreados para evaluar, remota y presencialmente, los desplazamientos graduales que realicen y su integraci\u00f3n con sus pares en el medio silvestre, como tambi\u00e9n detectar situaciones en las que se requiera intervenir para asegurar el bienestar del individuo.<\/p>\n<p class=\"paragraph \">En el mediano plazo, estos c\u00f3ndores nos permitir\u00e1n identificar rutas de vuelo, sectores de alimentaci\u00f3n y buitreras de importancia para la supervivencia de la especie en el largo plazo.<\/p>\n<p><img loading=\"lazy\" decoding=\"async\" class=\"wp-image-11766 aligncenter\" src=\"https:\/\/www.filantropiacortessolari.cl\/wp-content\/uploads\/2024\/02\/condoress.jpg\" alt=\"\" width=\"507\" height=\"285\" srcset=\"https:\/\/www.filantropiacortessolari.cl\/wp-content\/uploads\/2024\/02\/condoress.jpg 768w, https:\/\/www.filantropiacortessolari.cl\/wp-content\/uploads\/2024\/02\/condoress-300x169.jpg 300w, https:\/\/www.filantropiacortessolari.cl\/wp-content\/uploads\/2024\/02\/condoress-580x326.jpg 580w\" sizes=\"auto, (max-width: 507px) 100vw, 507px\" \/><\/p>\n<p class=\"paragraph \">Cabe recordar que desde 2014 en adelante\u00a0<b>han sido liberados un total de 15 c\u00f3ndores andinos en el marco del proyecto Manku,\u00a0<\/b>con la colaboraci\u00f3n de Filantrop\u00eda Cort\u00e9s Solari y de Fundaci\u00f3n Rewilding Chile (que particip\u00f3 en liberaciones en 2014 y 2022). Diez de estos individuos han sido reintroducidos al medio natural con transmisores satelitales.<\/p>\n<p class=\"paragraph \">Dos de ellos, Pumal\u00edn y Liqui\u00f1e, fueron liberados en el 2022 en el Parque Nacional Patagonia, y a trav\u00e9s del monitoreo se ha constatado que se encuentran insertos en las comunidades de c\u00f3ndores de la regi\u00f3n, con desplazamientos amplios, incluso cruzando la frontera hacia la Patagonia argentina.<\/p>\n<p>&nbsp;<\/p>\n<p><em>Fuente: <a href=\"https:\/\/www.latercera.com\/que-pasa\/noticia\/bagual-chicoco-cuyen-y-eclipse-liberan-a-cuatro-condores-en-el-parque-nacional-patagonia\/ACKO3BDRAJDMVIL4EQOYNH4I2E\/\" target=\"_blank\" rel=\"noopener\">LaTercera<\/a><\/em><\/p>\n","protected":false},"excerpt":{"rendered":"<p>Como parte de una iniciativa p\u00fablico-privada impulsada por el Proyecto Manku de la Uni\u00f3n de Ornit\u00f3logos de Chile junto a Filantrop\u00eda Cort\u00e9s Solari y Fundaci\u00f3n Rewilding Chile, entre otros, los ejemplares estuvieron durante dos meses en un recinto de preliberaci\u00f3n, en un proceso de aclimataci\u00f3n, con el objetivo de preparar su inserci\u00f3n al medio natural&#8230;.<\/p>\n","protected":false},"author":5,"featured_media":11759,"comment_status":"open","ping_status":"open","sticky":false,"template":"","format":"standard","meta":{"footnotes":""},"categories":[31],"tags":[],"class_list":["post-11758","post","type-post","status-publish","format-standard","has-post-thumbnail","hentry","category-noticias"],"translation":{"provider":"WPGlobus","version":"3.0.2","language":"en","enabled_languages":["es","en"],"languages":{"es":{"title":true,"content":true,"excerpt":false},"en":{"title":false,"content":false,"excerpt":false}}},"yoast_head":"<!-- This site is optimized with the Yoast SEO plugin v27.4 - https:\/\/yoast.com\/product\/yoast-seo-wordpress\/ -->\n<title>Bagual, Chicoco, Cuy\u00e9n y Eclipse: liberan a cuatro c\u00f3ndores en el Parque Nacional Patagonia %<\/title>\n<meta name=\"robots\" content=\"index, follow, max-snippet:-1, max-image-preview:large, max-video-preview:-1\" \/>\n<link rel=\"canonical\" href=\"https:\/\/www.filantropiacortessolari.cl\/bagual-chicoco-cuyen-y-eclipse-liberan-a-cuatro-condores-en-el-parque-nacional-patagonia\/\" \/>\n<meta property=\"og:locale\" content=\"en_US\" \/>\n<meta property=\"og:type\" content=\"article\" \/>\n<meta property=\"og:title\" content=\"Bagual, Chicoco, Cuy\u00e9n y Eclipse: liberan a cuatro c\u00f3ndores en el Parque Nacional Patagonia\" \/>\n<meta property=\"og:url\" content=\"https:\/\/www.filantropiacortessolari.cl\/bagual-chicoco-cuyen-y-eclipse-liberan-a-cuatro-condores-en-el-parque-nacional-patagonia\/\" \/>\n<meta property=\"og:site_name\" content=\"Filantrop\u00eda Cort\u00e9s Solari\" \/>\n<meta property=\"article:published_time\" content=\"2024-02-15T18:34:43+00:00\" \/>\n<meta property=\"article:modified_time\" content=\"2024-02-15T19:10:08+00:00\" \/>\n<meta property=\"og:image\" content=\"https:\/\/www.filantropiacortessolari.cl\/wp-content\/uploads\/2024\/02\/condores-3.jpg\" \/>\n\t<meta property=\"og:image:width\" content=\"768\" \/>\n\t<meta property=\"og:image:height\" content=\"512\" \/>\n\t<meta property=\"og:image:type\" content=\"image\/jpeg\" \/>\n<meta name=\"author\" content=\"Filantrop\u00eda Cor\u00e9s Solari\" \/>\n<meta name=\"twitter:card\" content=\"summary_large_image\" \/>\n<meta name=\"twitter:label1\" content=\"Written by\" \/>\n\t<meta name=\"twitter:data1\" content=\"Filantrop\u00eda Cor\u00e9s Solari\" \/>\n\t<meta name=\"twitter:label2\" content=\"Est. reading time\" \/>\n\t<meta name=\"twitter:data2\" content=\"6 minutes\" \/>\n<script type=\"application\/ld+json\" class=\"yoast-schema-graph\">{\"@context\":\"https:\\\/\\\/schema.org\",\"@graph\":[{\"@type\":\"Article\",\"@id\":\"https:\\\/\\\/www.filantropiacortessolari.cl\\\/bagual-chicoco-cuyen-y-eclipse-liberan-a-cuatro-condores-en-el-parque-nacional-patagonia\\\/#article\",\"isPartOf\":{\"@id\":\"https:\\\/\\\/www.filantropiacortessolari.cl\\\/bagual-chicoco-cuyen-y-eclipse-liberan-a-cuatro-condores-en-el-parque-nacional-patagonia\\\/\"},\"author\":{\"name\":\"Filantrop\u00eda Cor\u00e9s Solari\",\"@id\":\"https:\\\/\\\/www.filantropiacortessolari.cl\\\/#\\\/schema\\\/person\\\/1522bc267c5adc891e72e7ae53a78756\"},\"headline\":\"Bagual, Chicoco, Cuy\u00e9n y Eclipse: liberan a cuatro c\u00f3ndores en el Parque Nacional Patagonia\",\"datePublished\":\"2024-02-15T18:34:43+00:00\",\"dateModified\":\"2024-02-15T19:10:08+00:00\",\"mainEntityOfPage\":{\"@id\":\"https:\\\/\\\/www.filantropiacortessolari.cl\\\/bagual-chicoco-cuyen-y-eclipse-liberan-a-cuatro-condores-en-el-parque-nacional-patagonia\\\/\"},\"wordCount\":1153,\"commentCount\":0,\"image\":{\"@id\":\"https:\\\/\\\/www.filantropiacortessolari.cl\\\/bagual-chicoco-cuyen-y-eclipse-liberan-a-cuatro-condores-en-el-parque-nacional-patagonia\\\/#primaryimage\"},\"thumbnailUrl\":\"https:\\\/\\\/www.filantropiacortessolari.cl\\\/wp-content\\\/uploads\\\/2024\\\/02\\\/condores-3.jpg\",\"articleSection\":[\"Noticias\"],\"inLanguage\":\"en-US\",\"potentialAction\":[{\"@type\":\"CommentAction\",\"name\":\"Comment\",\"target\":[\"https:\\\/\\\/www.filantropiacortessolari.cl\\\/bagual-chicoco-cuyen-y-eclipse-liberan-a-cuatro-condores-en-el-parque-nacional-patagonia\\\/#respond\"]}]},{\"@type\":\"WebPage\",\"@id\":\"https:\\\/\\\/www.filantropiacortessolari.cl\\\/bagual-chicoco-cuyen-y-eclipse-liberan-a-cuatro-condores-en-el-parque-nacional-patagonia\\\/\",\"url\":\"https:\\\/\\\/www.filantropiacortessolari.cl\\\/bagual-chicoco-cuyen-y-eclipse-liberan-a-cuatro-condores-en-el-parque-nacional-patagonia\\\/\",\"name\":\"Bagual, Chicoco, Cuy\u00e9n y Eclipse: liberan a cuatro c\u00f3ndores en el Parque Nacional Patagonia %\",\"isPartOf\":{\"@id\":\"https:\\\/\\\/www.filantropiacortessolari.cl\\\/#website\"},\"primaryImageOfPage\":{\"@id\":\"https:\\\/\\\/www.filantropiacortessolari.cl\\\/bagual-chicoco-cuyen-y-eclipse-liberan-a-cuatro-condores-en-el-parque-nacional-patagonia\\\/#primaryimage\"},\"image\":{\"@id\":\"https:\\\/\\\/www.filantropiacortessolari.cl\\\/bagual-chicoco-cuyen-y-eclipse-liberan-a-cuatro-condores-en-el-parque-nacional-patagonia\\\/#primaryimage\"},\"thumbnailUrl\":\"https:\\\/\\\/www.filantropiacortessolari.cl\\\/wp-content\\\/uploads\\\/2024\\\/02\\\/condores-3.jpg\",\"datePublished\":\"2024-02-15T18:34:43+00:00\",\"dateModified\":\"2024-02-15T19:10:08+00:00\",\"author\":{\"@id\":\"https:\\\/\\\/www.filantropiacortessolari.cl\\\/#\\\/schema\\\/person\\\/1522bc267c5adc891e72e7ae53a78756\"},\"breadcrumb\":{\"@id\":\"https:\\\/\\\/www.filantropiacortessolari.cl\\\/bagual-chicoco-cuyen-y-eclipse-liberan-a-cuatro-condores-en-el-parque-nacional-patagonia\\\/#breadcrumb\"},\"inLanguage\":\"en-US\",\"potentialAction\":[{\"@type\":\"ReadAction\",\"target\":[\"https:\\\/\\\/www.filantropiacortessolari.cl\\\/bagual-chicoco-cuyen-y-eclipse-liberan-a-cuatro-condores-en-el-parque-nacional-patagonia\\\/\"]}]},{\"@type\":\"ImageObject\",\"inLanguage\":\"en-US\",\"@id\":\"https:\\\/\\\/www.filantropiacortessolari.cl\\\/bagual-chicoco-cuyen-y-eclipse-liberan-a-cuatro-condores-en-el-parque-nacional-patagonia\\\/#primaryimage\",\"url\":\"https:\\\/\\\/www.filantropiacortessolari.cl\\\/wp-content\\\/uploads\\\/2024\\\/02\\\/condores-3.jpg\",\"contentUrl\":\"https:\\\/\\\/www.filantropiacortessolari.cl\\\/wp-content\\\/uploads\\\/2024\\\/02\\\/condores-3.jpg\",\"width\":768,\"height\":512},{\"@type\":\"BreadcrumbList\",\"@id\":\"https:\\\/\\\/www.filantropiacortessolari.cl\\\/bagual-chicoco-cuyen-y-eclipse-liberan-a-cuatro-condores-en-el-parque-nacional-patagonia\\\/#breadcrumb\",\"itemListElement\":[{\"@type\":\"ListItem\",\"position\":1,\"name\":\"Portada\",\"item\":\"https:\\\/\\\/www.filantropiacortessolari.cl\\\/\"},{\"@type\":\"ListItem\",\"position\":2,\"name\":\"Bagual, Chicoco, Cuy\u00e9n y Eclipse: liberan a cuatro c\u00f3ndores en el Parque Nacional Patagonia\"}]},{\"@type\":\"WebSite\",\"@id\":\"https:\\\/\\\/www.filantropiacortessolari.cl\\\/#website\",\"url\":\"https:\\\/\\\/www.filantropiacortessolari.cl\\\/\",\"name\":\"Filantrop\u00eda Cort\u00e9s Solari\",\"description\":\"Sitio web Filantrop\u00eda Cort\u00e9s Solari\",\"potentialAction\":[{\"@type\":\"SearchAction\",\"target\":{\"@type\":\"EntryPoint\",\"urlTemplate\":\"https:\\\/\\\/www.filantropiacortessolari.cl\\\/?s={search_term_string}\"},\"query-input\":{\"@type\":\"PropertyValueSpecification\",\"valueRequired\":true,\"valueName\":\"search_term_string\"}}],\"inLanguage\":\"en-US\"},{\"@type\":\"Person\",\"@id\":\"https:\\\/\\\/www.filantropiacortessolari.cl\\\/#\\\/schema\\\/person\\\/1522bc267c5adc891e72e7ae53a78756\",\"name\":\"Filantrop\u00eda Cor\u00e9s Solari\",\"image\":{\"@type\":\"ImageObject\",\"inLanguage\":\"en-US\",\"@id\":\"https:\\\/\\\/secure.gravatar.com\\\/avatar\\\/80a29e0a12a098288f87baab7b0d7f24ba65e7df527146804bdcaf8125632bb8?s=96&d=mm&r=g\",\"url\":\"https:\\\/\\\/secure.gravatar.com\\\/avatar\\\/80a29e0a12a098288f87baab7b0d7f24ba65e7df527146804bdcaf8125632bb8?s=96&d=mm&r=g\",\"contentUrl\":\"https:\\\/\\\/secure.gravatar.com\\\/avatar\\\/80a29e0a12a098288f87baab7b0d7f24ba65e7df527146804bdcaf8125632bb8?s=96&d=mm&r=g\",\"caption\":\"Filantrop\u00eda Cor\u00e9s Solari\"},\"url\":\"https:\\\/\\\/www.filantropiacortessolari.cl\\\/en\\\/author\\\/filantropia-cores-solari\\\/\"}]}<\/script>\n<!-- \/ Yoast SEO plugin. -->","yoast_head_json":{"title":"Bagual, Chicoco, Cuy\u00e9n y Eclipse: liberan a cuatro c\u00f3ndores en el Parque Nacional Patagonia %","robots":{"index":"index","follow":"follow","max-snippet":"max-snippet:-1","max-image-preview":"max-image-preview:large","max-video-preview":"max-video-preview:-1"},"canonical":"https:\/\/www.filantropiacortessolari.cl\/bagual-chicoco-cuyen-y-eclipse-liberan-a-cuatro-condores-en-el-parque-nacional-patagonia\/","og_locale":"en_US","og_type":"article","og_title":"Bagual, Chicoco, Cuy\u00e9n y Eclipse: liberan a cuatro c\u00f3ndores en el Parque Nacional Patagonia","og_url":"https:\/\/www.filantropiacortessolari.cl\/bagual-chicoco-cuyen-y-eclipse-liberan-a-cuatro-condores-en-el-parque-nacional-patagonia\/","og_site_name":"Filantrop\u00eda Cort\u00e9s Solari","article_published_time":"2024-02-15T18:34:43+00:00","article_modified_time":"2024-02-15T19:10:08+00:00","og_image":[{"width":768,"height":512,"url":"https:\/\/www.filantropiacortessolari.cl\/wp-content\/uploads\/2024\/02\/condores-3.jpg","type":"image\/jpeg"}],"author":"Filantrop\u00eda Cor\u00e9s Solari","twitter_card":"summary_large_image","twitter_misc":{"Written by":"Filantrop\u00eda Cor\u00e9s Solari","Est. reading time":"6 minutes"},"schema":{"@context":"https:\/\/schema.org","@graph":[{"@type":"Article","@id":"https:\/\/www.filantropiacortessolari.cl\/bagual-chicoco-cuyen-y-eclipse-liberan-a-cuatro-condores-en-el-parque-nacional-patagonia\/#article","isPartOf":{"@id":"https:\/\/www.filantropiacortessolari.cl\/bagual-chicoco-cuyen-y-eclipse-liberan-a-cuatro-condores-en-el-parque-nacional-patagonia\/"},"author":{"name":"Filantrop\u00eda Cor\u00e9s Solari","@id":"https:\/\/www.filantropiacortessolari.cl\/#\/schema\/person\/1522bc267c5adc891e72e7ae53a78756"},"headline":"Bagual, Chicoco, Cuy\u00e9n y Eclipse: liberan a cuatro c\u00f3ndores en el Parque Nacional Patagonia","datePublished":"2024-02-15T18:34:43+00:00","dateModified":"2024-02-15T19:10:08+00:00","mainEntityOfPage":{"@id":"https:\/\/www.filantropiacortessolari.cl\/bagual-chicoco-cuyen-y-eclipse-liberan-a-cuatro-condores-en-el-parque-nacional-patagonia\/"},"wordCount":1153,"commentCount":0,"image":{"@id":"https:\/\/www.filantropiacortessolari.cl\/bagual-chicoco-cuyen-y-eclipse-liberan-a-cuatro-condores-en-el-parque-nacional-patagonia\/#primaryimage"},"thumbnailUrl":"https:\/\/www.filantropiacortessolari.cl\/wp-content\/uploads\/2024\/02\/condores-3.jpg","articleSection":["Noticias"],"inLanguage":"en-US","potentialAction":[{"@type":"CommentAction","name":"Comment","target":["https:\/\/www.filantropiacortessolari.cl\/bagual-chicoco-cuyen-y-eclipse-liberan-a-cuatro-condores-en-el-parque-nacional-patagonia\/#respond"]}]},{"@type":"WebPage","@id":"https:\/\/www.filantropiacortessolari.cl\/bagual-chicoco-cuyen-y-eclipse-liberan-a-cuatro-condores-en-el-parque-nacional-patagonia\/","url":"https:\/\/www.filantropiacortessolari.cl\/bagual-chicoco-cuyen-y-eclipse-liberan-a-cuatro-condores-en-el-parque-nacional-patagonia\/","name":"Bagual, Chicoco, Cuy\u00e9n y Eclipse: liberan a cuatro c\u00f3ndores en el Parque Nacional Patagonia %","isPartOf":{"@id":"https:\/\/www.filantropiacortessolari.cl\/#website"},"primaryImageOfPage":{"@id":"https:\/\/www.filantropiacortessolari.cl\/bagual-chicoco-cuyen-y-eclipse-liberan-a-cuatro-condores-en-el-parque-nacional-patagonia\/#primaryimage"},"image":{"@id":"https:\/\/www.filantropiacortessolari.cl\/bagual-chicoco-cuyen-y-eclipse-liberan-a-cuatro-condores-en-el-parque-nacional-patagonia\/#primaryimage"},"thumbnailUrl":"https:\/\/www.filantropiacortessolari.cl\/wp-content\/uploads\/2024\/02\/condores-3.jpg","datePublished":"2024-02-15T18:34:43+00:00","dateModified":"2024-02-15T19:10:08+00:00","author":{"@id":"https:\/\/www.filantropiacortessolari.cl\/#\/schema\/person\/1522bc267c5adc891e72e7ae53a78756"},"breadcrumb":{"@id":"https:\/\/www.filantropiacortessolari.cl\/bagual-chicoco-cuyen-y-eclipse-liberan-a-cuatro-condores-en-el-parque-nacional-patagonia\/#breadcrumb"},"inLanguage":"en-US","potentialAction":[{"@type":"ReadAction","target":["https:\/\/www.filantropiacortessolari.cl\/bagual-chicoco-cuyen-y-eclipse-liberan-a-cuatro-condores-en-el-parque-nacional-patagonia\/"]}]},{"@type":"ImageObject","inLanguage":"en-US","@id":"https:\/\/www.filantropiacortessolari.cl\/bagual-chicoco-cuyen-y-eclipse-liberan-a-cuatro-condores-en-el-parque-nacional-patagonia\/#primaryimage","url":"https:\/\/www.filantropiacortessolari.cl\/wp-content\/uploads\/2024\/02\/condores-3.jpg","contentUrl":"https:\/\/www.filantropiacortessolari.cl\/wp-content\/uploads\/2024\/02\/condores-3.jpg","width":768,"height":512},{"@type":"BreadcrumbList","@id":"https:\/\/www.filantropiacortessolari.cl\/bagual-chicoco-cuyen-y-eclipse-liberan-a-cuatro-condores-en-el-parque-nacional-patagonia\/#breadcrumb","itemListElement":[{"@type":"ListItem","position":1,"name":"Portada","item":"https:\/\/www.filantropiacortessolari.cl\/"},{"@type":"ListItem","position":2,"name":"Bagual, Chicoco, Cuy\u00e9n y Eclipse: liberan a cuatro c\u00f3ndores en el Parque Nacional Patagonia"}]},{"@type":"WebSite","@id":"https:\/\/www.filantropiacortessolari.cl\/#website","url":"https:\/\/www.filantropiacortessolari.cl\/","name":"Filantrop\u00eda Cort\u00e9s Solari","description":"Sitio web Filantrop\u00eda Cort\u00e9s Solari","potentialAction":[{"@type":"SearchAction","target":{"@type":"EntryPoint","urlTemplate":"https:\/\/www.filantropiacortessolari.cl\/?s={search_term_string}"},"query-input":{"@type":"PropertyValueSpecification","valueRequired":true,"valueName":"search_term_string"}}],"inLanguage":"en-US"},{"@type":"Person","@id":"https:\/\/www.filantropiacortessolari.cl\/#\/schema\/person\/1522bc267c5adc891e72e7ae53a78756","name":"Filantrop\u00eda Cor\u00e9s Solari","image":{"@type":"ImageObject","inLanguage":"en-US","@id":"https:\/\/secure.gravatar.com\/avatar\/80a29e0a12a098288f87baab7b0d7f24ba65e7df527146804bdcaf8125632bb8?s=96&d=mm&r=g","url":"https:\/\/secure.gravatar.com\/avatar\/80a29e0a12a098288f87baab7b0d7f24ba65e7df527146804bdcaf8125632bb8?s=96&d=mm&r=g","contentUrl":"https:\/\/secure.gravatar.com\/avatar\/80a29e0a12a098288f87baab7b0d7f24ba65e7df527146804bdcaf8125632bb8?s=96&d=mm&r=g","caption":"Filantrop\u00eda Cor\u00e9s Solari"},"url":"https:\/\/www.filantropiacortessolari.cl\/en\/author\/filantropia-cores-solari\/"}]}},"_links":{"self":[{"href":"https:\/\/www.filantropiacortessolari.cl\/en\/wp-json\/wp\/v2\/posts\/11758","targetHints":{"allow":["GET"]}}],"collection":[{"href":"https:\/\/www.filantropiacortessolari.cl\/en\/wp-json\/wp\/v2\/posts"}],"about":[{"href":"https:\/\/www.filantropiacortessolari.cl\/en\/wp-json\/wp\/v2\/types\/post"}],"author":[{"embeddable":true,"href":"https:\/\/www.filantropiacortessolari.cl\/en\/wp-json\/wp\/v2\/users\/5"}],"replies":[{"embeddable":true,"href":"https:\/\/www.filantropiacortessolari.cl\/en\/wp-json\/wp\/v2\/comments?post=11758"}],"version-history":[{"count":7,"href":"https:\/\/www.filantropiacortessolari.cl\/en\/wp-json\/wp\/v2\/posts\/11758\/revisions"}],"predecessor-version":[{"id":11771,"href":"https:\/\/www.filantropiacortessolari.cl\/en\/wp-json\/wp\/v2\/posts\/11758\/revisions\/11771"}],"wp:featuredmedia":[{"embeddable":true,"href":"https:\/\/www.filantropiacortessolari.cl\/en\/wp-json\/wp\/v2\/media\/11759"}],"wp:attachment":[{"href":"https:\/\/www.filantropiacortessolari.cl\/en\/wp-json\/wp\/v2\/media?parent=11758"}],"wp:term":[{"taxonomy":"category","embeddable":true,"href":"https:\/\/www.filantropiacortessolari.cl\/en\/wp-json\/wp\/v2\/categories?post=11758"},{"taxonomy":"post_tag","embeddable":true,"href":"https:\/\/www.filantropiacortessolari.cl\/en\/wp-json\/wp\/v2\/tags?post=11758"}],"curies":[{"name":"wp","href":"https:\/\/api.w.org\/{rel}","templated":true}]}}