{"id":11810,"date":"2024-04-29T16:48:29","date_gmt":"2024-04-29T19:48:29","guid":{"rendered":"https:\/\/www.filantropiacortessolari.cl\/?p=11810"},"modified":"2024-04-29T16:50:40","modified_gmt":"2024-04-29T19:50:40","slug":"fundacion-caserta-participa-en-encuentro-con-jovenes-en-vina-del-mar","status":"publish","type":"post","link":"https:\/\/www.filantropiacortessolari.cl\/en\/fundacion-caserta-participa-en-encuentro-con-jovenes-en-vina-del-mar\/","title":{"rendered":"Fundaci\u00f3n Caserta participa en Encuentro con j\u00f3venes en Vi\u00f1a del Mar"},"content":{"rendered":"<style type=\"text\/css\"><\/style><p>Tuvimos un encuentro presencial, junto a 400 j\u00f3venes y docentes, con el prop\u00f3sito de vincular a los centros de estudiantes de todo el pa\u00eds a trav\u00e9s de distintas conferencias y actividades donde se busca generar organizaci\u00f3n en el alumnado y adem\u00e1s potenciar el debate cr\u00edtico entre los l\u00edderes estudiantiles, promoviendo la reflexi\u00f3n e interacci\u00f3n entre los estudiantes de los distintos colegios asistentes.<\/p>\n<p>Durante el evento, Fundaci\u00f3n Caserta demostr\u00f3 su compromiso con el liderazgo a trav\u00e9s de una experiencia enfocada en su Mapa de desarrollo humano, trabajando con fuerza el cuerpo, las emociones, la mente y el esp\u00edritu.<\/p>\n<figure id=\"attachment_12903\" aria-describedby=\"caption-attachment-12903\" style=\"width: 1280px\" class=\"wp-caption aligncenter\"><img loading=\"lazy\" decoding=\"async\" src=\"https:\/\/caserta.cl\/wp-content\/uploads\/2024\/04\/fundacion-caserta.jpeg\" alt=\"\" width=\"1280\" height=\"853\" class=\"size-full wp-image-12903\" \/><figcaption id=\"caption-attachment-12903\" class=\"wp-caption-text\">Carolina Albornoz y Mar\u00eda Jos\u00e9 Tapia<\/figcaption><\/figure>\n<p>Se cre\u00f3 un espacio de reflexi\u00f3n y di\u00e1logo que permiti\u00f3 a los participantes explorar y profundizar su comprensi\u00f3n sobre el liderazgo para el siglo XXI. Esta experiencia gener\u00f3 nuevas habilidades para potenciar el liderazgo y lograr un crecimiento personal significativo.<\/p>\n<p>Muy agradecidas y felices de la invitaci\u00f3n al \u201cEncuentro Jornada\u201d.<\/p>\n<p>Gracias fundaci\u00f3n Espacio Mejor y Piensa por esta tremenda invitaci\u00f3n.<\/p>\n","protected":false},"excerpt":{"rendered":"<p>Tuvimos un encuentro presencial, junto a 400 j\u00f3venes y docentes, con el prop\u00f3sito de vincular a los centros de estudiantes de todo el pa\u00eds a trav\u00e9s de distintas conferencias y actividades donde se busca generar organizaci\u00f3n en el alumnado y adem\u00e1s potenciar el debate cr\u00edtico entre los l\u00edderes estudiantiles, promoviendo la reflexi\u00f3n e interacci\u00f3n entre&#8230;<\/p>\n","protected":false},"author":1,"featured_media":11812,"comment_status":"open","ping_status":"open","sticky":false,"template":"","format":"standard","meta":{"footnotes":""},"categories":[31],"tags":[],"class_list":["post-11810","post","type-post","status-publish","format-standard","has-post-thumbnail","hentry","category-noticias"],"translation":{"provider":"WPGlobus","version":"3.0.2","language":"en","enabled_languages":["es","en"],"languages":{"es":{"title":true,"content":true,"excerpt":false},"en":{"title":false,"content":false,"excerpt":false}}},"yoast_head":"<!-- This site is optimized with the Yoast SEO plugin v27.4 - https:\/\/yoast.com\/product\/yoast-seo-wordpress\/ -->\n<title>Fundaci\u00f3n Caserta participa en Encuentro con j\u00f3venes en Vi\u00f1a del Mar<\/title>\n<meta name=\"robots\" content=\"index, follow, max-snippet:-1, max-image-preview:large, max-video-preview:-1\" \/>\n<link rel=\"canonical\" href=\"https:\/\/www.filantropiacortessolari.cl\/fundacion-caserta-participa-en-encuentro-con-jovenes-en-vina-del-mar\/\" \/>\n<meta property=\"og:locale\" content=\"en_US\" \/>\n<meta property=\"og:type\" content=\"article\" \/>\n<meta property=\"og:title\" content=\"Fundaci\u00f3n Caserta participa en Encuentro con j\u00f3venes en Vi\u00f1a del Mar\" \/>\n<meta property=\"og:url\" content=\"https:\/\/www.filantropiacortessolari.cl\/fundacion-caserta-participa-en-encuentro-con-jovenes-en-vina-del-mar\/\" \/>\n<meta property=\"og:site_name\" content=\"Filantrop\u00eda Cort\u00e9s Solari\" \/>\n<meta property=\"article:published_time\" content=\"2024-04-29T19:48:29+00:00\" \/>\n<meta property=\"article:modified_time\" content=\"2024-04-29T19:50:40+00:00\" \/>\n<meta property=\"og:image\" content=\"https:\/\/www.filantropiacortessolari.cl\/wp-content\/uploads\/2024\/04\/encuentro-caserta.webp\" \/>\n\t<meta property=\"og:image:width\" content=\"1280\" \/>\n\t<meta property=\"og:image:height\" content=\"853\" \/>\n\t<meta property=\"og:image:type\" content=\"image\/webp\" \/>\n<meta name=\"author\" content=\"Filantrop\u00eda Cort\u00e9s Solari\" \/>\n<meta name=\"twitter:card\" content=\"summary_large_image\" \/>\n<meta name=\"twitter:label1\" content=\"Written by\" \/>\n\t<meta name=\"twitter:data1\" content=\"Filantrop\u00eda Cort\u00e9s Solari\" \/>\n\t<meta name=\"twitter:label2\" content=\"Est. reading time\" \/>\n\t<meta name=\"twitter:data2\" content=\"2 minutes\" \/>\n<script type=\"application\/ld+json\" class=\"yoast-schema-graph\">{\"@context\":\"https:\\\/\\\/schema.org\",\"@graph\":[{\"@type\":\"Article\",\"@id\":\"https:\\\/\\\/www.filantropiacortessolari.cl\\\/fundacion-caserta-participa-en-encuentro-con-jovenes-en-vina-del-mar\\\/#article\",\"isPartOf\":{\"@id\":\"https:\\\/\\\/www.filantropiacortessolari.cl\\\/fundacion-caserta-participa-en-encuentro-con-jovenes-en-vina-del-mar\\\/\"},\"author\":{\"name\":\"Filantrop\u00eda Cort\u00e9s Solari\",\"@id\":\"https:\\\/\\\/www.filantropiacortessolari.cl\\\/#\\\/schema\\\/person\\\/e099cf1046922f4f5892172332dc86c0\"},\"headline\":\"Fundaci\u00f3n Caserta participa en Encuentro con j\u00f3venes en Vi\u00f1a del Mar\",\"datePublished\":\"2024-04-29T19:48:29+00:00\",\"dateModified\":\"2024-04-29T19:50:40+00:00\",\"mainEntityOfPage\":{\"@id\":\"https:\\\/\\\/www.filantropiacortessolari.cl\\\/fundacion-caserta-participa-en-encuentro-con-jovenes-en-vina-del-mar\\\/\"},\"wordCount\":203,\"commentCount\":0,\"image\":{\"@id\":\"https:\\\/\\\/www.filantropiacortessolari.cl\\\/fundacion-caserta-participa-en-encuentro-con-jovenes-en-vina-del-mar\\\/#primaryimage\"},\"thumbnailUrl\":\"https:\\\/\\\/www.filantropiacortessolari.cl\\\/wp-content\\\/uploads\\\/2024\\\/04\\\/encuentro-caserta.webp\",\"articleSection\":[\"Noticias\"],\"inLanguage\":\"en-US\",\"potentialAction\":[{\"@type\":\"CommentAction\",\"name\":\"Comment\",\"target\":[\"https:\\\/\\\/www.filantropiacortessolari.cl\\\/fundacion-caserta-participa-en-encuentro-con-jovenes-en-vina-del-mar\\\/#respond\"]}]},{\"@type\":\"WebPage\",\"@id\":\"https:\\\/\\\/www.filantropiacortessolari.cl\\\/fundacion-caserta-participa-en-encuentro-con-jovenes-en-vina-del-mar\\\/\",\"url\":\"https:\\\/\\\/www.filantropiacortessolari.cl\\\/fundacion-caserta-participa-en-encuentro-con-jovenes-en-vina-del-mar\\\/\",\"name\":\"Fundaci\u00f3n Caserta participa en Encuentro con j\u00f3venes en Vi\u00f1a del Mar\",\"isPartOf\":{\"@id\":\"https:\\\/\\\/www.filantropiacortessolari.cl\\\/#website\"},\"primaryImageOfPage\":{\"@id\":\"https:\\\/\\\/www.filantropiacortessolari.cl\\\/fundacion-caserta-participa-en-encuentro-con-jovenes-en-vina-del-mar\\\/#primaryimage\"},\"image\":{\"@id\":\"https:\\\/\\\/www.filantropiacortessolari.cl\\\/fundacion-caserta-participa-en-encuentro-con-jovenes-en-vina-del-mar\\\/#primaryimage\"},\"thumbnailUrl\":\"https:\\\/\\\/www.filantropiacortessolari.cl\\\/wp-content\\\/uploads\\\/2024\\\/04\\\/encuentro-caserta.webp\",\"datePublished\":\"2024-04-29T19:48:29+00:00\",\"dateModified\":\"2024-04-29T19:50:40+00:00\",\"author\":{\"@id\":\"https:\\\/\\\/www.filantropiacortessolari.cl\\\/#\\\/schema\\\/person\\\/e099cf1046922f4f5892172332dc86c0\"},\"breadcrumb\":{\"@id\":\"https:\\\/\\\/www.filantropiacortessolari.cl\\\/fundacion-caserta-participa-en-encuentro-con-jovenes-en-vina-del-mar\\\/#breadcrumb\"},\"inLanguage\":\"en-US\",\"potentialAction\":[{\"@type\":\"ReadAction\",\"target\":[\"https:\\\/\\\/www.filantropiacortessolari.cl\\\/fundacion-caserta-participa-en-encuentro-con-jovenes-en-vina-del-mar\\\/\"]}]},{\"@type\":\"ImageObject\",\"inLanguage\":\"en-US\",\"@id\":\"https:\\\/\\\/www.filantropiacortessolari.cl\\\/fundacion-caserta-participa-en-encuentro-con-jovenes-en-vina-del-mar\\\/#primaryimage\",\"url\":\"https:\\\/\\\/www.filantropiacortessolari.cl\\\/wp-content\\\/uploads\\\/2024\\\/04\\\/encuentro-caserta.webp\",\"contentUrl\":\"https:\\\/\\\/www.filantropiacortessolari.cl\\\/wp-content\\\/uploads\\\/2024\\\/04\\\/encuentro-caserta.webp\",\"width\":1280,\"height\":853},{\"@type\":\"BreadcrumbList\",\"@id\":\"https:\\\/\\\/www.filantropiacortessolari.cl\\\/fundacion-caserta-participa-en-encuentro-con-jovenes-en-vina-del-mar\\\/#breadcrumb\",\"itemListElement\":[{\"@type\":\"ListItem\",\"position\":1,\"name\":\"Portada\",\"item\":\"https:\\\/\\\/www.filantropiacortessolari.cl\\\/\"},{\"@type\":\"ListItem\",\"position\":2,\"name\":\"Fundaci\u00f3n Caserta participa en Encuentro con j\u00f3venes en Vi\u00f1a del Mar\"}]},{\"@type\":\"WebSite\",\"@id\":\"https:\\\/\\\/www.filantropiacortessolari.cl\\\/#website\",\"url\":\"https:\\\/\\\/www.filantropiacortessolari.cl\\\/\",\"name\":\"Filantrop\u00eda Cort\u00e9s Solari\",\"description\":\"Sitio web Filantrop\u00eda Cort\u00e9s Solari\",\"potentialAction\":[{\"@type\":\"SearchAction\",\"target\":{\"@type\":\"EntryPoint\",\"urlTemplate\":\"https:\\\/\\\/www.filantropiacortessolari.cl\\\/?s={search_term_string}\"},\"query-input\":{\"@type\":\"PropertyValueSpecification\",\"valueRequired\":true,\"valueName\":\"search_term_string\"}}],\"inLanguage\":\"en-US\"},{\"@type\":\"Person\",\"@id\":\"https:\\\/\\\/www.filantropiacortessolari.cl\\\/#\\\/schema\\\/person\\\/e099cf1046922f4f5892172332dc86c0\",\"name\":\"Filantrop\u00eda Cort\u00e9s Solari\",\"image\":{\"@type\":\"ImageObject\",\"inLanguage\":\"en-US\",\"@id\":\"https:\\\/\\\/secure.gravatar.com\\\/avatar\\\/9d17bfe24074ed7576e70cbeb8e010cdd7d01fae9f2047bd96cccbe629ec3c11?s=96&d=mm&r=g\",\"url\":\"https:\\\/\\\/secure.gravatar.com\\\/avatar\\\/9d17bfe24074ed7576e70cbeb8e010cdd7d01fae9f2047bd96cccbe629ec3c11?s=96&d=mm&r=g\",\"contentUrl\":\"https:\\\/\\\/secure.gravatar.com\\\/avatar\\\/9d17bfe24074ed7576e70cbeb8e010cdd7d01fae9f2047bd96cccbe629ec3c11?s=96&d=mm&r=g\",\"caption\":\"Filantrop\u00eda Cort\u00e9s Solari\"},\"url\":\"https:\\\/\\\/www.filantropiacortessolari.cl\\\/en\\\/author\\\/filantropia-cortes-solari\\\/\"}]}<\/script>\n<!-- \/ Yoast SEO plugin. -->","yoast_head_json":{"title":"Fundaci\u00f3n Caserta participa en Encuentro con j\u00f3venes en Vi\u00f1a del Mar","robots":{"index":"index","follow":"follow","max-snippet":"max-snippet:-1","max-image-preview":"max-image-preview:large","max-video-preview":"max-video-preview:-1"},"canonical":"https:\/\/www.filantropiacortessolari.cl\/fundacion-caserta-participa-en-encuentro-con-jovenes-en-vina-del-mar\/","og_locale":"en_US","og_type":"article","og_title":"Fundaci\u00f3n Caserta participa en Encuentro con j\u00f3venes en Vi\u00f1a del Mar","og_url":"https:\/\/www.filantropiacortessolari.cl\/fundacion-caserta-participa-en-encuentro-con-jovenes-en-vina-del-mar\/","og_site_name":"Filantrop\u00eda Cort\u00e9s Solari","article_published_time":"2024-04-29T19:48:29+00:00","article_modified_time":"2024-04-29T19:50:40+00:00","og_image":[{"width":1280,"height":853,"url":"https:\/\/www.filantropiacortessolari.cl\/wp-content\/uploads\/2024\/04\/encuentro-caserta.webp","type":"image\/webp"}],"author":"Filantrop\u00eda Cort\u00e9s Solari","twitter_card":"summary_large_image","twitter_misc":{"Written by":"Filantrop\u00eda Cort\u00e9s Solari","Est. reading time":"2 minutes"},"schema":{"@context":"https:\/\/schema.org","@graph":[{"@type":"Article","@id":"https:\/\/www.filantropiacortessolari.cl\/fundacion-caserta-participa-en-encuentro-con-jovenes-en-vina-del-mar\/#article","isPartOf":{"@id":"https:\/\/www.filantropiacortessolari.cl\/fundacion-caserta-participa-en-encuentro-con-jovenes-en-vina-del-mar\/"},"author":{"name":"Filantrop\u00eda Cort\u00e9s Solari","@id":"https:\/\/www.filantropiacortessolari.cl\/#\/schema\/person\/e099cf1046922f4f5892172332dc86c0"},"headline":"Fundaci\u00f3n Caserta participa en Encuentro con j\u00f3venes en Vi\u00f1a del Mar","datePublished":"2024-04-29T19:48:29+00:00","dateModified":"2024-04-29T19:50:40+00:00","mainEntityOfPage":{"@id":"https:\/\/www.filantropiacortessolari.cl\/fundacion-caserta-participa-en-encuentro-con-jovenes-en-vina-del-mar\/"},"wordCount":203,"commentCount":0,"image":{"@id":"https:\/\/www.filantropiacortessolari.cl\/fundacion-caserta-participa-en-encuentro-con-jovenes-en-vina-del-mar\/#primaryimage"},"thumbnailUrl":"https:\/\/www.filantropiacortessolari.cl\/wp-content\/uploads\/2024\/04\/encuentro-caserta.webp","articleSection":["Noticias"],"inLanguage":"en-US","potentialAction":[{"@type":"CommentAction","name":"Comment","target":["https:\/\/www.filantropiacortessolari.cl\/fundacion-caserta-participa-en-encuentro-con-jovenes-en-vina-del-mar\/#respond"]}]},{"@type":"WebPage","@id":"https:\/\/www.filantropiacortessolari.cl\/fundacion-caserta-participa-en-encuentro-con-jovenes-en-vina-del-mar\/","url":"https:\/\/www.filantropiacortessolari.cl\/fundacion-caserta-participa-en-encuentro-con-jovenes-en-vina-del-mar\/","name":"Fundaci\u00f3n Caserta participa en Encuentro con j\u00f3venes en Vi\u00f1a del Mar","isPartOf":{"@id":"https:\/\/www.filantropiacortessolari.cl\/#website"},"primaryImageOfPage":{"@id":"https:\/\/www.filantropiacortessolari.cl\/fundacion-caserta-participa-en-encuentro-con-jovenes-en-vina-del-mar\/#primaryimage"},"image":{"@id":"https:\/\/www.filantropiacortessolari.cl\/fundacion-caserta-participa-en-encuentro-con-jovenes-en-vina-del-mar\/#primaryimage"},"thumbnailUrl":"https:\/\/www.filantropiacortessolari.cl\/wp-content\/uploads\/2024\/04\/encuentro-caserta.webp","datePublished":"2024-04-29T19:48:29+00:00","dateModified":"2024-04-29T19:50:40+00:00","author":{"@id":"https:\/\/www.filantropiacortessolari.cl\/#\/schema\/person\/e099cf1046922f4f5892172332dc86c0"},"breadcrumb":{"@id":"https:\/\/www.filantropiacortessolari.cl\/fundacion-caserta-participa-en-encuentro-con-jovenes-en-vina-del-mar\/#breadcrumb"},"inLanguage":"en-US","potentialAction":[{"@type":"ReadAction","target":["https:\/\/www.filantropiacortessolari.cl\/fundacion-caserta-participa-en-encuentro-con-jovenes-en-vina-del-mar\/"]}]},{"@type":"ImageObject","inLanguage":"en-US","@id":"https:\/\/www.filantropiacortessolari.cl\/fundacion-caserta-participa-en-encuentro-con-jovenes-en-vina-del-mar\/#primaryimage","url":"https:\/\/www.filantropiacortessolari.cl\/wp-content\/uploads\/2024\/04\/encuentro-caserta.webp","contentUrl":"https:\/\/www.filantropiacortessolari.cl\/wp-content\/uploads\/2024\/04\/encuentro-caserta.webp","width":1280,"height":853},{"@type":"BreadcrumbList","@id":"https:\/\/www.filantropiacortessolari.cl\/fundacion-caserta-participa-en-encuentro-con-jovenes-en-vina-del-mar\/#breadcrumb","itemListElement":[{"@type":"ListItem","position":1,"name":"Portada","item":"https:\/\/www.filantropiacortessolari.cl\/"},{"@type":"ListItem","position":2,"name":"Fundaci\u00f3n Caserta participa en Encuentro con j\u00f3venes en Vi\u00f1a del Mar"}]},{"@type":"WebSite","@id":"https:\/\/www.filantropiacortessolari.cl\/#website","url":"https:\/\/www.filantropiacortessolari.cl\/","name":"Filantrop\u00eda Cort\u00e9s Solari","description":"Sitio web Filantrop\u00eda Cort\u00e9s Solari","potentialAction":[{"@type":"SearchAction","target":{"@type":"EntryPoint","urlTemplate":"https:\/\/www.filantropiacortessolari.cl\/?s={search_term_string}"},"query-input":{"@type":"PropertyValueSpecification","valueRequired":true,"valueName":"search_term_string"}}],"inLanguage":"en-US"},{"@type":"Person","@id":"https:\/\/www.filantropiacortessolari.cl\/#\/schema\/person\/e099cf1046922f4f5892172332dc86c0","name":"Filantrop\u00eda Cort\u00e9s Solari","image":{"@type":"ImageObject","inLanguage":"en-US","@id":"https:\/\/secure.gravatar.com\/avatar\/9d17bfe24074ed7576e70cbeb8e010cdd7d01fae9f2047bd96cccbe629ec3c11?s=96&d=mm&r=g","url":"https:\/\/secure.gravatar.com\/avatar\/9d17bfe24074ed7576e70cbeb8e010cdd7d01fae9f2047bd96cccbe629ec3c11?s=96&d=mm&r=g","contentUrl":"https:\/\/secure.gravatar.com\/avatar\/9d17bfe24074ed7576e70cbeb8e010cdd7d01fae9f2047bd96cccbe629ec3c11?s=96&d=mm&r=g","caption":"Filantrop\u00eda Cort\u00e9s Solari"},"url":"https:\/\/www.filantropiacortessolari.cl\/en\/author\/filantropia-cortes-solari\/"}]}},"_links":{"self":[{"href":"https:\/\/www.filantropiacortessolari.cl\/en\/wp-json\/wp\/v2\/posts\/11810","targetHints":{"allow":["GET"]}}],"collection":[{"href":"https:\/\/www.filantropiacortessolari.cl\/en\/wp-json\/wp\/v2\/posts"}],"about":[{"href":"https:\/\/www.filantropiacortessolari.cl\/en\/wp-json\/wp\/v2\/types\/post"}],"author":[{"embeddable":true,"href":"https:\/\/www.filantropiacortessolari.cl\/en\/wp-json\/wp\/v2\/users\/1"}],"replies":[{"embeddable":true,"href":"https:\/\/www.filantropiacortessolari.cl\/en\/wp-json\/wp\/v2\/comments?post=11810"}],"version-history":[{"count":1,"href":"https:\/\/www.filantropiacortessolari.cl\/en\/wp-json\/wp\/v2\/posts\/11810\/revisions"}],"predecessor-version":[{"id":11813,"href":"https:\/\/www.filantropiacortessolari.cl\/en\/wp-json\/wp\/v2\/posts\/11810\/revisions\/11813"}],"wp:featuredmedia":[{"embeddable":true,"href":"https:\/\/www.filantropiacortessolari.cl\/en\/wp-json\/wp\/v2\/media\/11812"}],"wp:attachment":[{"href":"https:\/\/www.filantropiacortessolari.cl\/en\/wp-json\/wp\/v2\/media?parent=11810"}],"wp:term":[{"taxonomy":"category","embeddable":true,"href":"https:\/\/www.filantropiacortessolari.cl\/en\/wp-json\/wp\/v2\/categories?post=11810"},{"taxonomy":"post_tag","embeddable":true,"href":"https:\/\/www.filantropiacortessolari.cl\/en\/wp-json\/wp\/v2\/tags?post=11810"}],"curies":[{"name":"wp","href":"https:\/\/api.w.org\/{rel}","templated":true}]}}