{"id":11815,"date":"2024-04-30T13:28:08","date_gmt":"2024-04-30T16:28:08","guid":{"rendered":"https:\/\/www.filantropiacortessolari.cl\/?p=11815"},"modified":"2024-04-30T14:20:08","modified_gmt":"2024-04-30T17:20:08","slug":"filantropia-cortes-solari-a-traves-de-fundacion-meri-zcog-y-safe-participan-en-la-semana-del-flamenco-en-san-pedro-de-atacama","status":"publish","type":"post","link":"https:\/\/www.filantropiacortessolari.cl\/en\/filantropia-cortes-solari-a-traves-de-fundacion-meri-zcog-y-safe-participan-en-la-semana-del-flamenco-en-san-pedro-de-atacama\/","title":{"rendered":"Filantrop\u00eda Cort\u00e9s Solari a trav\u00e9s de Fundaci\u00f3n MERI Zcog y SAFE participan en la semana del Flamenco en San Pedro de Atacama"},"content":{"rendered":"<style type=\"text\/css\"><\/style><p>En el marco del Proyecto de Conservaci\u00f3n del <a href=\"https:\/\/fundacionmeri.cl\/flamenco\/\" target=\"_blank\" rel=\"noopener\">Flamenco Altoandino<\/a>, se desarroll\u00f3 entre el 22 y el 26 de abril en San Pedro de Atacama, la Semana del <a href=\"https:\/\/fundacionmeri.cl\/flamenco\/\" target=\"_blank\" rel=\"noopener\">Flamenco<\/a>.<\/p>\n<p>La semana inici\u00f3 con prospecciones cient\u00edficas que el equipo del proyecto llev\u00f3 a cabo en Laguna Chaxa y Barros Negros con el prop\u00f3sito de instalar rastreadores satelitales en las diversas especies que habitan en la zona para recabar informaci\u00f3n sobre su comportamiento y desplazamientos, entre otros datos relevantes.<\/p>\n<p>En paralelo, el equipo educativo realiz\u00f3 talleres dirigidos a la comunidad y especialmente a estudiantes de ense\u00f1anza b\u00e1sica, quienes forman parte del grupo de \u201cguardianes de los flamencos\u201d.<\/p>\n<p>Nuestra fundadora, <a class=\"x1i10hfl xjbqb8w x1ejq31n xd10rxx x1sy0etr x17r0tee x972fbf xcfux6l x1qhh985 xm0m39n x9f619 x1ypdohk xt0psk2 xe8uvvx xdj266r x11i5rnm xat24cr x1mh8g0r xexx8yu x4uap5 x18d9i69 xkhd6sd x16tdsg8 x1hl2dhg xggy1nq x1a2a7pz xt0b8zv x1fey0fg xo1l8bm\" tabindex=\"0\" role=\"link\" href=\"https:\/\/www.filantropiacortessolari.cl\/profile\/francisca-cortes-solari\/\"><span class=\"xt0psk2\">Francisca Cort\u00e9s Solari.<\/span><\/a> estuvo con ellos motiv\u00e1ndoles desde su rol de Guardiana de la Naturaleza, de IUCN.<\/p>\n<p>La semana culmin\u00f3 con el Festival del Flamenco en la <a href=\"https:\/\/reservaelemental.cl\/san-pedro-de-atacama\/\" target=\"_blank\" rel=\"noopener\"><span class=\"xt0psk2\">Reserva Elemental<\/span> Puribeter<\/a> con una charla cient\u00edfica y educativa sobre los avances del proyecto, adem\u00e1s de una conversaci\u00f3n acerca de la cosmovision andina y la conservaci\u00f3n.<\/p>\n<p>El Proyecto de Conservaci\u00f3n del <a href=\"https:\/\/fundacionmeri.cl\/flamenco\/\" target=\"_blank\" rel=\"noopener\">Flamenco Altoandino<\/a> es liderado por el <span class=\"xt0psk2\">Zool\u00f3gico Nacional de Chile<\/span>, en alianza con <span class=\"xt0psk2\">Filantrop\u00eda Cort\u00e9s Solari<\/span> a trav\u00e9s de <a href=\"https:\/\/fundacionmeri.cl\/\"><span class=\"xt0psk2\">Fundaci\u00f3n MERI<\/span><\/a> Zcog y SAFE.<\/p>\n<h2 style=\"text-align: center;\">Revisa las fotos<\/h2>\n<div id='gallery-1' class='gallery galleryid-11815 gallery-columns-3 gallery-size-thumbnail'><figure class='gallery-item'>\n\t\t\t<div class='gallery-icon portrait'>\n\t\t\t\t<a href='https:\/\/www.filantropiacortessolari.cl\/en\/filantropia-cortes-solari-a-traves-de-fundacion-meri-zcog-y-safe-participan-en-la-semana-del-flamenco-en-san-pedro-de-atacama\/fcs-sanpedro1\/'><img loading=\"lazy\" decoding=\"async\" width=\"150\" height=\"150\" src=\"https:\/\/www.filantropiacortessolari.cl\/wp-content\/uploads\/2024\/04\/fcs-sanpedro1-150x150.jpg\" class=\"attachment-thumbnail size-thumbnail\" alt=\"\" srcset=\"https:\/\/www.filantropiacortessolari.cl\/wp-content\/uploads\/2024\/04\/fcs-sanpedro1-150x150.jpg 150w, https:\/\/www.filantropiacortessolari.cl\/wp-content\/uploads\/2024\/04\/fcs-sanpedro1-55x55.jpg 55w, https:\/\/www.filantropiacortessolari.cl\/wp-content\/uploads\/2024\/04\/fcs-sanpedro1-250x250.jpg 250w\" sizes=\"auto, (max-width: 150px) 100vw, 150px\" \/><\/a>\n\t\t\t<\/div><\/figure><figure class='gallery-item'>\n\t\t\t<div class='gallery-icon portrait'>\n\t\t\t\t<a href='https:\/\/www.filantropiacortessolari.cl\/en\/filantropia-cortes-solari-a-traves-de-fundacion-meri-zcog-y-safe-participan-en-la-semana-del-flamenco-en-san-pedro-de-atacama\/fcs-sanpedro2\/'><img loading=\"lazy\" decoding=\"async\" width=\"150\" height=\"150\" src=\"https:\/\/www.filantropiacortessolari.cl\/wp-content\/uploads\/2024\/04\/fcs-sanpedro2-150x150.jpg\" class=\"attachment-thumbnail size-thumbnail\" alt=\"\" srcset=\"https:\/\/www.filantropiacortessolari.cl\/wp-content\/uploads\/2024\/04\/fcs-sanpedro2-150x150.jpg 150w, https:\/\/www.filantropiacortessolari.cl\/wp-content\/uploads\/2024\/04\/fcs-sanpedro2-55x55.jpg 55w, https:\/\/www.filantropiacortessolari.cl\/wp-content\/uploads\/2024\/04\/fcs-sanpedro2-250x250.jpg 250w\" sizes=\"auto, (max-width: 150px) 100vw, 150px\" \/><\/a>\n\t\t\t<\/div><\/figure><figure class='gallery-item'>\n\t\t\t<div class='gallery-icon portrait'>\n\t\t\t\t<a href='https:\/\/www.filantropiacortessolari.cl\/en\/filantropia-cortes-solari-a-traves-de-fundacion-meri-zcog-y-safe-participan-en-la-semana-del-flamenco-en-san-pedro-de-atacama\/fcs-sanpedro3\/'><img loading=\"lazy\" decoding=\"async\" width=\"150\" height=\"150\" src=\"https:\/\/www.filantropiacortessolari.cl\/wp-content\/uploads\/2024\/04\/fcs-sanpedro3-150x150.jpg\" class=\"attachment-thumbnail size-thumbnail\" alt=\"\" srcset=\"https:\/\/www.filantropiacortessolari.cl\/wp-content\/uploads\/2024\/04\/fcs-sanpedro3-150x150.jpg 150w, https:\/\/www.filantropiacortessolari.cl\/wp-content\/uploads\/2024\/04\/fcs-sanpedro3-55x55.jpg 55w, https:\/\/www.filantropiacortessolari.cl\/wp-content\/uploads\/2024\/04\/fcs-sanpedro3-250x250.jpg 250w\" sizes=\"auto, (max-width: 150px) 100vw, 150px\" \/><\/a>\n\t\t\t<\/div><\/figure><figure class='gallery-item'>\n\t\t\t<div class='gallery-icon portrait'>\n\t\t\t\t<a href='https:\/\/www.filantropiacortessolari.cl\/en\/filantropia-cortes-solari-a-traves-de-fundacion-meri-zcog-y-safe-participan-en-la-semana-del-flamenco-en-san-pedro-de-atacama\/fcs-sanpedro4\/'><img loading=\"lazy\" decoding=\"async\" width=\"150\" height=\"150\" src=\"https:\/\/www.filantropiacortessolari.cl\/wp-content\/uploads\/2024\/04\/fcs-sanpedro4-150x150.jpg\" class=\"attachment-thumbnail size-thumbnail\" alt=\"\" srcset=\"https:\/\/www.filantropiacortessolari.cl\/wp-content\/uploads\/2024\/04\/fcs-sanpedro4-150x150.jpg 150w, https:\/\/www.filantropiacortessolari.cl\/wp-content\/uploads\/2024\/04\/fcs-sanpedro4-55x55.jpg 55w, https:\/\/www.filantropiacortessolari.cl\/wp-content\/uploads\/2024\/04\/fcs-sanpedro4-250x250.jpg 250w\" sizes=\"auto, (max-width: 150px) 100vw, 150px\" \/><\/a>\n\t\t\t<\/div><\/figure><figure class='gallery-item'>\n\t\t\t<div class='gallery-icon portrait'>\n\t\t\t\t<a href='https:\/\/www.filantropiacortessolari.cl\/en\/filantropia-cortes-solari-a-traves-de-fundacion-meri-zcog-y-safe-participan-en-la-semana-del-flamenco-en-san-pedro-de-atacama\/fcs-sanpedro5\/'><img loading=\"lazy\" decoding=\"async\" width=\"150\" height=\"150\" src=\"https:\/\/www.filantropiacortessolari.cl\/wp-content\/uploads\/2024\/04\/fcs-sanpedro5-150x150.jpg\" class=\"attachment-thumbnail size-thumbnail\" alt=\"\" srcset=\"https:\/\/www.filantropiacortessolari.cl\/wp-content\/uploads\/2024\/04\/fcs-sanpedro5-150x150.jpg 150w, https:\/\/www.filantropiacortessolari.cl\/wp-content\/uploads\/2024\/04\/fcs-sanpedro5-55x55.jpg 55w, https:\/\/www.filantropiacortessolari.cl\/wp-content\/uploads\/2024\/04\/fcs-sanpedro5-250x250.jpg 250w\" sizes=\"auto, (max-width: 150px) 100vw, 150px\" \/><\/a>\n\t\t\t<\/div><\/figure><figure class='gallery-item'>\n\t\t\t<div class='gallery-icon portrait'>\n\t\t\t\t<a href='https:\/\/www.filantropiacortessolari.cl\/en\/filantropia-cortes-solari-a-traves-de-fundacion-meri-zcog-y-safe-participan-en-la-semana-del-flamenco-en-san-pedro-de-atacama\/fcs-sanpedro6\/'><img loading=\"lazy\" decoding=\"async\" width=\"150\" height=\"150\" src=\"https:\/\/www.filantropiacortessolari.cl\/wp-content\/uploads\/2024\/04\/fcs-sanpedro6-150x150.jpg\" class=\"attachment-thumbnail size-thumbnail\" alt=\"\" srcset=\"https:\/\/www.filantropiacortessolari.cl\/wp-content\/uploads\/2024\/04\/fcs-sanpedro6-150x150.jpg 150w, https:\/\/www.filantropiacortessolari.cl\/wp-content\/uploads\/2024\/04\/fcs-sanpedro6-55x55.jpg 55w, https:\/\/www.filantropiacortessolari.cl\/wp-content\/uploads\/2024\/04\/fcs-sanpedro6-250x250.jpg 250w\" sizes=\"auto, (max-width: 150px) 100vw, 150px\" \/><\/a>\n\t\t\t<\/div><\/figure><figure class='gallery-item'>\n\t\t\t<div class='gallery-icon landscape'>\n\t\t\t\t<a href='https:\/\/www.filantropiacortessolari.cl\/en\/filantropia-cortes-solari-a-traves-de-fundacion-meri-zcog-y-safe-participan-en-la-semana-del-flamenco-en-san-pedro-de-atacama\/fcs-sanpedro7\/'><img loading=\"lazy\" decoding=\"async\" width=\"150\" height=\"150\" src=\"https:\/\/www.filantropiacortessolari.cl\/wp-content\/uploads\/2024\/04\/fcs-sanpedro7-150x150.jpg\" class=\"attachment-thumbnail size-thumbnail\" alt=\"\" srcset=\"https:\/\/www.filantropiacortessolari.cl\/wp-content\/uploads\/2024\/04\/fcs-sanpedro7-150x150.jpg 150w, https:\/\/www.filantropiacortessolari.cl\/wp-content\/uploads\/2024\/04\/fcs-sanpedro7-55x55.jpg 55w, https:\/\/www.filantropiacortessolari.cl\/wp-content\/uploads\/2024\/04\/fcs-sanpedro7-250x250.jpg 250w\" sizes=\"auto, (max-width: 150px) 100vw, 150px\" \/><\/a>\n\t\t\t<\/div><\/figure>\n\t\t<\/div>\n\n","protected":false},"excerpt":{"rendered":"<p>En el marco del Proyecto de Conservaci\u00f3n del Flamenco Altoandino, se desarroll\u00f3 entre el 22 y el 26 de abril en San Pedro de Atacama, la Semana del Flamenco. La semana inici\u00f3 con prospecciones cient\u00edficas que el equipo del proyecto llev\u00f3 a cabo en Laguna Chaxa y Barros Negros con el prop\u00f3sito de instalar rastreadores&#8230;<\/p>\n","protected":false},"author":1,"featured_media":11816,"comment_status":"open","ping_status":"open","sticky":false,"template":"","format":"standard","meta":{"footnotes":""},"categories":[31,5,6],"tags":[],"class_list":["post-11815","post","type-post","status-publish","format-standard","has-post-thumbnail","hentry","category-noticias","category-prensa-escrita","category-fundacion-meri"],"translation":{"provider":"WPGlobus","version":"3.0.2","language":"en","enabled_languages":["es","en"],"languages":{"es":{"title":true,"content":true,"excerpt":false},"en":{"title":false,"content":false,"excerpt":false}}},"yoast_head":"<!-- This site is optimized with the Yoast SEO plugin v27.4 - https:\/\/yoast.com\/product\/yoast-seo-wordpress\/ -->\n<title>Filantrop\u00eda Cort\u00e9s Solari a trav\u00e9s de Fundaci\u00f3n MERI Zcog y SAFE participan en la semana del Flamenco en San Pedro de Atacama<\/title>\n<meta name=\"robots\" content=\"index, follow, max-snippet:-1, max-image-preview:large, max-video-preview:-1\" \/>\n<link rel=\"canonical\" href=\"https:\/\/www.filantropiacortessolari.cl\/filantropia-cortes-solari-a-traves-de-fundacion-meri-zcog-y-safe-participan-en-la-semana-del-flamenco-en-san-pedro-de-atacama\/\" \/>\n<meta property=\"og:locale\" content=\"en_US\" \/>\n<meta property=\"og:type\" content=\"article\" \/>\n<meta property=\"og:title\" content=\"Filantrop\u00eda Cort\u00e9s Solari a trav\u00e9s de Fundaci\u00f3n MERI Zcog y SAFE participan en la semana del Flamenco en San Pedro de Atacama\" \/>\n<meta property=\"og:url\" content=\"https:\/\/www.filantropiacortessolari.cl\/filantropia-cortes-solari-a-traves-de-fundacion-meri-zcog-y-safe-participan-en-la-semana-del-flamenco-en-san-pedro-de-atacama\/\" \/>\n<meta property=\"og:site_name\" content=\"Filantrop\u00eda Cort\u00e9s Solari\" \/>\n<meta property=\"article:published_time\" content=\"2024-04-30T16:28:08+00:00\" \/>\n<meta property=\"article:modified_time\" content=\"2024-04-30T17:20:08+00:00\" \/>\n<meta property=\"og:image\" content=\"https:\/\/www.filantropiacortessolari.cl\/wp-content\/uploads\/2024\/04\/franciscacsolari-1.jpeg\" \/>\n\t<meta property=\"og:image:width\" content=\"1280\" \/>\n\t<meta property=\"og:image:height\" content=\"853\" \/>\n\t<meta property=\"og:image:type\" content=\"image\/jpeg\" \/>\n<meta name=\"author\" content=\"Filantrop\u00eda Cort\u00e9s Solari\" \/>\n<meta name=\"twitter:card\" content=\"summary_large_image\" \/>\n<meta name=\"twitter:label1\" content=\"Written by\" \/>\n\t<meta name=\"twitter:data1\" content=\"Filantrop\u00eda Cort\u00e9s Solari\" \/>\n\t<meta name=\"twitter:label2\" content=\"Est. reading time\" \/>\n\t<meta name=\"twitter:data2\" content=\"2 minutes\" \/>\n<script type=\"application\/ld+json\" class=\"yoast-schema-graph\">{\"@context\":\"https:\\\/\\\/schema.org\",\"@graph\":[{\"@type\":\"Article\",\"@id\":\"https:\\\/\\\/www.filantropiacortessolari.cl\\\/filantropia-cortes-solari-a-traves-de-fundacion-meri-zcog-y-safe-participan-en-la-semana-del-flamenco-en-san-pedro-de-atacama\\\/#article\",\"isPartOf\":{\"@id\":\"https:\\\/\\\/www.filantropiacortessolari.cl\\\/filantropia-cortes-solari-a-traves-de-fundacion-meri-zcog-y-safe-participan-en-la-semana-del-flamenco-en-san-pedro-de-atacama\\\/\"},\"author\":{\"name\":\"Filantrop\u00eda Cort\u00e9s Solari\",\"@id\":\"https:\\\/\\\/www.filantropiacortessolari.cl\\\/#\\\/schema\\\/person\\\/e099cf1046922f4f5892172332dc86c0\"},\"headline\":\"Filantrop\u00eda Cort\u00e9s Solari a trav\u00e9s de Fundaci\u00f3n MERI Zcog y SAFE participan en la semana del Flamenco en San Pedro de Atacama\",\"datePublished\":\"2024-04-30T16:28:08+00:00\",\"dateModified\":\"2024-04-30T17:20:08+00:00\",\"mainEntityOfPage\":{\"@id\":\"https:\\\/\\\/www.filantropiacortessolari.cl\\\/filantropia-cortes-solari-a-traves-de-fundacion-meri-zcog-y-safe-participan-en-la-semana-del-flamenco-en-san-pedro-de-atacama\\\/\"},\"wordCount\":236,\"commentCount\":0,\"image\":{\"@id\":\"https:\\\/\\\/www.filantropiacortessolari.cl\\\/filantropia-cortes-solari-a-traves-de-fundacion-meri-zcog-y-safe-participan-en-la-semana-del-flamenco-en-san-pedro-de-atacama\\\/#primaryimage\"},\"thumbnailUrl\":\"https:\\\/\\\/www.filantropiacortessolari.cl\\\/wp-content\\\/uploads\\\/2024\\\/04\\\/franciscacsolari-1.jpeg\",\"articleSection\":[\"Noticias\",\"Prensa Escrita\",\"Prensa MERI\"],\"inLanguage\":\"en-US\",\"potentialAction\":[{\"@type\":\"CommentAction\",\"name\":\"Comment\",\"target\":[\"https:\\\/\\\/www.filantropiacortessolari.cl\\\/filantropia-cortes-solari-a-traves-de-fundacion-meri-zcog-y-safe-participan-en-la-semana-del-flamenco-en-san-pedro-de-atacama\\\/#respond\"]}]},{\"@type\":\"WebPage\",\"@id\":\"https:\\\/\\\/www.filantropiacortessolari.cl\\\/filantropia-cortes-solari-a-traves-de-fundacion-meri-zcog-y-safe-participan-en-la-semana-del-flamenco-en-san-pedro-de-atacama\\\/\",\"url\":\"https:\\\/\\\/www.filantropiacortessolari.cl\\\/filantropia-cortes-solari-a-traves-de-fundacion-meri-zcog-y-safe-participan-en-la-semana-del-flamenco-en-san-pedro-de-atacama\\\/\",\"name\":\"Filantrop\u00eda Cort\u00e9s Solari a trav\u00e9s de Fundaci\u00f3n MERI Zcog y SAFE participan en la semana del Flamenco en San Pedro de Atacama\",\"isPartOf\":{\"@id\":\"https:\\\/\\\/www.filantropiacortessolari.cl\\\/#website\"},\"primaryImageOfPage\":{\"@id\":\"https:\\\/\\\/www.filantropiacortessolari.cl\\\/filantropia-cortes-solari-a-traves-de-fundacion-meri-zcog-y-safe-participan-en-la-semana-del-flamenco-en-san-pedro-de-atacama\\\/#primaryimage\"},\"image\":{\"@id\":\"https:\\\/\\\/www.filantropiacortessolari.cl\\\/filantropia-cortes-solari-a-traves-de-fundacion-meri-zcog-y-safe-participan-en-la-semana-del-flamenco-en-san-pedro-de-atacama\\\/#primaryimage\"},\"thumbnailUrl\":\"https:\\\/\\\/www.filantropiacortessolari.cl\\\/wp-content\\\/uploads\\\/2024\\\/04\\\/franciscacsolari-1.jpeg\",\"datePublished\":\"2024-04-30T16:28:08+00:00\",\"dateModified\":\"2024-04-30T17:20:08+00:00\",\"author\":{\"@id\":\"https:\\\/\\\/www.filantropiacortessolari.cl\\\/#\\\/schema\\\/person\\\/e099cf1046922f4f5892172332dc86c0\"},\"breadcrumb\":{\"@id\":\"https:\\\/\\\/www.filantropiacortessolari.cl\\\/filantropia-cortes-solari-a-traves-de-fundacion-meri-zcog-y-safe-participan-en-la-semana-del-flamenco-en-san-pedro-de-atacama\\\/#breadcrumb\"},\"inLanguage\":\"en-US\",\"potentialAction\":[{\"@type\":\"ReadAction\",\"target\":[\"https:\\\/\\\/www.filantropiacortessolari.cl\\\/filantropia-cortes-solari-a-traves-de-fundacion-meri-zcog-y-safe-participan-en-la-semana-del-flamenco-en-san-pedro-de-atacama\\\/\"]}]},{\"@type\":\"ImageObject\",\"inLanguage\":\"en-US\",\"@id\":\"https:\\\/\\\/www.filantropiacortessolari.cl\\\/filantropia-cortes-solari-a-traves-de-fundacion-meri-zcog-y-safe-participan-en-la-semana-del-flamenco-en-san-pedro-de-atacama\\\/#primaryimage\",\"url\":\"https:\\\/\\\/www.filantropiacortessolari.cl\\\/wp-content\\\/uploads\\\/2024\\\/04\\\/franciscacsolari-1.jpeg\",\"contentUrl\":\"https:\\\/\\\/www.filantropiacortessolari.cl\\\/wp-content\\\/uploads\\\/2024\\\/04\\\/franciscacsolari-1.jpeg\",\"width\":1280,\"height\":853},{\"@type\":\"BreadcrumbList\",\"@id\":\"https:\\\/\\\/www.filantropiacortessolari.cl\\\/filantropia-cortes-solari-a-traves-de-fundacion-meri-zcog-y-safe-participan-en-la-semana-del-flamenco-en-san-pedro-de-atacama\\\/#breadcrumb\",\"itemListElement\":[{\"@type\":\"ListItem\",\"position\":1,\"name\":\"Portada\",\"item\":\"https:\\\/\\\/www.filantropiacortessolari.cl\\\/\"},{\"@type\":\"ListItem\",\"position\":2,\"name\":\"Filantrop\u00eda Cort\u00e9s Solari a trav\u00e9s de Fundaci\u00f3n MERI Zcog y SAFE participan en la semana del Flamenco en San Pedro de Atacama\"}]},{\"@type\":\"WebSite\",\"@id\":\"https:\\\/\\\/www.filantropiacortessolari.cl\\\/#website\",\"url\":\"https:\\\/\\\/www.filantropiacortessolari.cl\\\/\",\"name\":\"Filantrop\u00eda Cort\u00e9s Solari\",\"description\":\"Sitio web Filantrop\u00eda Cort\u00e9s Solari\",\"potentialAction\":[{\"@type\":\"SearchAction\",\"target\":{\"@type\":\"EntryPoint\",\"urlTemplate\":\"https:\\\/\\\/www.filantropiacortessolari.cl\\\/?s={search_term_string}\"},\"query-input\":{\"@type\":\"PropertyValueSpecification\",\"valueRequired\":true,\"valueName\":\"search_term_string\"}}],\"inLanguage\":\"en-US\"},{\"@type\":\"Person\",\"@id\":\"https:\\\/\\\/www.filantropiacortessolari.cl\\\/#\\\/schema\\\/person\\\/e099cf1046922f4f5892172332dc86c0\",\"name\":\"Filantrop\u00eda Cort\u00e9s Solari\",\"image\":{\"@type\":\"ImageObject\",\"inLanguage\":\"en-US\",\"@id\":\"https:\\\/\\\/secure.gravatar.com\\\/avatar\\\/9d17bfe24074ed7576e70cbeb8e010cdd7d01fae9f2047bd96cccbe629ec3c11?s=96&d=mm&r=g\",\"url\":\"https:\\\/\\\/secure.gravatar.com\\\/avatar\\\/9d17bfe24074ed7576e70cbeb8e010cdd7d01fae9f2047bd96cccbe629ec3c11?s=96&d=mm&r=g\",\"contentUrl\":\"https:\\\/\\\/secure.gravatar.com\\\/avatar\\\/9d17bfe24074ed7576e70cbeb8e010cdd7d01fae9f2047bd96cccbe629ec3c11?s=96&d=mm&r=g\",\"caption\":\"Filantrop\u00eda Cort\u00e9s Solari\"},\"url\":\"https:\\\/\\\/www.filantropiacortessolari.cl\\\/en\\\/author\\\/filantropia-cortes-solari\\\/\"}]}<\/script>\n<!-- \/ Yoast SEO plugin. -->","yoast_head_json":{"title":"Filantrop\u00eda Cort\u00e9s Solari a trav\u00e9s de Fundaci\u00f3n MERI Zcog y SAFE participan en la semana del Flamenco en San Pedro de Atacama","robots":{"index":"index","follow":"follow","max-snippet":"max-snippet:-1","max-image-preview":"max-image-preview:large","max-video-preview":"max-video-preview:-1"},"canonical":"https:\/\/www.filantropiacortessolari.cl\/filantropia-cortes-solari-a-traves-de-fundacion-meri-zcog-y-safe-participan-en-la-semana-del-flamenco-en-san-pedro-de-atacama\/","og_locale":"en_US","og_type":"article","og_title":"Filantrop\u00eda Cort\u00e9s Solari a trav\u00e9s de Fundaci\u00f3n MERI Zcog y SAFE participan en la semana del Flamenco en San Pedro de Atacama","og_url":"https:\/\/www.filantropiacortessolari.cl\/filantropia-cortes-solari-a-traves-de-fundacion-meri-zcog-y-safe-participan-en-la-semana-del-flamenco-en-san-pedro-de-atacama\/","og_site_name":"Filantrop\u00eda Cort\u00e9s Solari","article_published_time":"2024-04-30T16:28:08+00:00","article_modified_time":"2024-04-30T17:20:08+00:00","og_image":[{"width":1280,"height":853,"url":"https:\/\/www.filantropiacortessolari.cl\/wp-content\/uploads\/2024\/04\/franciscacsolari-1.jpeg","type":"image\/jpeg"}],"author":"Filantrop\u00eda Cort\u00e9s Solari","twitter_card":"summary_large_image","twitter_misc":{"Written by":"Filantrop\u00eda Cort\u00e9s Solari","Est. reading time":"2 minutes"},"schema":{"@context":"https:\/\/schema.org","@graph":[{"@type":"Article","@id":"https:\/\/www.filantropiacortessolari.cl\/filantropia-cortes-solari-a-traves-de-fundacion-meri-zcog-y-safe-participan-en-la-semana-del-flamenco-en-san-pedro-de-atacama\/#article","isPartOf":{"@id":"https:\/\/www.filantropiacortessolari.cl\/filantropia-cortes-solari-a-traves-de-fundacion-meri-zcog-y-safe-participan-en-la-semana-del-flamenco-en-san-pedro-de-atacama\/"},"author":{"name":"Filantrop\u00eda Cort\u00e9s Solari","@id":"https:\/\/www.filantropiacortessolari.cl\/#\/schema\/person\/e099cf1046922f4f5892172332dc86c0"},"headline":"Filantrop\u00eda Cort\u00e9s Solari a trav\u00e9s de Fundaci\u00f3n MERI Zcog y SAFE participan en la semana del Flamenco en San Pedro de Atacama","datePublished":"2024-04-30T16:28:08+00:00","dateModified":"2024-04-30T17:20:08+00:00","mainEntityOfPage":{"@id":"https:\/\/www.filantropiacortessolari.cl\/filantropia-cortes-solari-a-traves-de-fundacion-meri-zcog-y-safe-participan-en-la-semana-del-flamenco-en-san-pedro-de-atacama\/"},"wordCount":236,"commentCount":0,"image":{"@id":"https:\/\/www.filantropiacortessolari.cl\/filantropia-cortes-solari-a-traves-de-fundacion-meri-zcog-y-safe-participan-en-la-semana-del-flamenco-en-san-pedro-de-atacama\/#primaryimage"},"thumbnailUrl":"https:\/\/www.filantropiacortessolari.cl\/wp-content\/uploads\/2024\/04\/franciscacsolari-1.jpeg","articleSection":["Noticias","Prensa Escrita","Prensa MERI"],"inLanguage":"en-US","potentialAction":[{"@type":"CommentAction","name":"Comment","target":["https:\/\/www.filantropiacortessolari.cl\/filantropia-cortes-solari-a-traves-de-fundacion-meri-zcog-y-safe-participan-en-la-semana-del-flamenco-en-san-pedro-de-atacama\/#respond"]}]},{"@type":"WebPage","@id":"https:\/\/www.filantropiacortessolari.cl\/filantropia-cortes-solari-a-traves-de-fundacion-meri-zcog-y-safe-participan-en-la-semana-del-flamenco-en-san-pedro-de-atacama\/","url":"https:\/\/www.filantropiacortessolari.cl\/filantropia-cortes-solari-a-traves-de-fundacion-meri-zcog-y-safe-participan-en-la-semana-del-flamenco-en-san-pedro-de-atacama\/","name":"Filantrop\u00eda Cort\u00e9s Solari a trav\u00e9s de Fundaci\u00f3n MERI Zcog y SAFE participan en la semana del Flamenco en San Pedro de Atacama","isPartOf":{"@id":"https:\/\/www.filantropiacortessolari.cl\/#website"},"primaryImageOfPage":{"@id":"https:\/\/www.filantropiacortessolari.cl\/filantropia-cortes-solari-a-traves-de-fundacion-meri-zcog-y-safe-participan-en-la-semana-del-flamenco-en-san-pedro-de-atacama\/#primaryimage"},"image":{"@id":"https:\/\/www.filantropiacortessolari.cl\/filantropia-cortes-solari-a-traves-de-fundacion-meri-zcog-y-safe-participan-en-la-semana-del-flamenco-en-san-pedro-de-atacama\/#primaryimage"},"thumbnailUrl":"https:\/\/www.filantropiacortessolari.cl\/wp-content\/uploads\/2024\/04\/franciscacsolari-1.jpeg","datePublished":"2024-04-30T16:28:08+00:00","dateModified":"2024-04-30T17:20:08+00:00","author":{"@id":"https:\/\/www.filantropiacortessolari.cl\/#\/schema\/person\/e099cf1046922f4f5892172332dc86c0"},"breadcrumb":{"@id":"https:\/\/www.filantropiacortessolari.cl\/filantropia-cortes-solari-a-traves-de-fundacion-meri-zcog-y-safe-participan-en-la-semana-del-flamenco-en-san-pedro-de-atacama\/#breadcrumb"},"inLanguage":"en-US","potentialAction":[{"@type":"ReadAction","target":["https:\/\/www.filantropiacortessolari.cl\/filantropia-cortes-solari-a-traves-de-fundacion-meri-zcog-y-safe-participan-en-la-semana-del-flamenco-en-san-pedro-de-atacama\/"]}]},{"@type":"ImageObject","inLanguage":"en-US","@id":"https:\/\/www.filantropiacortessolari.cl\/filantropia-cortes-solari-a-traves-de-fundacion-meri-zcog-y-safe-participan-en-la-semana-del-flamenco-en-san-pedro-de-atacama\/#primaryimage","url":"https:\/\/www.filantropiacortessolari.cl\/wp-content\/uploads\/2024\/04\/franciscacsolari-1.jpeg","contentUrl":"https:\/\/www.filantropiacortessolari.cl\/wp-content\/uploads\/2024\/04\/franciscacsolari-1.jpeg","width":1280,"height":853},{"@type":"BreadcrumbList","@id":"https:\/\/www.filantropiacortessolari.cl\/filantropia-cortes-solari-a-traves-de-fundacion-meri-zcog-y-safe-participan-en-la-semana-del-flamenco-en-san-pedro-de-atacama\/#breadcrumb","itemListElement":[{"@type":"ListItem","position":1,"name":"Portada","item":"https:\/\/www.filantropiacortessolari.cl\/"},{"@type":"ListItem","position":2,"name":"Filantrop\u00eda Cort\u00e9s Solari a trav\u00e9s de Fundaci\u00f3n MERI Zcog y SAFE participan en la semana del Flamenco en San Pedro de Atacama"}]},{"@type":"WebSite","@id":"https:\/\/www.filantropiacortessolari.cl\/#website","url":"https:\/\/www.filantropiacortessolari.cl\/","name":"Filantrop\u00eda Cort\u00e9s Solari","description":"Sitio web Filantrop\u00eda Cort\u00e9s Solari","potentialAction":[{"@type":"SearchAction","target":{"@type":"EntryPoint","urlTemplate":"https:\/\/www.filantropiacortessolari.cl\/?s={search_term_string}"},"query-input":{"@type":"PropertyValueSpecification","valueRequired":true,"valueName":"search_term_string"}}],"inLanguage":"en-US"},{"@type":"Person","@id":"https:\/\/www.filantropiacortessolari.cl\/#\/schema\/person\/e099cf1046922f4f5892172332dc86c0","name":"Filantrop\u00eda Cort\u00e9s Solari","image":{"@type":"ImageObject","inLanguage":"en-US","@id":"https:\/\/secure.gravatar.com\/avatar\/9d17bfe24074ed7576e70cbeb8e010cdd7d01fae9f2047bd96cccbe629ec3c11?s=96&d=mm&r=g","url":"https:\/\/secure.gravatar.com\/avatar\/9d17bfe24074ed7576e70cbeb8e010cdd7d01fae9f2047bd96cccbe629ec3c11?s=96&d=mm&r=g","contentUrl":"https:\/\/secure.gravatar.com\/avatar\/9d17bfe24074ed7576e70cbeb8e010cdd7d01fae9f2047bd96cccbe629ec3c11?s=96&d=mm&r=g","caption":"Filantrop\u00eda Cort\u00e9s Solari"},"url":"https:\/\/www.filantropiacortessolari.cl\/en\/author\/filantropia-cortes-solari\/"}]}},"_links":{"self":[{"href":"https:\/\/www.filantropiacortessolari.cl\/en\/wp-json\/wp\/v2\/posts\/11815","targetHints":{"allow":["GET"]}}],"collection":[{"href":"https:\/\/www.filantropiacortessolari.cl\/en\/wp-json\/wp\/v2\/posts"}],"about":[{"href":"https:\/\/www.filantropiacortessolari.cl\/en\/wp-json\/wp\/v2\/types\/post"}],"author":[{"embeddable":true,"href":"https:\/\/www.filantropiacortessolari.cl\/en\/wp-json\/wp\/v2\/users\/1"}],"replies":[{"embeddable":true,"href":"https:\/\/www.filantropiacortessolari.cl\/en\/wp-json\/wp\/v2\/comments?post=11815"}],"version-history":[{"count":5,"href":"https:\/\/www.filantropiacortessolari.cl\/en\/wp-json\/wp\/v2\/posts\/11815\/revisions"}],"predecessor-version":[{"id":11828,"href":"https:\/\/www.filantropiacortessolari.cl\/en\/wp-json\/wp\/v2\/posts\/11815\/revisions\/11828"}],"wp:featuredmedia":[{"embeddable":true,"href":"https:\/\/www.filantropiacortessolari.cl\/en\/wp-json\/wp\/v2\/media\/11816"}],"wp:attachment":[{"href":"https:\/\/www.filantropiacortessolari.cl\/en\/wp-json\/wp\/v2\/media?parent=11815"}],"wp:term":[{"taxonomy":"category","embeddable":true,"href":"https:\/\/www.filantropiacortessolari.cl\/en\/wp-json\/wp\/v2\/categories?post=11815"},{"taxonomy":"post_tag","embeddable":true,"href":"https:\/\/www.filantropiacortessolari.cl\/en\/wp-json\/wp\/v2\/tags?post=11815"}],"curies":[{"name":"wp","href":"https:\/\/api.w.org\/{rel}","templated":true}]}}