{"id":11844,"date":"2024-06-06T12:52:00","date_gmt":"2024-06-06T15:52:00","guid":{"rendered":"https:\/\/www.filantropiacortessolari.cl\/?p=11844"},"modified":"2024-06-06T12:58:40","modified_gmt":"2024-06-06T15:58:40","slug":"conversaciones-capitulo-4-del-ego-al-eco-francisca-cortes-solari","status":"publish","type":"post","link":"https:\/\/www.filantropiacortessolari.cl\/en\/conversaciones-capitulo-4-del-ego-al-eco-francisca-cortes-solari\/","title":{"rendered":"Conversaciones \u2013 Cap\u00edtulo 4: Del Ego al Eco &#8211; Francisca Cort\u00e9s Solari"},"content":{"rendered":"<style type=\"text\/css\"><\/style><p>Queridos amigos y amigas:<\/p>\n<p>Es un placer darles la bienvenida a un nuevo cap\u00edtulo de Conversaciones para la Educaci\u00f3n del siglo XXI, organizado por Fundaci\u00f3n Caserta y FCS.tv, estamos encantados de ver c\u00f3mo nuestra red colaborativa sigue creciendo d\u00eda a d\u00eda, con participantes de diferentes pa\u00edses de Latinoam\u00e9rica.<\/p>\n<p>Saludamos  especialmente a nuestros amigos de Chile, Argentina, Ecuador, Uruguay, Bolivia, Per\u00fa, Colombia, Cuba, Venezuela, Costa Rica y M\u00e9xico, que hoy est\u00e1n en la 8va versi\u00f3n de Profes en Red LATAM.<\/p>\n<p>En esta ocasi\u00f3n, seguiremos profundizando en el fascinante mundo de la tecnolog\u00eda e innovaci\u00f3n pedag\u00f3gica, y exploraremos c\u00f3mo el uso de la inteligencia artificial est\u00e1 revolucionando el sistema educativo. Nuestros invitados especiales, Alberto y Mario Herr\u00e1ez, tambi\u00e9n conocidos como los eTwinz, son hermanos gemelos reconocidos a nivel internacional por su destacada labor en el campo de la educaci\u00f3n.<\/p>\n<p>Durante su estancia en Estados Unidos, los gemelos Herr\u00e1ez se convirtieron en referentes educativos a nivel mundial, y en 2021 fueron incluidos en la lista de los &#8220;30 influyentes en tecnolog\u00eda educativa de K-12 a seguir en 2021&#8221; por la revista EdTech (CDW). Al a\u00f1o siguiente, su labor fue reconocida por ISC en su investigaci\u00f3n de big data &#8220;Top 75 Edruptors of 2021&#8221;, situ\u00e1ndolos entre los 75 educadores m\u00e1s influyentes del mundo. Adem\u00e1s, recibieron el premio &#8220;20 to Watch Award&#8221; de ISTE en 2021, siendo reconocidos como dos de los 20 l\u00edderes educativos emergentes m\u00e1s destacados a nivel mundial. En 2022, EdTech Digest los incluy\u00f3 en su lista &#8220;Top 100 Influencers&#8221;.<\/p>\n<p>Esperamos que disfrutes de esta conversaci\u00f3n pensada para ti\u00a1<\/p>\n<p align=\"center\">\n<iframe loading=\"lazy\" width=\"560\" height=\"315\" src=\"https:\/\/www.youtube.com\/embed\/jvGcY5BuuqA?si=9-9wXUbKdHocfBop\" title=\"YouTube video player\" frameborder=\"0\" allow=\"accelerometer; autoplay; clipboard-write; encrypted-media; gyroscope; picture-in-picture; web-share\" referrerpolicy=\"strict-origin-when-cross-origin\" allowfullscreen><\/iframe><\/p>\n","protected":false},"excerpt":{"rendered":"<p>Queridos amigos y amigas: Es un placer darles la bienvenida a un nuevo cap\u00edtulo de Conversaciones para la Educaci\u00f3n del siglo XXI, organizado por Fundaci\u00f3n Caserta y FCS.tv, estamos encantados de ver c\u00f3mo nuestra red colaborativa sigue creciendo d\u00eda a d\u00eda, con participantes de diferentes pa\u00edses de Latinoam\u00e9rica. Saludamos especialmente a nuestros amigos de Chile,&#8230;<\/p>\n","protected":false},"author":1,"featured_media":11845,"comment_status":"open","ping_status":"open","sticky":false,"template":"","format":"standard","meta":{"footnotes":""},"categories":[31],"tags":[],"class_list":["post-11844","post","type-post","status-publish","format-standard","has-post-thumbnail","hentry","category-noticias"],"translation":{"provider":"WPGlobus","version":"3.0.2","language":"en","enabled_languages":["es","en"],"languages":{"es":{"title":true,"content":true,"excerpt":false},"en":{"title":false,"content":false,"excerpt":false}}},"yoast_head":"<!-- This site is optimized with the Yoast SEO plugin v27.4 - https:\/\/yoast.com\/product\/yoast-seo-wordpress\/ -->\n<title>Conversaciones \u2013 Cap\u00edtulo 4: Del Ego al Eco - Francisca Cort\u00e9s Solari<\/title>\n<meta name=\"robots\" content=\"index, follow, max-snippet:-1, max-image-preview:large, max-video-preview:-1\" \/>\n<link rel=\"canonical\" href=\"https:\/\/www.filantropiacortessolari.cl\/conversaciones-capitulo-4-del-ego-al-eco-francisca-cortes-solari\/\" \/>\n<meta property=\"og:locale\" content=\"en_US\" \/>\n<meta property=\"og:type\" content=\"article\" \/>\n<meta property=\"og:title\" content=\"Conversaciones \u2013 Cap\u00edtulo 4: Del Ego al Eco - Francisca Cort\u00e9s Solari\" \/>\n<meta property=\"og:url\" content=\"https:\/\/www.filantropiacortessolari.cl\/conversaciones-capitulo-4-del-ego-al-eco-francisca-cortes-solari\/\" \/>\n<meta property=\"og:site_name\" content=\"Filantrop\u00eda Cort\u00e9s Solari\" \/>\n<meta property=\"article:published_time\" content=\"2024-06-06T15:52:00+00:00\" \/>\n<meta property=\"article:modified_time\" content=\"2024-06-06T15:58:40+00:00\" \/>\n<meta property=\"og:image\" content=\"https:\/\/www.filantropiacortessolari.cl\/wp-content\/uploads\/2024\/06\/cas_web_conversciones_noticias_fran.webp\" \/>\n\t<meta property=\"og:image:width\" content=\"1280\" \/>\n\t<meta property=\"og:image:height\" content=\"853\" \/>\n\t<meta property=\"og:image:type\" content=\"image\/webp\" \/>\n<meta name=\"author\" content=\"Filantrop\u00eda Cort\u00e9s Solari\" \/>\n<meta name=\"twitter:card\" content=\"summary_large_image\" \/>\n<meta name=\"twitter:label1\" content=\"Written by\" \/>\n\t<meta name=\"twitter:data1\" content=\"Filantrop\u00eda Cort\u00e9s Solari\" \/>\n\t<meta name=\"twitter:label2\" content=\"Est. reading time\" \/>\n\t<meta name=\"twitter:data2\" content=\"2 minutes\" \/>\n<script type=\"application\/ld+json\" class=\"yoast-schema-graph\">{\"@context\":\"https:\\\/\\\/schema.org\",\"@graph\":[{\"@type\":\"Article\",\"@id\":\"https:\\\/\\\/www.filantropiacortessolari.cl\\\/conversaciones-capitulo-4-del-ego-al-eco-francisca-cortes-solari\\\/#article\",\"isPartOf\":{\"@id\":\"https:\\\/\\\/www.filantropiacortessolari.cl\\\/conversaciones-capitulo-4-del-ego-al-eco-francisca-cortes-solari\\\/\"},\"author\":{\"name\":\"Filantrop\u00eda Cort\u00e9s Solari\",\"@id\":\"https:\\\/\\\/www.filantropiacortessolari.cl\\\/#\\\/schema\\\/person\\\/e099cf1046922f4f5892172332dc86c0\"},\"headline\":\"Conversaciones \u2013 Cap\u00edtulo 4: Del Ego al Eco &#8211; Francisca Cort\u00e9s Solari\",\"datePublished\":\"2024-06-06T15:52:00+00:00\",\"dateModified\":\"2024-06-06T15:58:40+00:00\",\"mainEntityOfPage\":{\"@id\":\"https:\\\/\\\/www.filantropiacortessolari.cl\\\/conversaciones-capitulo-4-del-ego-al-eco-francisca-cortes-solari\\\/\"},\"wordCount\":288,\"commentCount\":0,\"image\":{\"@id\":\"https:\\\/\\\/www.filantropiacortessolari.cl\\\/conversaciones-capitulo-4-del-ego-al-eco-francisca-cortes-solari\\\/#primaryimage\"},\"thumbnailUrl\":\"https:\\\/\\\/www.filantropiacortessolari.cl\\\/wp-content\\\/uploads\\\/2024\\\/06\\\/cas_web_conversciones_noticias_fran.webp\",\"articleSection\":[\"Noticias\"],\"inLanguage\":\"en-US\",\"potentialAction\":[{\"@type\":\"CommentAction\",\"name\":\"Comment\",\"target\":[\"https:\\\/\\\/www.filantropiacortessolari.cl\\\/conversaciones-capitulo-4-del-ego-al-eco-francisca-cortes-solari\\\/#respond\"]}]},{\"@type\":\"WebPage\",\"@id\":\"https:\\\/\\\/www.filantropiacortessolari.cl\\\/conversaciones-capitulo-4-del-ego-al-eco-francisca-cortes-solari\\\/\",\"url\":\"https:\\\/\\\/www.filantropiacortessolari.cl\\\/conversaciones-capitulo-4-del-ego-al-eco-francisca-cortes-solari\\\/\",\"name\":\"Conversaciones \u2013 Cap\u00edtulo 4: Del Ego al Eco - Francisca Cort\u00e9s Solari\",\"isPartOf\":{\"@id\":\"https:\\\/\\\/www.filantropiacortessolari.cl\\\/#website\"},\"primaryImageOfPage\":{\"@id\":\"https:\\\/\\\/www.filantropiacortessolari.cl\\\/conversaciones-capitulo-4-del-ego-al-eco-francisca-cortes-solari\\\/#primaryimage\"},\"image\":{\"@id\":\"https:\\\/\\\/www.filantropiacortessolari.cl\\\/conversaciones-capitulo-4-del-ego-al-eco-francisca-cortes-solari\\\/#primaryimage\"},\"thumbnailUrl\":\"https:\\\/\\\/www.filantropiacortessolari.cl\\\/wp-content\\\/uploads\\\/2024\\\/06\\\/cas_web_conversciones_noticias_fran.webp\",\"datePublished\":\"2024-06-06T15:52:00+00:00\",\"dateModified\":\"2024-06-06T15:58:40+00:00\",\"author\":{\"@id\":\"https:\\\/\\\/www.filantropiacortessolari.cl\\\/#\\\/schema\\\/person\\\/e099cf1046922f4f5892172332dc86c0\"},\"breadcrumb\":{\"@id\":\"https:\\\/\\\/www.filantropiacortessolari.cl\\\/conversaciones-capitulo-4-del-ego-al-eco-francisca-cortes-solari\\\/#breadcrumb\"},\"inLanguage\":\"en-US\",\"potentialAction\":[{\"@type\":\"ReadAction\",\"target\":[\"https:\\\/\\\/www.filantropiacortessolari.cl\\\/conversaciones-capitulo-4-del-ego-al-eco-francisca-cortes-solari\\\/\"]}]},{\"@type\":\"ImageObject\",\"inLanguage\":\"en-US\",\"@id\":\"https:\\\/\\\/www.filantropiacortessolari.cl\\\/conversaciones-capitulo-4-del-ego-al-eco-francisca-cortes-solari\\\/#primaryimage\",\"url\":\"https:\\\/\\\/www.filantropiacortessolari.cl\\\/wp-content\\\/uploads\\\/2024\\\/06\\\/cas_web_conversciones_noticias_fran.webp\",\"contentUrl\":\"https:\\\/\\\/www.filantropiacortessolari.cl\\\/wp-content\\\/uploads\\\/2024\\\/06\\\/cas_web_conversciones_noticias_fran.webp\",\"width\":1280,\"height\":853},{\"@type\":\"BreadcrumbList\",\"@id\":\"https:\\\/\\\/www.filantropiacortessolari.cl\\\/conversaciones-capitulo-4-del-ego-al-eco-francisca-cortes-solari\\\/#breadcrumb\",\"itemListElement\":[{\"@type\":\"ListItem\",\"position\":1,\"name\":\"Portada\",\"item\":\"https:\\\/\\\/www.filantropiacortessolari.cl\\\/\"},{\"@type\":\"ListItem\",\"position\":2,\"name\":\"Conversaciones \u2013 Cap\u00edtulo 4: Del Ego al Eco &#8211; Francisca Cort\u00e9s Solari\"}]},{\"@type\":\"WebSite\",\"@id\":\"https:\\\/\\\/www.filantropiacortessolari.cl\\\/#website\",\"url\":\"https:\\\/\\\/www.filantropiacortessolari.cl\\\/\",\"name\":\"Filantrop\u00eda Cort\u00e9s Solari\",\"description\":\"Sitio web Filantrop\u00eda Cort\u00e9s Solari\",\"potentialAction\":[{\"@type\":\"SearchAction\",\"target\":{\"@type\":\"EntryPoint\",\"urlTemplate\":\"https:\\\/\\\/www.filantropiacortessolari.cl\\\/?s={search_term_string}\"},\"query-input\":{\"@type\":\"PropertyValueSpecification\",\"valueRequired\":true,\"valueName\":\"search_term_string\"}}],\"inLanguage\":\"en-US\"},{\"@type\":\"Person\",\"@id\":\"https:\\\/\\\/www.filantropiacortessolari.cl\\\/#\\\/schema\\\/person\\\/e099cf1046922f4f5892172332dc86c0\",\"name\":\"Filantrop\u00eda Cort\u00e9s Solari\",\"image\":{\"@type\":\"ImageObject\",\"inLanguage\":\"en-US\",\"@id\":\"https:\\\/\\\/secure.gravatar.com\\\/avatar\\\/9d17bfe24074ed7576e70cbeb8e010cdd7d01fae9f2047bd96cccbe629ec3c11?s=96&d=mm&r=g\",\"url\":\"https:\\\/\\\/secure.gravatar.com\\\/avatar\\\/9d17bfe24074ed7576e70cbeb8e010cdd7d01fae9f2047bd96cccbe629ec3c11?s=96&d=mm&r=g\",\"contentUrl\":\"https:\\\/\\\/secure.gravatar.com\\\/avatar\\\/9d17bfe24074ed7576e70cbeb8e010cdd7d01fae9f2047bd96cccbe629ec3c11?s=96&d=mm&r=g\",\"caption\":\"Filantrop\u00eda Cort\u00e9s Solari\"},\"url\":\"https:\\\/\\\/www.filantropiacortessolari.cl\\\/en\\\/author\\\/filantropia-cortes-solari\\\/\"}]}<\/script>\n<!-- \/ Yoast SEO plugin. -->","yoast_head_json":{"title":"Conversaciones \u2013 Cap\u00edtulo 4: Del Ego al Eco - Francisca Cort\u00e9s Solari","robots":{"index":"index","follow":"follow","max-snippet":"max-snippet:-1","max-image-preview":"max-image-preview:large","max-video-preview":"max-video-preview:-1"},"canonical":"https:\/\/www.filantropiacortessolari.cl\/conversaciones-capitulo-4-del-ego-al-eco-francisca-cortes-solari\/","og_locale":"en_US","og_type":"article","og_title":"Conversaciones \u2013 Cap\u00edtulo 4: Del Ego al Eco - Francisca Cort\u00e9s Solari","og_url":"https:\/\/www.filantropiacortessolari.cl\/conversaciones-capitulo-4-del-ego-al-eco-francisca-cortes-solari\/","og_site_name":"Filantrop\u00eda Cort\u00e9s Solari","article_published_time":"2024-06-06T15:52:00+00:00","article_modified_time":"2024-06-06T15:58:40+00:00","og_image":[{"width":1280,"height":853,"url":"https:\/\/www.filantropiacortessolari.cl\/wp-content\/uploads\/2024\/06\/cas_web_conversciones_noticias_fran.webp","type":"image\/webp"}],"author":"Filantrop\u00eda Cort\u00e9s Solari","twitter_card":"summary_large_image","twitter_misc":{"Written by":"Filantrop\u00eda Cort\u00e9s Solari","Est. reading time":"2 minutes"},"schema":{"@context":"https:\/\/schema.org","@graph":[{"@type":"Article","@id":"https:\/\/www.filantropiacortessolari.cl\/conversaciones-capitulo-4-del-ego-al-eco-francisca-cortes-solari\/#article","isPartOf":{"@id":"https:\/\/www.filantropiacortessolari.cl\/conversaciones-capitulo-4-del-ego-al-eco-francisca-cortes-solari\/"},"author":{"name":"Filantrop\u00eda Cort\u00e9s Solari","@id":"https:\/\/www.filantropiacortessolari.cl\/#\/schema\/person\/e099cf1046922f4f5892172332dc86c0"},"headline":"Conversaciones \u2013 Cap\u00edtulo 4: Del Ego al Eco &#8211; Francisca Cort\u00e9s Solari","datePublished":"2024-06-06T15:52:00+00:00","dateModified":"2024-06-06T15:58:40+00:00","mainEntityOfPage":{"@id":"https:\/\/www.filantropiacortessolari.cl\/conversaciones-capitulo-4-del-ego-al-eco-francisca-cortes-solari\/"},"wordCount":288,"commentCount":0,"image":{"@id":"https:\/\/www.filantropiacortessolari.cl\/conversaciones-capitulo-4-del-ego-al-eco-francisca-cortes-solari\/#primaryimage"},"thumbnailUrl":"https:\/\/www.filantropiacortessolari.cl\/wp-content\/uploads\/2024\/06\/cas_web_conversciones_noticias_fran.webp","articleSection":["Noticias"],"inLanguage":"en-US","potentialAction":[{"@type":"CommentAction","name":"Comment","target":["https:\/\/www.filantropiacortessolari.cl\/conversaciones-capitulo-4-del-ego-al-eco-francisca-cortes-solari\/#respond"]}]},{"@type":"WebPage","@id":"https:\/\/www.filantropiacortessolari.cl\/conversaciones-capitulo-4-del-ego-al-eco-francisca-cortes-solari\/","url":"https:\/\/www.filantropiacortessolari.cl\/conversaciones-capitulo-4-del-ego-al-eco-francisca-cortes-solari\/","name":"Conversaciones \u2013 Cap\u00edtulo 4: Del Ego al Eco - Francisca Cort\u00e9s Solari","isPartOf":{"@id":"https:\/\/www.filantropiacortessolari.cl\/#website"},"primaryImageOfPage":{"@id":"https:\/\/www.filantropiacortessolari.cl\/conversaciones-capitulo-4-del-ego-al-eco-francisca-cortes-solari\/#primaryimage"},"image":{"@id":"https:\/\/www.filantropiacortessolari.cl\/conversaciones-capitulo-4-del-ego-al-eco-francisca-cortes-solari\/#primaryimage"},"thumbnailUrl":"https:\/\/www.filantropiacortessolari.cl\/wp-content\/uploads\/2024\/06\/cas_web_conversciones_noticias_fran.webp","datePublished":"2024-06-06T15:52:00+00:00","dateModified":"2024-06-06T15:58:40+00:00","author":{"@id":"https:\/\/www.filantropiacortessolari.cl\/#\/schema\/person\/e099cf1046922f4f5892172332dc86c0"},"breadcrumb":{"@id":"https:\/\/www.filantropiacortessolari.cl\/conversaciones-capitulo-4-del-ego-al-eco-francisca-cortes-solari\/#breadcrumb"},"inLanguage":"en-US","potentialAction":[{"@type":"ReadAction","target":["https:\/\/www.filantropiacortessolari.cl\/conversaciones-capitulo-4-del-ego-al-eco-francisca-cortes-solari\/"]}]},{"@type":"ImageObject","inLanguage":"en-US","@id":"https:\/\/www.filantropiacortessolari.cl\/conversaciones-capitulo-4-del-ego-al-eco-francisca-cortes-solari\/#primaryimage","url":"https:\/\/www.filantropiacortessolari.cl\/wp-content\/uploads\/2024\/06\/cas_web_conversciones_noticias_fran.webp","contentUrl":"https:\/\/www.filantropiacortessolari.cl\/wp-content\/uploads\/2024\/06\/cas_web_conversciones_noticias_fran.webp","width":1280,"height":853},{"@type":"BreadcrumbList","@id":"https:\/\/www.filantropiacortessolari.cl\/conversaciones-capitulo-4-del-ego-al-eco-francisca-cortes-solari\/#breadcrumb","itemListElement":[{"@type":"ListItem","position":1,"name":"Portada","item":"https:\/\/www.filantropiacortessolari.cl\/"},{"@type":"ListItem","position":2,"name":"Conversaciones \u2013 Cap\u00edtulo 4: Del Ego al Eco &#8211; Francisca Cort\u00e9s Solari"}]},{"@type":"WebSite","@id":"https:\/\/www.filantropiacortessolari.cl\/#website","url":"https:\/\/www.filantropiacortessolari.cl\/","name":"Filantrop\u00eda Cort\u00e9s Solari","description":"Sitio web Filantrop\u00eda Cort\u00e9s Solari","potentialAction":[{"@type":"SearchAction","target":{"@type":"EntryPoint","urlTemplate":"https:\/\/www.filantropiacortessolari.cl\/?s={search_term_string}"},"query-input":{"@type":"PropertyValueSpecification","valueRequired":true,"valueName":"search_term_string"}}],"inLanguage":"en-US"},{"@type":"Person","@id":"https:\/\/www.filantropiacortessolari.cl\/#\/schema\/person\/e099cf1046922f4f5892172332dc86c0","name":"Filantrop\u00eda Cort\u00e9s Solari","image":{"@type":"ImageObject","inLanguage":"en-US","@id":"https:\/\/secure.gravatar.com\/avatar\/9d17bfe24074ed7576e70cbeb8e010cdd7d01fae9f2047bd96cccbe629ec3c11?s=96&d=mm&r=g","url":"https:\/\/secure.gravatar.com\/avatar\/9d17bfe24074ed7576e70cbeb8e010cdd7d01fae9f2047bd96cccbe629ec3c11?s=96&d=mm&r=g","contentUrl":"https:\/\/secure.gravatar.com\/avatar\/9d17bfe24074ed7576e70cbeb8e010cdd7d01fae9f2047bd96cccbe629ec3c11?s=96&d=mm&r=g","caption":"Filantrop\u00eda Cort\u00e9s Solari"},"url":"https:\/\/www.filantropiacortessolari.cl\/en\/author\/filantropia-cortes-solari\/"}]}},"_links":{"self":[{"href":"https:\/\/www.filantropiacortessolari.cl\/en\/wp-json\/wp\/v2\/posts\/11844","targetHints":{"allow":["GET"]}}],"collection":[{"href":"https:\/\/www.filantropiacortessolari.cl\/en\/wp-json\/wp\/v2\/posts"}],"about":[{"href":"https:\/\/www.filantropiacortessolari.cl\/en\/wp-json\/wp\/v2\/types\/post"}],"author":[{"embeddable":true,"href":"https:\/\/www.filantropiacortessolari.cl\/en\/wp-json\/wp\/v2\/users\/1"}],"replies":[{"embeddable":true,"href":"https:\/\/www.filantropiacortessolari.cl\/en\/wp-json\/wp\/v2\/comments?post=11844"}],"version-history":[{"count":1,"href":"https:\/\/www.filantropiacortessolari.cl\/en\/wp-json\/wp\/v2\/posts\/11844\/revisions"}],"predecessor-version":[{"id":11846,"href":"https:\/\/www.filantropiacortessolari.cl\/en\/wp-json\/wp\/v2\/posts\/11844\/revisions\/11846"}],"wp:featuredmedia":[{"embeddable":true,"href":"https:\/\/www.filantropiacortessolari.cl\/en\/wp-json\/wp\/v2\/media\/11845"}],"wp:attachment":[{"href":"https:\/\/www.filantropiacortessolari.cl\/en\/wp-json\/wp\/v2\/media?parent=11844"}],"wp:term":[{"taxonomy":"category","embeddable":true,"href":"https:\/\/www.filantropiacortessolari.cl\/en\/wp-json\/wp\/v2\/categories?post=11844"},{"taxonomy":"post_tag","embeddable":true,"href":"https:\/\/www.filantropiacortessolari.cl\/en\/wp-json\/wp\/v2\/tags?post=11844"}],"curies":[{"name":"wp","href":"https:\/\/api.w.org\/{rel}","templated":true}]}}