{"id":11847,"date":"2024-06-10T18:55:43","date_gmt":"2024-06-10T21:55:43","guid":{"rendered":"https:\/\/www.filantropiacortessolari.cl\/?p=11847"},"modified":"2024-06-10T18:59:03","modified_gmt":"2024-06-10T21:59:03","slug":"casadeiberoamerica-un-seminario-de-economia-azul-y-una-exposicion-para-celebrar-la-llegada-de-la-esmeralda","status":"publish","type":"post","link":"https:\/\/www.filantropiacortessolari.cl\/en\/casadeiberoamerica-un-seminario-de-economia-azul-y-una-exposicion-para-celebrar-la-llegada-de-la-esmeralda\/","title":{"rendered":"[Casadeiberoamerica] Un seminario de econom\u00eda azul y una exposici\u00f3n para celebrar la llegada de La Esmeralda"},"content":{"rendered":"<style type=\"text\/css\"><\/style><p class=\"p1\">El encuentro abordar\u00e1 temas como el di\u00e1logo y la convivencia entre los puertos y las ciudades, as\u00ed como la protecci\u00f3n de la biodiversidad de los oc\u00e9anos y la sostenibilidad.<\/p>\n<p class=\"p1\">El seminario ser\u00e1 inaugurado por el alcalde de C\u00e1diz,\u00a0<b>Bruno Garc\u00eda<\/b>;\u00a0<b>Javier Velasco<\/b>, embajador de Chile en Espa\u00f1a;\u00a0<b>Jos\u00e9 Manuel Cossi Gonz\u00e1lez<\/b>, diputado provincial de \u00c1reas de Vivienda y Suelo y teniente alcalde del Ayuntamiento de C\u00e1diz;\u00a0<b>Francisco Javier Rodr\u00edguez Ros<\/b>, subdelegado del Gobierno de la Junta de Andaluc\u00eda en Campo de Gibraltar;\u00a0<b>Mar\u00eda Angeles Osorio<\/b>, directora ejecutiva de Fundaci\u00f3n Chile-Espa\u00f1a y\u00a0<b>Francisca Cort\u00e9s Solari<\/b>, presidenta ejecutiva de Filantrop\u00eda Cortes Solari.<\/p>\n<p class=\"p1\">Adem\u00e1s, el encuentro contar\u00e1 con importantes ponentes y moderadores, de la talla de\u00a0<b>\u00d3scar Curtido Naranjo<\/b>, delegado territorial de Sostenibilidad, Medio Ambiente y Econom\u00eda Azul de la Junta de Andaluc\u00eda en C\u00e1diz;\u00a0<b>Carlos Lucero<\/b>, concejal de la Delegaci\u00f3n de Deportes, Archivo, Emprendimiento y Formaci\u00f3n, Econom\u00eda Azul e Industria del Ayuntamiento de C\u00e1diz;\u00a0<b>Francisco Gonz\u00e1lez P\u00e9rez<\/b>, delegado del Estado en la Zona Franca de C\u00e1diz y responsable de IncubAzul;\u00a0<b>Te\u00f3fila Mart\u00ednez<\/b>, presidenta de la Autoridad Portuaria de C\u00e1diz y presidenta de Fundaci\u00f3n RETE o \u00a0<b>Mar\u00eda del Carmen Garc\u00eda Mart\u00ednez<\/b>, directora del IEO- CSIC, entre otros.<\/p>\n<p class=\"p1\">Para inscribirse (gratuitamente) solo hay que enviar un email a la siguiente direcci\u00f3n:\u00a0<b>eventosFCE@fce.org.es<\/b>.<\/p>\n<p class=\"p1\">Tras el seminario, tendr\u00e1 lugar a las 13.00 h y en el mismo espacio, la inauguraci\u00f3n de la exposici\u00f3n de fotograf\u00edas\u00a0<i>Chile, Voces de la Patagonia. Secretos del Fondo Marino,<\/i><b>\u00a0<\/b>del fot\u00f3grafo chileno\u00a0<a href=\"https:\/\/www.eduardosorensen.cl\/paginatipo.htm\"><b>Eduardo Sorensen<\/b><\/a>, que estar\u00e1 presente en el acto, junto a la presidencia de\u00a0<a href=\"https:\/\/www.filantropiacortessolari.cl\/\"><b>Filantrop\u00eda Cort\u00e9s Solari<\/b><\/a>, entidad organizadora de la exposici\u00f3n junto a Casa de Iberoam\u00e9rica, con la colaboraci\u00f3n de la Fundacion Chile Espa\u00f1a y la Embajada de Chile en Espa\u00f1a.<\/p>\n<p class=\"p1\">Esta serie de actividades recalcan la importancia de la Econom\u00eda Azul en un mundo cada vez m\u00e1s concienciado por el medio ambiente, la sostenibilidad y las buenas pr\u00e1cticas empresariales. Adem\u00e1s, dichos actos sirven para reforzar la buena relaci\u00f3n entre el pa\u00eds andino y C\u00e1diz, quienes comparten siglos de historia en com\u00fan.<\/p>\n<p>Fuente: <a href=\"https:\/\/www.casadeiberoamerica.es\/noticia\/5249\/un-seminario-de-economia-azul-y-una-exposicion-para-celebrar-la-llegada-de-la-esmeralda\" target=\"_blank\" rel=\"noopener\">Casadeiberoamerica<\/a><\/p>\n","protected":false},"excerpt":{"rendered":"<p>El encuentro abordar\u00e1 temas como el di\u00e1logo y la convivencia entre los puertos y las ciudades, as\u00ed como la protecci\u00f3n de la biodiversidad de los oc\u00e9anos y la sostenibilidad. El seminario ser\u00e1 inaugurado por el alcalde de C\u00e1diz,\u00a0Bruno Garc\u00eda;\u00a0Javier Velasco, embajador de Chile en Espa\u00f1a;\u00a0Jos\u00e9 Manuel Cossi Gonz\u00e1lez, diputado provincial de \u00c1reas de Vivienda y&#8230;<\/p>\n","protected":false},"author":1,"featured_media":11849,"comment_status":"open","ping_status":"open","sticky":false,"template":"","format":"standard","meta":{"footnotes":""},"categories":[31],"tags":[],"class_list":["post-11847","post","type-post","status-publish","format-standard","has-post-thumbnail","hentry","category-noticias"],"translation":{"provider":"WPGlobus","version":"3.0.2","language":"en","enabled_languages":["es","en"],"languages":{"es":{"title":true,"content":true,"excerpt":false},"en":{"title":false,"content":false,"excerpt":false}}},"yoast_head":"<!-- This site is optimized with the Yoast SEO plugin v27.4 - https:\/\/yoast.com\/product\/yoast-seo-wordpress\/ -->\n<title>[Casadeiberoamerica] Un seminario de econom\u00eda azul y una exposici\u00f3n para celebrar la llegada de La Esmeralda<\/title>\n<meta name=\"robots\" content=\"index, follow, max-snippet:-1, max-image-preview:large, max-video-preview:-1\" \/>\n<link rel=\"canonical\" href=\"https:\/\/www.filantropiacortessolari.cl\/casadeiberoamerica-un-seminario-de-economia-azul-y-una-exposicion-para-celebrar-la-llegada-de-la-esmeralda\/\" \/>\n<meta property=\"og:locale\" content=\"en_US\" \/>\n<meta property=\"og:type\" content=\"article\" \/>\n<meta property=\"og:title\" content=\"[Casadeiberoamerica] Un seminario de econom\u00eda azul y una exposici\u00f3n para celebrar la llegada de La Esmeralda\" \/>\n<meta property=\"og:url\" content=\"https:\/\/www.filantropiacortessolari.cl\/casadeiberoamerica-un-seminario-de-economia-azul-y-una-exposicion-para-celebrar-la-llegada-de-la-esmeralda\/\" \/>\n<meta property=\"og:site_name\" content=\"Filantrop\u00eda Cort\u00e9s Solari\" \/>\n<meta property=\"article:published_time\" content=\"2024-06-10T21:55:43+00:00\" \/>\n<meta property=\"article:modified_time\" content=\"2024-06-10T21:59:03+00:00\" \/>\n<meta property=\"og:image\" content=\"https:\/\/www.filantropiacortessolari.cl\/wp-content\/uploads\/2024\/06\/ESM2112expo60x45cm-cajadeluz.webp\" \/>\n\t<meta property=\"og:image:width\" content=\"1477\" \/>\n\t<meta property=\"og:image:height\" content=\"1000\" \/>\n\t<meta property=\"og:image:type\" content=\"image\/webp\" \/>\n<meta name=\"author\" content=\"Filantrop\u00eda Cort\u00e9s Solari\" \/>\n<meta name=\"twitter:card\" content=\"summary_large_image\" \/>\n<meta name=\"twitter:label1\" content=\"Written by\" \/>\n\t<meta name=\"twitter:data1\" content=\"Filantrop\u00eda Cort\u00e9s Solari\" \/>\n\t<meta name=\"twitter:label2\" content=\"Est. reading time\" \/>\n\t<meta name=\"twitter:data2\" content=\"2 minutes\" \/>\n<script type=\"application\/ld+json\" class=\"yoast-schema-graph\">{\"@context\":\"https:\\\/\\\/schema.org\",\"@graph\":[{\"@type\":\"Article\",\"@id\":\"https:\\\/\\\/www.filantropiacortessolari.cl\\\/casadeiberoamerica-un-seminario-de-economia-azul-y-una-exposicion-para-celebrar-la-llegada-de-la-esmeralda\\\/#article\",\"isPartOf\":{\"@id\":\"https:\\\/\\\/www.filantropiacortessolari.cl\\\/casadeiberoamerica-un-seminario-de-economia-azul-y-una-exposicion-para-celebrar-la-llegada-de-la-esmeralda\\\/\"},\"author\":{\"name\":\"Filantrop\u00eda Cort\u00e9s Solari\",\"@id\":\"https:\\\/\\\/www.filantropiacortessolari.cl\\\/#\\\/schema\\\/person\\\/e099cf1046922f4f5892172332dc86c0\"},\"headline\":\"[Casadeiberoamerica] Un seminario de econom\u00eda azul y una exposici\u00f3n para celebrar la llegada de La Esmeralda\",\"datePublished\":\"2024-06-10T21:55:43+00:00\",\"dateModified\":\"2024-06-10T21:59:03+00:00\",\"mainEntityOfPage\":{\"@id\":\"https:\\\/\\\/www.filantropiacortessolari.cl\\\/casadeiberoamerica-un-seminario-de-economia-azul-y-una-exposicion-para-celebrar-la-llegada-de-la-esmeralda\\\/\"},\"wordCount\":408,\"commentCount\":0,\"image\":{\"@id\":\"https:\\\/\\\/www.filantropiacortessolari.cl\\\/casadeiberoamerica-un-seminario-de-economia-azul-y-una-exposicion-para-celebrar-la-llegada-de-la-esmeralda\\\/#primaryimage\"},\"thumbnailUrl\":\"https:\\\/\\\/www.filantropiacortessolari.cl\\\/wp-content\\\/uploads\\\/2024\\\/06\\\/ESM2112expo60x45cm-cajadeluz.webp\",\"articleSection\":[\"Noticias\"],\"inLanguage\":\"en-US\",\"potentialAction\":[{\"@type\":\"CommentAction\",\"name\":\"Comment\",\"target\":[\"https:\\\/\\\/www.filantropiacortessolari.cl\\\/casadeiberoamerica-un-seminario-de-economia-azul-y-una-exposicion-para-celebrar-la-llegada-de-la-esmeralda\\\/#respond\"]}]},{\"@type\":\"WebPage\",\"@id\":\"https:\\\/\\\/www.filantropiacortessolari.cl\\\/casadeiberoamerica-un-seminario-de-economia-azul-y-una-exposicion-para-celebrar-la-llegada-de-la-esmeralda\\\/\",\"url\":\"https:\\\/\\\/www.filantropiacortessolari.cl\\\/casadeiberoamerica-un-seminario-de-economia-azul-y-una-exposicion-para-celebrar-la-llegada-de-la-esmeralda\\\/\",\"name\":\"[Casadeiberoamerica] Un seminario de econom\u00eda azul y una exposici\u00f3n para celebrar la llegada de La Esmeralda\",\"isPartOf\":{\"@id\":\"https:\\\/\\\/www.filantropiacortessolari.cl\\\/#website\"},\"primaryImageOfPage\":{\"@id\":\"https:\\\/\\\/www.filantropiacortessolari.cl\\\/casadeiberoamerica-un-seminario-de-economia-azul-y-una-exposicion-para-celebrar-la-llegada-de-la-esmeralda\\\/#primaryimage\"},\"image\":{\"@id\":\"https:\\\/\\\/www.filantropiacortessolari.cl\\\/casadeiberoamerica-un-seminario-de-economia-azul-y-una-exposicion-para-celebrar-la-llegada-de-la-esmeralda\\\/#primaryimage\"},\"thumbnailUrl\":\"https:\\\/\\\/www.filantropiacortessolari.cl\\\/wp-content\\\/uploads\\\/2024\\\/06\\\/ESM2112expo60x45cm-cajadeluz.webp\",\"datePublished\":\"2024-06-10T21:55:43+00:00\",\"dateModified\":\"2024-06-10T21:59:03+00:00\",\"author\":{\"@id\":\"https:\\\/\\\/www.filantropiacortessolari.cl\\\/#\\\/schema\\\/person\\\/e099cf1046922f4f5892172332dc86c0\"},\"breadcrumb\":{\"@id\":\"https:\\\/\\\/www.filantropiacortessolari.cl\\\/casadeiberoamerica-un-seminario-de-economia-azul-y-una-exposicion-para-celebrar-la-llegada-de-la-esmeralda\\\/#breadcrumb\"},\"inLanguage\":\"en-US\",\"potentialAction\":[{\"@type\":\"ReadAction\",\"target\":[\"https:\\\/\\\/www.filantropiacortessolari.cl\\\/casadeiberoamerica-un-seminario-de-economia-azul-y-una-exposicion-para-celebrar-la-llegada-de-la-esmeralda\\\/\"]}]},{\"@type\":\"ImageObject\",\"inLanguage\":\"en-US\",\"@id\":\"https:\\\/\\\/www.filantropiacortessolari.cl\\\/casadeiberoamerica-un-seminario-de-economia-azul-y-una-exposicion-para-celebrar-la-llegada-de-la-esmeralda\\\/#primaryimage\",\"url\":\"https:\\\/\\\/www.filantropiacortessolari.cl\\\/wp-content\\\/uploads\\\/2024\\\/06\\\/ESM2112expo60x45cm-cajadeluz.webp\",\"contentUrl\":\"https:\\\/\\\/www.filantropiacortessolari.cl\\\/wp-content\\\/uploads\\\/2024\\\/06\\\/ESM2112expo60x45cm-cajadeluz.webp\",\"width\":1477,\"height\":1000},{\"@type\":\"BreadcrumbList\",\"@id\":\"https:\\\/\\\/www.filantropiacortessolari.cl\\\/casadeiberoamerica-un-seminario-de-economia-azul-y-una-exposicion-para-celebrar-la-llegada-de-la-esmeralda\\\/#breadcrumb\",\"itemListElement\":[{\"@type\":\"ListItem\",\"position\":1,\"name\":\"Portada\",\"item\":\"https:\\\/\\\/www.filantropiacortessolari.cl\\\/\"},{\"@type\":\"ListItem\",\"position\":2,\"name\":\"[Casadeiberoamerica] Un seminario de econom\u00eda azul y una exposici\u00f3n para celebrar la llegada de La Esmeralda\"}]},{\"@type\":\"WebSite\",\"@id\":\"https:\\\/\\\/www.filantropiacortessolari.cl\\\/#website\",\"url\":\"https:\\\/\\\/www.filantropiacortessolari.cl\\\/\",\"name\":\"Filantrop\u00eda Cort\u00e9s Solari\",\"description\":\"Sitio web Filantrop\u00eda Cort\u00e9s Solari\",\"potentialAction\":[{\"@type\":\"SearchAction\",\"target\":{\"@type\":\"EntryPoint\",\"urlTemplate\":\"https:\\\/\\\/www.filantropiacortessolari.cl\\\/?s={search_term_string}\"},\"query-input\":{\"@type\":\"PropertyValueSpecification\",\"valueRequired\":true,\"valueName\":\"search_term_string\"}}],\"inLanguage\":\"en-US\"},{\"@type\":\"Person\",\"@id\":\"https:\\\/\\\/www.filantropiacortessolari.cl\\\/#\\\/schema\\\/person\\\/e099cf1046922f4f5892172332dc86c0\",\"name\":\"Filantrop\u00eda Cort\u00e9s Solari\",\"image\":{\"@type\":\"ImageObject\",\"inLanguage\":\"en-US\",\"@id\":\"https:\\\/\\\/secure.gravatar.com\\\/avatar\\\/9d17bfe24074ed7576e70cbeb8e010cdd7d01fae9f2047bd96cccbe629ec3c11?s=96&d=mm&r=g\",\"url\":\"https:\\\/\\\/secure.gravatar.com\\\/avatar\\\/9d17bfe24074ed7576e70cbeb8e010cdd7d01fae9f2047bd96cccbe629ec3c11?s=96&d=mm&r=g\",\"contentUrl\":\"https:\\\/\\\/secure.gravatar.com\\\/avatar\\\/9d17bfe24074ed7576e70cbeb8e010cdd7d01fae9f2047bd96cccbe629ec3c11?s=96&d=mm&r=g\",\"caption\":\"Filantrop\u00eda Cort\u00e9s Solari\"},\"url\":\"https:\\\/\\\/www.filantropiacortessolari.cl\\\/en\\\/author\\\/filantropia-cortes-solari\\\/\"}]}<\/script>\n<!-- \/ Yoast SEO plugin. -->","yoast_head_json":{"title":"[Casadeiberoamerica] Un seminario de econom\u00eda azul y una exposici\u00f3n para celebrar la llegada de La Esmeralda","robots":{"index":"index","follow":"follow","max-snippet":"max-snippet:-1","max-image-preview":"max-image-preview:large","max-video-preview":"max-video-preview:-1"},"canonical":"https:\/\/www.filantropiacortessolari.cl\/casadeiberoamerica-un-seminario-de-economia-azul-y-una-exposicion-para-celebrar-la-llegada-de-la-esmeralda\/","og_locale":"en_US","og_type":"article","og_title":"[Casadeiberoamerica] Un seminario de econom\u00eda azul y una exposici\u00f3n para celebrar la llegada de La Esmeralda","og_url":"https:\/\/www.filantropiacortessolari.cl\/casadeiberoamerica-un-seminario-de-economia-azul-y-una-exposicion-para-celebrar-la-llegada-de-la-esmeralda\/","og_site_name":"Filantrop\u00eda Cort\u00e9s Solari","article_published_time":"2024-06-10T21:55:43+00:00","article_modified_time":"2024-06-10T21:59:03+00:00","og_image":[{"width":1477,"height":1000,"url":"https:\/\/www.filantropiacortessolari.cl\/wp-content\/uploads\/2024\/06\/ESM2112expo60x45cm-cajadeluz.webp","type":"image\/webp"}],"author":"Filantrop\u00eda Cort\u00e9s Solari","twitter_card":"summary_large_image","twitter_misc":{"Written by":"Filantrop\u00eda Cort\u00e9s Solari","Est. reading time":"2 minutes"},"schema":{"@context":"https:\/\/schema.org","@graph":[{"@type":"Article","@id":"https:\/\/www.filantropiacortessolari.cl\/casadeiberoamerica-un-seminario-de-economia-azul-y-una-exposicion-para-celebrar-la-llegada-de-la-esmeralda\/#article","isPartOf":{"@id":"https:\/\/www.filantropiacortessolari.cl\/casadeiberoamerica-un-seminario-de-economia-azul-y-una-exposicion-para-celebrar-la-llegada-de-la-esmeralda\/"},"author":{"name":"Filantrop\u00eda Cort\u00e9s Solari","@id":"https:\/\/www.filantropiacortessolari.cl\/#\/schema\/person\/e099cf1046922f4f5892172332dc86c0"},"headline":"[Casadeiberoamerica] Un seminario de econom\u00eda azul y una exposici\u00f3n para celebrar la llegada de La Esmeralda","datePublished":"2024-06-10T21:55:43+00:00","dateModified":"2024-06-10T21:59:03+00:00","mainEntityOfPage":{"@id":"https:\/\/www.filantropiacortessolari.cl\/casadeiberoamerica-un-seminario-de-economia-azul-y-una-exposicion-para-celebrar-la-llegada-de-la-esmeralda\/"},"wordCount":408,"commentCount":0,"image":{"@id":"https:\/\/www.filantropiacortessolari.cl\/casadeiberoamerica-un-seminario-de-economia-azul-y-una-exposicion-para-celebrar-la-llegada-de-la-esmeralda\/#primaryimage"},"thumbnailUrl":"https:\/\/www.filantropiacortessolari.cl\/wp-content\/uploads\/2024\/06\/ESM2112expo60x45cm-cajadeluz.webp","articleSection":["Noticias"],"inLanguage":"en-US","potentialAction":[{"@type":"CommentAction","name":"Comment","target":["https:\/\/www.filantropiacortessolari.cl\/casadeiberoamerica-un-seminario-de-economia-azul-y-una-exposicion-para-celebrar-la-llegada-de-la-esmeralda\/#respond"]}]},{"@type":"WebPage","@id":"https:\/\/www.filantropiacortessolari.cl\/casadeiberoamerica-un-seminario-de-economia-azul-y-una-exposicion-para-celebrar-la-llegada-de-la-esmeralda\/","url":"https:\/\/www.filantropiacortessolari.cl\/casadeiberoamerica-un-seminario-de-economia-azul-y-una-exposicion-para-celebrar-la-llegada-de-la-esmeralda\/","name":"[Casadeiberoamerica] Un seminario de econom\u00eda azul y una exposici\u00f3n para celebrar la llegada de La Esmeralda","isPartOf":{"@id":"https:\/\/www.filantropiacortessolari.cl\/#website"},"primaryImageOfPage":{"@id":"https:\/\/www.filantropiacortessolari.cl\/casadeiberoamerica-un-seminario-de-economia-azul-y-una-exposicion-para-celebrar-la-llegada-de-la-esmeralda\/#primaryimage"},"image":{"@id":"https:\/\/www.filantropiacortessolari.cl\/casadeiberoamerica-un-seminario-de-economia-azul-y-una-exposicion-para-celebrar-la-llegada-de-la-esmeralda\/#primaryimage"},"thumbnailUrl":"https:\/\/www.filantropiacortessolari.cl\/wp-content\/uploads\/2024\/06\/ESM2112expo60x45cm-cajadeluz.webp","datePublished":"2024-06-10T21:55:43+00:00","dateModified":"2024-06-10T21:59:03+00:00","author":{"@id":"https:\/\/www.filantropiacortessolari.cl\/#\/schema\/person\/e099cf1046922f4f5892172332dc86c0"},"breadcrumb":{"@id":"https:\/\/www.filantropiacortessolari.cl\/casadeiberoamerica-un-seminario-de-economia-azul-y-una-exposicion-para-celebrar-la-llegada-de-la-esmeralda\/#breadcrumb"},"inLanguage":"en-US","potentialAction":[{"@type":"ReadAction","target":["https:\/\/www.filantropiacortessolari.cl\/casadeiberoamerica-un-seminario-de-economia-azul-y-una-exposicion-para-celebrar-la-llegada-de-la-esmeralda\/"]}]},{"@type":"ImageObject","inLanguage":"en-US","@id":"https:\/\/www.filantropiacortessolari.cl\/casadeiberoamerica-un-seminario-de-economia-azul-y-una-exposicion-para-celebrar-la-llegada-de-la-esmeralda\/#primaryimage","url":"https:\/\/www.filantropiacortessolari.cl\/wp-content\/uploads\/2024\/06\/ESM2112expo60x45cm-cajadeluz.webp","contentUrl":"https:\/\/www.filantropiacortessolari.cl\/wp-content\/uploads\/2024\/06\/ESM2112expo60x45cm-cajadeluz.webp","width":1477,"height":1000},{"@type":"BreadcrumbList","@id":"https:\/\/www.filantropiacortessolari.cl\/casadeiberoamerica-un-seminario-de-economia-azul-y-una-exposicion-para-celebrar-la-llegada-de-la-esmeralda\/#breadcrumb","itemListElement":[{"@type":"ListItem","position":1,"name":"Portada","item":"https:\/\/www.filantropiacortessolari.cl\/"},{"@type":"ListItem","position":2,"name":"[Casadeiberoamerica] Un seminario de econom\u00eda azul y una exposici\u00f3n para celebrar la llegada de La Esmeralda"}]},{"@type":"WebSite","@id":"https:\/\/www.filantropiacortessolari.cl\/#website","url":"https:\/\/www.filantropiacortessolari.cl\/","name":"Filantrop\u00eda Cort\u00e9s Solari","description":"Sitio web Filantrop\u00eda Cort\u00e9s Solari","potentialAction":[{"@type":"SearchAction","target":{"@type":"EntryPoint","urlTemplate":"https:\/\/www.filantropiacortessolari.cl\/?s={search_term_string}"},"query-input":{"@type":"PropertyValueSpecification","valueRequired":true,"valueName":"search_term_string"}}],"inLanguage":"en-US"},{"@type":"Person","@id":"https:\/\/www.filantropiacortessolari.cl\/#\/schema\/person\/e099cf1046922f4f5892172332dc86c0","name":"Filantrop\u00eda Cort\u00e9s Solari","image":{"@type":"ImageObject","inLanguage":"en-US","@id":"https:\/\/secure.gravatar.com\/avatar\/9d17bfe24074ed7576e70cbeb8e010cdd7d01fae9f2047bd96cccbe629ec3c11?s=96&d=mm&r=g","url":"https:\/\/secure.gravatar.com\/avatar\/9d17bfe24074ed7576e70cbeb8e010cdd7d01fae9f2047bd96cccbe629ec3c11?s=96&d=mm&r=g","contentUrl":"https:\/\/secure.gravatar.com\/avatar\/9d17bfe24074ed7576e70cbeb8e010cdd7d01fae9f2047bd96cccbe629ec3c11?s=96&d=mm&r=g","caption":"Filantrop\u00eda Cort\u00e9s Solari"},"url":"https:\/\/www.filantropiacortessolari.cl\/en\/author\/filantropia-cortes-solari\/"}]}},"_links":{"self":[{"href":"https:\/\/www.filantropiacortessolari.cl\/en\/wp-json\/wp\/v2\/posts\/11847","targetHints":{"allow":["GET"]}}],"collection":[{"href":"https:\/\/www.filantropiacortessolari.cl\/en\/wp-json\/wp\/v2\/posts"}],"about":[{"href":"https:\/\/www.filantropiacortessolari.cl\/en\/wp-json\/wp\/v2\/types\/post"}],"author":[{"embeddable":true,"href":"https:\/\/www.filantropiacortessolari.cl\/en\/wp-json\/wp\/v2\/users\/1"}],"replies":[{"embeddable":true,"href":"https:\/\/www.filantropiacortessolari.cl\/en\/wp-json\/wp\/v2\/comments?post=11847"}],"version-history":[{"count":1,"href":"https:\/\/www.filantropiacortessolari.cl\/en\/wp-json\/wp\/v2\/posts\/11847\/revisions"}],"predecessor-version":[{"id":11848,"href":"https:\/\/www.filantropiacortessolari.cl\/en\/wp-json\/wp\/v2\/posts\/11847\/revisions\/11848"}],"wp:featuredmedia":[{"embeddable":true,"href":"https:\/\/www.filantropiacortessolari.cl\/en\/wp-json\/wp\/v2\/media\/11849"}],"wp:attachment":[{"href":"https:\/\/www.filantropiacortessolari.cl\/en\/wp-json\/wp\/v2\/media?parent=11847"}],"wp:term":[{"taxonomy":"category","embeddable":true,"href":"https:\/\/www.filantropiacortessolari.cl\/en\/wp-json\/wp\/v2\/categories?post=11847"},{"taxonomy":"post_tag","embeddable":true,"href":"https:\/\/www.filantropiacortessolari.cl\/en\/wp-json\/wp\/v2\/tags?post=11847"}],"curies":[{"name":"wp","href":"https:\/\/api.w.org\/{rel}","templated":true}]}}