{"id":11894,"date":"2024-09-30T14:56:41","date_gmt":"2024-09-30T17:56:41","guid":{"rendered":"https:\/\/www.filantropiacortessolari.cl\/?p=11894"},"modified":"2024-09-30T14:57:17","modified_gmt":"2024-09-30T17:57:17","slug":"el-mostrador-la-coleccion-de-libros-que-explora-el-vinculo-entre-los-saberes-ancestrales-y-el-cambio-climatico","status":"publish","type":"post","link":"https:\/\/www.filantropiacortessolari.cl\/en\/el-mostrador-la-coleccion-de-libros-que-explora-el-vinculo-entre-los-saberes-ancestrales-y-el-cambio-climatico\/","title":{"rendered":"[El Mostrador] La colecci\u00f3n de libros que explora el v\u00ednculo entre los saberes ancestrales y el cambio clim\u00e1tico"},"content":{"rendered":"<style type=\"text\/css\"><\/style><p>Re\u00fane relatos de cultores y cultoras de los pueblos Lickanantay y Quechua. \u201cTienen que ver con la vida, las semillas, la agricultura, el universo\u201d, se\u00f1ala <a href=\"https:\/\/www.filantropiacortessolari.cl\/profile\/francisca-cortes-solari\/\" rel=\"noopener\" target=\"_blank\">Francisca Cort\u00e9s Solari<\/a>, presidenta ejecutiva de Fundaci\u00f3n Caserta. La presentaci\u00f3n es el martes en el Museo Precolombino de Santiago.<\/p>\n<p>Una colecci\u00f3n de 10 libros sobre\u00a0<strong>\u201cSaberes Ancestrales y Cambio Clim\u00e1tico\u201d<\/strong>, lanzar\u00e1 la Fundaci\u00f3n Caserta y Reserva Elemental Puribeter este martes 1 de octubre, a las 18:00 horas, en el Museo Precolombino de Santiago (Bandera 361, Metro Plaza de Armas).<\/p>\n<p>La obra es fruto de una investigaci\u00f3n en la que durante tres a\u00f1os, un equipo interdisciplinario trabaj\u00f3 en conjunto con cultores andinos del Desierto de Atacama, el m\u00e1s \u00e1rido del mundo, para salvaguardar este patrimonio\u00a0 cultural e inmaterial, de invaluable valor para Chile y el mundo.<\/p>\n<p>Se trata de 10 libros de la colecci\u00f3n y cada uno de los temas aborda alguna tem\u00e1tica relacionada con el cambio clim\u00e1tico. Est\u00e1 Tiempo Andino; Cosmovisi\u00f3n Andina; Madre Tierra; La Semilla, El Esp\u00edritu del Agua; Herbolaria Ancestral, Nutrici\u00f3n Ancestral, T\u00e9cnicas Agr\u00edcolas y Calendario Agrofestivo.<\/p>\n<p>Previamente,\u00a0las publicaciones fueron dadas a conocer en un evento en Puribeter, Reserva Elemental ubicada en San Pedro de Atacama, el pasado 14 de septiembre.<\/p>\n<p><a href=\"https:\/\/www.filantropiacortessolari.cl\/profile\/francisca-cortes-solari\/\" rel=\"noopener\" target=\"_blank\">Francisca Cort\u00e9s Solari<\/a>, presidenta ejecutiva de Fundaci\u00f3n Caserta explic\u00f3 que \u201clos libros abordan la cultura del mundo andino con saberes ancestrales desde el Desierto de Atacama, el m\u00e1s \u00e1rido del mundo. Estos relatos tienen que ver con la vida, las semillas, la agricultura, el universo. La conexi\u00f3n entre la tierra y el universo es algo tremendamente valioso, se trata de un legado para la humanidad porque es el origen para la supervivencia\u201d.<\/p>\n<p>Fundaci\u00f3n Caserta es una organizaci\u00f3n sin fines de lucro, parte de Filantrop\u00eda Cortes Solari, que este 2024 cumpli\u00f3 21 a\u00f1os de trayectoria, pionera en desarrollar una educaci\u00f3n integral para Chile, formando agentes de cambio para una sociedad desafiada a transitar a la sostenibilidad, seg\u00fan se\u00f1ala en su sitio web.<\/p>\n<h2>Tem\u00e1ticas<\/h2>\n<p>Los diez libros que componen la colecci\u00f3n muestran la cosmovisi\u00f3n de 21 cultores andinos, quienes se refieren a temas como el uso y cuidado del agua; el resguardo de las semillas; el valor de los ciclos y del \u201ctiempo andino\u201d; los usos y propiedades de sus hierbas medicinales, entre otros, todos en base a sus propias pr\u00e1cticas y saberes ancestrales que abren la posibilidad para conectar con lo que es vital para la supervivencia del planeta, ante el escenario que presenta la crisis clim\u00e1tica que enfrentamos.<\/p>\n<p>Los entrevistados participaron en todos los procesos del proyecto: revisi\u00f3n y correcci\u00f3n de textos y material audiovisual,  fotograf\u00edas e ilustraciones, a fin de resguardar que todo el material sea pertinente culturalmente, y represente las visiones y percepciones de los cultores.<\/p>\n<p>Los libros -que ser\u00e1n entregados en establecimientos educacionales, tambi\u00e9n contienen fotograf\u00edas de los cultores, de los paisajes de San Pedro de Atacama e ilustraciones. Los t\u00edtulos de las obras fueron traducidos a la lengua ckunsa,  originaria de los pueblos atacame\u00f1os.<\/p>\n<p>Los cultores plasmaron la importancia del medio ambiente en los libros y en videos.<\/p>\n<p>Rub\u00e9n Colque, de Calama, se refiri\u00f3 al valor de los recursos h\u00eddricos: \u201cel agua para m\u00ed es vida, es el elemento sagrado que nos da a nuestros pueblos la agricultura, la ganader\u00eda y eso viene desde que somos mundo, desde que somos planeta. Es importante porque en las comunidades ya no hay agua. En los pueblos el agua no se desperdicia, el puricakamani, es el encargado del agua, de repartir el agua en las comunidades, son guardadores; el purickamani que viene de familia, son linajes\u201d.<\/p>\n<p>Sobre la protecci\u00f3n de la flora local, Erika P\u00e9rez Arme\u00f1a, de San Francisco de Chiu Chiu, afirm\u00f3 que \u201chay que agradecerle a la semilla, cualquiera que sea; es un poder que nos dio nuestro planeta, el sol, la lluvia, el viento, la tierra y la Pachamama. Pido a los j\u00f3venes que tengan conciencia, que respeten. A esos ni\u00f1os que se integren con sus abuelitos pregunt\u00e1ndoles, hay que aprender de ellos. Ya no existen las siembras antiguas, pero es importante que nuestros abuelos nos cuenten, ellos tienen sabidur\u00eda\u201d.<\/p>\n<p>Particip\u00f3 Marcela Iglesias como la editora del proyecto y Munay Producciones realiz\u00f3 todas las c\u00e1psulas educativas de los diferentes cultores y cultoras. Las entrevistas fueron realizadas por Karen Vera y la fotograf\u00eda, de Andrea Vera. La revisi\u00f3n con pertinencia cultural, el glosario y la co-investigaci\u00f3n tambi\u00e9n fue realizada por Juan Carmelo Ram\u00edrez.<\/p>\n<h2>Cambio de enfoque<\/h2>\n<p>Cort\u00e9s Solari explic\u00f3 a El Mostrador que junto a Daniela D\u00edaz, investigadora a cargo del proyecto, \u201cvenimos trabajando hace 14 a\u00f1os en torno a proyectos relacionados con la conservaci\u00f3n patrimonial. En este caso se trata del tercer proyecto que cobra una particular importancia pues busca resguardar el patrimonio cultural en relaci\u00f3n a la agricultura, agua, y el cambio clim\u00e1tico en general\u201d.<\/p>\n<p>\u201cEsta colecci\u00f3n constituye una gu\u00eda llena de sabidur\u00eda y conocimiento ancestral en materia de conservaci\u00f3n de biodiversidad. Se trata de una gu\u00eda no solo destinada a Chile sino al mundo entero, en la medida que nuestra sociedad debe enfrentarse a la sobrevivencia y debemos aprender a ser sobrevivientes\u201d, se\u00f1ala la presidenta ejecutiva de Fundaci\u00f3n Caserta.<\/p>\n<p>Al ser consultada sobre c\u00f3mo se inserta la colecci\u00f3n en el trabajo de la Fundaci\u00f3n, Cort\u00e9s Solari respondi\u00f3 que \u201cla conservaci\u00f3n es multidimensional. Llevamos m\u00e1s de 20 a\u00f1os trabajando un modelo que incluye la dimensi\u00f3n ambiental, social econ\u00f3mica y cultural. Por tanto, el territorio y su cultura son elementos fundamentales al desarrollo de estrategias eficientes de conservaci\u00f3n\u201d.<\/p>\n<p>La Fundaci\u00f3n tiene un v\u00ednculo de larga data con los pueblos originarios.<\/p>\n<p>\u201cComo Fundaci\u00f3n entendemos que la relaci\u00f3n con todas las comunidades es esencial. No hay forma de avanzar hacia las metas 30\u00d730 sin un di\u00e1logo incluyente entre el sector p\u00fablico, privado pero tambi\u00e9n la sociedad civil y como no, nuestras culturas originarias\u201d, se\u00f1ala Cort\u00e9s Solari.<\/p>\n<p>Adem\u00e1s invit\u00f3 adescargar estos libros desde el canal <a href=\"https:\/\/fcs.tv\/\" rel=\"noopener\" target=\"_blank\">www.fcs.tv<\/a>, a partir del 5 de octubre.<\/p>\n<p>\u201cEn ellos encontrar\u00e1n testimonios sobre el respeto al recurso h\u00eddrico, pero tambi\u00e9n el entendimiento sobre los ciclos de la naturaleza y su equilibrio. En alg\u00fan momento los l\u00edderes originarios tendr\u00e1n que sentarse en las mesas multilaterales a ser parte de la soluci\u00f3n\u201d.<\/p>\n<h2>Cambio de enfoque<\/h2>\n<p>Por su parte, D\u00edaz se\u00f1al\u00f3 que los pueblos originarios entregan \u201cun cambio de enfoque y de mirada; su cosmovisi\u00f3n genera grandes ense\u00f1anzas. Vivir m\u00e1s lento; vivir los procesos y respetarnos. Es fundamental el mensaje\u201d.<\/p>\n<p>Tambi\u00e9n destac\u00f3 la importancia de revitalizar la lengua Kunza a trav\u00e9s de los textos.<\/p>\n<p>A su juicio, hay que \u201centender que la lengua es vital porque cada uno en s\u00ed mismo representa una manera de poder experimentar, sentir y vivir esta experiencia. Entonces, cuando muere una lengua, muere tambi\u00e9n una forma de vida, una manera de entender el entorno. Este proyecto contempl\u00f3 un trabajo exhaustivo con los cultores, respetuoso; hubo dedicaci\u00f3n y sucesivas conversaciones para poder reunir este valioso material\u201d.<\/p>\n<p>D\u00edaz resalt\u00f3 adem\u00e1s que la colecci\u00f3n va dirigida a todo tipo de p\u00fablico.<\/p>\n<p>\u201cTiene un lenguaje que trata de ser muy comprensivo, pero tambi\u00e9n tiene aportes cient\u00edficos, reflexiones que nos permiten ir tomando conciencia sobre c\u00f3mo son nuestras pr\u00e1cticas cotidianas en torno al cambio clim\u00e1tico. Tiene consejos, entonces va dirigida a un p\u00fablico que es muy abierto: desde educadores tradicionales, estudiantes, ni\u00f1os y ni\u00f1as. Tambi\u00e9n personas que est\u00e9n en la toma de decisiones, entendiendo que para nosotros es vital tener en el centro a los pueblos originarios como actores relevantes, en cuanto a lo que est\u00e1 pasando con el cambio clim\u00e1tico hoy. Sobre todo por el nivel de experiencia que tienen por generaciones y generaciones, donde al final son los grandes sobrevivientes. Imag\u00ednate en el Desierto de Atacama, donde han tenido que enfrentar tantas crisis h\u00eddricas y aun as\u00ed perduran\u201d.<\/p>\n<h2>Tem\u00e1ticas<\/h2>\n<p>En cuanto al contenido, D\u00edaz cuenta que \u201cTiempo Andino\u201d, por ejemplo, \u201cnos hace reflexionar sobre c\u00f3mo estamos concibiendo el tiempo de los occidentales, donde en general nos hemos olvidado de tener esta mirada de los ciclos, de sintonizar con la naturaleza como lo hac\u00edan antiguamente, donde el tiempo no se guiaba por el reloj, sino que por las se\u00f1ales de la naturaleza, de las estrellas\u201d.<\/p>\n<p>\u201cEn ese sentido, era una manera de relacionarnos de una forma distinta con el entorno, observando, sintiendo, entonces el aporte al menos de este cap\u00edtulo es de poder poner un cambio de mirada en cuanto al tiempo que nos permita relacionarnos m\u00e1s con nuestro entorno y tambi\u00e9n poder entender los diferentes ciclos: por ejemplo, cu\u00e1ndo es mejor sembrar, de c\u00f3mo se puede medir el tiempo tambi\u00e9n en relaci\u00f3n a las diferentes fases. Hoy los cultores comentan que la relaci\u00f3n con el tiempo ha ido cambiando, incluso hay algunos nacimientos de flora y fauna que no corresponde muchas veces a las estaciones\u201d.<\/p>\n<p>Por otro lado, cuando se habla del tema \u201csemilla\u201d, \u201ces muy importante porque nos ayuda a entender su valor. A trav\u00e9s de esta hay una memoria que es ancestral, una memoria gen\u00e9tica, es un patrimonio cultural. C\u00f3mo poder tener una semilla, mantenerla y cuidarla. Tambi\u00e9n la importancia de preservarla, de pedir permiso antes de poder sembrar. Hay una cosmovisi\u00f3n que tienen los pueblos originarios con la naturaleza en ese sentido\u201d.<\/p>\n<p>El cap\u00edtulo \u201cT\u00e9cnicas agr\u00edcolas\u201d aborda c\u00f3mo enfrentar de mejor manera el cambio clim\u00e1tico. Por ejemplo, a trav\u00e9s de t\u00e9cnicas como las terrazas de cultivo, que ayudan a aprovechar mucho m\u00e1s el agua en los mismos cultivos.<\/p>\n<p>Tambi\u00e9n se habla de la rotaci\u00f3n del cultivo, en fin, variadas t\u00e9cnicas que ayudan a aprovechar mejor los recursos.<\/p>\n<p>En el cap\u00edtulo \u201cCalendario Agrofestivo\u201d, se aprende las diferentes actividades de rituales y tambi\u00e9n de festividades que las comunidades andinas.<\/p>\n<p>\u201cY en ese sentido aprendemos sobre festividades religiosas y el D\u00eda de la Madre Tierra, que es el primero de agosto, un d\u00eda que se celebra a la Tierra porque est\u00e1 todo vivo\u201d.<\/p>\n<h2>Ense\u00f1anzas de pueblos originarios<\/h2>\n<p>Al ser consultada sobre qu\u00e9 nos pueden ense\u00f1ar los pueblos originarios sobre la convivencia en armon\u00eda con la naturaleza, D\u00edaz responde que se trata de aprender \u201cun cambio de paradigma\u201d.<\/p>\n<p>\u201cY esto se logra a trav\u00e9s de su cosmovisi\u00f3n, de su manera de relacionarse con la naturaleza y con ellos mismos. A trav\u00e9s de ellos hay valores como la reciprocidad, la relaci\u00f3n, el respeto y el cuidado al otro. Nos desaf\u00edan a tener un cambio de mirada. Pasar de una mirada basada en el ego -donde el ser humano es el centro de la naturaleza-; a una mirada m\u00e1s centrada en que el ser humano es uno m\u00e1s y debe respetar a todas las especies\u201d.<\/p>\n<p>Otro aporte tiene que ver con pr\u00e1cticas sostenibles en el tiempo, \u201cpr\u00e1cticas en el d\u00eda a d\u00eda que nos permitan y nos ayuden a mitigar el impacto del cambio clim\u00e1tico\u201d.<\/p>\n<p>\u201cOtra \u00e1rea importante es la relevancia de dejar una herencia para las futuras generaciones. Para ellos es muy importante registrar y tomar conciencia de que los abuelos, abuelas, ya muchos est\u00e1n falleciendo, est\u00e1n muriendo. Y lo importante que es poder resguardar estos saberes. Los bancos de semillas, los intercambios de semillas, tambi\u00e9n esta relaci\u00f3n de respeto al otro\u201d.<\/p>\n<p>Y resalta frases como esta: \u201cnosotros no podemos explotar el cerro porque para nosotros el cerro est\u00e1 vivo\u201d.<\/p>\n<p>\u201cEntonces muestran un cambio de mirada y de enfoque, desde el respeto y admirar a todos los seres animados e inanimados como seres importantes, donde nadie est\u00e1 sobre otro\u201d, concluye.<\/p>\n<p>Fuente: <a href=\"https:\/\/www.elmostrador.cl\/cultura\/2024\/09\/29\/la-coleccion-de-libros-que-explora-el-vinculo-entre-los-saberes-ancestrales-y-el-cambio-climatico\/\" rel=\"noopener\" target=\"_blank\">El Mostrador<\/a><\/p>\n","protected":false},"excerpt":{"rendered":"<p>Re\u00fane relatos de cultores y cultoras de los pueblos Lickanantay y Quechua. \u201cTienen que ver con la vida, las semillas, la agricultura, el universo\u201d, se\u00f1ala Francisca Cort\u00e9s Solari, presidenta ejecutiva de Fundaci\u00f3n Caserta. La presentaci\u00f3n es el martes en el Museo Precolombino de Santiago. Una colecci\u00f3n de 10 libros sobre\u00a0\u201cSaberes Ancestrales y Cambio Clim\u00e1tico\u201d, lanzar\u00e1&#8230;<\/p>\n","protected":false},"author":1,"featured_media":11895,"comment_status":"closed","ping_status":"closed","sticky":false,"template":"","format":"standard","meta":{"footnotes":""},"categories":[31,7,5],"tags":[],"class_list":["post-11894","post","type-post","status-publish","format-standard","has-post-thumbnail","hentry","category-noticias","category-fundacion-caserta","category-prensa-escrita"],"translation":{"provider":"WPGlobus","version":"3.0.2","language":"en","enabled_languages":["es","en"],"languages":{"es":{"title":true,"content":true,"excerpt":false},"en":{"title":false,"content":false,"excerpt":false}}},"yoast_head":"<!-- This site is optimized with the Yoast SEO plugin v27.4 - https:\/\/yoast.com\/product\/yoast-seo-wordpress\/ -->\n<title>[El Mostrador] La colecci\u00f3n de libros que explora el v\u00ednculo entre los saberes ancestrales y el cambio clim\u00e1tico<\/title>\n<meta name=\"robots\" content=\"index, follow, max-snippet:-1, max-image-preview:large, max-video-preview:-1\" \/>\n<link rel=\"canonical\" href=\"https:\/\/www.filantropiacortessolari.cl\/el-mostrador-la-coleccion-de-libros-que-explora-el-vinculo-entre-los-saberes-ancestrales-y-el-cambio-climatico\/\" \/>\n<meta property=\"og:locale\" content=\"en_US\" \/>\n<meta property=\"og:type\" content=\"article\" \/>\n<meta property=\"og:title\" content=\"[El Mostrador] La colecci\u00f3n de libros que explora el v\u00ednculo entre los saberes ancestrales y el cambio clim\u00e1tico\" \/>\n<meta property=\"og:url\" content=\"https:\/\/www.filantropiacortessolari.cl\/el-mostrador-la-coleccion-de-libros-que-explora-el-vinculo-entre-los-saberes-ancestrales-y-el-cambio-climatico\/\" \/>\n<meta property=\"og:site_name\" content=\"Filantrop\u00eda Cort\u00e9s Solari\" \/>\n<meta property=\"article:published_time\" content=\"2024-09-30T17:56:41+00:00\" \/>\n<meta property=\"article:modified_time\" content=\"2024-09-30T17:57:17+00:00\" \/>\n<meta property=\"og:image\" content=\"https:\/\/www.filantropiacortessolari.cl\/wp-content\/uploads\/2024\/09\/saberes.jpg\" \/>\n\t<meta property=\"og:image:width\" content=\"1280\" \/>\n\t<meta property=\"og:image:height\" content=\"853\" \/>\n\t<meta property=\"og:image:type\" content=\"image\/jpeg\" \/>\n<meta name=\"author\" content=\"Filantrop\u00eda Cort\u00e9s Solari\" \/>\n<meta name=\"twitter:card\" content=\"summary_large_image\" \/>\n<meta name=\"twitter:label1\" content=\"Written by\" \/>\n\t<meta name=\"twitter:data1\" content=\"Filantrop\u00eda Cort\u00e9s Solari\" \/>\n\t<meta name=\"twitter:label2\" content=\"Est. reading time\" \/>\n\t<meta name=\"twitter:data2\" content=\"9 minutes\" \/>\n<script type=\"application\/ld+json\" class=\"yoast-schema-graph\">{\"@context\":\"https:\\\/\\\/schema.org\",\"@graph\":[{\"@type\":\"Article\",\"@id\":\"https:\\\/\\\/www.filantropiacortessolari.cl\\\/el-mostrador-la-coleccion-de-libros-que-explora-el-vinculo-entre-los-saberes-ancestrales-y-el-cambio-climatico\\\/#article\",\"isPartOf\":{\"@id\":\"https:\\\/\\\/www.filantropiacortessolari.cl\\\/el-mostrador-la-coleccion-de-libros-que-explora-el-vinculo-entre-los-saberes-ancestrales-y-el-cambio-climatico\\\/\"},\"author\":{\"name\":\"Filantrop\u00eda Cort\u00e9s Solari\",\"@id\":\"https:\\\/\\\/www.filantropiacortessolari.cl\\\/#\\\/schema\\\/person\\\/e099cf1046922f4f5892172332dc86c0\"},\"headline\":\"[El Mostrador] La colecci\u00f3n de libros que explora el v\u00ednculo entre los saberes ancestrales y el cambio clim\u00e1tico\",\"datePublished\":\"2024-09-30T17:56:41+00:00\",\"dateModified\":\"2024-09-30T17:57:17+00:00\",\"mainEntityOfPage\":{\"@id\":\"https:\\\/\\\/www.filantropiacortessolari.cl\\\/el-mostrador-la-coleccion-de-libros-que-explora-el-vinculo-entre-los-saberes-ancestrales-y-el-cambio-climatico\\\/\"},\"wordCount\":2062,\"image\":{\"@id\":\"https:\\\/\\\/www.filantropiacortessolari.cl\\\/el-mostrador-la-coleccion-de-libros-que-explora-el-vinculo-entre-los-saberes-ancestrales-y-el-cambio-climatico\\\/#primaryimage\"},\"thumbnailUrl\":\"https:\\\/\\\/www.filantropiacortessolari.cl\\\/wp-content\\\/uploads\\\/2024\\\/09\\\/saberes.jpg\",\"articleSection\":[\"Noticias\",\"Prensa Caserta\",\"Prensa Escrita\"],\"inLanguage\":\"en-US\"},{\"@type\":\"WebPage\",\"@id\":\"https:\\\/\\\/www.filantropiacortessolari.cl\\\/el-mostrador-la-coleccion-de-libros-que-explora-el-vinculo-entre-los-saberes-ancestrales-y-el-cambio-climatico\\\/\",\"url\":\"https:\\\/\\\/www.filantropiacortessolari.cl\\\/el-mostrador-la-coleccion-de-libros-que-explora-el-vinculo-entre-los-saberes-ancestrales-y-el-cambio-climatico\\\/\",\"name\":\"[El Mostrador] La colecci\u00f3n de libros que explora el v\u00ednculo entre los saberes ancestrales y el cambio clim\u00e1tico\",\"isPartOf\":{\"@id\":\"https:\\\/\\\/www.filantropiacortessolari.cl\\\/#website\"},\"primaryImageOfPage\":{\"@id\":\"https:\\\/\\\/www.filantropiacortessolari.cl\\\/el-mostrador-la-coleccion-de-libros-que-explora-el-vinculo-entre-los-saberes-ancestrales-y-el-cambio-climatico\\\/#primaryimage\"},\"image\":{\"@id\":\"https:\\\/\\\/www.filantropiacortessolari.cl\\\/el-mostrador-la-coleccion-de-libros-que-explora-el-vinculo-entre-los-saberes-ancestrales-y-el-cambio-climatico\\\/#primaryimage\"},\"thumbnailUrl\":\"https:\\\/\\\/www.filantropiacortessolari.cl\\\/wp-content\\\/uploads\\\/2024\\\/09\\\/saberes.jpg\",\"datePublished\":\"2024-09-30T17:56:41+00:00\",\"dateModified\":\"2024-09-30T17:57:17+00:00\",\"author\":{\"@id\":\"https:\\\/\\\/www.filantropiacortessolari.cl\\\/#\\\/schema\\\/person\\\/e099cf1046922f4f5892172332dc86c0\"},\"breadcrumb\":{\"@id\":\"https:\\\/\\\/www.filantropiacortessolari.cl\\\/el-mostrador-la-coleccion-de-libros-que-explora-el-vinculo-entre-los-saberes-ancestrales-y-el-cambio-climatico\\\/#breadcrumb\"},\"inLanguage\":\"en-US\",\"potentialAction\":[{\"@type\":\"ReadAction\",\"target\":[\"https:\\\/\\\/www.filantropiacortessolari.cl\\\/el-mostrador-la-coleccion-de-libros-que-explora-el-vinculo-entre-los-saberes-ancestrales-y-el-cambio-climatico\\\/\"]}]},{\"@type\":\"ImageObject\",\"inLanguage\":\"en-US\",\"@id\":\"https:\\\/\\\/www.filantropiacortessolari.cl\\\/el-mostrador-la-coleccion-de-libros-que-explora-el-vinculo-entre-los-saberes-ancestrales-y-el-cambio-climatico\\\/#primaryimage\",\"url\":\"https:\\\/\\\/www.filantropiacortessolari.cl\\\/wp-content\\\/uploads\\\/2024\\\/09\\\/saberes.jpg\",\"contentUrl\":\"https:\\\/\\\/www.filantropiacortessolari.cl\\\/wp-content\\\/uploads\\\/2024\\\/09\\\/saberes.jpg\",\"width\":1280,\"height\":853},{\"@type\":\"BreadcrumbList\",\"@id\":\"https:\\\/\\\/www.filantropiacortessolari.cl\\\/el-mostrador-la-coleccion-de-libros-que-explora-el-vinculo-entre-los-saberes-ancestrales-y-el-cambio-climatico\\\/#breadcrumb\",\"itemListElement\":[{\"@type\":\"ListItem\",\"position\":1,\"name\":\"Portada\",\"item\":\"https:\\\/\\\/www.filantropiacortessolari.cl\\\/\"},{\"@type\":\"ListItem\",\"position\":2,\"name\":\"[El Mostrador] La colecci\u00f3n de libros que explora el v\u00ednculo entre los saberes ancestrales y el cambio clim\u00e1tico\"}]},{\"@type\":\"WebSite\",\"@id\":\"https:\\\/\\\/www.filantropiacortessolari.cl\\\/#website\",\"url\":\"https:\\\/\\\/www.filantropiacortessolari.cl\\\/\",\"name\":\"Filantrop\u00eda Cort\u00e9s Solari\",\"description\":\"Sitio web Filantrop\u00eda Cort\u00e9s Solari\",\"potentialAction\":[{\"@type\":\"SearchAction\",\"target\":{\"@type\":\"EntryPoint\",\"urlTemplate\":\"https:\\\/\\\/www.filantropiacortessolari.cl\\\/?s={search_term_string}\"},\"query-input\":{\"@type\":\"PropertyValueSpecification\",\"valueRequired\":true,\"valueName\":\"search_term_string\"}}],\"inLanguage\":\"en-US\"},{\"@type\":\"Person\",\"@id\":\"https:\\\/\\\/www.filantropiacortessolari.cl\\\/#\\\/schema\\\/person\\\/e099cf1046922f4f5892172332dc86c0\",\"name\":\"Filantrop\u00eda Cort\u00e9s Solari\",\"image\":{\"@type\":\"ImageObject\",\"inLanguage\":\"en-US\",\"@id\":\"https:\\\/\\\/secure.gravatar.com\\\/avatar\\\/9d17bfe24074ed7576e70cbeb8e010cdd7d01fae9f2047bd96cccbe629ec3c11?s=96&d=mm&r=g\",\"url\":\"https:\\\/\\\/secure.gravatar.com\\\/avatar\\\/9d17bfe24074ed7576e70cbeb8e010cdd7d01fae9f2047bd96cccbe629ec3c11?s=96&d=mm&r=g\",\"contentUrl\":\"https:\\\/\\\/secure.gravatar.com\\\/avatar\\\/9d17bfe24074ed7576e70cbeb8e010cdd7d01fae9f2047bd96cccbe629ec3c11?s=96&d=mm&r=g\",\"caption\":\"Filantrop\u00eda Cort\u00e9s Solari\"},\"url\":\"https:\\\/\\\/www.filantropiacortessolari.cl\\\/en\\\/author\\\/filantropia-cortes-solari\\\/\"}]}<\/script>\n<!-- \/ Yoast SEO plugin. -->","yoast_head_json":{"title":"[El Mostrador] La colecci\u00f3n de libros que explora el v\u00ednculo entre los saberes ancestrales y el cambio clim\u00e1tico","robots":{"index":"index","follow":"follow","max-snippet":"max-snippet:-1","max-image-preview":"max-image-preview:large","max-video-preview":"max-video-preview:-1"},"canonical":"https:\/\/www.filantropiacortessolari.cl\/el-mostrador-la-coleccion-de-libros-que-explora-el-vinculo-entre-los-saberes-ancestrales-y-el-cambio-climatico\/","og_locale":"en_US","og_type":"article","og_title":"[El Mostrador] La colecci\u00f3n de libros que explora el v\u00ednculo entre los saberes ancestrales y el cambio clim\u00e1tico","og_url":"https:\/\/www.filantropiacortessolari.cl\/el-mostrador-la-coleccion-de-libros-que-explora-el-vinculo-entre-los-saberes-ancestrales-y-el-cambio-climatico\/","og_site_name":"Filantrop\u00eda Cort\u00e9s Solari","article_published_time":"2024-09-30T17:56:41+00:00","article_modified_time":"2024-09-30T17:57:17+00:00","og_image":[{"width":1280,"height":853,"url":"https:\/\/www.filantropiacortessolari.cl\/wp-content\/uploads\/2024\/09\/saberes.jpg","type":"image\/jpeg"}],"author":"Filantrop\u00eda Cort\u00e9s Solari","twitter_card":"summary_large_image","twitter_misc":{"Written by":"Filantrop\u00eda Cort\u00e9s Solari","Est. reading time":"9 minutes"},"schema":{"@context":"https:\/\/schema.org","@graph":[{"@type":"Article","@id":"https:\/\/www.filantropiacortessolari.cl\/el-mostrador-la-coleccion-de-libros-que-explora-el-vinculo-entre-los-saberes-ancestrales-y-el-cambio-climatico\/#article","isPartOf":{"@id":"https:\/\/www.filantropiacortessolari.cl\/el-mostrador-la-coleccion-de-libros-que-explora-el-vinculo-entre-los-saberes-ancestrales-y-el-cambio-climatico\/"},"author":{"name":"Filantrop\u00eda Cort\u00e9s Solari","@id":"https:\/\/www.filantropiacortessolari.cl\/#\/schema\/person\/e099cf1046922f4f5892172332dc86c0"},"headline":"[El Mostrador] La colecci\u00f3n de libros que explora el v\u00ednculo entre los saberes ancestrales y el cambio clim\u00e1tico","datePublished":"2024-09-30T17:56:41+00:00","dateModified":"2024-09-30T17:57:17+00:00","mainEntityOfPage":{"@id":"https:\/\/www.filantropiacortessolari.cl\/el-mostrador-la-coleccion-de-libros-que-explora-el-vinculo-entre-los-saberes-ancestrales-y-el-cambio-climatico\/"},"wordCount":2062,"image":{"@id":"https:\/\/www.filantropiacortessolari.cl\/el-mostrador-la-coleccion-de-libros-que-explora-el-vinculo-entre-los-saberes-ancestrales-y-el-cambio-climatico\/#primaryimage"},"thumbnailUrl":"https:\/\/www.filantropiacortessolari.cl\/wp-content\/uploads\/2024\/09\/saberes.jpg","articleSection":["Noticias","Prensa Caserta","Prensa Escrita"],"inLanguage":"en-US"},{"@type":"WebPage","@id":"https:\/\/www.filantropiacortessolari.cl\/el-mostrador-la-coleccion-de-libros-que-explora-el-vinculo-entre-los-saberes-ancestrales-y-el-cambio-climatico\/","url":"https:\/\/www.filantropiacortessolari.cl\/el-mostrador-la-coleccion-de-libros-que-explora-el-vinculo-entre-los-saberes-ancestrales-y-el-cambio-climatico\/","name":"[El Mostrador] La colecci\u00f3n de libros que explora el v\u00ednculo entre los saberes ancestrales y el cambio clim\u00e1tico","isPartOf":{"@id":"https:\/\/www.filantropiacortessolari.cl\/#website"},"primaryImageOfPage":{"@id":"https:\/\/www.filantropiacortessolari.cl\/el-mostrador-la-coleccion-de-libros-que-explora-el-vinculo-entre-los-saberes-ancestrales-y-el-cambio-climatico\/#primaryimage"},"image":{"@id":"https:\/\/www.filantropiacortessolari.cl\/el-mostrador-la-coleccion-de-libros-que-explora-el-vinculo-entre-los-saberes-ancestrales-y-el-cambio-climatico\/#primaryimage"},"thumbnailUrl":"https:\/\/www.filantropiacortessolari.cl\/wp-content\/uploads\/2024\/09\/saberes.jpg","datePublished":"2024-09-30T17:56:41+00:00","dateModified":"2024-09-30T17:57:17+00:00","author":{"@id":"https:\/\/www.filantropiacortessolari.cl\/#\/schema\/person\/e099cf1046922f4f5892172332dc86c0"},"breadcrumb":{"@id":"https:\/\/www.filantropiacortessolari.cl\/el-mostrador-la-coleccion-de-libros-que-explora-el-vinculo-entre-los-saberes-ancestrales-y-el-cambio-climatico\/#breadcrumb"},"inLanguage":"en-US","potentialAction":[{"@type":"ReadAction","target":["https:\/\/www.filantropiacortessolari.cl\/el-mostrador-la-coleccion-de-libros-que-explora-el-vinculo-entre-los-saberes-ancestrales-y-el-cambio-climatico\/"]}]},{"@type":"ImageObject","inLanguage":"en-US","@id":"https:\/\/www.filantropiacortessolari.cl\/el-mostrador-la-coleccion-de-libros-que-explora-el-vinculo-entre-los-saberes-ancestrales-y-el-cambio-climatico\/#primaryimage","url":"https:\/\/www.filantropiacortessolari.cl\/wp-content\/uploads\/2024\/09\/saberes.jpg","contentUrl":"https:\/\/www.filantropiacortessolari.cl\/wp-content\/uploads\/2024\/09\/saberes.jpg","width":1280,"height":853},{"@type":"BreadcrumbList","@id":"https:\/\/www.filantropiacortessolari.cl\/el-mostrador-la-coleccion-de-libros-que-explora-el-vinculo-entre-los-saberes-ancestrales-y-el-cambio-climatico\/#breadcrumb","itemListElement":[{"@type":"ListItem","position":1,"name":"Portada","item":"https:\/\/www.filantropiacortessolari.cl\/"},{"@type":"ListItem","position":2,"name":"[El Mostrador] La colecci\u00f3n de libros que explora el v\u00ednculo entre los saberes ancestrales y el cambio clim\u00e1tico"}]},{"@type":"WebSite","@id":"https:\/\/www.filantropiacortessolari.cl\/#website","url":"https:\/\/www.filantropiacortessolari.cl\/","name":"Filantrop\u00eda Cort\u00e9s Solari","description":"Sitio web Filantrop\u00eda Cort\u00e9s Solari","potentialAction":[{"@type":"SearchAction","target":{"@type":"EntryPoint","urlTemplate":"https:\/\/www.filantropiacortessolari.cl\/?s={search_term_string}"},"query-input":{"@type":"PropertyValueSpecification","valueRequired":true,"valueName":"search_term_string"}}],"inLanguage":"en-US"},{"@type":"Person","@id":"https:\/\/www.filantropiacortessolari.cl\/#\/schema\/person\/e099cf1046922f4f5892172332dc86c0","name":"Filantrop\u00eda Cort\u00e9s Solari","image":{"@type":"ImageObject","inLanguage":"en-US","@id":"https:\/\/secure.gravatar.com\/avatar\/9d17bfe24074ed7576e70cbeb8e010cdd7d01fae9f2047bd96cccbe629ec3c11?s=96&d=mm&r=g","url":"https:\/\/secure.gravatar.com\/avatar\/9d17bfe24074ed7576e70cbeb8e010cdd7d01fae9f2047bd96cccbe629ec3c11?s=96&d=mm&r=g","contentUrl":"https:\/\/secure.gravatar.com\/avatar\/9d17bfe24074ed7576e70cbeb8e010cdd7d01fae9f2047bd96cccbe629ec3c11?s=96&d=mm&r=g","caption":"Filantrop\u00eda Cort\u00e9s Solari"},"url":"https:\/\/www.filantropiacortessolari.cl\/en\/author\/filantropia-cortes-solari\/"}]}},"_links":{"self":[{"href":"https:\/\/www.filantropiacortessolari.cl\/en\/wp-json\/wp\/v2\/posts\/11894","targetHints":{"allow":["GET"]}}],"collection":[{"href":"https:\/\/www.filantropiacortessolari.cl\/en\/wp-json\/wp\/v2\/posts"}],"about":[{"href":"https:\/\/www.filantropiacortessolari.cl\/en\/wp-json\/wp\/v2\/types\/post"}],"author":[{"embeddable":true,"href":"https:\/\/www.filantropiacortessolari.cl\/en\/wp-json\/wp\/v2\/users\/1"}],"replies":[{"embeddable":true,"href":"https:\/\/www.filantropiacortessolari.cl\/en\/wp-json\/wp\/v2\/comments?post=11894"}],"version-history":[{"count":1,"href":"https:\/\/www.filantropiacortessolari.cl\/en\/wp-json\/wp\/v2\/posts\/11894\/revisions"}],"predecessor-version":[{"id":11896,"href":"https:\/\/www.filantropiacortessolari.cl\/en\/wp-json\/wp\/v2\/posts\/11894\/revisions\/11896"}],"wp:featuredmedia":[{"embeddable":true,"href":"https:\/\/www.filantropiacortessolari.cl\/en\/wp-json\/wp\/v2\/media\/11895"}],"wp:attachment":[{"href":"https:\/\/www.filantropiacortessolari.cl\/en\/wp-json\/wp\/v2\/media?parent=11894"}],"wp:term":[{"taxonomy":"category","embeddable":true,"href":"https:\/\/www.filantropiacortessolari.cl\/en\/wp-json\/wp\/v2\/categories?post=11894"},{"taxonomy":"post_tag","embeddable":true,"href":"https:\/\/www.filantropiacortessolari.cl\/en\/wp-json\/wp\/v2\/tags?post=11894"}],"curies":[{"name":"wp","href":"https:\/\/api.w.org\/{rel}","templated":true}]}}