{"id":11897,"date":"2024-10-04T19:38:45","date_gmt":"2024-10-04T22:38:45","guid":{"rendered":"https:\/\/www.filantropiacortessolari.cl\/?p=11897"},"modified":"2024-10-04T19:39:42","modified_gmt":"2024-10-04T22:39:42","slug":"la-tercera-anemonas-corales-y-ofiuros-increibles-fotos-muestran-como-es-la-vida-en-el-fondo-marino-de-la-patagonia","status":"publish","type":"post","link":"https:\/\/www.filantropiacortessolari.cl\/en\/la-tercera-anemonas-corales-y-ofiuros-increibles-fotos-muestran-como-es-la-vida-en-el-fondo-marino-de-la-patagonia\/","title":{"rendered":"[La Tercera] An\u00e9monas, corales y ofiuros: incre\u00edbles fotos muestran c\u00f3mo es la vida en el fondo marino de la Patagonia"},"content":{"rendered":"<style type=\"text\/css\"><\/style><p>Trabajo de Filantrop\u00eda Cort\u00e9s Solari, Fundaci\u00f3n Meri, y el buzo y fot\u00f3grafo Eduardo Sorensen, muestra las profundidades en la Reserva Elemental Melimoyu.<\/p>\n<p>M\u00e1s de 40 fotograf\u00edas tiene la exposici\u00f3n \u201cChile, voces de la Patagonia\u201d, la que se inaugurar\u00e1 este s\u00e1bado en el Museo Regional de Ays\u00e9n, evento que se realiza en el contexto del Festival de la Ciencia.<\/p>\n<p>La muestra contempla maravillosas im\u00e1genes de especies del fondo del mar registradas por el buzo y fot\u00f3grafo Eduardo Sorensen.<\/p>\n<p>La exposici\u00f3n de Sorensen es parte de un proyecto llevado adelante por Filantrop\u00eda Cort\u00e9s Solari y Fundaci\u00f3n MERI, los que se propusieron hace cinco a\u00f1os realizar un catastro fotogr\u00e1fico-cient\u00edfico, el que revela biodiversidad \u00fanica que es parte los mares de la Patagonia Norte de Chile, material valioso en el contexto de las amenazas que viven los oc\u00e9anos.<\/p>\n<h2>Incre\u00edbles im\u00e1genes muestran c\u00f3mo es la vida en el fondo marino en la Patagonia<\/h2>\n<figure id=\"attachment_11898\" aria-describedby=\"caption-attachment-11898\" style=\"width: 790px\" class=\"wp-caption aligncenter\"><img loading=\"lazy\" decoding=\"async\" src=\"https:\/\/www.filantropiacortessolari.cl\/wp-content\/uploads\/2024\/10\/RUX4LZBR6NFYNDD3ZADUQOKFGQ.avif\" alt=\"\" width=\"790\" height=\"527\" class=\"size-full wp-image-11898\" srcset=\"https:\/\/www.filantropiacortessolari.cl\/wp-content\/uploads\/2024\/10\/RUX4LZBR6NFYNDD3ZADUQOKFGQ.avif 790w, https:\/\/www.filantropiacortessolari.cl\/wp-content\/uploads\/2024\/10\/RUX4LZBR6NFYNDD3ZADUQOKFGQ-300x200.avif 300w, https:\/\/www.filantropiacortessolari.cl\/wp-content\/uploads\/2024\/10\/RUX4LZBR6NFYNDD3ZADUQOKFGQ-768x512.avif 768w, https:\/\/www.filantropiacortessolari.cl\/wp-content\/uploads\/2024\/10\/RUX4LZBR6NFYNDD3ZADUQOKFGQ-580x387.avif 580w\" sizes=\"auto, (max-width: 790px) 100vw, 790px\" \/><figcaption id=\"caption-attachment-11898\" class=\"wp-caption-text\">Estrella y erizo (Odontaster penicillatus y Abrasia dufresnii).<br \/><\/figcaption><\/figure>\n<p>El trabajo de Sorensen en alianza con Filantrop\u00eda Cort\u00e9s Solari, fue realizado en las aguas marinas que rodean la Reserva Elemental Melimoyu, uno de los laboratorios naturales para la conservaci\u00f3n efectiva. Se trata de un ecosistema \u00fanico por su belleza y relevancia.<\/p>\n<figure id=\"attachment_11900\" aria-describedby=\"caption-attachment-11900\" style=\"width: 790px\" class=\"wp-caption aligncenter\"><img loading=\"lazy\" decoding=\"async\" src=\"https:\/\/www.filantropiacortessolari.cl\/wp-content\/uploads\/2024\/10\/WHSV6ZGLIRFKLB5HAZQAWWJSBI.avif\" alt=\"\" width=\"790\" height=\"525\" class=\"size-full wp-image-11900\" srcset=\"https:\/\/www.filantropiacortessolari.cl\/wp-content\/uploads\/2024\/10\/WHSV6ZGLIRFKLB5HAZQAWWJSBI.avif 790w, https:\/\/www.filantropiacortessolari.cl\/wp-content\/uploads\/2024\/10\/WHSV6ZGLIRFKLB5HAZQAWWJSBI-300x199.avif 300w, https:\/\/www.filantropiacortessolari.cl\/wp-content\/uploads\/2024\/10\/WHSV6ZGLIRFKLB5HAZQAWWJSBI-768x510.avif 768w, https:\/\/www.filantropiacortessolari.cl\/wp-content\/uploads\/2024\/10\/WHSV6ZGLIRFKLB5HAZQAWWJSBI-580x385.avif 580w\" sizes=\"auto, (max-width: 790px) 100vw, 790px\" \/><figcaption id=\"caption-attachment-11900\" class=\"wp-caption-text\">Ofiuro blanco (Astrotoma agassizii).<br \/><\/figcaption><\/figure>\n<h2>Incre\u00edbles im\u00e1genes muestran c\u00f3mo es la vida en el fondo marino<\/h2>\n<p>Entre las especies fotografiadas destacan estrellas de mar, erizos, plumas de mar, an\u00e9monas y corales.<\/p>\n<figure id=\"attachment_11901\" aria-describedby=\"caption-attachment-11901\" style=\"width: 790px\" class=\"wp-caption aligncenter\"><img loading=\"lazy\" decoding=\"async\" src=\"https:\/\/www.filantropiacortessolari.cl\/wp-content\/uploads\/2024\/10\/QHX52QNUAZCCZO2JK4Q6VNBWLA.avif\" alt=\"\" width=\"790\" height=\"527\" class=\"size-full wp-image-11901\" srcset=\"https:\/\/www.filantropiacortessolari.cl\/wp-content\/uploads\/2024\/10\/QHX52QNUAZCCZO2JK4Q6VNBWLA.avif 790w, https:\/\/www.filantropiacortessolari.cl\/wp-content\/uploads\/2024\/10\/QHX52QNUAZCCZO2JK4Q6VNBWLA-300x200.avif 300w, https:\/\/www.filantropiacortessolari.cl\/wp-content\/uploads\/2024\/10\/QHX52QNUAZCCZO2JK4Q6VNBWLA-768x512.avif 768w, https:\/\/www.filantropiacortessolari.cl\/wp-content\/uploads\/2024\/10\/QHX52QNUAZCCZO2JK4Q6VNBWLA-580x387.avif 580w\" sizes=\"auto, (max-width: 790px) 100vw, 790px\" \/><figcaption id=\"caption-attachment-11901\" class=\"wp-caption-text\">An\u00e9mona no retr\u00e1ctil (BoloceraBoloceropsis sp).<br \/><\/figcaption><\/figure>\n<p>Sobre la exposici\u00f3n, Francisca Cort\u00e9s Solari, presidenta de la Filantrop\u00eda Cort\u00e9s Solari, se\u00f1ala que \u201cdar a conocer la Patagonia al mundo a trav\u00e9s del arte de Eduardo Sorensen, es poner el foco de atenci\u00f3n en aquel ecosistema y patrimonio de la humanidad que no somos capaces de ver y que, sin embargo, constituye el origen de la vida que nos rodea\u201d.<\/p>\n<figure id=\"attachment_11902\" aria-describedby=\"caption-attachment-11902\" style=\"width: 790px\" class=\"wp-caption aligncenter\"><img loading=\"lazy\" decoding=\"async\" src=\"https:\/\/www.filantropiacortessolari.cl\/wp-content\/uploads\/2024\/10\/Y3FPQZC65VBPNHV7ZTEJFVDTII.avif\" alt=\"\" width=\"790\" height=\"527\" class=\"size-full wp-image-11902\" srcset=\"https:\/\/www.filantropiacortessolari.cl\/wp-content\/uploads\/2024\/10\/Y3FPQZC65VBPNHV7ZTEJFVDTII.avif 790w, https:\/\/www.filantropiacortessolari.cl\/wp-content\/uploads\/2024\/10\/Y3FPQZC65VBPNHV7ZTEJFVDTII-300x200.avif 300w, https:\/\/www.filantropiacortessolari.cl\/wp-content\/uploads\/2024\/10\/Y3FPQZC65VBPNHV7ZTEJFVDTII-768x512.avif 768w, https:\/\/www.filantropiacortessolari.cl\/wp-content\/uploads\/2024\/10\/Y3FPQZC65VBPNHV7ZTEJFVDTII-580x387.avif 580w\" sizes=\"auto, (max-width: 790px) 100vw, 790px\" \/><figcaption id=\"caption-attachment-11902\" class=\"wp-caption-text\">Hidrocoral rojo (Errina antarctica).<br \/><\/figcaption><\/figure>\n<p>Fuente: <a href=\"https:\/\/www.latercera.com\/que-pasa\/noticia\/anemonas-corales-y-ofiuros-increibles-fotos-muestran-como-es-la-vida-en-el-fondo-marino-de-la-patagonia\/YBJI23AVIFBAHALUNFQQEEXWBI\/#\" rel=\"noopener\" target=\"_blank\">La Tercera<\/a><\/p>\n","protected":false},"excerpt":{"rendered":"<p>Trabajo de Filantrop\u00eda Cort\u00e9s Solari, Fundaci\u00f3n Meri, y el buzo y fot\u00f3grafo Eduardo Sorensen, muestra las profundidades en la Reserva Elemental Melimoyu. M\u00e1s de 40 fotograf\u00edas tiene la exposici\u00f3n \u201cChile, voces de la Patagonia\u201d, la que se inaugurar\u00e1 este s\u00e1bado en el Museo Regional de Ays\u00e9n, evento que se realiza en el contexto del Festival&#8230;<\/p>\n","protected":false},"author":1,"featured_media":11903,"comment_status":"closed","ping_status":"closed","sticky":false,"template":"","format":"standard","meta":{"footnotes":""},"categories":[31,5,6],"tags":[],"class_list":["post-11897","post","type-post","status-publish","format-standard","has-post-thumbnail","hentry","category-noticias","category-prensa-escrita","category-fundacion-meri"],"translation":{"provider":"WPGlobus","version":"3.0.2","language":"en","enabled_languages":["es","en"],"languages":{"es":{"title":true,"content":true,"excerpt":false},"en":{"title":false,"content":false,"excerpt":false}}},"yoast_head":"<!-- This site is optimized with the Yoast SEO plugin v27.4 - https:\/\/yoast.com\/product\/yoast-seo-wordpress\/ -->\n<title>[La Tercera] An\u00e9monas, corales y ofiuros: incre\u00edbles fotos muestran c\u00f3mo es la vida en el fondo marino de la Patagonia<\/title>\n<meta name=\"robots\" content=\"index, follow, max-snippet:-1, max-image-preview:large, max-video-preview:-1\" \/>\n<link rel=\"canonical\" href=\"https:\/\/www.filantropiacortessolari.cl\/la-tercera-anemonas-corales-y-ofiuros-increibles-fotos-muestran-como-es-la-vida-en-el-fondo-marino-de-la-patagonia\/\" \/>\n<meta property=\"og:locale\" content=\"en_US\" \/>\n<meta property=\"og:type\" content=\"article\" \/>\n<meta property=\"og:title\" content=\"[La Tercera] An\u00e9monas, corales y ofiuros: incre\u00edbles fotos muestran c\u00f3mo es la vida en el fondo marino de la Patagonia\" \/>\n<meta property=\"og:url\" content=\"https:\/\/www.filantropiacortessolari.cl\/la-tercera-anemonas-corales-y-ofiuros-increibles-fotos-muestran-como-es-la-vida-en-el-fondo-marino-de-la-patagonia\/\" \/>\n<meta property=\"og:site_name\" content=\"Filantrop\u00eda Cort\u00e9s Solari\" \/>\n<meta property=\"article:published_time\" content=\"2024-10-04T22:38:45+00:00\" \/>\n<meta property=\"article:modified_time\" content=\"2024-10-04T22:39:42+00:00\" \/>\n<meta property=\"og:image\" content=\"https:\/\/www.filantropiacortessolari.cl\/wp-content\/uploads\/2024\/10\/1.jpg\" \/>\n\t<meta property=\"og:image:width\" content=\"1280\" \/>\n\t<meta property=\"og:image:height\" content=\"853\" \/>\n\t<meta property=\"og:image:type\" content=\"image\/jpeg\" \/>\n<meta name=\"author\" content=\"Filantrop\u00eda Cort\u00e9s Solari\" \/>\n<meta name=\"twitter:card\" content=\"summary_large_image\" \/>\n<meta name=\"twitter:label1\" content=\"Written by\" \/>\n\t<meta name=\"twitter:data1\" content=\"Filantrop\u00eda Cort\u00e9s Solari\" \/>\n\t<meta name=\"twitter:label2\" content=\"Est. reading time\" \/>\n\t<meta name=\"twitter:data2\" content=\"3 minutes\" \/>\n<script type=\"application\/ld+json\" class=\"yoast-schema-graph\">{\"@context\":\"https:\\\/\\\/schema.org\",\"@graph\":[{\"@type\":\"Article\",\"@id\":\"https:\\\/\\\/www.filantropiacortessolari.cl\\\/la-tercera-anemonas-corales-y-ofiuros-increibles-fotos-muestran-como-es-la-vida-en-el-fondo-marino-de-la-patagonia\\\/#article\",\"isPartOf\":{\"@id\":\"https:\\\/\\\/www.filantropiacortessolari.cl\\\/la-tercera-anemonas-corales-y-ofiuros-increibles-fotos-muestran-como-es-la-vida-en-el-fondo-marino-de-la-patagonia\\\/\"},\"author\":{\"name\":\"Filantrop\u00eda Cort\u00e9s Solari\",\"@id\":\"https:\\\/\\\/www.filantropiacortessolari.cl\\\/#\\\/schema\\\/person\\\/e099cf1046922f4f5892172332dc86c0\"},\"headline\":\"[La Tercera] An\u00e9monas, corales y ofiuros: incre\u00edbles fotos muestran c\u00f3mo es la vida en el fondo marino de la Patagonia\",\"datePublished\":\"2024-10-04T22:38:45+00:00\",\"dateModified\":\"2024-10-04T22:39:42+00:00\",\"mainEntityOfPage\":{\"@id\":\"https:\\\/\\\/www.filantropiacortessolari.cl\\\/la-tercera-anemonas-corales-y-ofiuros-increibles-fotos-muestran-como-es-la-vida-en-el-fondo-marino-de-la-patagonia\\\/\"},\"wordCount\":389,\"image\":{\"@id\":\"https:\\\/\\\/www.filantropiacortessolari.cl\\\/la-tercera-anemonas-corales-y-ofiuros-increibles-fotos-muestran-como-es-la-vida-en-el-fondo-marino-de-la-patagonia\\\/#primaryimage\"},\"thumbnailUrl\":\"https:\\\/\\\/www.filantropiacortessolari.cl\\\/wp-content\\\/uploads\\\/2024\\\/10\\\/1.jpg\",\"articleSection\":[\"Noticias\",\"Prensa Escrita\",\"Prensa MERI\"],\"inLanguage\":\"en-US\"},{\"@type\":\"WebPage\",\"@id\":\"https:\\\/\\\/www.filantropiacortessolari.cl\\\/la-tercera-anemonas-corales-y-ofiuros-increibles-fotos-muestran-como-es-la-vida-en-el-fondo-marino-de-la-patagonia\\\/\",\"url\":\"https:\\\/\\\/www.filantropiacortessolari.cl\\\/la-tercera-anemonas-corales-y-ofiuros-increibles-fotos-muestran-como-es-la-vida-en-el-fondo-marino-de-la-patagonia\\\/\",\"name\":\"[La Tercera] An\u00e9monas, corales y ofiuros: incre\u00edbles fotos muestran c\u00f3mo es la vida en el fondo marino de la Patagonia\",\"isPartOf\":{\"@id\":\"https:\\\/\\\/www.filantropiacortessolari.cl\\\/#website\"},\"primaryImageOfPage\":{\"@id\":\"https:\\\/\\\/www.filantropiacortessolari.cl\\\/la-tercera-anemonas-corales-y-ofiuros-increibles-fotos-muestran-como-es-la-vida-en-el-fondo-marino-de-la-patagonia\\\/#primaryimage\"},\"image\":{\"@id\":\"https:\\\/\\\/www.filantropiacortessolari.cl\\\/la-tercera-anemonas-corales-y-ofiuros-increibles-fotos-muestran-como-es-la-vida-en-el-fondo-marino-de-la-patagonia\\\/#primaryimage\"},\"thumbnailUrl\":\"https:\\\/\\\/www.filantropiacortessolari.cl\\\/wp-content\\\/uploads\\\/2024\\\/10\\\/1.jpg\",\"datePublished\":\"2024-10-04T22:38:45+00:00\",\"dateModified\":\"2024-10-04T22:39:42+00:00\",\"author\":{\"@id\":\"https:\\\/\\\/www.filantropiacortessolari.cl\\\/#\\\/schema\\\/person\\\/e099cf1046922f4f5892172332dc86c0\"},\"breadcrumb\":{\"@id\":\"https:\\\/\\\/www.filantropiacortessolari.cl\\\/la-tercera-anemonas-corales-y-ofiuros-increibles-fotos-muestran-como-es-la-vida-en-el-fondo-marino-de-la-patagonia\\\/#breadcrumb\"},\"inLanguage\":\"en-US\",\"potentialAction\":[{\"@type\":\"ReadAction\",\"target\":[\"https:\\\/\\\/www.filantropiacortessolari.cl\\\/la-tercera-anemonas-corales-y-ofiuros-increibles-fotos-muestran-como-es-la-vida-en-el-fondo-marino-de-la-patagonia\\\/\"]}]},{\"@type\":\"ImageObject\",\"inLanguage\":\"en-US\",\"@id\":\"https:\\\/\\\/www.filantropiacortessolari.cl\\\/la-tercera-anemonas-corales-y-ofiuros-increibles-fotos-muestran-como-es-la-vida-en-el-fondo-marino-de-la-patagonia\\\/#primaryimage\",\"url\":\"https:\\\/\\\/www.filantropiacortessolari.cl\\\/wp-content\\\/uploads\\\/2024\\\/10\\\/1.jpg\",\"contentUrl\":\"https:\\\/\\\/www.filantropiacortessolari.cl\\\/wp-content\\\/uploads\\\/2024\\\/10\\\/1.jpg\",\"width\":1280,\"height\":853},{\"@type\":\"BreadcrumbList\",\"@id\":\"https:\\\/\\\/www.filantropiacortessolari.cl\\\/la-tercera-anemonas-corales-y-ofiuros-increibles-fotos-muestran-como-es-la-vida-en-el-fondo-marino-de-la-patagonia\\\/#breadcrumb\",\"itemListElement\":[{\"@type\":\"ListItem\",\"position\":1,\"name\":\"Portada\",\"item\":\"https:\\\/\\\/www.filantropiacortessolari.cl\\\/\"},{\"@type\":\"ListItem\",\"position\":2,\"name\":\"[La Tercera] An\u00e9monas, corales y ofiuros: incre\u00edbles fotos muestran c\u00f3mo es la vida en el fondo marino de la Patagonia\"}]},{\"@type\":\"WebSite\",\"@id\":\"https:\\\/\\\/www.filantropiacortessolari.cl\\\/#website\",\"url\":\"https:\\\/\\\/www.filantropiacortessolari.cl\\\/\",\"name\":\"Filantrop\u00eda Cort\u00e9s Solari\",\"description\":\"Sitio web Filantrop\u00eda Cort\u00e9s Solari\",\"potentialAction\":[{\"@type\":\"SearchAction\",\"target\":{\"@type\":\"EntryPoint\",\"urlTemplate\":\"https:\\\/\\\/www.filantropiacortessolari.cl\\\/?s={search_term_string}\"},\"query-input\":{\"@type\":\"PropertyValueSpecification\",\"valueRequired\":true,\"valueName\":\"search_term_string\"}}],\"inLanguage\":\"en-US\"},{\"@type\":\"Person\",\"@id\":\"https:\\\/\\\/www.filantropiacortessolari.cl\\\/#\\\/schema\\\/person\\\/e099cf1046922f4f5892172332dc86c0\",\"name\":\"Filantrop\u00eda Cort\u00e9s Solari\",\"image\":{\"@type\":\"ImageObject\",\"inLanguage\":\"en-US\",\"@id\":\"https:\\\/\\\/secure.gravatar.com\\\/avatar\\\/9d17bfe24074ed7576e70cbeb8e010cdd7d01fae9f2047bd96cccbe629ec3c11?s=96&d=mm&r=g\",\"url\":\"https:\\\/\\\/secure.gravatar.com\\\/avatar\\\/9d17bfe24074ed7576e70cbeb8e010cdd7d01fae9f2047bd96cccbe629ec3c11?s=96&d=mm&r=g\",\"contentUrl\":\"https:\\\/\\\/secure.gravatar.com\\\/avatar\\\/9d17bfe24074ed7576e70cbeb8e010cdd7d01fae9f2047bd96cccbe629ec3c11?s=96&d=mm&r=g\",\"caption\":\"Filantrop\u00eda Cort\u00e9s Solari\"},\"url\":\"https:\\\/\\\/www.filantropiacortessolari.cl\\\/en\\\/author\\\/filantropia-cortes-solari\\\/\"}]}<\/script>\n<!-- \/ Yoast SEO plugin. -->","yoast_head_json":{"title":"[La Tercera] An\u00e9monas, corales y ofiuros: incre\u00edbles fotos muestran c\u00f3mo es la vida en el fondo marino de la Patagonia","robots":{"index":"index","follow":"follow","max-snippet":"max-snippet:-1","max-image-preview":"max-image-preview:large","max-video-preview":"max-video-preview:-1"},"canonical":"https:\/\/www.filantropiacortessolari.cl\/la-tercera-anemonas-corales-y-ofiuros-increibles-fotos-muestran-como-es-la-vida-en-el-fondo-marino-de-la-patagonia\/","og_locale":"en_US","og_type":"article","og_title":"[La Tercera] An\u00e9monas, corales y ofiuros: incre\u00edbles fotos muestran c\u00f3mo es la vida en el fondo marino de la Patagonia","og_url":"https:\/\/www.filantropiacortessolari.cl\/la-tercera-anemonas-corales-y-ofiuros-increibles-fotos-muestran-como-es-la-vida-en-el-fondo-marino-de-la-patagonia\/","og_site_name":"Filantrop\u00eda Cort\u00e9s Solari","article_published_time":"2024-10-04T22:38:45+00:00","article_modified_time":"2024-10-04T22:39:42+00:00","og_image":[{"width":1280,"height":853,"url":"https:\/\/www.filantropiacortessolari.cl\/wp-content\/uploads\/2024\/10\/1.jpg","type":"image\/jpeg"}],"author":"Filantrop\u00eda Cort\u00e9s Solari","twitter_card":"summary_large_image","twitter_misc":{"Written by":"Filantrop\u00eda Cort\u00e9s Solari","Est. reading time":"3 minutes"},"schema":{"@context":"https:\/\/schema.org","@graph":[{"@type":"Article","@id":"https:\/\/www.filantropiacortessolari.cl\/la-tercera-anemonas-corales-y-ofiuros-increibles-fotos-muestran-como-es-la-vida-en-el-fondo-marino-de-la-patagonia\/#article","isPartOf":{"@id":"https:\/\/www.filantropiacortessolari.cl\/la-tercera-anemonas-corales-y-ofiuros-increibles-fotos-muestran-como-es-la-vida-en-el-fondo-marino-de-la-patagonia\/"},"author":{"name":"Filantrop\u00eda Cort\u00e9s Solari","@id":"https:\/\/www.filantropiacortessolari.cl\/#\/schema\/person\/e099cf1046922f4f5892172332dc86c0"},"headline":"[La Tercera] An\u00e9monas, corales y ofiuros: incre\u00edbles fotos muestran c\u00f3mo es la vida en el fondo marino de la Patagonia","datePublished":"2024-10-04T22:38:45+00:00","dateModified":"2024-10-04T22:39:42+00:00","mainEntityOfPage":{"@id":"https:\/\/www.filantropiacortessolari.cl\/la-tercera-anemonas-corales-y-ofiuros-increibles-fotos-muestran-como-es-la-vida-en-el-fondo-marino-de-la-patagonia\/"},"wordCount":389,"image":{"@id":"https:\/\/www.filantropiacortessolari.cl\/la-tercera-anemonas-corales-y-ofiuros-increibles-fotos-muestran-como-es-la-vida-en-el-fondo-marino-de-la-patagonia\/#primaryimage"},"thumbnailUrl":"https:\/\/www.filantropiacortessolari.cl\/wp-content\/uploads\/2024\/10\/1.jpg","articleSection":["Noticias","Prensa Escrita","Prensa MERI"],"inLanguage":"en-US"},{"@type":"WebPage","@id":"https:\/\/www.filantropiacortessolari.cl\/la-tercera-anemonas-corales-y-ofiuros-increibles-fotos-muestran-como-es-la-vida-en-el-fondo-marino-de-la-patagonia\/","url":"https:\/\/www.filantropiacortessolari.cl\/la-tercera-anemonas-corales-y-ofiuros-increibles-fotos-muestran-como-es-la-vida-en-el-fondo-marino-de-la-patagonia\/","name":"[La Tercera] An\u00e9monas, corales y ofiuros: incre\u00edbles fotos muestran c\u00f3mo es la vida en el fondo marino de la Patagonia","isPartOf":{"@id":"https:\/\/www.filantropiacortessolari.cl\/#website"},"primaryImageOfPage":{"@id":"https:\/\/www.filantropiacortessolari.cl\/la-tercera-anemonas-corales-y-ofiuros-increibles-fotos-muestran-como-es-la-vida-en-el-fondo-marino-de-la-patagonia\/#primaryimage"},"image":{"@id":"https:\/\/www.filantropiacortessolari.cl\/la-tercera-anemonas-corales-y-ofiuros-increibles-fotos-muestran-como-es-la-vida-en-el-fondo-marino-de-la-patagonia\/#primaryimage"},"thumbnailUrl":"https:\/\/www.filantropiacortessolari.cl\/wp-content\/uploads\/2024\/10\/1.jpg","datePublished":"2024-10-04T22:38:45+00:00","dateModified":"2024-10-04T22:39:42+00:00","author":{"@id":"https:\/\/www.filantropiacortessolari.cl\/#\/schema\/person\/e099cf1046922f4f5892172332dc86c0"},"breadcrumb":{"@id":"https:\/\/www.filantropiacortessolari.cl\/la-tercera-anemonas-corales-y-ofiuros-increibles-fotos-muestran-como-es-la-vida-en-el-fondo-marino-de-la-patagonia\/#breadcrumb"},"inLanguage":"en-US","potentialAction":[{"@type":"ReadAction","target":["https:\/\/www.filantropiacortessolari.cl\/la-tercera-anemonas-corales-y-ofiuros-increibles-fotos-muestran-como-es-la-vida-en-el-fondo-marino-de-la-patagonia\/"]}]},{"@type":"ImageObject","inLanguage":"en-US","@id":"https:\/\/www.filantropiacortessolari.cl\/la-tercera-anemonas-corales-y-ofiuros-increibles-fotos-muestran-como-es-la-vida-en-el-fondo-marino-de-la-patagonia\/#primaryimage","url":"https:\/\/www.filantropiacortessolari.cl\/wp-content\/uploads\/2024\/10\/1.jpg","contentUrl":"https:\/\/www.filantropiacortessolari.cl\/wp-content\/uploads\/2024\/10\/1.jpg","width":1280,"height":853},{"@type":"BreadcrumbList","@id":"https:\/\/www.filantropiacortessolari.cl\/la-tercera-anemonas-corales-y-ofiuros-increibles-fotos-muestran-como-es-la-vida-en-el-fondo-marino-de-la-patagonia\/#breadcrumb","itemListElement":[{"@type":"ListItem","position":1,"name":"Portada","item":"https:\/\/www.filantropiacortessolari.cl\/"},{"@type":"ListItem","position":2,"name":"[La Tercera] An\u00e9monas, corales y ofiuros: incre\u00edbles fotos muestran c\u00f3mo es la vida en el fondo marino de la Patagonia"}]},{"@type":"WebSite","@id":"https:\/\/www.filantropiacortessolari.cl\/#website","url":"https:\/\/www.filantropiacortessolari.cl\/","name":"Filantrop\u00eda Cort\u00e9s Solari","description":"Sitio web Filantrop\u00eda Cort\u00e9s Solari","potentialAction":[{"@type":"SearchAction","target":{"@type":"EntryPoint","urlTemplate":"https:\/\/www.filantropiacortessolari.cl\/?s={search_term_string}"},"query-input":{"@type":"PropertyValueSpecification","valueRequired":true,"valueName":"search_term_string"}}],"inLanguage":"en-US"},{"@type":"Person","@id":"https:\/\/www.filantropiacortessolari.cl\/#\/schema\/person\/e099cf1046922f4f5892172332dc86c0","name":"Filantrop\u00eda Cort\u00e9s Solari","image":{"@type":"ImageObject","inLanguage":"en-US","@id":"https:\/\/secure.gravatar.com\/avatar\/9d17bfe24074ed7576e70cbeb8e010cdd7d01fae9f2047bd96cccbe629ec3c11?s=96&d=mm&r=g","url":"https:\/\/secure.gravatar.com\/avatar\/9d17bfe24074ed7576e70cbeb8e010cdd7d01fae9f2047bd96cccbe629ec3c11?s=96&d=mm&r=g","contentUrl":"https:\/\/secure.gravatar.com\/avatar\/9d17bfe24074ed7576e70cbeb8e010cdd7d01fae9f2047bd96cccbe629ec3c11?s=96&d=mm&r=g","caption":"Filantrop\u00eda Cort\u00e9s Solari"},"url":"https:\/\/www.filantropiacortessolari.cl\/en\/author\/filantropia-cortes-solari\/"}]}},"_links":{"self":[{"href":"https:\/\/www.filantropiacortessolari.cl\/en\/wp-json\/wp\/v2\/posts\/11897","targetHints":{"allow":["GET"]}}],"collection":[{"href":"https:\/\/www.filantropiacortessolari.cl\/en\/wp-json\/wp\/v2\/posts"}],"about":[{"href":"https:\/\/www.filantropiacortessolari.cl\/en\/wp-json\/wp\/v2\/types\/post"}],"author":[{"embeddable":true,"href":"https:\/\/www.filantropiacortessolari.cl\/en\/wp-json\/wp\/v2\/users\/1"}],"replies":[{"embeddable":true,"href":"https:\/\/www.filantropiacortessolari.cl\/en\/wp-json\/wp\/v2\/comments?post=11897"}],"version-history":[{"count":2,"href":"https:\/\/www.filantropiacortessolari.cl\/en\/wp-json\/wp\/v2\/posts\/11897\/revisions"}],"predecessor-version":[{"id":11904,"href":"https:\/\/www.filantropiacortessolari.cl\/en\/wp-json\/wp\/v2\/posts\/11897\/revisions\/11904"}],"wp:featuredmedia":[{"embeddable":true,"href":"https:\/\/www.filantropiacortessolari.cl\/en\/wp-json\/wp\/v2\/media\/11903"}],"wp:attachment":[{"href":"https:\/\/www.filantropiacortessolari.cl\/en\/wp-json\/wp\/v2\/media?parent=11897"}],"wp:term":[{"taxonomy":"category","embeddable":true,"href":"https:\/\/www.filantropiacortessolari.cl\/en\/wp-json\/wp\/v2\/categories?post=11897"},{"taxonomy":"post_tag","embeddable":true,"href":"https:\/\/www.filantropiacortessolari.cl\/en\/wp-json\/wp\/v2\/tags?post=11897"}],"curies":[{"name":"wp","href":"https:\/\/api.w.org\/{rel}","templated":true}]}}