{"id":11905,"date":"2024-10-06T11:18:37","date_gmt":"2024-10-06T14:18:37","guid":{"rendered":"https:\/\/www.filantropiacortessolari.cl\/?p=11905"},"modified":"2024-10-17T14:56:06","modified_gmt":"2024-10-17T17:56:06","slug":"el-mercurio-la-vida-secreta-de-likandes","status":"publish","type":"post","link":"https:\/\/www.filantropiacortessolari.cl\/en\/el-mercurio-la-vida-secreta-de-likandes\/","title":{"rendered":"[El Mercurio] La vida secreta de Likandes"},"content":{"rendered":"<style type=\"text\/css\"><\/style><p>Densos quillayes, tralhuenes, boldos y peumos; varios senderos de trekking y el entonado sonido de las ramificaciones del estero San Jos\u00e9. Sorprendentemente, visitar el sitio de conservaci\u00f3n que la reserva Elemental resguarda en el Caj\u00f3n del Maipo puede convertirse en mucho m\u00e1s que esc\u00e9nicos paisajes. Por Marcela Saavedra Araya .<\/p>\n<p>Es cierto: la zona central, durante los primeros d\u00edas de la primavera, suele tomar colores tan vivos y vibrantes que parecieran de otro territorio, de otro universo. As\u00ed, durante los \u00faltimos d\u00edas de septiembre y los primeros de octubre, los inmensos cerros de la cordillera, a la altura del Caj\u00f3n del Maipo, se visten de tonos irreconocibles, de flores y de aves, para celebrar el fin de la temporada fr\u00eda.<\/p>\n<p>Eso pens\u00e9 desde la ventana del auto, mientras nos internamos raudos por el pueblo de San Jos\u00e9 de Maipo. A las diez de la ma\u00f1ana, el plan consist\u00eda justamente en conocer qu\u00e9 tonalidades tomaba, en espec\u00edfico, la <a href=\"https:\/\/reservaelemental.cl\/san-jose-de-maipo\/\">Reserva Likandes<\/a>: una zona de conservaci\u00f3n que hace 12 a\u00f1os comenz\u00f3 a trabajar en educaci\u00f3n ambiental en la cordillera.<\/p>\n<p>Una entrada casi imperceptible y un llamativo letrero dispuesto a la derecha del camino marcaban el acceso. Desde el pavimento no se ve\u00eda camino alguno, hasta que nos confirmaron que s\u00ed: hab\u00eda una bajada empinada por donde pod\u00edamos llegar. Avanzamos un par de metros por un camino de piedra y tierra hasta el centro educativo del lugar. Frente a nuestros ojos estaba la casona que funciona como centro de operaciones, el pl\u00e1cido sonido de los riachuelos y quebradas del estero San Jos\u00e9, la higuera gigante, la huerta, el invernadero y las 188 hect\u00e1reas de bosque escler\u00f3filo y monta\u00f1a que protege esta reserva.<\/p>\n<p><img loading=\"lazy\" decoding=\"async\" src=\"https:\/\/www.filantropiacortessolari.cl\/wp-content\/uploads\/2024\/10\/likandes-1.jpg\" alt=\"\" width=\"1280\" height=\"853\" class=\"aligncenter size-full wp-image-11912\" srcset=\"https:\/\/www.filantropiacortessolari.cl\/wp-content\/uploads\/2024\/10\/likandes-1.jpg 1280w, https:\/\/www.filantropiacortessolari.cl\/wp-content\/uploads\/2024\/10\/likandes-1-300x200.jpg 300w, https:\/\/www.filantropiacortessolari.cl\/wp-content\/uploads\/2024\/10\/likandes-1-1024x682.jpg 1024w, https:\/\/www.filantropiacortessolari.cl\/wp-content\/uploads\/2024\/10\/likandes-1-768x512.jpg 768w, https:\/\/www.filantropiacortessolari.cl\/wp-content\/uploads\/2024\/10\/likandes-1-580x387.jpg 580w, https:\/\/www.filantropiacortessolari.cl\/wp-content\/uploads\/2024\/10\/likandes-1-820x546.jpg 820w, https:\/\/www.filantropiacortessolari.cl\/wp-content\/uploads\/2024\/10\/likandes-1-1160x773.jpg 1160w\" sizes=\"auto, (max-width: 1280px) 100vw, 1280px\" \/><\/p>\n<p>\u201cEste lugar es un laboratorio natural abierto dedicado a la conservaci\u00f3n de los distintos elementos de la naturaleza y a la transformaci\u00f3n del ser humano. Creemos en el despertar de la conciencia a trav\u00e9s de la monta\u00f1a, el r\u00edo, los animales y las rocas\u201d, dijo al recibirnos Marcos Contreras, ge\u00f3logo y director de las tres reservas Elementa que la fundaci\u00f3n <a href=\"https:\/\/www.filantropiacortessolari.cl\/\" target=\"_blank\" rel=\"noopener\">Filantrop\u00eda Cort\u00e9s Solari<\/a> tiene a lo largo de Chile.<\/p>\n<p><a href=\"https:\/\/reservaelemental.cl\/san-jose-de-maipo\/\">Likandes<\/a> \u2014a\u00f1adi\u00f3\u2014 significa piedra pulida de origen volc\u00e1nico en mapudung\u00fan. Su nombre hace referencia a que el lugar tiene una edad geol\u00f3gica de m\u00e1s de 150 millones de a\u00f1os y a que est\u00e1 rodeado de enormes monta\u00f1as, de r\u00edos, glaciares, lagunas y f\u00f3siles. \u201cGracias al emplazamiento que tenemos, nuestra finalidad siempre ha sido convertirnos en un verdadero laboratorio vivo dedicado a la educaci\u00f3n y la investigaci\u00f3n de la geolog\u00eda, hidrolog\u00eda, la flora, fauna y la agricultura en la zona\u2026 Estas disciplinas hoy las trabajamos y las difundimos con la ayuda de diferentes universidades y a trav\u00e9s de actividades educativas en la reserva\u201d, explic\u00f3 el director. De ah\u00ed, el prop\u00f3sito de este sitio, a\u00f1adi\u00f3.<\/p>\n<p>Dicho esto, conocimos sus modernas terrazas de cultivo, donde experimentan con agricultura org\u00e1nica de albahaca, frutillas, acelgas y tomates. Tambi\u00e9n hay un extenso jard\u00edn de suculentas donde estudian su capacidad para retener di\u00f3xido de carbono. Seguimos hasta una habitaci\u00f3n que funciona como acopio de semillas org\u00e1nicas, y terminamos en \u201cla maternidad de nativos\u201d, donde reproducen especies del bosque escler\u00f3filo como quisco, tralhu\u00e9n, quillay o litre. \u201cNuestra meta es reproducir y replantar 1.500 \u00e1rboles anuales. Esto solemos hacerlo en actividades donde vienen escolares a trabajar la tierra y a reforestar zonas que en el pasado fueron intervenidas\u201d, explic\u00f3 Marcos.<\/p>\n<p>Aparte, <a href=\"https:\/\/reservaelemental.cl\/san-jose-de-maipo\/\">Likandes<\/a> tiene cinco senderos de trekking, cada una con c\u00f3digos QR que van explicando las distintas especies de flora y fauna que se pueden encontrar, incluyendo zorro culpeo, deg\u00fa, c\u00f3ndores o \u00e1guilas mora. El trekking m\u00e1s largo, m\u00e1ximo tres horas, llega hasta una cascada con vistas esc\u00e9nicas hacia el valle.<\/p>\n<p>Aunque <a href=\"https:\/\/reservaelemental.cl\/san-jose-de-maipo\/\">Likandes<\/a> no est\u00e1 recibiendo visitas individuales, s\u00ed trabaja con grupos de m\u00ednimo cinco personas con reserva. \u201cPara quienes vienen, ofrecemos las experiencias autoguiadas por los senderos de trekking y visitas guiadas para educar sobre geolog\u00eda, hidrolog\u00eda, ecolog\u00eda y cultura de esta tradicional zona de los Andes\u201d, dijo Contreras mientras borde\u00e1bamos el estero San Jos\u00e9 por un camino rodeado de dedales de oro y quillayes.<\/p>\n<p>El director agreg\u00f3 que tambi\u00e9n se puede participar de las reforestaciones, hay experiencias gastron\u00f3micas y hasta se puede venir a aprender de apicultura, agricultura org\u00e1nica, y hay actividades de astroturismo y de conservaci\u00f3n.<\/p>\n<p>\u201cEn unas semanas m\u00e1s haremos una liberaci\u00f3n de tres c\u00f3ndores juveniles, que fueron rescatados y tratados en un centro especializado. Ellos volver\u00e1n a la naturaleza aqu\u00ed, en su h\u00e1bitat natural. Para venir, solo dejamos a todos invitados a seguir nuestras redes sociales y conocer lo que hacemos\u201d.<\/p>\n<p>Fuente: El Mercurio<\/p>\n","protected":false},"excerpt":{"rendered":"<p>Densos quillayes, tralhuenes, boldos y peumos; varios senderos de trekking y el entonado sonido de las ramificaciones del estero San Jos\u00e9. Sorprendentemente, visitar el sitio de conservaci\u00f3n que la reserva Elemental resguarda en el Caj\u00f3n del Maipo puede convertirse en mucho m\u00e1s que esc\u00e9nicos paisajes. Por Marcela Saavedra Araya . Es cierto: la zona central,&#8230;<\/p>\n","protected":false},"author":1,"featured_media":11914,"comment_status":"closed","ping_status":"closed","sticky":false,"template":"","format":"standard","meta":{"footnotes":""},"categories":[31,5],"tags":[],"class_list":["post-11905","post","type-post","status-publish","format-standard","has-post-thumbnail","hentry","category-noticias","category-prensa-escrita"],"translation":{"provider":"WPGlobus","version":"3.0.2","language":"en","enabled_languages":["es","en"],"languages":{"es":{"title":true,"content":true,"excerpt":false},"en":{"title":false,"content":false,"excerpt":false}}},"yoast_head":"<!-- This site is optimized with the Yoast SEO plugin v27.4 - https:\/\/yoast.com\/product\/yoast-seo-wordpress\/ -->\n<title>[El Mercurio] La vida secreta de Likandes<\/title>\n<meta name=\"robots\" content=\"index, follow, max-snippet:-1, max-image-preview:large, max-video-preview:-1\" \/>\n<link rel=\"canonical\" href=\"https:\/\/www.filantropiacortessolari.cl\/el-mercurio-la-vida-secreta-de-likandes\/\" \/>\n<meta property=\"og:locale\" content=\"en_US\" \/>\n<meta property=\"og:type\" content=\"article\" \/>\n<meta property=\"og:title\" content=\"[El Mercurio] La vida secreta de Likandes\" \/>\n<meta property=\"og:url\" content=\"https:\/\/www.filantropiacortessolari.cl\/el-mercurio-la-vida-secreta-de-likandes\/\" \/>\n<meta property=\"og:site_name\" content=\"Filantrop\u00eda Cort\u00e9s Solari\" \/>\n<meta property=\"article:published_time\" content=\"2024-10-06T14:18:37+00:00\" \/>\n<meta property=\"article:modified_time\" content=\"2024-10-17T17:56:06+00:00\" \/>\n<meta property=\"og:image\" content=\"https:\/\/www.filantropiacortessolari.cl\/wp-content\/uploads\/2024\/10\/likandes.jpg\" \/>\n\t<meta property=\"og:image:width\" content=\"1280\" \/>\n\t<meta property=\"og:image:height\" content=\"853\" \/>\n\t<meta property=\"og:image:type\" content=\"image\/jpeg\" \/>\n<meta name=\"author\" content=\"Filantrop\u00eda Cort\u00e9s Solari\" \/>\n<meta name=\"twitter:card\" content=\"summary_large_image\" \/>\n<meta name=\"twitter:label1\" content=\"Written by\" \/>\n\t<meta name=\"twitter:data1\" content=\"Filantrop\u00eda Cort\u00e9s Solari\" \/>\n\t<meta name=\"twitter:label2\" content=\"Est. reading time\" \/>\n\t<meta name=\"twitter:data2\" content=\"4 minutes\" \/>\n<script type=\"application\/ld+json\" class=\"yoast-schema-graph\">{\"@context\":\"https:\\\/\\\/schema.org\",\"@graph\":[{\"@type\":\"Article\",\"@id\":\"https:\\\/\\\/www.filantropiacortessolari.cl\\\/el-mercurio-la-vida-secreta-de-likandes\\\/#article\",\"isPartOf\":{\"@id\":\"https:\\\/\\\/www.filantropiacortessolari.cl\\\/el-mercurio-la-vida-secreta-de-likandes\\\/\"},\"author\":{\"name\":\"Filantrop\u00eda Cort\u00e9s Solari\",\"@id\":\"https:\\\/\\\/www.filantropiacortessolari.cl\\\/#\\\/schema\\\/person\\\/e099cf1046922f4f5892172332dc86c0\"},\"headline\":\"[El Mercurio] La vida secreta de Likandes\",\"datePublished\":\"2024-10-06T14:18:37+00:00\",\"dateModified\":\"2024-10-17T17:56:06+00:00\",\"mainEntityOfPage\":{\"@id\":\"https:\\\/\\\/www.filantropiacortessolari.cl\\\/el-mercurio-la-vida-secreta-de-likandes\\\/\"},\"wordCount\":832,\"image\":{\"@id\":\"https:\\\/\\\/www.filantropiacortessolari.cl\\\/el-mercurio-la-vida-secreta-de-likandes\\\/#primaryimage\"},\"thumbnailUrl\":\"https:\\\/\\\/www.filantropiacortessolari.cl\\\/wp-content\\\/uploads\\\/2024\\\/10\\\/likandes.jpg\",\"articleSection\":[\"Noticias\",\"Prensa Escrita\"],\"inLanguage\":\"en-US\"},{\"@type\":\"WebPage\",\"@id\":\"https:\\\/\\\/www.filantropiacortessolari.cl\\\/el-mercurio-la-vida-secreta-de-likandes\\\/\",\"url\":\"https:\\\/\\\/www.filantropiacortessolari.cl\\\/el-mercurio-la-vida-secreta-de-likandes\\\/\",\"name\":\"[El Mercurio] La vida secreta de Likandes\",\"isPartOf\":{\"@id\":\"https:\\\/\\\/www.filantropiacortessolari.cl\\\/#website\"},\"primaryImageOfPage\":{\"@id\":\"https:\\\/\\\/www.filantropiacortessolari.cl\\\/el-mercurio-la-vida-secreta-de-likandes\\\/#primaryimage\"},\"image\":{\"@id\":\"https:\\\/\\\/www.filantropiacortessolari.cl\\\/el-mercurio-la-vida-secreta-de-likandes\\\/#primaryimage\"},\"thumbnailUrl\":\"https:\\\/\\\/www.filantropiacortessolari.cl\\\/wp-content\\\/uploads\\\/2024\\\/10\\\/likandes.jpg\",\"datePublished\":\"2024-10-06T14:18:37+00:00\",\"dateModified\":\"2024-10-17T17:56:06+00:00\",\"author\":{\"@id\":\"https:\\\/\\\/www.filantropiacortessolari.cl\\\/#\\\/schema\\\/person\\\/e099cf1046922f4f5892172332dc86c0\"},\"breadcrumb\":{\"@id\":\"https:\\\/\\\/www.filantropiacortessolari.cl\\\/el-mercurio-la-vida-secreta-de-likandes\\\/#breadcrumb\"},\"inLanguage\":\"en-US\",\"potentialAction\":[{\"@type\":\"ReadAction\",\"target\":[\"https:\\\/\\\/www.filantropiacortessolari.cl\\\/el-mercurio-la-vida-secreta-de-likandes\\\/\"]}]},{\"@type\":\"ImageObject\",\"inLanguage\":\"en-US\",\"@id\":\"https:\\\/\\\/www.filantropiacortessolari.cl\\\/el-mercurio-la-vida-secreta-de-likandes\\\/#primaryimage\",\"url\":\"https:\\\/\\\/www.filantropiacortessolari.cl\\\/wp-content\\\/uploads\\\/2024\\\/10\\\/likandes.jpg\",\"contentUrl\":\"https:\\\/\\\/www.filantropiacortessolari.cl\\\/wp-content\\\/uploads\\\/2024\\\/10\\\/likandes.jpg\",\"width\":1280,\"height\":853},{\"@type\":\"BreadcrumbList\",\"@id\":\"https:\\\/\\\/www.filantropiacortessolari.cl\\\/el-mercurio-la-vida-secreta-de-likandes\\\/#breadcrumb\",\"itemListElement\":[{\"@type\":\"ListItem\",\"position\":1,\"name\":\"Portada\",\"item\":\"https:\\\/\\\/www.filantropiacortessolari.cl\\\/\"},{\"@type\":\"ListItem\",\"position\":2,\"name\":\"[El Mercurio] La vida secreta de Likandes\"}]},{\"@type\":\"WebSite\",\"@id\":\"https:\\\/\\\/www.filantropiacortessolari.cl\\\/#website\",\"url\":\"https:\\\/\\\/www.filantropiacortessolari.cl\\\/\",\"name\":\"Filantrop\u00eda Cort\u00e9s Solari\",\"description\":\"Sitio web Filantrop\u00eda Cort\u00e9s Solari\",\"potentialAction\":[{\"@type\":\"SearchAction\",\"target\":{\"@type\":\"EntryPoint\",\"urlTemplate\":\"https:\\\/\\\/www.filantropiacortessolari.cl\\\/?s={search_term_string}\"},\"query-input\":{\"@type\":\"PropertyValueSpecification\",\"valueRequired\":true,\"valueName\":\"search_term_string\"}}],\"inLanguage\":\"en-US\"},{\"@type\":\"Person\",\"@id\":\"https:\\\/\\\/www.filantropiacortessolari.cl\\\/#\\\/schema\\\/person\\\/e099cf1046922f4f5892172332dc86c0\",\"name\":\"Filantrop\u00eda Cort\u00e9s Solari\",\"image\":{\"@type\":\"ImageObject\",\"inLanguage\":\"en-US\",\"@id\":\"https:\\\/\\\/secure.gravatar.com\\\/avatar\\\/9d17bfe24074ed7576e70cbeb8e010cdd7d01fae9f2047bd96cccbe629ec3c11?s=96&d=mm&r=g\",\"url\":\"https:\\\/\\\/secure.gravatar.com\\\/avatar\\\/9d17bfe24074ed7576e70cbeb8e010cdd7d01fae9f2047bd96cccbe629ec3c11?s=96&d=mm&r=g\",\"contentUrl\":\"https:\\\/\\\/secure.gravatar.com\\\/avatar\\\/9d17bfe24074ed7576e70cbeb8e010cdd7d01fae9f2047bd96cccbe629ec3c11?s=96&d=mm&r=g\",\"caption\":\"Filantrop\u00eda Cort\u00e9s Solari\"},\"url\":\"https:\\\/\\\/www.filantropiacortessolari.cl\\\/en\\\/author\\\/filantropia-cortes-solari\\\/\"}]}<\/script>\n<!-- \/ Yoast SEO plugin. -->","yoast_head_json":{"title":"[El Mercurio] La vida secreta de Likandes","robots":{"index":"index","follow":"follow","max-snippet":"max-snippet:-1","max-image-preview":"max-image-preview:large","max-video-preview":"max-video-preview:-1"},"canonical":"https:\/\/www.filantropiacortessolari.cl\/el-mercurio-la-vida-secreta-de-likandes\/","og_locale":"en_US","og_type":"article","og_title":"[El Mercurio] La vida secreta de Likandes","og_url":"https:\/\/www.filantropiacortessolari.cl\/el-mercurio-la-vida-secreta-de-likandes\/","og_site_name":"Filantrop\u00eda Cort\u00e9s Solari","article_published_time":"2024-10-06T14:18:37+00:00","article_modified_time":"2024-10-17T17:56:06+00:00","og_image":[{"width":1280,"height":853,"url":"https:\/\/www.filantropiacortessolari.cl\/wp-content\/uploads\/2024\/10\/likandes.jpg","type":"image\/jpeg"}],"author":"Filantrop\u00eda Cort\u00e9s Solari","twitter_card":"summary_large_image","twitter_misc":{"Written by":"Filantrop\u00eda Cort\u00e9s Solari","Est. reading time":"4 minutes"},"schema":{"@context":"https:\/\/schema.org","@graph":[{"@type":"Article","@id":"https:\/\/www.filantropiacortessolari.cl\/el-mercurio-la-vida-secreta-de-likandes\/#article","isPartOf":{"@id":"https:\/\/www.filantropiacortessolari.cl\/el-mercurio-la-vida-secreta-de-likandes\/"},"author":{"name":"Filantrop\u00eda Cort\u00e9s Solari","@id":"https:\/\/www.filantropiacortessolari.cl\/#\/schema\/person\/e099cf1046922f4f5892172332dc86c0"},"headline":"[El Mercurio] La vida secreta de Likandes","datePublished":"2024-10-06T14:18:37+00:00","dateModified":"2024-10-17T17:56:06+00:00","mainEntityOfPage":{"@id":"https:\/\/www.filantropiacortessolari.cl\/el-mercurio-la-vida-secreta-de-likandes\/"},"wordCount":832,"image":{"@id":"https:\/\/www.filantropiacortessolari.cl\/el-mercurio-la-vida-secreta-de-likandes\/#primaryimage"},"thumbnailUrl":"https:\/\/www.filantropiacortessolari.cl\/wp-content\/uploads\/2024\/10\/likandes.jpg","articleSection":["Noticias","Prensa Escrita"],"inLanguage":"en-US"},{"@type":"WebPage","@id":"https:\/\/www.filantropiacortessolari.cl\/el-mercurio-la-vida-secreta-de-likandes\/","url":"https:\/\/www.filantropiacortessolari.cl\/el-mercurio-la-vida-secreta-de-likandes\/","name":"[El Mercurio] La vida secreta de Likandes","isPartOf":{"@id":"https:\/\/www.filantropiacortessolari.cl\/#website"},"primaryImageOfPage":{"@id":"https:\/\/www.filantropiacortessolari.cl\/el-mercurio-la-vida-secreta-de-likandes\/#primaryimage"},"image":{"@id":"https:\/\/www.filantropiacortessolari.cl\/el-mercurio-la-vida-secreta-de-likandes\/#primaryimage"},"thumbnailUrl":"https:\/\/www.filantropiacortessolari.cl\/wp-content\/uploads\/2024\/10\/likandes.jpg","datePublished":"2024-10-06T14:18:37+00:00","dateModified":"2024-10-17T17:56:06+00:00","author":{"@id":"https:\/\/www.filantropiacortessolari.cl\/#\/schema\/person\/e099cf1046922f4f5892172332dc86c0"},"breadcrumb":{"@id":"https:\/\/www.filantropiacortessolari.cl\/el-mercurio-la-vida-secreta-de-likandes\/#breadcrumb"},"inLanguage":"en-US","potentialAction":[{"@type":"ReadAction","target":["https:\/\/www.filantropiacortessolari.cl\/el-mercurio-la-vida-secreta-de-likandes\/"]}]},{"@type":"ImageObject","inLanguage":"en-US","@id":"https:\/\/www.filantropiacortessolari.cl\/el-mercurio-la-vida-secreta-de-likandes\/#primaryimage","url":"https:\/\/www.filantropiacortessolari.cl\/wp-content\/uploads\/2024\/10\/likandes.jpg","contentUrl":"https:\/\/www.filantropiacortessolari.cl\/wp-content\/uploads\/2024\/10\/likandes.jpg","width":1280,"height":853},{"@type":"BreadcrumbList","@id":"https:\/\/www.filantropiacortessolari.cl\/el-mercurio-la-vida-secreta-de-likandes\/#breadcrumb","itemListElement":[{"@type":"ListItem","position":1,"name":"Portada","item":"https:\/\/www.filantropiacortessolari.cl\/"},{"@type":"ListItem","position":2,"name":"[El Mercurio] La vida secreta de Likandes"}]},{"@type":"WebSite","@id":"https:\/\/www.filantropiacortessolari.cl\/#website","url":"https:\/\/www.filantropiacortessolari.cl\/","name":"Filantrop\u00eda Cort\u00e9s Solari","description":"Sitio web Filantrop\u00eda Cort\u00e9s Solari","potentialAction":[{"@type":"SearchAction","target":{"@type":"EntryPoint","urlTemplate":"https:\/\/www.filantropiacortessolari.cl\/?s={search_term_string}"},"query-input":{"@type":"PropertyValueSpecification","valueRequired":true,"valueName":"search_term_string"}}],"inLanguage":"en-US"},{"@type":"Person","@id":"https:\/\/www.filantropiacortessolari.cl\/#\/schema\/person\/e099cf1046922f4f5892172332dc86c0","name":"Filantrop\u00eda Cort\u00e9s Solari","image":{"@type":"ImageObject","inLanguage":"en-US","@id":"https:\/\/secure.gravatar.com\/avatar\/9d17bfe24074ed7576e70cbeb8e010cdd7d01fae9f2047bd96cccbe629ec3c11?s=96&d=mm&r=g","url":"https:\/\/secure.gravatar.com\/avatar\/9d17bfe24074ed7576e70cbeb8e010cdd7d01fae9f2047bd96cccbe629ec3c11?s=96&d=mm&r=g","contentUrl":"https:\/\/secure.gravatar.com\/avatar\/9d17bfe24074ed7576e70cbeb8e010cdd7d01fae9f2047bd96cccbe629ec3c11?s=96&d=mm&r=g","caption":"Filantrop\u00eda Cort\u00e9s Solari"},"url":"https:\/\/www.filantropiacortessolari.cl\/en\/author\/filantropia-cortes-solari\/"}]}},"_links":{"self":[{"href":"https:\/\/www.filantropiacortessolari.cl\/en\/wp-json\/wp\/v2\/posts\/11905","targetHints":{"allow":["GET"]}}],"collection":[{"href":"https:\/\/www.filantropiacortessolari.cl\/en\/wp-json\/wp\/v2\/posts"}],"about":[{"href":"https:\/\/www.filantropiacortessolari.cl\/en\/wp-json\/wp\/v2\/types\/post"}],"author":[{"embeddable":true,"href":"https:\/\/www.filantropiacortessolari.cl\/en\/wp-json\/wp\/v2\/users\/1"}],"replies":[{"embeddable":true,"href":"https:\/\/www.filantropiacortessolari.cl\/en\/wp-json\/wp\/v2\/comments?post=11905"}],"version-history":[{"count":2,"href":"https:\/\/www.filantropiacortessolari.cl\/en\/wp-json\/wp\/v2\/posts\/11905\/revisions"}],"predecessor-version":[{"id":11913,"href":"https:\/\/www.filantropiacortessolari.cl\/en\/wp-json\/wp\/v2\/posts\/11905\/revisions\/11913"}],"wp:featuredmedia":[{"embeddable":true,"href":"https:\/\/www.filantropiacortessolari.cl\/en\/wp-json\/wp\/v2\/media\/11914"}],"wp:attachment":[{"href":"https:\/\/www.filantropiacortessolari.cl\/en\/wp-json\/wp\/v2\/media?parent=11905"}],"wp:term":[{"taxonomy":"category","embeddable":true,"href":"https:\/\/www.filantropiacortessolari.cl\/en\/wp-json\/wp\/v2\/categories?post=11905"},{"taxonomy":"post_tag","embeddable":true,"href":"https:\/\/www.filantropiacortessolari.cl\/en\/wp-json\/wp\/v2\/tags?post=11905"}],"curies":[{"name":"wp","href":"https:\/\/api.w.org\/{rel}","templated":true}]}}